{"id":8554,"date":"2024-04-30T00:30:43","date_gmt":"2024-04-29T22:30:43","guid":{"rendered":"https:\/\/www.weinfreunde.de\/magazin\/?p=8554"},"modified":"2024-10-22T11:45:51","modified_gmt":"2024-10-22T09:45:51","slug":"falscher-und-echter-mehltau-reben-in-not","status":"publish","type":"post","link":"https:\/\/www.weinfreunde.de\/magazin\/weinwissen\/falscher-und-echter-mehltau-reben-in-not\/","title":{"rendered":"Falscher und Echter Mehltau: Reben in Not"},"content":{"rendered":"<p><strong>Echt ist nicht immer von Vorteil. Das beweisen die Pilzerkrankungen Echter und Falscher Mehltau, die beide nichts Gutes f\u00fcr die Rebe, ihre Trauben und damit unseren Wein bedeuten. Was der Mehltau anrichtet, und wie sich Winzerinnen und Winzer dagegen wehren, ist daher eine Betrachtung wert.<\/strong><\/p>\n<p>Im besten Fall sorgt optimales Wetter f\u00fcr perfekt ausgereifte und vor allem gesunde Trauben. Denn nichts anderes ist so sehr f\u00fcr die Qualit\u00e4t eines Weines verantwortlich wie das sogenannte Lesegut, das im Sp\u00e4tsommer und im Herbst eingefahren wird. Doch optimales Wetter ist ein seltener Gl\u00fccksfall und so droht insbesondere bei zu feuchtem und gleichzeitig mildem Wetter der Befall der Reben mit Pilzkrankheiten. Die beiden ber\u00fcchtigtsten Pilze sind der Echte Mehltau und der Falsche Mehltau.<\/p>\n<h2>Mehltau: mag es feucht und warm<\/h2>\n<p>Weinregionen, die ein eher trockenes, warmes bis hei\u00dfes Klima aufweisen, m\u00fcssen den Mehltau-Befall weniger f\u00fcrchten als Anbaugebiete mit reichlich Niederschl\u00e4gen w\u00e4hrend der Wachstums- und Reifeperiode. Beide Pilze, wissenschaftlich Peronospora (Falscher Mehltau) und Uncinula necator oder einfach Oidium (Echter Mehltau) genannt, gedeihen n\u00e4mlich unter diesen Umst\u00e4nden besonders gut und k\u00f6nnen bereits im Fr\u00fchjahr zu Sch\u00e4den f\u00fchren. Unz\u00e4hlige Sporen der Pilze \u00fcberwintern in pflanzlichen Resten am Boden oder schlimmstenfalls direkt in den Knospen des einj\u00e4hrigen Holzes der Rebe. Die beiden Mehltau-Pilze bedrohen also nicht nur die Trauben, sondern sch\u00e4digen zuallererst das Blattwerk der Rebe.<\/p>\n<h2>Echter Mehltau: mehlfarbener Belag<\/h2>\n<p>Der Echte Mehltau gibt sich mit einem wei\u00dfen Belag auf den Bl\u00e4ttern zu erkennen. Im Gegensatz zu vielen anderen Pilzerkrankungen l\u00e4sst sich dieser an Mehl erinnernde Belag einfach vom Blatt abwischen. Der Echte Mehltau dringt n\u00e4mlich nur mit speziellen Saugorganen, den sogenannten Haustorien, in das Blatt ein. Das pilzbildende Myzel findet sich ausschlie\u00dflich auf der Blattoberfl\u00e4che. Sogar vor den sich ausbildenden Bl\u00fcten macht der Echte Mehltau keinen Halt. Mit der Zeit bef\u00e4llt dieser Belag alle gr\u00fcnen Teile des Rebstocks und damit auch die heranwachsenden Trauben. Sitzt der Pilz auf den Beeren, zerst\u00f6rt er die Haut und l\u00e4sst die Fr\u00fcchte platzen.<\/p>\n<h2>Falscher Mehltau: \u00d6lflecken oben<\/h2>\n<p>Auch der Falsche Mehltau bedroht alle gr\u00fcnen Teile der Rebe in s\u00e4mtlichen Phasen des Wachstums. Triebe, Gescheine, Bl\u00e4tter oder Beeren fallen dem Pilz zum Opfer. Oben auf der Blattoberfl\u00e4che verraten gelbliche Flecken, die letztlich braun und fahl werden, den Falschen Mehltau. Auf der Unterseite des Blatts zeigt sich an derselben Stelle dagegen das gef\u00fcrchtete Wei\u00df. Die gelblichen Flecken auf dem Blatt nennen die Winzer sehr anschaulich \u00d6lflecken. Zeigt sich der \u00d6lfleck, ist es schon zu sp\u00e4t. Denn bereits zuvor arbeitet der Pilz im Blatt und ern\u00e4hrt sich dabei von den transportierten N\u00e4hrstoffen des Blattwerks. Das Schadbild der Trauben gleicht dem des Echten Mehltaus: Am Ende platzen die Beeren auf, nachdem die Haut angegriffen wurde.<\/p>\n<div id=\"attachment_8557\" style=\"width: 1290px\" class=\"wp-caption alignnone\"><img loading=\"lazy\" decoding=\"async\" aria-describedby=\"caption-attachment-8557\" class=\"wp-image-8557 size-full\" src=\"https:\/\/www.weinfreunde.de\/magazin\/wp-content\/uploads\/2024\/04\/Zeichenflaeche-1_Mehltau.png\" alt=\"Rote Trauben in Kiste\" width=\"1280\" height=\"650\" srcset=\"https:\/\/www.weinfreunde.de\/magazin\/wp-content\/uploads\/2024\/04\/Zeichenflaeche-1_Mehltau.png 1280w, https:\/\/www.weinfreunde.de\/magazin\/wp-content\/uploads\/2024\/04\/Zeichenflaeche-1_Mehltau-300x152.png 300w, https:\/\/www.weinfreunde.de\/magazin\/wp-content\/uploads\/2024\/04\/Zeichenflaeche-1_Mehltau-1024x520.png 1024w, https:\/\/www.weinfreunde.de\/magazin\/wp-content\/uploads\/2024\/04\/Zeichenflaeche-1_Mehltau-768x390.png 768w, https:\/\/www.weinfreunde.de\/magazin\/wp-content\/uploads\/2024\/04\/Zeichenflaeche-1_Mehltau-749x380.png 749w, https:\/\/www.weinfreunde.de\/magazin\/wp-content\/uploads\/2024\/04\/Zeichenflaeche-1_Mehltau-150x76.png 150w, https:\/\/www.weinfreunde.de\/magazin\/wp-content\/uploads\/2024\/04\/Zeichenflaeche-1_Mehltau-390x198.png 390w, https:\/\/www.weinfreunde.de\/magazin\/wp-content\/uploads\/2024\/04\/Zeichenflaeche-1_Mehltau-750x381.png 750w, https:\/\/www.weinfreunde.de\/magazin\/wp-content\/uploads\/2024\/04\/Zeichenflaeche-1_Mehltau-1140x579.png 1140w\" sizes=\"auto, (max-width: 1280px) 100vw, 1280px\" \/><p id=\"caption-attachment-8557\" class=\"wp-caption-text\">Oft ist schnelles Handeln im Weinberg notwendig, doch biologische Betriebe haben meist weniger Optionen.<\/p><\/div>\n<h2>Vorbeugend: Weinbau und Mehltau<\/h2>\n<p>Selbstverst\u00e4ndlich haben Winzerinnen und Weinmacher keinen Einfluss auf das Wetter. Vielmehr sind sie bem\u00fcht, es gar nicht erst zu der Katastrophe des Pilzbefalls kommen zu lassen und bereits im Vorfeld gegenzusteuern. Das beginnt mit der Ausrichtung der Rebzeilen beim Pflanzen und endet bei der Laubarbeit, die sich dem jeweiligen Verlauf anpassen muss. Selbst die Bearbeitung des Bodens hat Einfluss auf die Bedrohung durch den Pilz. Denn sobald es zu feucht wird, ist das Bel\u00fcften und Trocknen der Trauben und der Bl\u00e4tter umso wichtiger. Insbesondere Trauben mit dichtem Beerenwuchs oder d\u00fcnnen Schalen sind ansonsten sehr anf\u00e4llig. Steht bei hei\u00dfem Wetter den Reben ein dichtes Laubwerk gut, um die Trauben teilweise zu beschatten, ist es bei viel Feuchtigkeit und hohen Temperaturen umgekehrt: Jetzt k\u00f6nnen die Reben auf Blattwerk verzichten, um die Trauben gut trocken zu lassen und mit sch\u00fctzender Frischluft zu versorgen.<\/p>\n<h2>Mehltau akut: Krisenintervention<\/h2>\n<p>Alle vorbeugenden Ma\u00dfnahmen sind in schlechten Jahren umsonst. Dann ist akutes Handeln im Weinberg gefordert. Dabei haben nicht alle Weing\u00fcter dieselben Mittel zur Wahl. W\u00e4hrend konventionell erzeugende Winzerinnen und Winzer dabei auch zu chemischen Pflanzenschutzmitteln greifen d\u00fcrfen, ist dies bei Weing\u00fctern, die sich dem <a href=\"\/magazin\/weinwissen\/biowein-immer-beliebter-immer-besser\/\">biologischen Weinbau<\/a> oder den <a href=\"\/magazin\/weinwissen\/biodynamischer-weinbau-glauben-ist-alles\/\">biodynamischen Prinzipien<\/a> verpflichtet haben, anders. In schwierigen Jahrg\u00e4ngen ist der Verzicht auf Chemie kaum durch naturnahe Methoden auszugleichen.<\/p>\n<h2>PIWI: pilzwiderstandsf\u00e4hige Reben<\/h2>\n<p>Beim Z\u00fcchten neuer Rebsorten sind Pilzerkrankungen ein entscheidender Faktor. Rebsorten mit einer gr\u00f6\u00dferen Resistenz gegen den Befall von Echtem und Falschen Mehltau, aber auch von Pilzkrankheiten wie Grauschimmel, Schwarzf\u00e4ule oder Rotem Brenner haben einen klaren Vorteil. In der Folge f\u00e4llt auch der Einsatz von chemischen Pflanzenschutzmitteln geringer aus. Also eine durchweg positive Bilanz f\u00fcr den Weinberg und letzten Endes auch f\u00fcr den praktizierenden Wein-Fan. Diese Neuz\u00fcchtungen werden unter dem Namen PIWI, sprich <a href=\"\/magazin\/weinwissen\/piwi-reben-fuer-den-widerstand\/\">pilzwiderstandsf\u00e4hige Reben<\/a><a href=\"\/magazin\/weinwissen\/piwi-reben-fuer-den-widerstand\/\">,<\/a> gef\u00fchrt. Beispiele f\u00fcr PIWI-Sorten sind der <a href=\"\/magazin\/weinwissen\/regent\/\">Regent <\/a>oder der <a href=\"\/magazin\/weinwissen\/cabernet-blanc\/\">Cabernet Blanc<\/a>.<\/p>\n<div class=\"product-slider\" id=\"_prodSlider69f0d7be7eba1\">\n\t\t\t<h2>Biodynamische Weine bei Weinfreunde kaufen<\/h2>\n\t\t\n\t<div class=\"slide-area\">\n\t\t<div class=\"slides\">\n\t\t\t\t\t\t\t<div class=\"slide\">\n\t\t\t\t\t\t\t\t\t\t\t<a class=\"product\" href=\"https:\/\/www.weinfreunde.de\/p\/les-cornes-riesling-trocken-bio-dr-buerklin-wolf\/?ecid=int_magazin_nn_nn_nn_nn_nn_nn\" target=\"_blank\">\n\t\t\t\t\t\t\t\t\t\t\t<div class=\"image\">\n\t\t\t\t\t\t\t<div\n                                    class=\"bg\"\n                                    style=\"background-image: url(https:\/\/10b644692e76ab15cf59-eaadbe2afc1f47d8740ca8f676f7fe70.ssl.cf3.rackcdn.com\/2000011710_900v-7RQkkXb8.png);\"\n                            ><\/div>\n\t\t\t\t\t\t<\/div>\n\t\t\t\t\t\t<div class=\"c\">\n\t\t\t\t\t\t\t<div class=\"title\">Les Cornes Riesling trocken (Bio) 2024<\/div>\n\t\t\t\t\t\t\t<div class=\"brand\">Dr. B\u00fcrklin-Wolf<\/div>\n\t\t\t\t\t\t\t\t\t\t\t\t\t\t\t<div class=\"details\">\n\t\t\t\t\t\t\t\t\t\t\t\t\t\t\t\t\t\t\t<div>Wei\u00dfwein<\/div>\n\t\t\t\t\t\t\t\t\t\t\t\t\t\t\t\t\t\t\t<div>Riesling<\/div>\n\t\t\t\t\t\t\t\t\t\t\t\t\t\t\t\t\t<\/div>\n\t\t\t\t\t\t\t\t\t\t\t\t\t<\/div>\n\t\t\t\t\t<\/a>\n\t\t\t\t<\/div>\n\t\t\t\t\t\t\t<div class=\"slide\">\n\t\t\t\t\t\t\t\t\t\t\t<a class=\"product\" href=\"https:\/\/www.weinfreunde.de\/p\/les-cornes-weissburgunder-trocken-bio-dr-buerklin-wolf\/?ecid=int_magazin_nn_nn_nn_nn_nn_nn\" target=\"_blank\">\n\t\t\t\t\t\t\t\t\t\t\t<div class=\"image\">\n\t\t\t\t\t\t\t<div\n                                    class=\"bg\"\n                                    style=\"background-image: url(https:\/\/10b644692e76ab15cf59-eaadbe2afc1f47d8740ca8f676f7fe70.ssl.cf3.rackcdn.com\/2000014272_900v-KouiSfGL.png);\"\n                            ><\/div>\n\t\t\t\t\t\t<\/div>\n\t\t\t\t\t\t<div class=\"c\">\n\t\t\t\t\t\t\t<div class=\"title\">Les Cornes Wei\u00dfburgunder trocken (Bio\u2026<\/div>\n\t\t\t\t\t\t\t<div class=\"brand\">Dr. B\u00fcrklin-Wolf<\/div>\n\t\t\t\t\t\t\t\t\t\t\t\t\t\t\t<div class=\"details\">\n\t\t\t\t\t\t\t\t\t\t\t\t\t\t\t\t\t\t\t<div>Wei\u00dfwein<\/div>\n\t\t\t\t\t\t\t\t\t\t\t\t\t\t\t\t\t\t\t<div>Wei\u00dfburgunder<\/div>\n\t\t\t\t\t\t\t\t\t\t\t\t\t\t\t\t\t<\/div>\n\t\t\t\t\t\t\t\t\t\t\t\t\t<\/div>\n\t\t\t\t\t<\/a>\n\t\t\t\t<\/div>\n\t\t\t\t\t<\/div>\n\t<\/div>\n<\/div>\n<script>_w(() => new WF.Magazin.ProductSlider('#_prodSlider69f0d7be7eba1'));<\/script>\n\n","protected":false},"excerpt":{"rendered":"<p>Echt ist nicht immer von Vorteil. Das beweisen die Pilzerkrankungen Echter und Falscher Mehltau, die beide nichts Gutes f\u00fcr die Rebe, ihre Trauben und damit unseren Wein bedeuten. Was der Mehltau anrichtet, und wie sich Winzerinnen und Winzer dagegen wehren,&#8230; <a class=\"moretag\" href=\"https:\/\/www.weinfreunde.de\/magazin\/weinwissen\/falscher-und-echter-mehltau-reben-in-not\/\">weiterlesen<\/a><\/p>\n","protected":false},"author":51,"featured_media":8762,"comment_status":"open","ping_status":"open","sticky":false,"template":"","format":"standard","meta":{"footnotes":""},"categories":[45],"tags":[],"class_list":["post-8554","post","type-post","status-publish","format-standard","has-post-thumbnail","hentry","category-weinwissen"],"yoast_head":"<!-- This site is optimized with the Yoast SEO plugin v27.2 - https:\/\/yoast.com\/product\/yoast-seo-wordpress\/ -->\n<title>Falscher und Echter Mehltau: Reben in Not &#187; Weinfreunde Magazin<\/title>\n<meta name=\"description\" content=\"Echter und Falscher Mehltau: Die Feinde des Weinbaus. Sie stellen eine wahre Bedrohung f\u00fcr Bl\u00e4tter und Trauben dar.\" \/>\n<meta name=\"robots\" content=\"index, follow, max-snippet:-1, max-image-preview:large, max-video-preview:-1\" \/>\n<link rel=\"canonical\" href=\"https:\/\/www.weinfreunde.de\/magazin\/weinwissen\/falscher-und-echter-mehltau-reben-in-not\/\" \/>\n<meta property=\"og:locale\" content=\"de_DE\" \/>\n<meta property=\"og:type\" content=\"article\" \/>\n<meta property=\"og:title\" content=\"Falscher und Echter Mehltau: Reben in Not &#187; Weinfreunde Magazin\" \/>\n<meta property=\"og:description\" content=\"Echter und Falscher Mehltau: Die Feinde des Weinbaus. Sie stellen eine wahre Bedrohung f\u00fcr Bl\u00e4tter und Trauben dar.\" \/>\n<meta property=\"og:url\" content=\"https:\/\/www.weinfreunde.de\/magazin\/weinwissen\/falscher-und-echter-mehltau-reben-in-not\/\" \/>\n<meta property=\"og:site_name\" content=\"Weinfreunde Magazin\" \/>\n<meta property=\"article:publisher\" content=\"https:\/\/www.facebook.com\/weinfreunde.de\" \/>\n<meta property=\"article:published_time\" content=\"2024-04-29T22:30:43+00:00\" \/>\n<meta property=\"article:modified_time\" content=\"2024-10-22T09:45:51+00:00\" \/>\n<meta property=\"og:image\" content=\"https:\/\/www.weinfreunde.de\/magazin\/wp-content\/uploads\/2024\/04\/Magazin-Header_1280x650px_Mehltau_Neu.png.webp\" \/>\n\t<meta property=\"og:image:width\" content=\"1280\" \/>\n\t<meta property=\"og:image:height\" content=\"650\" \/>\n\t<meta property=\"og:image:type\" content=\"image\/png\" \/>\n<meta name=\"author\" content=\"Sven Reinbold\" \/>\n<meta name=\"twitter:card\" content=\"summary_large_image\" \/>\n<meta name=\"twitter:label1\" content=\"Written by\" \/>\n\t<meta name=\"twitter:data1\" content=\"Sven Reinbold\" \/>\n\t<meta name=\"twitter:label2\" content=\"Est. reading time\" \/>\n\t<meta name=\"twitter:data2\" content=\"5\u00a0Minuten\" \/>\n<script type=\"application\/ld+json\" class=\"yoast-schema-graph\">{\"@context\":\"https:\/\/schema.org\",\"@graph\":[{\"@type\":\"Article\",\"@id\":\"https:\/\/www.weinfreunde.de\/magazin\/weinwissen\/falscher-und-echter-mehltau-reben-in-not\/#article\",\"isPartOf\":{\"@id\":\"https:\/\/www.weinfreunde.de\/magazin\/weinwissen\/falscher-und-echter-mehltau-reben-in-not\/\"},\"author\":{\"name\":\"Sven Reinbold\",\"@id\":\"https:\/\/www.weinfreunde.de\/magazin\/#\/schema\/person\/559ebf66114e1f3015099c8edb732aaa\"},\"headline\":\"Falscher und Echter Mehltau: Reben in Not\",\"datePublished\":\"2024-04-29T22:30:43+00:00\",\"dateModified\":\"2024-10-22T09:45:51+00:00\",\"mainEntityOfPage\":{\"@id\":\"https:\/\/www.weinfreunde.de\/magazin\/weinwissen\/falscher-und-echter-mehltau-reben-in-not\/\"},\"wordCount\":843,\"commentCount\":0,\"publisher\":{\"@id\":\"https:\/\/www.weinfreunde.de\/magazin\/#organization\"},\"image\":{\"@id\":\"https:\/\/www.weinfreunde.de\/magazin\/weinwissen\/falscher-und-echter-mehltau-reben-in-not\/#primaryimage\"},\"thumbnailUrl\":\"https:\/\/www.weinfreunde.de\/magazin\/wp-content\/uploads\/2024\/04\/Magazin-Header_1280x650px_Mehltau_Neu.png.webp\",\"articleSection\":[\"Weinwissen\"],\"inLanguage\":\"de\",\"potentialAction\":[{\"@type\":\"CommentAction\",\"name\":\"Comment\",\"target\":[\"https:\/\/www.weinfreunde.de\/magazin\/weinwissen\/falscher-und-echter-mehltau-reben-in-not\/#respond\"]}]},{\"@type\":\"WebPage\",\"@id\":\"https:\/\/www.weinfreunde.de\/magazin\/weinwissen\/falscher-und-echter-mehltau-reben-in-not\/\",\"url\":\"https:\/\/www.weinfreunde.de\/magazin\/weinwissen\/falscher-und-echter-mehltau-reben-in-not\/\",\"name\":\"Falscher und Echter Mehltau: Reben in Not &#187; Weinfreunde Magazin\",\"isPartOf\":{\"@id\":\"https:\/\/www.weinfreunde.de\/magazin\/#website\"},\"primaryImageOfPage\":{\"@id\":\"https:\/\/www.weinfreunde.de\/magazin\/weinwissen\/falscher-und-echter-mehltau-reben-in-not\/#primaryimage\"},\"image\":{\"@id\":\"https:\/\/www.weinfreunde.de\/magazin\/weinwissen\/falscher-und-echter-mehltau-reben-in-not\/#primaryimage\"},\"thumbnailUrl\":\"https:\/\/www.weinfreunde.de\/magazin\/wp-content\/uploads\/2024\/04\/Magazin-Header_1280x650px_Mehltau_Neu.png.webp\",\"datePublished\":\"2024-04-29T22:30:43+00:00\",\"dateModified\":\"2024-10-22T09:45:51+00:00\",\"description\":\"Echter und Falscher Mehltau: Die Feinde des Weinbaus. Sie stellen eine wahre Bedrohung f\u00fcr Bl\u00e4tter und Trauben dar.\",\"breadcrumb\":{\"@id\":\"https:\/\/www.weinfreunde.de\/magazin\/weinwissen\/falscher-und-echter-mehltau-reben-in-not\/#breadcrumb\"},\"inLanguage\":\"de\",\"potentialAction\":[{\"@type\":\"ReadAction\",\"target\":[\"https:\/\/www.weinfreunde.de\/magazin\/weinwissen\/falscher-und-echter-mehltau-reben-in-not\/\"]}]},{\"@type\":\"ImageObject\",\"inLanguage\":\"de\",\"@id\":\"https:\/\/www.weinfreunde.de\/magazin\/weinwissen\/falscher-und-echter-mehltau-reben-in-not\/#primaryimage\",\"url\":\"https:\/\/www.weinfreunde.de\/magazin\/wp-content\/uploads\/2024\/04\/Magazin-Header_1280x650px_Mehltau_Neu.png.webp\",\"contentUrl\":\"https:\/\/www.weinfreunde.de\/magazin\/wp-content\/uploads\/2024\/04\/Magazin-Header_1280x650px_Mehltau_Neu.png.webp\",\"width\":1280,\"height\":650,\"caption\":\"Reben mit Mehltau\"},{\"@type\":\"BreadcrumbList\",\"@id\":\"https:\/\/www.weinfreunde.de\/magazin\/weinwissen\/falscher-und-echter-mehltau-reben-in-not\/#breadcrumb\",\"itemListElement\":[{\"@type\":\"ListItem\",\"position\":1,\"name\":\"Magazin\",\"item\":\"https:\/\/www.weinfreunde.de\/magazin\/\"},{\"@type\":\"ListItem\",\"position\":2,\"name\":\"Weinwissen\",\"item\":\"https:\/\/www.weinfreunde.de\/magazin\/weinwissen\/\"},{\"@type\":\"ListItem\",\"position\":3,\"name\":\"Falscher und Echter Mehltau: Reben in Not\"}]},{\"@type\":\"WebSite\",\"@id\":\"https:\/\/www.weinfreunde.de\/magazin\/#website\",\"url\":\"https:\/\/www.weinfreunde.de\/magazin\/\",\"name\":\"Weinfreunde Magazin\",\"description\":\"Dein Weinfreunde Magazin\",\"publisher\":{\"@id\":\"https:\/\/www.weinfreunde.de\/magazin\/#organization\"},\"potentialAction\":[{\"@type\":\"SearchAction\",\"target\":{\"@type\":\"EntryPoint\",\"urlTemplate\":\"https:\/\/www.weinfreunde.de\/magazin\/?s={search_term_string}\"},\"query-input\":{\"@type\":\"PropertyValueSpecification\",\"valueRequired\":true,\"valueName\":\"search_term_string\"}}],\"inLanguage\":\"de\"},{\"@type\":\"Organization\",\"@id\":\"https:\/\/www.weinfreunde.de\/magazin\/#organization\",\"name\":\"REWE Wein online GmbH | Weinfreunde\",\"url\":\"https:\/\/www.weinfreunde.de\/magazin\/\",\"logo\":{\"@type\":\"ImageObject\",\"inLanguage\":\"de\",\"@id\":\"https:\/\/www.weinfreunde.de\/magazin\/#\/schema\/logo\/image\/\",\"url\":\"https:\/\/www.weinfreunde.de\/magazin\/wp-content\/uploads\/2019\/08\/WF_Logo_Vertikal_Claim_Schwarz-scaled.jpg.webp\",\"contentUrl\":\"https:\/\/www.weinfreunde.de\/magazin\/wp-content\/uploads\/2019\/08\/WF_Logo_Vertikal_Claim_Schwarz-scaled.jpg.webp\",\"width\":2048,\"height\":1241,\"caption\":\"REWE Wein online GmbH | Weinfreunde\"},\"image\":{\"@id\":\"https:\/\/www.weinfreunde.de\/magazin\/#\/schema\/logo\/image\/\"},\"sameAs\":[\"https:\/\/www.facebook.com\/weinfreunde.de\"]},{\"@type\":\"Person\",\"@id\":\"https:\/\/www.weinfreunde.de\/magazin\/#\/schema\/person\/559ebf66114e1f3015099c8edb732aaa\",\"name\":\"Sven Reinbold\",\"image\":{\"@type\":\"ImageObject\",\"inLanguage\":\"de\",\"@id\":\"https:\/\/secure.gravatar.com\/avatar\/442a281fe8a3265d34c1f3076a16936b837aeea8e50d42d2b246ca51142bd634?s=96&d=mm&r=g\",\"url\":\"https:\/\/secure.gravatar.com\/avatar\/442a281fe8a3265d34c1f3076a16936b837aeea8e50d42d2b246ca51142bd634?s=96&d=mm&r=g\",\"contentUrl\":\"https:\/\/secure.gravatar.com\/avatar\/442a281fe8a3265d34c1f3076a16936b837aeea8e50d42d2b246ca51142bd634?s=96&d=mm&r=g\",\"caption\":\"Sven Reinbold\"},\"description\":\"Bei Sven geh\u00f6rt Wein zur DNA. Unser Chef-Eink\u00e4ufer stammt aus einer Winzerfamilie vom Kaiserstuhl und hat Weinbetriebswirtschaft studiert: von Herkunft und Profession ein ganzer Weinversteher. Pers\u00f6nlich schw\u00e4rmt er f\u00fcr Wei\u00dfweine aus Italien, seine rote Liebe gilt jedoch der Rh\u00f4ne und dem Burgund.\",\"sameAs\":[\"https:\/\/www.weinfreunde.de\"],\"url\":\"https:\/\/www.weinfreunde.de\/magazin\/author\/sreinbold\/\"}]}<\/script>\n<!-- \/ Yoast SEO plugin. -->","yoast_head_json":{"title":"Falscher und Echter Mehltau: Reben in Not &#187; Weinfreunde Magazin","description":"Echter und Falscher Mehltau: Die Feinde des Weinbaus. Sie stellen eine wahre Bedrohung f\u00fcr Bl\u00e4tter und Trauben dar.","robots":{"index":"index","follow":"follow","max-snippet":"max-snippet:-1","max-image-preview":"max-image-preview:large","max-video-preview":"max-video-preview:-1"},"canonical":"https:\/\/www.weinfreunde.de\/magazin\/weinwissen\/falscher-und-echter-mehltau-reben-in-not\/","og_locale":"de_DE","og_type":"article","og_title":"Falscher und Echter Mehltau: Reben in Not &#187; Weinfreunde Magazin","og_description":"Echter und Falscher Mehltau: Die Feinde des Weinbaus. Sie stellen eine wahre Bedrohung f\u00fcr Bl\u00e4tter und Trauben dar.","og_url":"https:\/\/www.weinfreunde.de\/magazin\/weinwissen\/falscher-und-echter-mehltau-reben-in-not\/","og_site_name":"Weinfreunde Magazin","article_publisher":"https:\/\/www.facebook.com\/weinfreunde.de","article_published_time":"2024-04-29T22:30:43+00:00","article_modified_time":"2024-10-22T09:45:51+00:00","og_image":[{"width":1280,"height":650,"url":"https:\/\/www.weinfreunde.de\/magazin\/wp-content\/uploads\/2024\/04\/Magazin-Header_1280x650px_Mehltau_Neu.png.webp","type":"image\/png"}],"author":"Sven Reinbold","twitter_card":"summary_large_image","twitter_misc":{"Written by":"Sven Reinbold","Est. reading time":"5\u00a0Minuten"},"schema":{"@context":"https:\/\/schema.org","@graph":[{"@type":"Article","@id":"https:\/\/www.weinfreunde.de\/magazin\/weinwissen\/falscher-und-echter-mehltau-reben-in-not\/#article","isPartOf":{"@id":"https:\/\/www.weinfreunde.de\/magazin\/weinwissen\/falscher-und-echter-mehltau-reben-in-not\/"},"author":{"name":"Sven Reinbold","@id":"https:\/\/www.weinfreunde.de\/magazin\/#\/schema\/person\/559ebf66114e1f3015099c8edb732aaa"},"headline":"Falscher und Echter Mehltau: Reben in Not","datePublished":"2024-04-29T22:30:43+00:00","dateModified":"2024-10-22T09:45:51+00:00","mainEntityOfPage":{"@id":"https:\/\/www.weinfreunde.de\/magazin\/weinwissen\/falscher-und-echter-mehltau-reben-in-not\/"},"wordCount":843,"commentCount":0,"publisher":{"@id":"https:\/\/www.weinfreunde.de\/magazin\/#organization"},"image":{"@id":"https:\/\/www.weinfreunde.de\/magazin\/weinwissen\/falscher-und-echter-mehltau-reben-in-not\/#primaryimage"},"thumbnailUrl":"https:\/\/www.weinfreunde.de\/magazin\/wp-content\/uploads\/2024\/04\/Magazin-Header_1280x650px_Mehltau_Neu.png.webp","articleSection":["Weinwissen"],"inLanguage":"de","potentialAction":[{"@type":"CommentAction","name":"Comment","target":["https:\/\/www.weinfreunde.de\/magazin\/weinwissen\/falscher-und-echter-mehltau-reben-in-not\/#respond"]}]},{"@type":"WebPage","@id":"https:\/\/www.weinfreunde.de\/magazin\/weinwissen\/falscher-und-echter-mehltau-reben-in-not\/","url":"https:\/\/www.weinfreunde.de\/magazin\/weinwissen\/falscher-und-echter-mehltau-reben-in-not\/","name":"Falscher und Echter Mehltau: Reben in Not &#187; Weinfreunde Magazin","isPartOf":{"@id":"https:\/\/www.weinfreunde.de\/magazin\/#website"},"primaryImageOfPage":{"@id":"https:\/\/www.weinfreunde.de\/magazin\/weinwissen\/falscher-und-echter-mehltau-reben-in-not\/#primaryimage"},"image":{"@id":"https:\/\/www.weinfreunde.de\/magazin\/weinwissen\/falscher-und-echter-mehltau-reben-in-not\/#primaryimage"},"thumbnailUrl":"https:\/\/www.weinfreunde.de\/magazin\/wp-content\/uploads\/2024\/04\/Magazin-Header_1280x650px_Mehltau_Neu.png.webp","datePublished":"2024-04-29T22:30:43+00:00","dateModified":"2024-10-22T09:45:51+00:00","description":"Echter und Falscher Mehltau: Die Feinde des Weinbaus. Sie stellen eine wahre Bedrohung f\u00fcr Bl\u00e4tter und Trauben dar.","breadcrumb":{"@id":"https:\/\/www.weinfreunde.de\/magazin\/weinwissen\/falscher-und-echter-mehltau-reben-in-not\/#breadcrumb"},"inLanguage":"de","potentialAction":[{"@type":"ReadAction","target":["https:\/\/www.weinfreunde.de\/magazin\/weinwissen\/falscher-und-echter-mehltau-reben-in-not\/"]}]},{"@type":"ImageObject","inLanguage":"de","@id":"https:\/\/www.weinfreunde.de\/magazin\/weinwissen\/falscher-und-echter-mehltau-reben-in-not\/#primaryimage","url":"https:\/\/www.weinfreunde.de\/magazin\/wp-content\/uploads\/2024\/04\/Magazin-Header_1280x650px_Mehltau_Neu.png.webp","contentUrl":"https:\/\/www.weinfreunde.de\/magazin\/wp-content\/uploads\/2024\/04\/Magazin-Header_1280x650px_Mehltau_Neu.png.webp","width":1280,"height":650,"caption":"Reben mit Mehltau"},{"@type":"BreadcrumbList","@id":"https:\/\/www.weinfreunde.de\/magazin\/weinwissen\/falscher-und-echter-mehltau-reben-in-not\/#breadcrumb","itemListElement":[{"@type":"ListItem","position":1,"name":"Magazin","item":"https:\/\/www.weinfreunde.de\/magazin\/"},{"@type":"ListItem","position":2,"name":"Weinwissen","item":"https:\/\/www.weinfreunde.de\/magazin\/weinwissen\/"},{"@type":"ListItem","position":3,"name":"Falscher und Echter Mehltau: Reben in Not"}]},{"@type":"WebSite","@id":"https:\/\/www.weinfreunde.de\/magazin\/#website","url":"https:\/\/www.weinfreunde.de\/magazin\/","name":"Weinfreunde Magazin","description":"Dein Weinfreunde Magazin","publisher":{"@id":"https:\/\/www.weinfreunde.de\/magazin\/#organization"},"potentialAction":[{"@type":"SearchAction","target":{"@type":"EntryPoint","urlTemplate":"https:\/\/www.weinfreunde.de\/magazin\/?s={search_term_string}"},"query-input":{"@type":"PropertyValueSpecification","valueRequired":true,"valueName":"search_term_string"}}],"inLanguage":"de"},{"@type":"Organization","@id":"https:\/\/www.weinfreunde.de\/magazin\/#organization","name":"REWE Wein online GmbH | Weinfreunde","url":"https:\/\/www.weinfreunde.de\/magazin\/","logo":{"@type":"ImageObject","inLanguage":"de","@id":"https:\/\/www.weinfreunde.de\/magazin\/#\/schema\/logo\/image\/","url":"https:\/\/www.weinfreunde.de\/magazin\/wp-content\/uploads\/2019\/08\/WF_Logo_Vertikal_Claim_Schwarz-scaled.jpg.webp","contentUrl":"https:\/\/www.weinfreunde.de\/magazin\/wp-content\/uploads\/2019\/08\/WF_Logo_Vertikal_Claim_Schwarz-scaled.jpg.webp","width":2048,"height":1241,"caption":"REWE Wein online GmbH | Weinfreunde"},"image":{"@id":"https:\/\/www.weinfreunde.de\/magazin\/#\/schema\/logo\/image\/"},"sameAs":["https:\/\/www.facebook.com\/weinfreunde.de"]},{"@type":"Person","@id":"https:\/\/www.weinfreunde.de\/magazin\/#\/schema\/person\/559ebf66114e1f3015099c8edb732aaa","name":"Sven Reinbold","image":{"@type":"ImageObject","inLanguage":"de","@id":"https:\/\/secure.gravatar.com\/avatar\/442a281fe8a3265d34c1f3076a16936b837aeea8e50d42d2b246ca51142bd634?s=96&d=mm&r=g","url":"https:\/\/secure.gravatar.com\/avatar\/442a281fe8a3265d34c1f3076a16936b837aeea8e50d42d2b246ca51142bd634?s=96&d=mm&r=g","contentUrl":"https:\/\/secure.gravatar.com\/avatar\/442a281fe8a3265d34c1f3076a16936b837aeea8e50d42d2b246ca51142bd634?s=96&d=mm&r=g","caption":"Sven Reinbold"},"description":"Bei Sven geh\u00f6rt Wein zur DNA. Unser Chef-Eink\u00e4ufer stammt aus einer Winzerfamilie vom Kaiserstuhl und hat Weinbetriebswirtschaft studiert: von Herkunft und Profession ein ganzer Weinversteher. Pers\u00f6nlich schw\u00e4rmt er f\u00fcr Wei\u00dfweine aus Italien, seine rote Liebe gilt jedoch der Rh\u00f4ne und dem Burgund.","sameAs":["https:\/\/www.weinfreunde.de"],"url":"https:\/\/www.weinfreunde.de\/magazin\/author\/sreinbold\/"}]}},"_links":{"self":[{"href":"https:\/\/www.weinfreunde.de\/magazin\/wp-json\/wp\/v2\/posts\/8554","targetHints":{"allow":["GET"]}}],"collection":[{"href":"https:\/\/www.weinfreunde.de\/magazin\/wp-json\/wp\/v2\/posts"}],"about":[{"href":"https:\/\/www.weinfreunde.de\/magazin\/wp-json\/wp\/v2\/types\/post"}],"author":[{"embeddable":true,"href":"https:\/\/www.weinfreunde.de\/magazin\/wp-json\/wp\/v2\/users\/51"}],"replies":[{"embeddable":true,"href":"https:\/\/www.weinfreunde.de\/magazin\/wp-json\/wp\/v2\/comments?post=8554"}],"version-history":[{"count":10,"href":"https:\/\/www.weinfreunde.de\/magazin\/wp-json\/wp\/v2\/posts\/8554\/revisions"}],"predecessor-version":[{"id":11370,"href":"https:\/\/www.weinfreunde.de\/magazin\/wp-json\/wp\/v2\/posts\/8554\/revisions\/11370"}],"wp:featuredmedia":[{"embeddable":true,"href":"https:\/\/www.weinfreunde.de\/magazin\/wp-json\/wp\/v2\/media\/8762"}],"wp:attachment":[{"href":"https:\/\/www.weinfreunde.de\/magazin\/wp-json\/wp\/v2\/media?parent=8554"}],"wp:term":[{"taxonomy":"category","embeddable":true,"href":"https:\/\/www.weinfreunde.de\/magazin\/wp-json\/wp\/v2\/categories?post=8554"},{"taxonomy":"post_tag","embeddable":true,"href":"https:\/\/www.weinfreunde.de\/magazin\/wp-json\/wp\/v2\/tags?post=8554"}],"curies":[{"name":"wp","href":"https:\/\/api.w.org\/{rel}","templated":true}]}}