{"id":8160,"date":"2024-04-09T00:50:12","date_gmt":"2024-04-08T22:50:12","guid":{"rendered":"https:\/\/www.weinfreunde.de\/magazin\/?p=8160"},"modified":"2024-10-22T12:11:09","modified_gmt":"2024-10-22T10:11:09","slug":"touriga-franca","status":"publish","type":"post","link":"https:\/\/www.weinfreunde.de\/magazin\/weinwissen\/touriga-franca\/","title":{"rendered":"Touriga Franca"},"content":{"rendered":"<p><strong>Touriga Franca ist die meist angebaute rote Rebsorte im portugiesischen <\/strong><a href=\"\/magazin\/weinwissen\/douro-weintradition-aus-portugal\/\"><strong>Douro-Tal<\/strong><\/a><strong> und gilt hier vielen als beste Rebsorte f\u00fcr Portwein. Aber auch in anderen Teilen <\/strong><a href=\"\/magazin\/weinwissen\/weinland-portugal-kleines-land-mit-grossen-weinen\/\"><strong>Portugals<\/strong><\/a><strong> besitzt Touriga Franca einen hohen Stellenwert. Ihren urspr\u00fcnglichen Namen \u2013 Touriga Francesca \u2013 musste die Rebsorte ablegen, da eine Klage der franz\u00f6sischen Weinlobby wegen angeblicher Konsumentent\u00e4uschung erfolgreich durchgesetzt werden konnte.<\/strong><\/p>\n<h2>Eigenschaften von Touriga Franca<\/h2>\n<p>Durch die Namens\u00e4hnlichkeit wird Touriga Franca h\u00e4ufig mit <a href=\"\/magazin\/weinwissen\/touriga-nacional\/\">Touriga Nacional<\/a> verwechselt, es handelt sich aber um zwei g\u00e4nzlich unterschiedliche Rebsorten. Touriga Franca wurde fr\u00fcher vorrangig wegen der konstanten und hohen Ertr\u00e4ge gesch\u00e4tzt. Heute wissen Winzer, dass die Qualit\u00e4t der Trauben bei geringeren Ertr\u00e4gen h\u00f6her ist, was nat\u00fcrlich f\u00fcr andere Rebsorten ebenso gilt. Touriga Franca reift im Vergleich zu anderen Rebsorten eher sp\u00e4t aus und ist recht widerstandsf\u00e4hig gegen\u00fcber Krankheiten.<\/p>\n<h2>Touriga Franca in Portugal<\/h2>\n<p>Die Rebsorte ist im Douro-Tal die h\u00e4ufigste rote Rebsorte. Insbesondere wegen ihrer hervorragenden Eignung bei der Portwein-Erzeugung. Jedoch werden Portweine, ebenso wie portugiesische Rotweine, traditionell als <a href=\"\/magazin\/frag-die-weinfreunde\/was-ist-eine-cuvee\/\">Cuv\u00e9e<\/a> abgef\u00fcllt, sodass Touriga Franca h\u00e4ufig nur einen Anteil ausmacht, nicht selten aber einen hohen. Auch in Weinen aus den portugiesischen Regionen <a href=\"\/magazin\/weinwissen\/alentejo-weinbau-mit-tradition-in-portugal\/\">Alentejo<\/a>, D\u00e3o, <a href=\"\/magazin\/weinwissen\/setubal\/\">Pen\u00ednsula de Set\u00fabal<\/a>, Ribatejo, Tejo und Tr\u00e1s-os-Montes spielt Touriga Franca bei Rotweinen eine gro\u00dfe Rolle. Das macht die Rebsorte mit etwas \u00fcber 14.000 Hektar Gesamtrebfl\u00e4che (Stand 2016) neben <a href=\"\/magazin\/weinwissen\/tempranillo\/\">Aragonez (Tempranillo)<\/a>, <a href=\"\/magazin\/weinwissen\/touriga-nacional\/\">Touriga Nacional<\/a> und <a href=\"\/magazin\/weinwissen\/castelao\/\">Castel\u00e3o<\/a> zu einer der wichtigsten roten Rebsorten Portugals.<\/p>\n<div id=\"attachment_8167\" style=\"width: 1290px\" class=\"wp-caption alignnone\"><img loading=\"lazy\" decoding=\"async\" aria-describedby=\"caption-attachment-8167\" class=\"wp-image-8167 size-full\" src=\"https:\/\/www.weinfreunde.de\/magazin\/wp-content\/uploads\/2024\/03\/Zeichenflaeche-1_Touriga_Nacional.png\" alt=\"Douro-Tal\" width=\"1280\" height=\"650\" srcset=\"https:\/\/www.weinfreunde.de\/magazin\/wp-content\/uploads\/2024\/03\/Zeichenflaeche-1_Touriga_Nacional.png 1280w, https:\/\/www.weinfreunde.de\/magazin\/wp-content\/uploads\/2024\/03\/Zeichenflaeche-1_Touriga_Nacional-300x152.png 300w, https:\/\/www.weinfreunde.de\/magazin\/wp-content\/uploads\/2024\/03\/Zeichenflaeche-1_Touriga_Nacional-1024x520.png 1024w, https:\/\/www.weinfreunde.de\/magazin\/wp-content\/uploads\/2024\/03\/Zeichenflaeche-1_Touriga_Nacional-768x390.png 768w, https:\/\/www.weinfreunde.de\/magazin\/wp-content\/uploads\/2024\/03\/Zeichenflaeche-1_Touriga_Nacional-749x380.png 749w, https:\/\/www.weinfreunde.de\/magazin\/wp-content\/uploads\/2024\/03\/Zeichenflaeche-1_Touriga_Nacional-150x76.png 150w, https:\/\/www.weinfreunde.de\/magazin\/wp-content\/uploads\/2024\/03\/Zeichenflaeche-1_Touriga_Nacional-390x198.png 390w, https:\/\/www.weinfreunde.de\/magazin\/wp-content\/uploads\/2024\/03\/Zeichenflaeche-1_Touriga_Nacional-750x381.png 750w, https:\/\/www.weinfreunde.de\/magazin\/wp-content\/uploads\/2024\/03\/Zeichenflaeche-1_Touriga_Nacional-1140x579.png 1140w\" sizes=\"auto, (max-width: 1280px) 100vw, 1280px\" \/><p id=\"caption-attachment-8167\" class=\"wp-caption-text\">Im Douro-Tal werden die Weinberge entlang steiler Terrassen angelegt, die teilweise so steil sind, dass die Trauben von Hand geerntet werden m\u00fcssen.<\/p><\/div>\n<h2>Wie schmeckt Touriga Franca Wein?<\/h2>\n<p>Obwohl Touriga Franca selten reinsortig zu finden ist, wird die Rebsorte wegen ihrer attraktiven und intensiven Aromatik gesch\u00e4tzt. Strukturgebend ist sie im Vergleich zu Touriga Nacional weniger, Touriga-Franca-Weine zeichnen sich vielmehr durch ihre feinen Tannine aus. Der Duft erinnert an Waldfr\u00fcchte, Veilchen und Kr\u00e4uter.<\/p>\n<h2>Wo wird Touriga Franca noch angebaut?<\/h2>\n<p>Touriga Franca ist au\u00dferhalb Portugals kaum verbreitet. Kleinere Rebbest\u00e4nde mit jeweils unter 10 Hektar existieren in Kalifornien, Australien sowie in S\u00fcdafrika (Stand 2016).<\/p>\n<div class=\"product-slider\" id=\"_prodSlider69f2c61dcdbdb\">\n\t\t\t<h2>Touriga Franca bei Weinfreunde bestellen<\/h2>\n\t\t\n\t<div class=\"slide-area\">\n\t\t<div class=\"slides\">\n\t\t\t\t\t\t\t<div class=\"slide\">\n\t\t\t\t\t\t\t\t\t\t\t<a class=\"product\" href=\"https:\/\/www.weinfreunde.de\/p\/sao-miguel-dos-descobridores-reserva-herdade-de-sao-miguel\/?ecid=int_magazin_nn_nn_nn_nn_nn_nn\" target=\"_blank\">\n\t\t\t\t\t\t\t\t\t\t\t<div class=\"image\">\n\t\t\t\t\t\t\t<div\n                                    class=\"bg\"\n                                    style=\"background-image: url(https:\/\/10b644692e76ab15cf59-eaadbe2afc1f47d8740ca8f676f7fe70.ssl.cf3.rackcdn.com\/2000010233_900v-XgJ8LNq-.png);\"\n                            ><\/div>\n\t\t\t\t\t\t<\/div>\n\t\t\t\t\t\t<div class=\"c\">\n\t\t\t\t\t\t\t<div class=\"title\">S\u00e3o Miguel dos Descobridores Reserva \u2026<\/div>\n\t\t\t\t\t\t\t<div class=\"brand\">Herdade de S\u00e3o Miguel<\/div>\n\t\t\t\t\t\t\t\t\t\t\t\t\t\t\t<div class=\"details\">\n\t\t\t\t\t\t\t\t\t\t\t\t\t\t\t\t\t\t\t<div>Rotwein<\/div>\n\t\t\t\t\t\t\t\t\t\t\t\t\t\t\t\t\t\t\t<div>Touriga Franca, Touriga Nacional, Trincadeira<\/div>\n\t\t\t\t\t\t\t\t\t\t\t\t\t\t\t\t\t\t\t<div>Alentejo<\/div>\n\t\t\t\t\t\t\t\t\t\t\t\t\t\t\t\t\t<\/div>\n\t\t\t\t\t\t\t\t\t\t\t\t\t<\/div>\n\t\t\t\t\t<\/a>\n\t\t\t\t<\/div>\n\t\t\t\t\t\t\t<div class=\"slide\">\n\t\t\t\t\t\t\t\t\t\t\t<a class=\"product\" href=\"https:\/\/www.weinfreunde.de\/p\/fabelhaft-tinto-niepoort\/?ecid=int_magazin_nn_nn_nn_nn_nn_nn\" target=\"_blank\">\n\t\t\t\t\t\t\t\t\t\t\t<div class=\"image\">\n\t\t\t\t\t\t\t<div\n                                    class=\"bg\"\n                                    style=\"background-image: url(https:\/\/10b644692e76ab15cf59-eaadbe2afc1f47d8740ca8f676f7fe70.ssl.cf3.rackcdn.com\/2000010958_900v-91gzVnk-.png);\"\n                            ><\/div>\n\t\t\t\t\t\t<\/div>\n\t\t\t\t\t\t<div class=\"c\">\n\t\t\t\t\t\t\t<div class=\"title\">Fabelhaft Tinto 2022<\/div>\n\t\t\t\t\t\t\t<div class=\"brand\">Niepoort<\/div>\n\t\t\t\t\t\t\t\t\t\t\t\t\t\t\t<div class=\"details\">\n\t\t\t\t\t\t\t\t\t\t\t\t\t\t\t\t\t\t\t<div>Rotwein<\/div>\n\t\t\t\t\t\t\t\t\t\t\t\t\t\t\t\t\t\t\t<div>Touriga Nacional, Touriga Franca, Tinta Roriz, Tinta Amarela<\/div>\n\t\t\t\t\t\t\t\t\t\t\t\t\t\t\t\t\t<\/div>\n\t\t\t\t\t\t\t\t\t\t\t\t\t<\/div>\n\t\t\t\t\t<\/a>\n\t\t\t\t<\/div>\n\t\t\t\t\t\t\t<div class=\"slide\">\n\t\t\t\t\t\t\t\t\t\t\t<a class=\"product\" href=\"https:\/\/www.weinfreunde.de\/p\/tuella-douro-symington-family-estates\/?ecid=int_magazin_nn_nn_nn_nn_nn_nn\" target=\"_blank\">\n\t\t\t\t\t\t\t\t\t\t\t<div class=\"image\">\n\t\t\t\t\t\t\t<div\n                                    class=\"bg\"\n                                    style=\"background-image: url(https:\/\/10b644692e76ab15cf59-eaadbe2afc1f47d8740ca8f676f7fe70.ssl.cf3.rackcdn.com\/2000011092_900v-p6-GEdeQ.png);\"\n                            ><\/div>\n\t\t\t\t\t\t<\/div>\n\t\t\t\t\t\t<div class=\"c\">\n\t\t\t\t\t\t\t<div class=\"title\">Tuella Douro 2022<\/div>\n\t\t\t\t\t\t\t<div class=\"brand\">Symington Family Estates<\/div>\n\t\t\t\t\t\t\t\t\t\t\t\t\t\t\t<div class=\"details\">\n\t\t\t\t\t\t\t\t\t\t\t\t\t\t\t\t\t\t\t<div>Rotwein<\/div>\n\t\t\t\t\t\t\t\t\t\t\t\t\t\t\t\t\t\t\t<div>Tinto C\u00e3o, Tinta Barroca, Touriga Franca<\/div>\n\t\t\t\t\t\t\t\t\t\t\t\t\t\t\t\t\t\t\t<div>Douro<\/div>\n\t\t\t\t\t\t\t\t\t\t\t\t\t\t\t\t\t<\/div>\n\t\t\t\t\t\t\t\t\t\t\t\t\t<\/div>\n\t\t\t\t\t<\/a>\n\t\t\t\t<\/div>\n\t\t\t\t\t\t\t<div class=\"slide\">\n\t\t\t\t\t\t\t\t\t\t\t<a class=\"product\" href=\"https:\/\/www.weinfreunde.de\/p\/fine-ruby-portwein-andresen\/?ecid=int_magazin_nn_nn_nn_nn_nn_nn\" target=\"_blank\">\n\t\t\t\t\t\t\t\t\t\t\t<div class=\"image\">\n\t\t\t\t\t\t\t<div\n                                    class=\"bg\"\n                                    style=\"background-image: url(https:\/\/10b644692e76ab15cf59-eaadbe2afc1f47d8740ca8f676f7fe70.ssl.cf3.rackcdn.com\/2000011788_900v-2yXjl4_f.png);\"\n                            ><\/div>\n\t\t\t\t\t\t<\/div>\n\t\t\t\t\t\t<div class=\"c\">\n\t\t\t\t\t\t\t<div class=\"title\">Fine Ruby Portwein<\/div>\n\t\t\t\t\t\t\t<div class=\"brand\">Andresen<\/div>\n\t\t\t\t\t\t\t\t\t\t\t\t\t\t\t<div class=\"details\">\n\t\t\t\t\t\t\t\t\t\t\t\t\t\t\t\t\t\t\t<div>Rotwein<\/div>\n\t\t\t\t\t\t\t\t\t\t\t\t\t\t\t\t\t\t\t<div>Tinta Barroca, Tinta Roriz, Touriga Franca<\/div>\n\t\t\t\t\t\t\t\t\t\t\t\t\t\t\t\t\t<\/div>\n\t\t\t\t\t\t\t\t\t\t\t\t\t<\/div>\n\t\t\t\t\t<\/a>\n\t\t\t\t<\/div>\n\t\t\t\t\t\t\t<div class=\"slide\">\n\t\t\t\t\t\t\t\t\t\t\t<a class=\"product\" href=\"https:\/\/www.weinfreunde.de\/p\/fabelhaft-reserva-niepoort\/?ecid=int_magazin_nn_nn_nn_nn_nn_nn\" target=\"_blank\">\n\t\t\t\t\t\t\t\t\t\t\t<div class=\"image\">\n\t\t\t\t\t\t\t<div\n                                    class=\"bg\"\n                                    style=\"background-image: url(https:\/\/10b644692e76ab15cf59-eaadbe2afc1f47d8740ca8f676f7fe70.ssl.cf3.rackcdn.com\/2000013299_900v-dTyZl62_.png);\"\n                            ><\/div>\n\t\t\t\t\t\t<\/div>\n\t\t\t\t\t\t<div class=\"c\">\n\t\t\t\t\t\t\t<div class=\"title\">Fabelhaft Reserva 2022<\/div>\n\t\t\t\t\t\t\t<div class=\"brand\">Niepoort<\/div>\n\t\t\t\t\t\t\t\t\t\t\t\t\t\t\t<div class=\"details\">\n\t\t\t\t\t\t\t\t\t\t\t\t\t\t\t\t\t\t\t<div>Rotwein<\/div>\n\t\t\t\t\t\t\t\t\t\t\t\t\t\t\t\t\t\t\t<div>Tinta Amarela, Touriga Franca, Tinta Roriz<\/div>\n\t\t\t\t\t\t\t\t\t\t\t\t\t\t\t\t\t<\/div>\n\t\t\t\t\t\t\t\t\t\t\t\t\t<\/div>\n\t\t\t\t\t<\/a>\n\t\t\t\t<\/div>\n\t\t\t\t\t<\/div>\n\t<\/div>\n<\/div>\n<script>_w(() => new WF.Magazin.ProductSlider('#_prodSlider69f2c61dcdbdb'));<\/script>\n\n<p>&nbsp;<\/p>\n","protected":false},"excerpt":{"rendered":"<p>Touriga Franca ist die meist angebaute rote Rebsorte im portugiesischen Douro-Tal und gilt hier vielen als beste Rebsorte f\u00fcr Portwein. Aber auch in anderen Teilen Portugals besitzt Touriga Franca einen hohen Stellenwert. Ihren urspr\u00fcnglichen Namen \u2013 Touriga Francesca \u2013 musste&#8230; <a class=\"moretag\" href=\"https:\/\/www.weinfreunde.de\/magazin\/weinwissen\/touriga-franca\/\">weiterlesen<\/a><\/p>\n","protected":false},"author":46,"featured_media":8165,"comment_status":"open","ping_status":"open","sticky":false,"template":"","format":"standard","meta":{"footnotes":""},"categories":[65,53,45],"tags":[],"class_list":["post-8160","post","type-post","status-publish","format-standard","has-post-thumbnail","hentry","category-portugal","category-rebsorten","category-weinwissen"],"yoast_head":"<!-- This site is optimized with the Yoast SEO plugin v27.5 - https:\/\/yoast.com\/product\/yoast-seo-wordpress\/ -->\n<title>Die Rebsorte Touriga Franca &#187; Weinfreunde Magazin<\/title>\n<meta name=\"description\" content=\"Die Touriga Franca, eine der wichtigsten roten Rebsorten im Douro-Tal. Ideal f\u00fcr Portwein, auch in anderen Regionen.\" \/>\n<meta name=\"robots\" content=\"index, follow, max-snippet:-1, max-image-preview:large, max-video-preview:-1\" \/>\n<link rel=\"canonical\" href=\"https:\/\/www.weinfreunde.de\/magazin\/weinwissen\/touriga-franca\/\" \/>\n<meta property=\"og:locale\" content=\"de_DE\" \/>\n<meta property=\"og:type\" content=\"article\" \/>\n<meta property=\"og:title\" content=\"Die Rebsorte Touriga Franca &#187; Weinfreunde Magazin\" \/>\n<meta property=\"og:description\" content=\"Die Touriga Franca, eine der wichtigsten roten Rebsorten im Douro-Tal. Ideal f\u00fcr Portwein, auch in anderen Regionen.\" \/>\n<meta property=\"og:url\" content=\"https:\/\/www.weinfreunde.de\/magazin\/weinwissen\/touriga-franca\/\" \/>\n<meta property=\"og:site_name\" content=\"Weinfreunde Magazin\" \/>\n<meta property=\"article:publisher\" content=\"https:\/\/www.facebook.com\/weinfreunde.de\" \/>\n<meta property=\"article:published_time\" content=\"2024-04-08T22:50:12+00:00\" \/>\n<meta property=\"article:modified_time\" content=\"2024-10-22T10:11:09+00:00\" \/>\n<meta property=\"og:image\" content=\"https:\/\/www.weinfreunde.de\/magazin\/wp-content\/uploads\/2024\/03\/Magazin-Header_1280x650px_Touriga_Nacional.png.webp\" \/>\n\t<meta property=\"og:image:width\" content=\"1280\" \/>\n\t<meta property=\"og:image:height\" content=\"650\" \/>\n\t<meta property=\"og:image:type\" content=\"image\/png\" \/>\n<meta name=\"author\" content=\"J\u00fcrgen Overheid\" \/>\n<meta name=\"twitter:card\" content=\"summary_large_image\" \/>\n<meta name=\"twitter:label1\" content=\"Written by\" \/>\n\t<meta name=\"twitter:data1\" content=\"J\u00fcrgen Overheid\" \/>\n\t<meta name=\"twitter:label2\" content=\"Est. reading time\" \/>\n\t<meta name=\"twitter:data2\" content=\"3\u00a0Minuten\" \/>\n<script type=\"application\/ld+json\" class=\"yoast-schema-graph\">{\"@context\":\"https:\\\/\\\/schema.org\",\"@graph\":[{\"@type\":\"Article\",\"@id\":\"https:\\\/\\\/www.weinfreunde.de\\\/magazin\\\/weinwissen\\\/touriga-franca\\\/#article\",\"isPartOf\":{\"@id\":\"https:\\\/\\\/www.weinfreunde.de\\\/magazin\\\/weinwissen\\\/touriga-franca\\\/\"},\"author\":{\"name\":\"J\u00fcrgen Overheid\",\"@id\":\"https:\\\/\\\/www.weinfreunde.de\\\/magazin\\\/#\\\/schema\\\/person\\\/60ed8a321b3f585ffa0fcb9445b2159d\"},\"headline\":\"Touriga Franca\",\"datePublished\":\"2024-04-08T22:50:12+00:00\",\"dateModified\":\"2024-10-22T10:11:09+00:00\",\"mainEntityOfPage\":{\"@id\":\"https:\\\/\\\/www.weinfreunde.de\\\/magazin\\\/weinwissen\\\/touriga-franca\\\/\"},\"wordCount\":374,\"commentCount\":0,\"publisher\":{\"@id\":\"https:\\\/\\\/www.weinfreunde.de\\\/magazin\\\/#organization\"},\"image\":{\"@id\":\"https:\\\/\\\/www.weinfreunde.de\\\/magazin\\\/weinwissen\\\/touriga-franca\\\/#primaryimage\"},\"thumbnailUrl\":\"https:\\\/\\\/www.weinfreunde.de\\\/magazin\\\/wp-content\\\/uploads\\\/2024\\\/03\\\/Magazin-Header_1280x650px_Touriga_Nacional.png.webp\",\"articleSection\":[\"Portugal\",\"Rebsorten\",\"Weinwissen\"],\"inLanguage\":\"de\",\"potentialAction\":[{\"@type\":\"CommentAction\",\"name\":\"Comment\",\"target\":[\"https:\\\/\\\/www.weinfreunde.de\\\/magazin\\\/weinwissen\\\/touriga-franca\\\/#respond\"]}]},{\"@type\":\"WebPage\",\"@id\":\"https:\\\/\\\/www.weinfreunde.de\\\/magazin\\\/weinwissen\\\/touriga-franca\\\/\",\"url\":\"https:\\\/\\\/www.weinfreunde.de\\\/magazin\\\/weinwissen\\\/touriga-franca\\\/\",\"name\":\"Die Rebsorte Touriga Franca &#187; Weinfreunde Magazin\",\"isPartOf\":{\"@id\":\"https:\\\/\\\/www.weinfreunde.de\\\/magazin\\\/#website\"},\"primaryImageOfPage\":{\"@id\":\"https:\\\/\\\/www.weinfreunde.de\\\/magazin\\\/weinwissen\\\/touriga-franca\\\/#primaryimage\"},\"image\":{\"@id\":\"https:\\\/\\\/www.weinfreunde.de\\\/magazin\\\/weinwissen\\\/touriga-franca\\\/#primaryimage\"},\"thumbnailUrl\":\"https:\\\/\\\/www.weinfreunde.de\\\/magazin\\\/wp-content\\\/uploads\\\/2024\\\/03\\\/Magazin-Header_1280x650px_Touriga_Nacional.png.webp\",\"datePublished\":\"2024-04-08T22:50:12+00:00\",\"dateModified\":\"2024-10-22T10:11:09+00:00\",\"description\":\"Die Touriga Franca, eine der wichtigsten roten Rebsorten im Douro-Tal. Ideal f\u00fcr Portwein, auch in anderen Regionen.\",\"breadcrumb\":{\"@id\":\"https:\\\/\\\/www.weinfreunde.de\\\/magazin\\\/weinwissen\\\/touriga-franca\\\/#breadcrumb\"},\"inLanguage\":\"de\",\"potentialAction\":[{\"@type\":\"ReadAction\",\"target\":[\"https:\\\/\\\/www.weinfreunde.de\\\/magazin\\\/weinwissen\\\/touriga-franca\\\/\"]}]},{\"@type\":\"ImageObject\",\"inLanguage\":\"de\",\"@id\":\"https:\\\/\\\/www.weinfreunde.de\\\/magazin\\\/weinwissen\\\/touriga-franca\\\/#primaryimage\",\"url\":\"https:\\\/\\\/www.weinfreunde.de\\\/magazin\\\/wp-content\\\/uploads\\\/2024\\\/03\\\/Magazin-Header_1280x650px_Touriga_Nacional.png.webp\",\"contentUrl\":\"https:\\\/\\\/www.weinfreunde.de\\\/magazin\\\/wp-content\\\/uploads\\\/2024\\\/03\\\/Magazin-Header_1280x650px_Touriga_Nacional.png.webp\",\"width\":1280,\"height\":650,\"caption\":\"Touriga Nacional\"},{\"@type\":\"BreadcrumbList\",\"@id\":\"https:\\\/\\\/www.weinfreunde.de\\\/magazin\\\/weinwissen\\\/touriga-franca\\\/#breadcrumb\",\"itemListElement\":[{\"@type\":\"ListItem\",\"position\":1,\"name\":\"Magazin\",\"item\":\"https:\\\/\\\/www.weinfreunde.de\\\/magazin\\\/\"},{\"@type\":\"ListItem\",\"position\":2,\"name\":\"Weinwissen\",\"item\":\"https:\\\/\\\/www.weinfreunde.de\\\/magazin\\\/weinwissen\\\/\"},{\"@type\":\"ListItem\",\"position\":3,\"name\":\"Touriga Franca\"}]},{\"@type\":\"WebSite\",\"@id\":\"https:\\\/\\\/www.weinfreunde.de\\\/magazin\\\/#website\",\"url\":\"https:\\\/\\\/www.weinfreunde.de\\\/magazin\\\/\",\"name\":\"Weinfreunde Magazin\",\"description\":\"Dein Weinfreunde Magazin\",\"publisher\":{\"@id\":\"https:\\\/\\\/www.weinfreunde.de\\\/magazin\\\/#organization\"},\"potentialAction\":[{\"@type\":\"SearchAction\",\"target\":{\"@type\":\"EntryPoint\",\"urlTemplate\":\"https:\\\/\\\/www.weinfreunde.de\\\/magazin\\\/?s={search_term_string}\"},\"query-input\":{\"@type\":\"PropertyValueSpecification\",\"valueRequired\":true,\"valueName\":\"search_term_string\"}}],\"inLanguage\":\"de\"},{\"@type\":\"Organization\",\"@id\":\"https:\\\/\\\/www.weinfreunde.de\\\/magazin\\\/#organization\",\"name\":\"REWE Wein online GmbH | Weinfreunde\",\"url\":\"https:\\\/\\\/www.weinfreunde.de\\\/magazin\\\/\",\"logo\":{\"@type\":\"ImageObject\",\"inLanguage\":\"de\",\"@id\":\"https:\\\/\\\/www.weinfreunde.de\\\/magazin\\\/#\\\/schema\\\/logo\\\/image\\\/\",\"url\":\"https:\\\/\\\/www.weinfreunde.de\\\/magazin\\\/wp-content\\\/uploads\\\/2019\\\/08\\\/WF_Logo_Vertikal_Claim_Schwarz-scaled.jpg.webp\",\"contentUrl\":\"https:\\\/\\\/www.weinfreunde.de\\\/magazin\\\/wp-content\\\/uploads\\\/2019\\\/08\\\/WF_Logo_Vertikal_Claim_Schwarz-scaled.jpg.webp\",\"width\":2048,\"height\":1241,\"caption\":\"REWE Wein online GmbH | Weinfreunde\"},\"image\":{\"@id\":\"https:\\\/\\\/www.weinfreunde.de\\\/magazin\\\/#\\\/schema\\\/logo\\\/image\\\/\"},\"sameAs\":[\"https:\\\/\\\/www.facebook.com\\\/weinfreunde.de\"]},{\"@type\":\"Person\",\"@id\":\"https:\\\/\\\/www.weinfreunde.de\\\/magazin\\\/#\\\/schema\\\/person\\\/60ed8a321b3f585ffa0fcb9445b2159d\",\"name\":\"J\u00fcrgen Overheid\",\"image\":{\"@type\":\"ImageObject\",\"inLanguage\":\"de\",\"@id\":\"https:\\\/\\\/secure.gravatar.com\\\/avatar\\\/3ca7a75cc34dd832b52b256932e1a76f8b1e85be7d089938a1a85fc8d59bb795?s=96&d=mm&r=g\",\"url\":\"https:\\\/\\\/secure.gravatar.com\\\/avatar\\\/3ca7a75cc34dd832b52b256932e1a76f8b1e85be7d089938a1a85fc8d59bb795?s=96&d=mm&r=g\",\"contentUrl\":\"https:\\\/\\\/secure.gravatar.com\\\/avatar\\\/3ca7a75cc34dd832b52b256932e1a76f8b1e85be7d089938a1a85fc8d59bb795?s=96&d=mm&r=g\",\"caption\":\"J\u00fcrgen Overheid\"},\"description\":\"Geboren im Ruhrpott, in Hessen und im Rheinland studiert, hier Wurzeln geschlagen. Er ist unser Mann f\u00fcr Marketing-Kampagnen, unser Online-Magazin und s\u00e4mtliches Gedruckte. Er steht auf alles, was prickelt, auf wei\u00dfe Verf\u00fchrer aus Frankreich \u2013 am liebsten Chardonnay und Sauvignon Blanc \u2013 und ganz klassisch: auf italienische Rotweine.\",\"sameAs\":[\"https:\\\/\\\/www.weinfreunde.de\"],\"url\":\"https:\\\/\\\/www.weinfreunde.de\\\/magazin\\\/author\\\/joverheid\\\/\"}]}<\/script>\n<!-- \/ Yoast SEO plugin. -->","yoast_head_json":{"title":"Die Rebsorte Touriga Franca &#187; Weinfreunde Magazin","description":"Die Touriga Franca, eine der wichtigsten roten Rebsorten im Douro-Tal. Ideal f\u00fcr Portwein, auch in anderen Regionen.","robots":{"index":"index","follow":"follow","max-snippet":"max-snippet:-1","max-image-preview":"max-image-preview:large","max-video-preview":"max-video-preview:-1"},"canonical":"https:\/\/www.weinfreunde.de\/magazin\/weinwissen\/touriga-franca\/","og_locale":"de_DE","og_type":"article","og_title":"Die Rebsorte Touriga Franca &#187; Weinfreunde Magazin","og_description":"Die Touriga Franca, eine der wichtigsten roten Rebsorten im Douro-Tal. Ideal f\u00fcr Portwein, auch in anderen Regionen.","og_url":"https:\/\/www.weinfreunde.de\/magazin\/weinwissen\/touriga-franca\/","og_site_name":"Weinfreunde Magazin","article_publisher":"https:\/\/www.facebook.com\/weinfreunde.de","article_published_time":"2024-04-08T22:50:12+00:00","article_modified_time":"2024-10-22T10:11:09+00:00","og_image":[{"width":1280,"height":650,"url":"https:\/\/www.weinfreunde.de\/magazin\/wp-content\/uploads\/2024\/03\/Magazin-Header_1280x650px_Touriga_Nacional.png.webp","type":"image\/png"}],"author":"J\u00fcrgen Overheid","twitter_card":"summary_large_image","twitter_misc":{"Written by":"J\u00fcrgen Overheid","Est. reading time":"3\u00a0Minuten"},"schema":{"@context":"https:\/\/schema.org","@graph":[{"@type":"Article","@id":"https:\/\/www.weinfreunde.de\/magazin\/weinwissen\/touriga-franca\/#article","isPartOf":{"@id":"https:\/\/www.weinfreunde.de\/magazin\/weinwissen\/touriga-franca\/"},"author":{"name":"J\u00fcrgen Overheid","@id":"https:\/\/www.weinfreunde.de\/magazin\/#\/schema\/person\/60ed8a321b3f585ffa0fcb9445b2159d"},"headline":"Touriga Franca","datePublished":"2024-04-08T22:50:12+00:00","dateModified":"2024-10-22T10:11:09+00:00","mainEntityOfPage":{"@id":"https:\/\/www.weinfreunde.de\/magazin\/weinwissen\/touriga-franca\/"},"wordCount":374,"commentCount":0,"publisher":{"@id":"https:\/\/www.weinfreunde.de\/magazin\/#organization"},"image":{"@id":"https:\/\/www.weinfreunde.de\/magazin\/weinwissen\/touriga-franca\/#primaryimage"},"thumbnailUrl":"https:\/\/www.weinfreunde.de\/magazin\/wp-content\/uploads\/2024\/03\/Magazin-Header_1280x650px_Touriga_Nacional.png.webp","articleSection":["Portugal","Rebsorten","Weinwissen"],"inLanguage":"de","potentialAction":[{"@type":"CommentAction","name":"Comment","target":["https:\/\/www.weinfreunde.de\/magazin\/weinwissen\/touriga-franca\/#respond"]}]},{"@type":"WebPage","@id":"https:\/\/www.weinfreunde.de\/magazin\/weinwissen\/touriga-franca\/","url":"https:\/\/www.weinfreunde.de\/magazin\/weinwissen\/touriga-franca\/","name":"Die Rebsorte Touriga Franca &#187; Weinfreunde Magazin","isPartOf":{"@id":"https:\/\/www.weinfreunde.de\/magazin\/#website"},"primaryImageOfPage":{"@id":"https:\/\/www.weinfreunde.de\/magazin\/weinwissen\/touriga-franca\/#primaryimage"},"image":{"@id":"https:\/\/www.weinfreunde.de\/magazin\/weinwissen\/touriga-franca\/#primaryimage"},"thumbnailUrl":"https:\/\/www.weinfreunde.de\/magazin\/wp-content\/uploads\/2024\/03\/Magazin-Header_1280x650px_Touriga_Nacional.png.webp","datePublished":"2024-04-08T22:50:12+00:00","dateModified":"2024-10-22T10:11:09+00:00","description":"Die Touriga Franca, eine der wichtigsten roten Rebsorten im Douro-Tal. Ideal f\u00fcr Portwein, auch in anderen Regionen.","breadcrumb":{"@id":"https:\/\/www.weinfreunde.de\/magazin\/weinwissen\/touriga-franca\/#breadcrumb"},"inLanguage":"de","potentialAction":[{"@type":"ReadAction","target":["https:\/\/www.weinfreunde.de\/magazin\/weinwissen\/touriga-franca\/"]}]},{"@type":"ImageObject","inLanguage":"de","@id":"https:\/\/www.weinfreunde.de\/magazin\/weinwissen\/touriga-franca\/#primaryimage","url":"https:\/\/www.weinfreunde.de\/magazin\/wp-content\/uploads\/2024\/03\/Magazin-Header_1280x650px_Touriga_Nacional.png.webp","contentUrl":"https:\/\/www.weinfreunde.de\/magazin\/wp-content\/uploads\/2024\/03\/Magazin-Header_1280x650px_Touriga_Nacional.png.webp","width":1280,"height":650,"caption":"Touriga Nacional"},{"@type":"BreadcrumbList","@id":"https:\/\/www.weinfreunde.de\/magazin\/weinwissen\/touriga-franca\/#breadcrumb","itemListElement":[{"@type":"ListItem","position":1,"name":"Magazin","item":"https:\/\/www.weinfreunde.de\/magazin\/"},{"@type":"ListItem","position":2,"name":"Weinwissen","item":"https:\/\/www.weinfreunde.de\/magazin\/weinwissen\/"},{"@type":"ListItem","position":3,"name":"Touriga Franca"}]},{"@type":"WebSite","@id":"https:\/\/www.weinfreunde.de\/magazin\/#website","url":"https:\/\/www.weinfreunde.de\/magazin\/","name":"Weinfreunde Magazin","description":"Dein Weinfreunde Magazin","publisher":{"@id":"https:\/\/www.weinfreunde.de\/magazin\/#organization"},"potentialAction":[{"@type":"SearchAction","target":{"@type":"EntryPoint","urlTemplate":"https:\/\/www.weinfreunde.de\/magazin\/?s={search_term_string}"},"query-input":{"@type":"PropertyValueSpecification","valueRequired":true,"valueName":"search_term_string"}}],"inLanguage":"de"},{"@type":"Organization","@id":"https:\/\/www.weinfreunde.de\/magazin\/#organization","name":"REWE Wein online GmbH | Weinfreunde","url":"https:\/\/www.weinfreunde.de\/magazin\/","logo":{"@type":"ImageObject","inLanguage":"de","@id":"https:\/\/www.weinfreunde.de\/magazin\/#\/schema\/logo\/image\/","url":"https:\/\/www.weinfreunde.de\/magazin\/wp-content\/uploads\/2019\/08\/WF_Logo_Vertikal_Claim_Schwarz-scaled.jpg.webp","contentUrl":"https:\/\/www.weinfreunde.de\/magazin\/wp-content\/uploads\/2019\/08\/WF_Logo_Vertikal_Claim_Schwarz-scaled.jpg.webp","width":2048,"height":1241,"caption":"REWE Wein online GmbH | Weinfreunde"},"image":{"@id":"https:\/\/www.weinfreunde.de\/magazin\/#\/schema\/logo\/image\/"},"sameAs":["https:\/\/www.facebook.com\/weinfreunde.de"]},{"@type":"Person","@id":"https:\/\/www.weinfreunde.de\/magazin\/#\/schema\/person\/60ed8a321b3f585ffa0fcb9445b2159d","name":"J\u00fcrgen Overheid","image":{"@type":"ImageObject","inLanguage":"de","@id":"https:\/\/secure.gravatar.com\/avatar\/3ca7a75cc34dd832b52b256932e1a76f8b1e85be7d089938a1a85fc8d59bb795?s=96&d=mm&r=g","url":"https:\/\/secure.gravatar.com\/avatar\/3ca7a75cc34dd832b52b256932e1a76f8b1e85be7d089938a1a85fc8d59bb795?s=96&d=mm&r=g","contentUrl":"https:\/\/secure.gravatar.com\/avatar\/3ca7a75cc34dd832b52b256932e1a76f8b1e85be7d089938a1a85fc8d59bb795?s=96&d=mm&r=g","caption":"J\u00fcrgen Overheid"},"description":"Geboren im Ruhrpott, in Hessen und im Rheinland studiert, hier Wurzeln geschlagen. Er ist unser Mann f\u00fcr Marketing-Kampagnen, unser Online-Magazin und s\u00e4mtliches Gedruckte. Er steht auf alles, was prickelt, auf wei\u00dfe Verf\u00fchrer aus Frankreich \u2013 am liebsten Chardonnay und Sauvignon Blanc \u2013 und ganz klassisch: auf italienische Rotweine.","sameAs":["https:\/\/www.weinfreunde.de"],"url":"https:\/\/www.weinfreunde.de\/magazin\/author\/joverheid\/"}]}},"_links":{"self":[{"href":"https:\/\/www.weinfreunde.de\/magazin\/wp-json\/wp\/v2\/posts\/8160","targetHints":{"allow":["GET"]}}],"collection":[{"href":"https:\/\/www.weinfreunde.de\/magazin\/wp-json\/wp\/v2\/posts"}],"about":[{"href":"https:\/\/www.weinfreunde.de\/magazin\/wp-json\/wp\/v2\/types\/post"}],"author":[{"embeddable":true,"href":"https:\/\/www.weinfreunde.de\/magazin\/wp-json\/wp\/v2\/users\/46"}],"replies":[{"embeddable":true,"href":"https:\/\/www.weinfreunde.de\/magazin\/wp-json\/wp\/v2\/comments?post=8160"}],"version-history":[{"count":7,"href":"https:\/\/www.weinfreunde.de\/magazin\/wp-json\/wp\/v2\/posts\/8160\/revisions"}],"predecessor-version":[{"id":11381,"href":"https:\/\/www.weinfreunde.de\/magazin\/wp-json\/wp\/v2\/posts\/8160\/revisions\/11381"}],"wp:featuredmedia":[{"embeddable":true,"href":"https:\/\/www.weinfreunde.de\/magazin\/wp-json\/wp\/v2\/media\/8165"}],"wp:attachment":[{"href":"https:\/\/www.weinfreunde.de\/magazin\/wp-json\/wp\/v2\/media?parent=8160"}],"wp:term":[{"taxonomy":"category","embeddable":true,"href":"https:\/\/www.weinfreunde.de\/magazin\/wp-json\/wp\/v2\/categories?post=8160"},{"taxonomy":"post_tag","embeddable":true,"href":"https:\/\/www.weinfreunde.de\/magazin\/wp-json\/wp\/v2\/tags?post=8160"}],"curies":[{"name":"wp","href":"https:\/\/api.w.org\/{rel}","templated":true}]}}