{"id":7135,"date":"2023-10-17T14:36:21","date_gmt":"2023-10-17T12:36:21","guid":{"rendered":"https:\/\/www.weinfreunde.de\/magazin\/?post_type=cp_frag_weinfreunde&#038;p=7135"},"modified":"2026-04-07T10:16:20","modified_gmt":"2026-04-07T08:16:20","slug":"wann-lohnt-sich-ein-weinkeller","status":"publish","type":"post","link":"https:\/\/www.weinfreunde.de\/magazin\/frag-die-weinfreunde\/wann-lohnt-sich-ein-weinkeller\/","title":{"rendered":"Wann lohnt sich ein Weinkeller?"},"content":{"rendered":"<p><strong>Ob ein eigener Weinkeller eine lohnende Investition ist, entscheidet die Menge der Flaschen und vor allem die G\u00fcte der Weine, die zu lagern sind. Optimal ist ein dunkler Keller mit gleichbleibender Temperatur und Luftfeuchte.<\/strong><\/p>\n<p>Eines Tages stellt sich diese Frage allen, die regelm\u00e4\u00dfig Wein genie\u00dfen. Wann lohnt sich ein richtiger Weinkeller f\u00fcr mich? Zumindest ergeht es Benno D. aus Euskirchen so, weshalb er sich mit seinem Anliegen an <a href=\"mailto:fragdieweinfreunde@weinfreunde.de\">fragdieweinfreunde@weinfreunde.de<\/a> gewendet hat. Hier unsere kleine Entscheidungshilfe.<\/p>\n<h2>Weinkeller: guter Platz f\u00fcr guten Wein<\/h2>\n<p>In der Frage nach dem Nutzen eines Weinkellers vermengen sich gleich mehrere Fragen. Begonnen mit der einfachen nach der schlichten Menge an Weinflaschen, die es perfekt zu lagern gilt. F\u00fcr sechs Flaschen eines au\u00dfergew\u00f6hnlichen Weines lohnt der Aufwand eines Weinkellers kaum. Bei 60 Flaschen von Kaliber und guter Lagerf\u00e4higkeit, f\u00e4llt die Antwort vielleicht schon anders aus.<\/p>\n<p>Sicher kann gesagt werden: Hochkar\u00e4tige Weine, die ihrem H\u00f6hepunkt noch entgegensehen, verlangen nach <a href=\"\/magazin\/weinwissen\/korrekte-weinlagerung-einfacher-als-gedacht\/\">optimalen Bedingungen f\u00fcr die Lagerung<\/a>. Die kann ein guter Weinkeller bieten \u2013 bei geringerer Flaschenzahl kommt alternativ ein Weink\u00fchlschrank in Betracht. Hat man sich gar entschlossen, eine Sammlung guter Weine aus den favorisierten Regionen und Rebsorten aufzubauen, ist ein guter Weinkeller eine Investition in die Zukunft.<\/p>\n<div id=\"attachment_7136\" style=\"width: 1510px\" class=\"wp-caption alignnone\"><img loading=\"lazy\" decoding=\"async\" aria-describedby=\"caption-attachment-7136\" class=\"wp-image-7136 size-full\" src=\"https:\/\/www.weinfreunde.de\/magazin\/wp-content\/uploads\/2023\/10\/magazin_1-1-image-gross1_weinkuehlschrank_1500x800px.png\" alt=\"Weink\u00fchlschrank\" width=\"1500\" height=\"800\" srcset=\"https:\/\/www.weinfreunde.de\/magazin\/wp-content\/uploads\/2023\/10\/magazin_1-1-image-gross1_weinkuehlschrank_1500x800px.png 1500w, https:\/\/www.weinfreunde.de\/magazin\/wp-content\/uploads\/2023\/10\/magazin_1-1-image-gross1_weinkuehlschrank_1500x800px-300x160.png 300w, https:\/\/www.weinfreunde.de\/magazin\/wp-content\/uploads\/2023\/10\/magazin_1-1-image-gross1_weinkuehlschrank_1500x800px-1024x546.png 1024w, https:\/\/www.weinfreunde.de\/magazin\/wp-content\/uploads\/2023\/10\/magazin_1-1-image-gross1_weinkuehlschrank_1500x800px-768x410.png 768w, https:\/\/www.weinfreunde.de\/magazin\/wp-content\/uploads\/2023\/10\/magazin_1-1-image-gross1_weinkuehlschrank_1500x800px-749x399.png 749w, https:\/\/www.weinfreunde.de\/magazin\/wp-content\/uploads\/2023\/10\/magazin_1-1-image-gross1_weinkuehlschrank_1500x800px-150x80.png 150w, https:\/\/www.weinfreunde.de\/magazin\/wp-content\/uploads\/2023\/10\/magazin_1-1-image-gross1_weinkuehlschrank_1500x800px-390x208.png 390w, https:\/\/www.weinfreunde.de\/magazin\/wp-content\/uploads\/2023\/10\/magazin_1-1-image-gross1_weinkuehlschrank_1500x800px-750x400.png 750w, https:\/\/www.weinfreunde.de\/magazin\/wp-content\/uploads\/2023\/10\/magazin_1-1-image-gross1_weinkuehlschrank_1500x800px-1140x608.png 1140w\" sizes=\"auto, (max-width: 1500px) 100vw, 1500px\" \/><p id=\"caption-attachment-7136\" class=\"wp-caption-text\">Eine gute, kleinere Alternative f\u00fcr einen Weinkeller stellt ein Weink\u00fchlschrank dar<\/p><\/div>\n<h2>Der ideale Weinkeller: ab ins Verlies<\/h2>\n<p>Beim Gedanken an einen guten Keller darf man sich durchaus vom Bild eines mittelalterlichen Verlies leiten lassen. Am besten f\u00e4llt der Weinkeller n\u00e4mlich stockduster, also ohne jegliches Sonnenlicht, und mit etwas Feuchtigkeit durchzogen aus. Eine Umgebung von rund 70 Prozent Luftfeuchte, in der konstant eine Temperatur um die 12, 13 Grad Celsius vorherrscht und UV-Strahlung nicht existiert \u2013 das ist der ideale Weinkeller, in denen Wei\u00df- und Rotweine lagern.<\/p>\n<p>Wer also einen zumindest teilweise unterirdischen Raum sein Eigen nennt, hat beste Voraussetzungen. Gute Isolierung ist wichtig und die Luftfeuchte gilt es zu beachten. F\u00fcr alles andere gibt es von Luftbefeuchter bis Weinbel\u00fcfter, von Dampfbremsfolie bis Isolierschaum gute L\u00f6sungen. Auch f\u00fcr die Weinregale, wenn nicht selbst Hand angelegt wird, existieren Fertigl\u00f6sungen in unterschiedlichen Materialien.<\/p>\n<h2>Improvisiert: Weinkeller der anderen Art<\/h2>\n<p>Als Alternative zum Weinlagern empfehlen sich k\u00fchle Schlafzimmer, Vorratskammer und \u00c4hnliches oder \u2013 noch einmal \u2013 ein Weink\u00fchlschrank. Nicht zu vergessen, es gibt auch L\u00f6sungen au\u00dfer Haus. \u201eWinebank\u201c hei\u00dft das Konzept: In gro\u00dfen Weinkeller mietet man sich sein privates St\u00fcckchen Weinkeller einfach an. Einige Weinh\u00e4ndler, die sich meist sehr hochwertigen Weinen widmen, bieten gleichfalls eine optimale Aufbewahrung in ihren Lagern. Hoch professionell, aber wenig romantisch.<\/p>\n<div class=\"product-slider\" id=\"_prodSlider69f14b839f32d\">\n\t\t\t<h2>Rotwein bei Weinfreunde.de online bestellen<\/h2>\n\t\t\n\t<div class=\"slide-area\">\n\t\t<div class=\"slides\">\n\t\t\t\t\t\t\t<div class=\"slide\">\n\t\t\t\t\t\t\t\t\t\t\t<a class=\"product\" href=\"https:\/\/www.weinfreunde.de\/p\/rubin-carnuntum-bio-grassl\/?ecid=int_magazin_nn_nn_nn_nn_nn_nn\" target=\"_blank\">\n\t\t\t\t\t\t\t\t\t\t\t<div class=\"image\">\n\t\t\t\t\t\t\t<div\n                                    class=\"bg\"\n                                    style=\"background-image: url(https:\/\/10b644692e76ab15cf59-eaadbe2afc1f47d8740ca8f676f7fe70.ssl.cf3.rackcdn.com\/2000010049_900v-D1s79AQO.png);\"\n                            ><\/div>\n\t\t\t\t\t\t<\/div>\n\t\t\t\t\t\t<div class=\"c\">\n\t\t\t\t\t\t\t<div class=\"title\">Rubin Carnuntum (Bio) 2022<\/div>\n\t\t\t\t\t\t\t<div class=\"brand\">Grassl<\/div>\n\t\t\t\t\t\t\t\t\t\t\t\t\t\t\t<div class=\"details\">\n\t\t\t\t\t\t\t\t\t\t\t\t\t\t\t\t\t\t\t<div>Rotwein<\/div>\n\t\t\t\t\t\t\t\t\t\t\t\t\t\t\t\t\t\t\t<div>Zweigelt<\/div>\n\t\t\t\t\t\t\t\t\t\t\t\t\t\t\t\t\t<\/div>\n\t\t\t\t\t\t\t\t\t\t\t\t\t<\/div>\n\t\t\t\t\t<\/a>\n\t\t\t\t<\/div>\n\t\t\t\t\t\t\t<div class=\"slide\">\n\t\t\t\t\t\t\t\t\t\t\t<a class=\"product\" href=\"https:\/\/www.weinfreunde.de\/p\/ultra-malbec-kaiken\/?ecid=int_magazin_nn_nn_nn_nn_nn_nn\" target=\"_blank\">\n\t\t\t\t\t\t\t\t\t\t\t<div class=\"image\">\n\t\t\t\t\t\t\t<div\n                                    class=\"bg\"\n                                    style=\"background-image: url(https:\/\/10b644692e76ab15cf59-eaadbe2afc1f47d8740ca8f676f7fe70.ssl.cf3.rackcdn.com\/2000010050_900v-9Mrs5JjI.png);\"\n                            ><\/div>\n\t\t\t\t\t\t<\/div>\n\t\t\t\t\t\t<div class=\"c\">\n\t\t\t\t\t\t\t<div class=\"title\">Ultra Malbec 2022<\/div>\n\t\t\t\t\t\t\t<div class=\"brand\">Kaiken<\/div>\n\t\t\t\t\t\t\t\t\t\t\t\t\t\t\t<div class=\"details\">\n\t\t\t\t\t\t\t\t\t\t\t\t\t\t\t\t\t\t\t<div>Rotwein<\/div>\n\t\t\t\t\t\t\t\t\t\t\t\t\t\t\t\t\t\t\t<div>Malbec<\/div>\n\t\t\t\t\t\t\t\t\t\t\t\t\t\t\t\t\t<\/div>\n\t\t\t\t\t\t\t\t\t\t\t\t\t<\/div>\n\t\t\t\t\t<\/a>\n\t\t\t\t<\/div>\n\t\t\t\t\t\t\t<div class=\"slide\">\n\t\t\t\t\t\t\t\t\t\t\t<a class=\"product\" href=\"https:\/\/www.weinfreunde.de\/p\/barbera-piemonte-cascina-radice\/?ecid=int_magazin_nn_nn_nn_nn_nn_nn\" target=\"_blank\">\n\t\t\t\t\t\t\t\t\t\t\t<div class=\"image\">\n\t\t\t\t\t\t\t<div\n                                    class=\"bg\"\n                                    style=\"background-image: url(https:\/\/10b644692e76ab15cf59-eaadbe2afc1f47d8740ca8f676f7fe70.ssl.cf3.rackcdn.com\/2000010053_900v-a8WIUew4.png);\"\n                            ><\/div>\n\t\t\t\t\t\t<\/div>\n\t\t\t\t\t\t<div class=\"c\">\n\t\t\t\t\t\t\t<div class=\"title\">Barbera Piemonte 2023<\/div>\n\t\t\t\t\t\t\t<div class=\"brand\">Cascina Radice<\/div>\n\t\t\t\t\t\t\t\t\t\t\t\t\t\t\t<div class=\"details\">\n\t\t\t\t\t\t\t\t\t\t\t\t\t\t\t\t\t\t\t<div>Rotwein<\/div>\n\t\t\t\t\t\t\t\t\t\t\t\t\t\t\t\t\t\t\t<div>Barbera<\/div>\n\t\t\t\t\t\t\t\t\t\t\t\t\t\t\t\t\t<\/div>\n\t\t\t\t\t\t\t\t\t\t\t\t\t<\/div>\n\t\t\t\t\t<\/a>\n\t\t\t\t<\/div>\n\t\t\t\t\t\t\t<div class=\"slide\">\n\t\t\t\t\t\t\t\t\t\t\t<a class=\"product\" href=\"https:\/\/www.weinfreunde.de\/p\/blaufraenkisch-hochaecker-paul-kerschbaum\/?ecid=int_magazin_nn_nn_nn_nn_nn_nn\" target=\"_blank\">\n\t\t\t\t\t\t\t\t\t\t\t<div class=\"image\">\n\t\t\t\t\t\t\t<div\n                                    class=\"bg\"\n                                    style=\"background-image: url(https:\/\/images.cdn.europe-west1.gcp.commercetools.com\/c465d296-b9b4-4e2d-afd0-6980caa08886\/2000010100_900v-CFHWsgZg.png);\"\n                            ><\/div>\n\t\t\t\t\t\t<\/div>\n\t\t\t\t\t\t<div class=\"c\">\n\t\t\t\t\t\t\t<div class=\"title\">Blaufr\u00e4nkisch Hoch\u00e4cker 2021<\/div>\n\t\t\t\t\t\t\t<div class=\"brand\">Paul Kerschbaum<\/div>\n\t\t\t\t\t\t\t\t\t\t\t\t\t\t\t<div class=\"details\">\n\t\t\t\t\t\t\t\t\t\t\t\t\t\t\t\t\t\t\t<div>Rotwein<\/div>\n\t\t\t\t\t\t\t\t\t\t\t\t\t\t\t\t\t\t\t<div>Blaufr\u00e4nkisch<\/div>\n\t\t\t\t\t\t\t\t\t\t\t\t\t\t\t\t\t\t\t<div>Burgenland<\/div>\n\t\t\t\t\t\t\t\t\t\t\t\t\t\t\t\t\t<\/div>\n\t\t\t\t\t\t\t\t\t\t\t\t\t<\/div>\n\t\t\t\t\t<\/a>\n\t\t\t\t<\/div>\n\t\t\t\t\t\t\t<div class=\"slide\">\n\t\t\t\t\t\t\t\t\t\t\t<a class=\"product\" href=\"https:\/\/www.weinfreunde.de\/p\/altos-ibericos-rioja-miguel-torres\/?ecid=int_magazin_nn_nn_nn_nn_nn_nn\" target=\"_blank\">\n\t\t\t\t\t\t\t\t\t\t\t<div class=\"image\">\n\t\t\t\t\t\t\t<div\n                                    class=\"bg\"\n                                    style=\"background-image: url(https:\/\/images.cdn.europe-west1.gcp.commercetools.com\/c465d296-b9b4-4e2d-afd0-6980caa08886\/2000010136_900v-FVZPAXri.png);\"\n                            ><\/div>\n\t\t\t\t\t\t<\/div>\n\t\t\t\t\t\t<div class=\"c\">\n\t\t\t\t\t\t\t<div class=\"title\">Altos Ib\u00e9ricos Rioja 2021<\/div>\n\t\t\t\t\t\t\t<div class=\"brand\">Miguel Torres<\/div>\n\t\t\t\t\t\t\t\t\t\t\t\t\t\t\t<div class=\"details\">\n\t\t\t\t\t\t\t\t\t\t\t\t\t\t\t\t\t\t\t<div>Rotwein<\/div>\n\t\t\t\t\t\t\t\t\t\t\t\t\t\t\t\t\t\t\t<div>Tempranillo<\/div>\n\t\t\t\t\t\t\t\t\t\t\t\t\t\t\t\t\t<\/div>\n\t\t\t\t\t\t\t\t\t\t\t\t\t<\/div>\n\t\t\t\t\t<\/a>\n\t\t\t\t<\/div>\n\t\t\t\t\t\t\t<div class=\"slide\">\n\t\t\t\t\t\t\t\t\t\t\t<a class=\"product\" href=\"https:\/\/www.weinfreunde.de\/p\/sao-miguel-dos-descobridores-reserva-herdade-de-sao-miguel\/?ecid=int_magazin_nn_nn_nn_nn_nn_nn\" target=\"_blank\">\n\t\t\t\t\t\t\t\t\t\t\t<div class=\"image\">\n\t\t\t\t\t\t\t<div\n                                    class=\"bg\"\n                                    style=\"background-image: url(https:\/\/10b644692e76ab15cf59-eaadbe2afc1f47d8740ca8f676f7fe70.ssl.cf3.rackcdn.com\/2000010233_900v-XgJ8LNq-.png);\"\n                            ><\/div>\n\t\t\t\t\t\t<\/div>\n\t\t\t\t\t\t<div class=\"c\">\n\t\t\t\t\t\t\t<div class=\"title\">S\u00e3o Miguel dos Descobridores Reserva \u2026<\/div>\n\t\t\t\t\t\t\t<div class=\"brand\">Herdade de S\u00e3o Miguel<\/div>\n\t\t\t\t\t\t\t\t\t\t\t\t\t\t\t<div class=\"details\">\n\t\t\t\t\t\t\t\t\t\t\t\t\t\t\t\t\t\t\t<div>Rotwein<\/div>\n\t\t\t\t\t\t\t\t\t\t\t\t\t\t\t\t\t\t\t<div>Touriga Franca, Touriga Nacional, Trincadeira<\/div>\n\t\t\t\t\t\t\t\t\t\t\t\t\t\t\t\t\t\t\t<div>Alentejo<\/div>\n\t\t\t\t\t\t\t\t\t\t\t\t\t\t\t\t\t<\/div>\n\t\t\t\t\t\t\t\t\t\t\t\t\t<\/div>\n\t\t\t\t\t<\/a>\n\t\t\t\t<\/div>\n\t\t\t\t\t\t\t<div class=\"slide\">\n\t\t\t\t\t\t\t\t\t\t\t<a class=\"product\" href=\"https:\/\/www.weinfreunde.de\/p\/legends-scheiblhofer\/?ecid=int_magazin_nn_nn_nn_nn_nn_nn\" target=\"_blank\">\n\t\t\t\t\t\t\t\t\t\t\t<div class=\"image\">\n\t\t\t\t\t\t\t<div\n                                    class=\"bg\"\n                                    style=\"background-image: url(https:\/\/10b644692e76ab15cf59-eaadbe2afc1f47d8740ca8f676f7fe70.ssl.cf3.rackcdn.com\/2000010271_900v-JDFmU5_-.png);\"\n                            ><\/div>\n\t\t\t\t\t\t<\/div>\n\t\t\t\t\t\t<div class=\"c\">\n\t\t\t\t\t\t\t<div class=\"title\">Legends 2023<\/div>\n\t\t\t\t\t\t\t<div class=\"brand\">Scheiblhofer<\/div>\n\t\t\t\t\t\t\t\t\t\t\t\t\t\t\t<div class=\"details\">\n\t\t\t\t\t\t\t\t\t\t\t\t\t\t\t\t\t\t\t<div>Rotwein<\/div>\n\t\t\t\t\t\t\t\t\t\t\t\t\t\t\t\t\t\t\t<div>Cabernet Sauvignon, Merlot<\/div>\n\t\t\t\t\t\t\t\t\t\t\t\t\t\t\t\t\t<\/div>\n\t\t\t\t\t\t\t\t\t\t\t\t\t<\/div>\n\t\t\t\t\t<\/a>\n\t\t\t\t<\/div>\n\t\t\t\t\t\t\t<div class=\"slide\">\n\t\t\t\t\t\t\t\t\t\t\t<a class=\"product\" href=\"https:\/\/www.weinfreunde.de\/p\/das-kleine-kreuz-trocken-bio-rings\/?ecid=int_magazin_nn_nn_nn_nn_nn_nn\" target=\"_blank\">\n\t\t\t\t\t\t\t\t\t\t\t<div class=\"image\">\n\t\t\t\t\t\t\t<div\n                                    class=\"bg\"\n                                    style=\"background-image: url(https:\/\/10b644692e76ab15cf59-eaadbe2afc1f47d8740ca8f676f7fe70.ssl.cf3.rackcdn.com\/2000010278_900v-3SEE8N57.png);\"\n                            ><\/div>\n\t\t\t\t\t\t<\/div>\n\t\t\t\t\t\t<div class=\"c\">\n\t\t\t\t\t\t\t<div class=\"title\">Das kleine Kreuz trocken (Bio) 2022<\/div>\n\t\t\t\t\t\t\t<div class=\"brand\">Rings<\/div>\n\t\t\t\t\t\t\t\t\t\t\t\t\t\t\t<div class=\"details\">\n\t\t\t\t\t\t\t\t\t\t\t\t\t\t\t\t\t\t\t<div>Rotwein<\/div>\n\t\t\t\t\t\t\t\t\t\t\t\t\t\t\t\t\t\t\t<div>Merlot, St. Laurent, Cabernet Sauvignon, Cabernet Franc<\/div>\n\t\t\t\t\t\t\t\t\t\t\t\t\t\t\t\t\t\t\t<div>Pfalz<\/div>\n\t\t\t\t\t\t\t\t\t\t\t\t\t\t\t\t\t<\/div>\n\t\t\t\t\t\t\t\t\t\t\t\t\t<\/div>\n\t\t\t\t\t<\/a>\n\t\t\t\t<\/div>\n\t\t\t\t\t\t\t<div class=\"slide\">\n\t\t\t\t\t\t\t\t\t\t\t<a class=\"product\" href=\"https:\/\/www.weinfreunde.de\/p\/bull-ant-shiraz-langhorne-creek-lake-breeze\/?ecid=int_magazin_nn_nn_nn_nn_nn_nn\" target=\"_blank\">\n\t\t\t\t\t\t\t\t\t\t\t<div class=\"image\">\n\t\t\t\t\t\t\t<div\n                                    class=\"bg\"\n                                    style=\"background-image: url(https:\/\/10b644692e76ab15cf59-eaadbe2afc1f47d8740ca8f676f7fe70.ssl.cf3.rackcdn.com\/2000010333_900v-urXTqIpf.png);\"\n                            ><\/div>\n\t\t\t\t\t\t<\/div>\n\t\t\t\t\t\t<div class=\"c\">\n\t\t\t\t\t\t\t<div class=\"title\">Bull Ant Shiraz Langhorne Creek 2022<\/div>\n\t\t\t\t\t\t\t<div class=\"brand\">Lake Breeze<\/div>\n\t\t\t\t\t\t\t\t\t\t\t\t\t\t\t<div class=\"details\">\n\t\t\t\t\t\t\t\t\t\t\t\t\t\t\t\t\t\t\t<div>Rotwein<\/div>\n\t\t\t\t\t\t\t\t\t\t\t\t\t\t\t\t\t\t\t<div>Shiraz<\/div>\n\t\t\t\t\t\t\t\t\t\t\t\t\t\t\t\t\t<\/div>\n\t\t\t\t\t\t\t\t\t\t\t\t\t<\/div>\n\t\t\t\t\t<\/a>\n\t\t\t\t<\/div>\n\t\t\t\t\t\t\t<div class=\"slide\">\n\t\t\t\t\t\t\t\t\t\t\t<a class=\"product\" href=\"https:\/\/www.weinfreunde.de\/p\/rioja-gran-reserva-baron-de-ley\/?ecid=int_magazin_nn_nn_nn_nn_nn_nn\" target=\"_blank\">\n\t\t\t\t\t\t\t\t\t\t\t<div class=\"image\">\n\t\t\t\t\t\t\t<div\n                                    class=\"bg\"\n                                    style=\"background-image: url(https:\/\/images.cdn.europe-west1.gcp.commercetools.com\/c465d296-b9b4-4e2d-afd0-6980caa08886\/2000010381_900v-c4UKfEXV.png);\"\n                            ><\/div>\n\t\t\t\t\t\t<\/div>\n\t\t\t\t\t\t<div class=\"c\">\n\t\t\t\t\t\t\t<div class=\"title\">Rioja Gran Reserva 2018<\/div>\n\t\t\t\t\t\t\t<div class=\"brand\">Bar\u00f3n de Ley<\/div>\n\t\t\t\t\t\t\t\t\t\t\t\t\t\t\t<div class=\"details\">\n\t\t\t\t\t\t\t\t\t\t\t\t\t\t\t\t\t\t\t<div>Rotwein<\/div>\n\t\t\t\t\t\t\t\t\t\t\t\t\t\t\t\t\t\t\t<div>Tempranillo, Graciano<\/div>\n\t\t\t\t\t\t\t\t\t\t\t\t\t\t\t\t\t\t\t<div>Rioja<\/div>\n\t\t\t\t\t\t\t\t\t\t\t\t\t\t\t\t\t<\/div>\n\t\t\t\t\t\t\t\t\t\t\t\t\t<\/div>\n\t\t\t\t\t<\/a>\n\t\t\t\t<\/div>\n\t\t\t\t\t\t\t<div class=\"slide\">\n\t\t\t\t\t\t\t\t\t\t\t<a class=\"product\" href=\"https:\/\/www.weinfreunde.de\/p\/marterey-merlot-cabernet-syrah-les-producteurs-reunis\/?ecid=int_magazin_nn_nn_nn_nn_nn_nn\" target=\"_blank\">\n\t\t\t\t\t\t\t\t\t\t\t<div class=\"image\">\n\t\t\t\t\t\t\t<div\n                                    class=\"bg\"\n                                    style=\"background-image: url(https:\/\/images.cdn.europe-west1.gcp.commercetools.com\/c465d296-b9b4-4e2d-afd0-6980caa08886\/2000010409_900v-btcgvgCY.png);\"\n                            ><\/div>\n\t\t\t\t\t\t<\/div>\n\t\t\t\t\t\t<div class=\"c\">\n\t\t\t\t\t\t\t<div class=\"title\">Marterey Merlot Cabernet Syrah 2024<\/div>\n\t\t\t\t\t\t\t<div class=\"brand\">Les Producteurs R\u00e9unis<\/div>\n\t\t\t\t\t\t\t\t\t\t\t\t\t\t\t<div class=\"details\">\n\t\t\t\t\t\t\t\t\t\t\t\t\t\t\t\t\t\t\t<div>Rotwein<\/div>\n\t\t\t\t\t\t\t\t\t\t\t\t\t\t\t\t\t\t\t<div>Merlot, Cabernet Sauvignon, Syrah<\/div>\n\t\t\t\t\t\t\t\t\t\t\t\t\t\t\t\t\t<\/div>\n\t\t\t\t\t\t\t\t\t\t\t\t\t<\/div>\n\t\t\t\t\t<\/a>\n\t\t\t\t<\/div>\n\t\t\t\t\t\t\t<div class=\"slide\">\n\t\t\t\t\t\t\t\t\t\t\t<a class=\"product\" href=\"https:\/\/www.weinfreunde.de\/p\/zweigelt-neusiedlersee-scheiblhofer\/?ecid=int_magazin_nn_nn_nn_nn_nn_nn\" target=\"_blank\">\n\t\t\t\t\t\t\t\t\t\t\t<div class=\"image\">\n\t\t\t\t\t\t\t<div\n                                    class=\"bg\"\n                                    style=\"background-image: url(https:\/\/10b644692e76ab15cf59-eaadbe2afc1f47d8740ca8f676f7fe70.ssl.cf3.rackcdn.com\/2000010415_900v-Zg_Up8U-.png);\"\n                            ><\/div>\n\t\t\t\t\t\t<\/div>\n\t\t\t\t\t\t<div class=\"c\">\n\t\t\t\t\t\t\t<div class=\"title\">Zweigelt Neusiedlersee 2024<\/div>\n\t\t\t\t\t\t\t<div class=\"brand\">Scheiblhofer<\/div>\n\t\t\t\t\t\t\t\t\t\t\t\t\t\t\t<div class=\"details\">\n\t\t\t\t\t\t\t\t\t\t\t\t\t\t\t\t\t\t\t<div>Rotwein<\/div>\n\t\t\t\t\t\t\t\t\t\t\t\t\t\t\t\t\t\t\t<div>Zweigelt<\/div>\n\t\t\t\t\t\t\t\t\t\t\t\t\t\t\t\t\t\t\t<div>Neusiedlersee<\/div>\n\t\t\t\t\t\t\t\t\t\t\t\t\t\t\t\t\t<\/div>\n\t\t\t\t\t\t\t\t\t\t\t\t\t<\/div>\n\t\t\t\t\t<\/a>\n\t\t\t\t<\/div>\n\t\t\t\t\t\t\t<div class=\"slide\">\n\t\t\t\t\t\t\t\t\t\t\t<a class=\"product\" href=\"https:\/\/www.weinfreunde.de\/p\/tamboerskloof-syrah-kleinood-wines\/?ecid=int_magazin_nn_nn_nn_nn_nn_nn\" target=\"_blank\">\n\t\t\t\t\t\t\t\t\t\t\t<div class=\"image\">\n\t\t\t\t\t\t\t<div\n                                    class=\"bg\"\n                                    style=\"background-image: url(https:\/\/10b644692e76ab15cf59-eaadbe2afc1f47d8740ca8f676f7fe70.ssl.cf3.rackcdn.com\/2000010430_900v-IhGQBrmm.png);\"\n                            ><\/div>\n\t\t\t\t\t\t<\/div>\n\t\t\t\t\t\t<div class=\"c\">\n\t\t\t\t\t\t\t<div class=\"title\">Tamboerskloof Syrah 2020<\/div>\n\t\t\t\t\t\t\t<div class=\"brand\">Kleinood Wines<\/div>\n\t\t\t\t\t\t\t\t\t\t\t\t\t\t\t<div class=\"details\">\n\t\t\t\t\t\t\t\t\t\t\t\t\t\t\t\t\t\t\t<div>Rotwein<\/div>\n\t\t\t\t\t\t\t\t\t\t\t\t\t\t\t\t\t\t\t<div>Syrah<\/div>\n\t\t\t\t\t\t\t\t\t\t\t\t\t\t\t\t\t<\/div>\n\t\t\t\t\t\t\t\t\t\t\t\t\t<\/div>\n\t\t\t\t\t<\/a>\n\t\t\t\t<\/div>\n\t\t\t\t\t\t\t<div class=\"slide\">\n\t\t\t\t\t\t\t\t\t\t\t<a class=\"product\" href=\"https:\/\/www.weinfreunde.de\/p\/miluna-primitivo-salento-cantine-san-marzano\/?ecid=int_magazin_nn_nn_nn_nn_nn_nn\" target=\"_blank\">\n\t\t\t\t\t\t\t\t\t\t\t<div class=\"image\">\n\t\t\t\t\t\t\t<div\n                                    class=\"bg\"\n                                    style=\"background-image: url(https:\/\/10b644692e76ab15cf59-eaadbe2afc1f47d8740ca8f676f7fe70.ssl.cf3.rackcdn.com\/2000010455_900v-gWnMv8Ph.png);\"\n                            ><\/div>\n\t\t\t\t\t\t<\/div>\n\t\t\t\t\t\t<div class=\"c\">\n\t\t\t\t\t\t\t<div class=\"title\">Miluna Primitivo Salento 2023<\/div>\n\t\t\t\t\t\t\t<div class=\"brand\">Cantine San Marzano<\/div>\n\t\t\t\t\t\t\t\t\t\t\t\t\t\t\t<div class=\"details\">\n\t\t\t\t\t\t\t\t\t\t\t\t\t\t\t\t\t\t\t<div>Rotwein<\/div>\n\t\t\t\t\t\t\t\t\t\t\t\t\t\t\t\t\t\t\t<div>Primitivo<\/div>\n\t\t\t\t\t\t\t\t\t\t\t\t\t\t\t\t\t\t\t<div>Apulien<\/div>\n\t\t\t\t\t\t\t\t\t\t\t\t\t\t\t\t\t<\/div>\n\t\t\t\t\t\t\t\t\t\t\t\t\t<\/div>\n\t\t\t\t\t<\/a>\n\t\t\t\t<\/div>\n\t\t\t\t\t\t\t<div class=\"slide\">\n\t\t\t\t\t\t\t\t\t\t\t<a class=\"product\" href=\"https:\/\/www.weinfreunde.de\/p\/puro-malbec-cabernet-bio-dieter-meier\/?ecid=int_magazin_nn_nn_nn_nn_nn_nn\" target=\"_blank\">\n\t\t\t\t\t\t\t\t\t\t\t<div class=\"image\">\n\t\t\t\t\t\t\t<div\n                                    class=\"bg\"\n                                    style=\"background-image: url(https:\/\/10b644692e76ab15cf59-eaadbe2afc1f47d8740ca8f676f7fe70.ssl.cf3.rackcdn.com\/2000010456_900v-XPy8jMX4.png);\"\n                            ><\/div>\n\t\t\t\t\t\t<\/div>\n\t\t\t\t\t\t<div class=\"c\">\n\t\t\t\t\t\t\t<div class=\"title\">Puro Malbec Cabernet (Bio) 2023<\/div>\n\t\t\t\t\t\t\t<div class=\"brand\">Dieter Meier<\/div>\n\t\t\t\t\t\t\t\t\t\t\t\t\t\t\t<div class=\"details\">\n\t\t\t\t\t\t\t\t\t\t\t\t\t\t\t\t\t\t\t<div>Rotwein<\/div>\n\t\t\t\t\t\t\t\t\t\t\t\t\t\t\t\t\t\t\t<div>Malbec, Cabernet Sauvignon<\/div>\n\t\t\t\t\t\t\t\t\t\t\t\t\t\t\t\t\t<\/div>\n\t\t\t\t\t\t\t\t\t\t\t\t\t<\/div>\n\t\t\t\t\t<\/a>\n\t\t\t\t<\/div>\n\t\t\t\t\t\t\t<div class=\"slide\">\n\t\t\t\t\t\t\t\t\t\t\t<a class=\"product\" href=\"https:\/\/www.weinfreunde.de\/p\/malbec-kaiken\/?ecid=int_magazin_nn_nn_nn_nn_nn_nn\" target=\"_blank\">\n\t\t\t\t\t\t\t\t\t\t\t<div class=\"image\">\n\t\t\t\t\t\t\t<div\n                                    class=\"bg\"\n                                    style=\"background-image: url(https:\/\/10b644692e76ab15cf59-eaadbe2afc1f47d8740ca8f676f7fe70.ssl.cf3.rackcdn.com\/2000010481_900v-nhP8dZN3.png);\"\n                            ><\/div>\n\t\t\t\t\t\t<\/div>\n\t\t\t\t\t\t<div class=\"c\">\n\t\t\t\t\t\t\t<div class=\"title\">Malbec 2023<\/div>\n\t\t\t\t\t\t\t<div class=\"brand\">Kaiken<\/div>\n\t\t\t\t\t\t\t\t\t\t\t\t\t\t\t<div class=\"details\">\n\t\t\t\t\t\t\t\t\t\t\t\t\t\t\t\t\t\t\t<div>Rotwein<\/div>\n\t\t\t\t\t\t\t\t\t\t\t\t\t\t\t\t\t\t\t<div>Malbec<\/div>\n\t\t\t\t\t\t\t\t\t\t\t\t\t\t\t\t\t<\/div>\n\t\t\t\t\t\t\t\t\t\t\t\t\t<\/div>\n\t\t\t\t\t<\/a>\n\t\t\t\t<\/div>\n\t\t\t\t\t\t\t<div class=\"slide\">\n\t\t\t\t\t\t\t\t\t\t\t<a class=\"product\" href=\"https:\/\/www.weinfreunde.de\/p\/rosso-piceno-superiore-bio-tenuta-de-angelis\/?ecid=int_magazin_nn_nn_nn_nn_nn_nn\" target=\"_blank\">\n\t\t\t\t\t\t\t\t\t\t\t<div class=\"image\">\n\t\t\t\t\t\t\t<div\n                                    class=\"bg\"\n                                    style=\"background-image: url(https:\/\/10b644692e76ab15cf59-eaadbe2afc1f47d8740ca8f676f7fe70.ssl.cf3.rackcdn.com\/2000010502_900v-tlYOWA9P.png);\"\n                            ><\/div>\n\t\t\t\t\t\t<\/div>\n\t\t\t\t\t\t<div class=\"c\">\n\t\t\t\t\t\t\t<div class=\"title\">Rosso Piceno Superiore (Bio) 2022<\/div>\n\t\t\t\t\t\t\t<div class=\"brand\">Tenuta De Angelis<\/div>\n\t\t\t\t\t\t\t\t\t\t\t\t\t\t\t<div class=\"details\">\n\t\t\t\t\t\t\t\t\t\t\t\t\t\t\t\t\t\t\t<div>Rotwein<\/div>\n\t\t\t\t\t\t\t\t\t\t\t\t\t\t\t\t\t\t\t<div>Sangiovese, Montepulciano<\/div>\n\t\t\t\t\t\t\t\t\t\t\t\t\t\t\t\t\t<\/div>\n\t\t\t\t\t\t\t\t\t\t\t\t\t<\/div>\n\t\t\t\t\t<\/a>\n\t\t\t\t<\/div>\n\t\t\t\t\t\t\t<div class=\"slide\">\n\t\t\t\t\t\t\t\t\t\t\t<a class=\"product\" href=\"https:\/\/www.weinfreunde.de\/p\/das-phantom-bio-k-k-kirnbauer\/?ecid=int_magazin_nn_nn_nn_nn_nn_nn\" target=\"_blank\">\n\t\t\t\t\t\t\t\t\t\t\t<div class=\"image\">\n\t\t\t\t\t\t\t<div\n                                    class=\"bg\"\n                                    style=\"background-image: url(https:\/\/10b644692e76ab15cf59-eaadbe2afc1f47d8740ca8f676f7fe70.ssl.cf3.rackcdn.com\/2000010513_900v-3u8nPGkQ.png);\"\n                            ><\/div>\n\t\t\t\t\t\t<\/div>\n\t\t\t\t\t\t<div class=\"c\">\n\t\t\t\t\t\t\t<div class=\"title\">Das Phantom (Bio) 2023<\/div>\n\t\t\t\t\t\t\t<div class=\"brand\">K+K Kirnbauer<\/div>\n\t\t\t\t\t\t\t\t\t\t\t\t\t\t\t<div class=\"details\">\n\t\t\t\t\t\t\t\t\t\t\t\t\t\t\t\t\t\t\t<div>Rotwein<\/div>\n\t\t\t\t\t\t\t\t\t\t\t\t\t\t\t\t\t\t\t<div>Syrah, Merlot, Cabernet Sauvignon, Blaufr\u00e4nkisch<\/div>\n\t\t\t\t\t\t\t\t\t\t\t\t\t\t\t\t\t<\/div>\n\t\t\t\t\t\t\t\t\t\t\t\t\t<\/div>\n\t\t\t\t\t<\/a>\n\t\t\t\t<\/div>\n\t\t\t\t\t\t\t<div class=\"slide\">\n\t\t\t\t\t\t\t\t\t\t\t<a class=\"product\" href=\"https:\/\/www.weinfreunde.de\/p\/cornet-cie-banyuls-rimage-0-5-l-abbe-rous\/?ecid=int_magazin_nn_nn_nn_nn_nn_nn\" target=\"_blank\">\n\t\t\t\t\t\t\t\t\t\t\t<div class=\"image\">\n\t\t\t\t\t\t\t<div\n                                    class=\"bg\"\n                                    style=\"background-image: url(https:\/\/10b644692e76ab15cf59-eaadbe2afc1f47d8740ca8f676f7fe70.ssl.cf3.rackcdn.com\/2000010608_900v-zGvjfXhb.png);\"\n                            ><\/div>\n\t\t\t\t\t\t<\/div>\n\t\t\t\t\t\t<div class=\"c\">\n\t\t\t\t\t\t\t<div class=\"title\">Cornet &amp; Cie Banyuls Rimage - 0,5 L 20\u2026<\/div>\n\t\t\t\t\t\t\t<div class=\"brand\">Abbe Rous<\/div>\n\t\t\t\t\t\t\t\t\t\t\t\t\t\t\t<div class=\"details\">\n\t\t\t\t\t\t\t\t\t\t\t\t\t\t\t\t\t\t\t<div>Rotwein<\/div>\n\t\t\t\t\t\t\t\t\t\t\t\t\t\t\t\t\t\t\t<div>Grenache<\/div>\n\t\t\t\t\t\t\t\t\t\t\t\t\t\t\t\t\t\t\t<div>Languedoc-Roussillon<\/div>\n\t\t\t\t\t\t\t\t\t\t\t\t\t\t\t\t\t<\/div>\n\t\t\t\t\t\t\t\t\t\t\t\t\t<\/div>\n\t\t\t\t\t<\/a>\n\t\t\t\t<\/div>\n\t\t\t\t\t\t\t<div class=\"slide\">\n\t\t\t\t\t\t\t\t\t\t\t<a class=\"product\" href=\"https:\/\/www.weinfreunde.de\/p\/baronie-coraldo-nero-d-avola-baglio-gibellina\/?ecid=int_magazin_nn_nn_nn_nn_nn_nn\" target=\"_blank\">\n\t\t\t\t\t\t\t\t\t\t\t<div class=\"image\">\n\t\t\t\t\t\t\t<div\n                                    class=\"bg\"\n                                    style=\"background-image: url(https:\/\/10b644692e76ab15cf59-eaadbe2afc1f47d8740ca8f676f7fe70.ssl.cf3.rackcdn.com\/2000010639_900v-Rhegq3Az.png);\"\n                            ><\/div>\n\t\t\t\t\t\t<\/div>\n\t\t\t\t\t\t<div class=\"c\">\n\t\t\t\t\t\t\t<div class=\"title\">Baronie Coraldo Nero d&#039;Avola 2023<\/div>\n\t\t\t\t\t\t\t<div class=\"brand\">Baglio Gibellina<\/div>\n\t\t\t\t\t\t\t\t\t\t\t\t\t\t\t<div class=\"details\">\n\t\t\t\t\t\t\t\t\t\t\t\t\t\t\t\t\t\t\t<div>Rotwein<\/div>\n\t\t\t\t\t\t\t\t\t\t\t\t\t\t\t\t\t\t\t<div>Nero d&#039;Avola<\/div>\n\t\t\t\t\t\t\t\t\t\t\t\t\t\t\t\t\t\t\t<div>Sizilien<\/div>\n\t\t\t\t\t\t\t\t\t\t\t\t\t\t\t\t\t<\/div>\n\t\t\t\t\t\t\t\t\t\t\t\t\t<\/div>\n\t\t\t\t\t<\/a>\n\t\t\t\t<\/div>\n\t\t\t\t\t\t\t<div class=\"slide\">\n\t\t\t\t\t\t\t\t\t\t\t<a class=\"product\" href=\"https:\/\/www.weinfreunde.de\/p\/tres-reyes-tempranillo-syrah-1-5-l-magnum-bodegas-y-vinedos-munoz\/?ecid=int_magazin_nn_nn_nn_nn_nn_nn\" target=\"_blank\">\n\t\t\t\t\t\t\t\t\t\t\t<div class=\"image\">\n\t\t\t\t\t\t\t<div\n                                    class=\"bg\"\n                                    style=\"background-image: url(https:\/\/10b644692e76ab15cf59-eaadbe2afc1f47d8740ca8f676f7fe70.ssl.cf3.rackcdn.com\/2000010650_900v-NLNToC6V.png);\"\n                            ><\/div>\n\t\t\t\t\t\t<\/div>\n\t\t\t\t\t\t<div class=\"c\">\n\t\t\t\t\t\t\t<div class=\"title\">Tres Reyes Tempranillo-Syrah - 1,5 L-M\u2026<\/div>\n\t\t\t\t\t\t\t<div class=\"brand\">Bodegas y Vi\u00f1edos Mu\u00f1oz<\/div>\n\t\t\t\t\t\t\t\t\t\t\t\t\t\t\t<div class=\"details\">\n\t\t\t\t\t\t\t\t\t\t\t\t\t\t\t\t\t\t\t<div>Rotwein<\/div>\n\t\t\t\t\t\t\t\t\t\t\t\t\t\t\t\t\t\t\t<div>Syrah, Tempranillo<\/div>\n\t\t\t\t\t\t\t\t\t\t\t\t\t\t\t\t\t<\/div>\n\t\t\t\t\t\t\t\t\t\t\t\t\t<\/div>\n\t\t\t\t\t<\/a>\n\t\t\t\t<\/div>\n\t\t\t\t\t\t\t<div class=\"slide\">\n\t\t\t\t\t\t\t\t\t\t\t<a class=\"product\" href=\"https:\/\/www.weinfreunde.de\/p\/rioja-reserva-baron-de-ley\/?ecid=int_magazin_nn_nn_nn_nn_nn_nn\" target=\"_blank\">\n\t\t\t\t\t\t\t\t\t\t\t<div class=\"image\">\n\t\t\t\t\t\t\t<div\n                                    class=\"bg\"\n                                    style=\"background-image: url(https:\/\/10b644692e76ab15cf59-eaadbe2afc1f47d8740ca8f676f7fe70.ssl.cf3.rackcdn.com\/2000010678_900v-aAwa91L-.png);\"\n                            ><\/div>\n\t\t\t\t\t\t<\/div>\n\t\t\t\t\t\t<div class=\"c\">\n\t\t\t\t\t\t\t<div class=\"title\">Rioja Reserva 2020<\/div>\n\t\t\t\t\t\t\t<div class=\"brand\">Bar\u00f3n de Ley<\/div>\n\t\t\t\t\t\t\t\t\t\t\t\t\t\t\t<div class=\"details\">\n\t\t\t\t\t\t\t\t\t\t\t\t\t\t\t\t\t\t\t<div>Rotwein<\/div>\n\t\t\t\t\t\t\t\t\t\t\t\t\t\t\t\t\t<\/div>\n\t\t\t\t\t\t\t\t\t\t\t\t\t<\/div>\n\t\t\t\t\t<\/a>\n\t\t\t\t<\/div>\n\t\t\t\t\t\t\t<div class=\"slide\">\n\t\t\t\t\t\t\t\t\t\t\t<a class=\"product\" href=\"https:\/\/www.weinfreunde.de\/p\/aragonez-de-sao-miguel-dos-descobridores-herdade-de-sao-miguel\/?ecid=int_magazin_nn_nn_nn_nn_nn_nn\" target=\"_blank\">\n\t\t\t\t\t\t\t\t\t\t\t<div class=\"image\">\n\t\t\t\t\t\t\t<div\n                                    class=\"bg\"\n                                    style=\"background-image: url(https:\/\/10b644692e76ab15cf59-eaadbe2afc1f47d8740ca8f676f7fe70.ssl.cf3.rackcdn.com\/2000010693_900v-tc5D_Qf2.png);\"\n                            ><\/div>\n\t\t\t\t\t\t<\/div>\n\t\t\t\t\t\t<div class=\"c\">\n\t\t\t\t\t\t\t<div class=\"title\">Aragonez de S\u00e3o Miguel dos Descobrido\u2026<\/div>\n\t\t\t\t\t\t\t<div class=\"brand\">Herdade de S\u00e3o Miguel<\/div>\n\t\t\t\t\t\t\t\t\t\t\t\t\t\t\t<div class=\"details\">\n\t\t\t\t\t\t\t\t\t\t\t\t\t\t\t\t\t\t\t<div>Rotwein<\/div>\n\t\t\t\t\t\t\t\t\t\t\t\t\t\t\t\t\t\t\t<div>Aragonez<\/div>\n\t\t\t\t\t\t\t\t\t\t\t\t\t\t\t\t\t<\/div>\n\t\t\t\t\t\t\t\t\t\t\t\t\t<\/div>\n\t\t\t\t\t<\/a>\n\t\t\t\t<\/div>\n\t\t\t\t\t\t\t<div class=\"slide\">\n\t\t\t\t\t\t\t\t\t\t\t<a class=\"product\" href=\"https:\/\/www.weinfreunde.de\/p\/wien-2-r-a-pfaffl\/?ecid=int_magazin_nn_nn_nn_nn_nn_nn\" target=\"_blank\">\n\t\t\t\t\t\t\t\t\t\t\t<div class=\"image\">\n\t\t\t\t\t\t\t<div\n                                    class=\"bg\"\n                                    style=\"background-image: url(https:\/\/10b644692e76ab15cf59-eaadbe2afc1f47d8740ca8f676f7fe70.ssl.cf3.rackcdn.com\/2000010706_900v-3m8WTaFW.png);\"\n                            ><\/div>\n\t\t\t\t\t\t<\/div>\n\t\t\t\t\t\t<div class=\"c\">\n\t\t\t\t\t\t\t<div class=\"title\">Wien. 2 2023<\/div>\n\t\t\t\t\t\t\t<div class=\"brand\">R&amp;A Pfaffl<\/div>\n\t\t\t\t\t\t\t\t\t\t\t\t\t\t\t<div class=\"details\">\n\t\t\t\t\t\t\t\t\t\t\t\t\t\t\t\t\t\t\t<div>Rotwein<\/div>\n\t\t\t\t\t\t\t\t\t\t\t\t\t\t\t\t\t\t\t<div>Zweigelt, Pinot Noir<\/div>\n\t\t\t\t\t\t\t\t\t\t\t\t\t\t\t\t\t<\/div>\n\t\t\t\t\t\t\t\t\t\t\t\t\t<\/div>\n\t\t\t\t\t<\/a>\n\t\t\t\t<\/div>\n\t\t\t\t\t\t\t<div class=\"slide\">\n\t\t\t\t\t\t\t\t\t\t\t<a class=\"product\" href=\"https:\/\/www.weinfreunde.de\/p\/zweigelt-woeber\/?ecid=int_magazin_nn_nn_nn_nn_nn_nn\" target=\"_blank\">\n\t\t\t\t\t\t\t\t\t\t\t<div class=\"image\">\n\t\t\t\t\t\t\t<div\n                                    class=\"bg\"\n                                    style=\"background-image: url(https:\/\/10b644692e76ab15cf59-eaadbe2afc1f47d8740ca8f676f7fe70.ssl.cf3.rackcdn.com\/2000010777_900v-QfgVfs6-.png);\"\n                            ><\/div>\n\t\t\t\t\t\t<\/div>\n\t\t\t\t\t\t<div class=\"c\">\n\t\t\t\t\t\t\t<div class=\"title\">Zweigelt 2024<\/div>\n\t\t\t\t\t\t\t<div class=\"brand\">W\u00f6ber<\/div>\n\t\t\t\t\t\t\t\t\t\t\t\t\t\t\t<div class=\"details\">\n\t\t\t\t\t\t\t\t\t\t\t\t\t\t\t\t\t\t\t<div>Rotwein<\/div>\n\t\t\t\t\t\t\t\t\t\t\t\t\t\t\t\t\t\t\t<div>Zweigelt<\/div>\n\t\t\t\t\t\t\t\t\t\t\t\t\t\t\t\t\t<\/div>\n\t\t\t\t\t\t\t\t\t\t\t\t\t<\/div>\n\t\t\t\t\t<\/a>\n\t\t\t\t<\/div>\n\t\t\t\t\t\t\t<div class=\"slide\">\n\t\t\t\t\t\t\t\t\t\t\t<a class=\"product\" href=\"https:\/\/www.weinfreunde.de\/p\/norie-negroamaro-del-salento-vigneti-reale\/?ecid=int_magazin_nn_nn_nn_nn_nn_nn\" target=\"_blank\">\n\t\t\t\t\t\t\t\t\t\t\t<div class=\"image\">\n\t\t\t\t\t\t\t<div\n                                    class=\"bg\"\n                                    style=\"background-image: url(https:\/\/10b644692e76ab15cf59-eaadbe2afc1f47d8740ca8f676f7fe70.ssl.cf3.rackcdn.com\/2000010792_900v--jqVcmsP.png);\"\n                            ><\/div>\n\t\t\t\t\t\t<\/div>\n\t\t\t\t\t\t<div class=\"c\">\n\t\t\t\t\t\t\t<div class=\"title\">Norie Negroamaro del Salento 2022<\/div>\n\t\t\t\t\t\t\t<div class=\"brand\">Vigneti Reale<\/div>\n\t\t\t\t\t\t\t\t\t\t\t\t\t\t\t<div class=\"details\">\n\t\t\t\t\t\t\t\t\t\t\t\t\t\t\t\t\t\t\t<div>Rotwein<\/div>\n\t\t\t\t\t\t\t\t\t\t\t\t\t\t\t\t\t\t\t<div>Negroamaro<\/div>\n\t\t\t\t\t\t\t\t\t\t\t\t\t\t\t\t\t<\/div>\n\t\t\t\t\t\t\t\t\t\t\t\t\t<\/div>\n\t\t\t\t\t<\/a>\n\t\t\t\t<\/div>\n\t\t\t\t\t\t\t<div class=\"slide\">\n\t\t\t\t\t\t\t\t\t\t\t<a class=\"product\" href=\"https:\/\/www.weinfreunde.de\/p\/carignan-g-vieilles-vignes-union-des-vignerons\/?ecid=int_magazin_nn_nn_nn_nn_nn_nn\" target=\"_blank\">\n\t\t\t\t\t\t\t\t\t\t\t<div class=\"image\">\n\t\t\t\t\t\t\t<div\n                                    class=\"bg\"\n                                    style=\"background-image: url(https:\/\/10b644692e76ab15cf59-eaadbe2afc1f47d8740ca8f676f7fe70.ssl.cf3.rackcdn.com\/2000010797_900v-qfGlEo7d.png);\"\n                            ><\/div>\n\t\t\t\t\t\t<\/div>\n\t\t\t\t\t\t<div class=\"c\">\n\t\t\t\t\t\t\t<div class=\"title\">Carignan G Vieilles Vignes 2024<\/div>\n\t\t\t\t\t\t\t<div class=\"brand\">Union des Vignerons<\/div>\n\t\t\t\t\t\t\t\t\t\t\t\t\t\t\t<div class=\"details\">\n\t\t\t\t\t\t\t\t\t\t\t\t\t\t\t\t\t\t\t<div>Rotwein<\/div>\n\t\t\t\t\t\t\t\t\t\t\t\t\t\t\t\t\t\t\t<div>Carignan<\/div>\n\t\t\t\t\t\t\t\t\t\t\t\t\t\t\t\t\t<\/div>\n\t\t\t\t\t\t\t\t\t\t\t\t\t<\/div>\n\t\t\t\t\t<\/a>\n\t\t\t\t<\/div>\n\t\t\t\t\t\t\t<div class=\"slide\">\n\t\t\t\t\t\t\t\t\t\t\t<a class=\"product\" href=\"https:\/\/www.weinfreunde.de\/p\/villa-antinori-rosso-marchesi-piero-antinori\/?ecid=int_magazin_nn_nn_nn_nn_nn_nn\" target=\"_blank\">\n\t\t\t\t\t\t\t\t\t\t\t<div class=\"image\">\n\t\t\t\t\t\t\t<div\n                                    class=\"bg\"\n                                    style=\"background-image: url(https:\/\/10b644692e76ab15cf59-eaadbe2afc1f47d8740ca8f676f7fe70.ssl.cf3.rackcdn.com\/2000010835_900v-tCaj7Z6r.png);\"\n                            ><\/div>\n\t\t\t\t\t\t<\/div>\n\t\t\t\t\t\t<div class=\"c\">\n\t\t\t\t\t\t\t<div class=\"title\">Villa Antinori Rosso 2023<\/div>\n\t\t\t\t\t\t\t<div class=\"brand\">Marchesi Piero Antinori<\/div>\n\t\t\t\t\t\t\t\t\t\t\t\t\t\t\t<div class=\"details\">\n\t\t\t\t\t\t\t\t\t\t\t\t\t\t\t\t\t\t\t<div>Rotwein<\/div>\n\t\t\t\t\t\t\t\t\t\t\t\t\t\t\t\t\t\t\t<div>Sangiovese, Cabernet Sauvignon, Merlot, Syrah<\/div>\n\t\t\t\t\t\t\t\t\t\t\t\t\t\t\t\t\t<\/div>\n\t\t\t\t\t\t\t\t\t\t\t\t\t<\/div>\n\t\t\t\t\t<\/a>\n\t\t\t\t<\/div>\n\t\t\t\t\t\t\t<div class=\"slide\">\n\t\t\t\t\t\t\t\t\t\t\t<a class=\"product\" href=\"https:\/\/www.weinfreunde.de\/p\/signature-pinotage-spier\/?ecid=int_magazin_nn_nn_nn_nn_nn_nn\" target=\"_blank\">\n\t\t\t\t\t\t\t\t\t\t\t<div class=\"image\">\n\t\t\t\t\t\t\t<div\n                                    class=\"bg\"\n                                    style=\"background-image: url(https:\/\/images.cdn.europe-west1.gcp.commercetools.com\/c465d296-b9b4-4e2d-afd0-6980caa08886\/2000010850_900v-90pg6BW4.png);\"\n                            ><\/div>\n\t\t\t\t\t\t<\/div>\n\t\t\t\t\t\t<div class=\"c\">\n\t\t\t\t\t\t\t<div class=\"title\">Signature Pinotage 2023<\/div>\n\t\t\t\t\t\t\t<div class=\"brand\">Spier<\/div>\n\t\t\t\t\t\t\t\t\t\t\t\t\t\t\t<div class=\"details\">\n\t\t\t\t\t\t\t\t\t\t\t\t\t\t\t\t\t\t\t<div>Rotwein<\/div>\n\t\t\t\t\t\t\t\t\t\t\t\t\t\t\t\t\t\t\t<div>Pinotage<\/div>\n\t\t\t\t\t\t\t\t\t\t\t\t\t\t\t\t\t\t\t<div>Western Cape<\/div>\n\t\t\t\t\t\t\t\t\t\t\t\t\t\t\t\t\t<\/div>\n\t\t\t\t\t\t\t\t\t\t\t\t\t<\/div>\n\t\t\t\t\t<\/a>\n\t\t\t\t<\/div>\n\t\t\t\t\t\t\t<div class=\"slide\">\n\t\t\t\t\t\t\t\t\t\t\t<a class=\"product\" href=\"https:\/\/www.weinfreunde.de\/p\/costasera-amarone-classico-masi\/?ecid=int_magazin_nn_nn_nn_nn_nn_nn\" target=\"_blank\">\n\t\t\t\t\t\t\t\t\t\t\t<div class=\"image\">\n\t\t\t\t\t\t\t<div\n                                    class=\"bg\"\n                                    style=\"background-image: url(https:\/\/10b644692e76ab15cf59-eaadbe2afc1f47d8740ca8f676f7fe70.ssl.cf3.rackcdn.com\/2000010910_900v-sLd4l0hn.png);\"\n                            ><\/div>\n\t\t\t\t\t\t<\/div>\n\t\t\t\t\t\t<div class=\"c\">\n\t\t\t\t\t\t\t<div class=\"title\">Costasera Amarone Classico 2020<\/div>\n\t\t\t\t\t\t\t<div class=\"brand\">Masi<\/div>\n\t\t\t\t\t\t\t\t\t\t\t\t\t\t\t<div class=\"details\">\n\t\t\t\t\t\t\t\t\t\t\t\t\t\t\t\t\t\t\t<div>Rotwein<\/div>\n\t\t\t\t\t\t\t\t\t\t\t\t\t\t\t\t\t\t\t<div>Molinara, Rondinella, Corvina<\/div>\n\t\t\t\t\t\t\t\t\t\t\t\t\t\t\t\t\t<\/div>\n\t\t\t\t\t\t\t\t\t\t\t\t\t<\/div>\n\t\t\t\t\t<\/a>\n\t\t\t\t<\/div>\n\t\t\t\t\t<\/div>\n\t<\/div>\n<\/div>\n<script>_w(() => new WF.Magazin.ProductSlider('#_prodSlider69f14b839f32d'));<\/script>\n\n<h2>Mehr zum Thema Weinlagerung in unserem Weinfreunde Podcast &#8222;Bei Anruf Wein&#8220;<\/h2>\n<div><script id=\"letscast-player-67512757\" src=\"https:\/\/letscast.fm\/podcasts\/bei-anruf-wein-der-weinpodcast-0e704e2e\/episodes\/weinlagerung-wie-warum-und-wo\/player.js\"><\/script><\/div>\n","protected":false},"excerpt":{"rendered":"<p>Ob ein eigener Weinkeller eine lohnende Investition ist, entscheidet die Menge der Flaschen und vor allem die G\u00fcte der Weine, die zu lagern sind. Optimal ist ein dunkler Keller mit gleichbleibender Temperatur und Luftfeuchte. Eines Tages stellt sich diese Frage&#8230; <a class=\"moretag\" href=\"https:\/\/www.weinfreunde.de\/magazin\/frag-die-weinfreunde\/wann-lohnt-sich-ein-weinkeller\/\">weiterlesen<\/a><\/p>\n","protected":false},"author":9,"featured_media":9356,"comment_status":"closed","ping_status":"closed","sticky":false,"template":"","format":"standard","meta":{"footnotes":""},"categories":[47],"tags":[],"class_list":["post-7135","post","type-post","status-publish","format-standard","has-post-thumbnail","hentry","category-frag-die-weinfreunde"],"yoast_head":"<!-- This site is optimized with the Yoast SEO plugin v27.2 - https:\/\/yoast.com\/product\/yoast-seo-wordpress\/ -->\n<title>Wann lohnt sich ein Weinkeller? &#187; Weinfreunde Magazin<\/title>\n<meta name=\"description\" content=\"Ab wann lohnt sich ein privater Weinkeller, in den eigenen vier W\u00e4nden? Das ist eine Frage der Temperatur, Luftfeuchtigkeit und des Budgets.\" \/>\n<meta name=\"robots\" content=\"index, follow, max-snippet:-1, max-image-preview:large, max-video-preview:-1\" \/>\n<link rel=\"canonical\" href=\"https:\/\/www.weinfreunde.de\/magazin\/frag-die-weinfreunde\/wann-lohnt-sich-ein-weinkeller\/\" \/>\n<meta property=\"og:locale\" content=\"de_DE\" \/>\n<meta property=\"og:type\" content=\"article\" \/>\n<meta property=\"og:title\" content=\"Wann lohnt sich ein Weinkeller? &#187; Weinfreunde Magazin\" \/>\n<meta property=\"og:description\" content=\"Ab wann lohnt sich ein privater Weinkeller, in den eigenen vier W\u00e4nden? Das ist eine Frage der Temperatur, Luftfeuchtigkeit und des Budgets.\" \/>\n<meta property=\"og:url\" content=\"https:\/\/www.weinfreunde.de\/magazin\/frag-die-weinfreunde\/wann-lohnt-sich-ein-weinkeller\/\" \/>\n<meta property=\"og:site_name\" content=\"Weinfreunde Magazin\" \/>\n<meta property=\"article:publisher\" content=\"https:\/\/www.facebook.com\/weinfreunde.de\" \/>\n<meta property=\"article:published_time\" content=\"2023-10-17T12:36:21+00:00\" \/>\n<meta property=\"article:modified_time\" content=\"2026-04-07T08:16:20+00:00\" \/>\n<meta property=\"og:image\" content=\"https:\/\/www.weinfreunde.de\/magazin\/wp-content\/uploads\/2023\/10\/Magazin-Header_1280x650px_Weinkeller.png.webp\" \/>\n\t<meta property=\"og:image:width\" content=\"1280\" \/>\n\t<meta property=\"og:image:height\" content=\"650\" \/>\n\t<meta property=\"og:image:type\" content=\"image\/png\" \/>\n<meta name=\"author\" content=\"Weinfreunde\" \/>\n<meta name=\"twitter:card\" content=\"summary_large_image\" \/>\n<meta name=\"twitter:label1\" content=\"Written by\" \/>\n\t<meta name=\"twitter:data1\" content=\"Weinfreunde\" \/>\n\t<meta name=\"twitter:label2\" content=\"Est. reading time\" \/>\n\t<meta name=\"twitter:data2\" content=\"3\u00a0Minuten\" \/>\n<script type=\"application\/ld+json\" class=\"yoast-schema-graph\">{\"@context\":\"https:\/\/schema.org\",\"@graph\":[{\"@type\":\"Article\",\"@id\":\"https:\/\/www.weinfreunde.de\/magazin\/frag-die-weinfreunde\/wann-lohnt-sich-ein-weinkeller\/#article\",\"isPartOf\":{\"@id\":\"https:\/\/www.weinfreunde.de\/magazin\/frag-die-weinfreunde\/wann-lohnt-sich-ein-weinkeller\/\"},\"author\":{\"name\":\"Weinfreunde\",\"@id\":\"https:\/\/www.weinfreunde.de\/magazin\/#\/schema\/person\/93b87bb4b527d8b3565e13ffb48a716f\"},\"headline\":\"Wann lohnt sich ein Weinkeller?\",\"datePublished\":\"2023-10-17T12:36:21+00:00\",\"dateModified\":\"2026-04-07T08:16:20+00:00\",\"mainEntityOfPage\":{\"@id\":\"https:\/\/www.weinfreunde.de\/magazin\/frag-die-weinfreunde\/wann-lohnt-sich-ein-weinkeller\/\"},\"wordCount\":466,\"publisher\":{\"@id\":\"https:\/\/www.weinfreunde.de\/magazin\/#organization\"},\"image\":{\"@id\":\"https:\/\/www.weinfreunde.de\/magazin\/frag-die-weinfreunde\/wann-lohnt-sich-ein-weinkeller\/#primaryimage\"},\"thumbnailUrl\":\"https:\/\/www.weinfreunde.de\/magazin\/wp-content\/uploads\/2023\/10\/Magazin-Header_1280x650px_Weinkeller.png.webp\",\"articleSection\":[\"Frag Die Weinfreunde\"],\"inLanguage\":\"de\"},{\"@type\":\"WebPage\",\"@id\":\"https:\/\/www.weinfreunde.de\/magazin\/frag-die-weinfreunde\/wann-lohnt-sich-ein-weinkeller\/\",\"url\":\"https:\/\/www.weinfreunde.de\/magazin\/frag-die-weinfreunde\/wann-lohnt-sich-ein-weinkeller\/\",\"name\":\"Wann lohnt sich ein Weinkeller? &#187; Weinfreunde Magazin\",\"isPartOf\":{\"@id\":\"https:\/\/www.weinfreunde.de\/magazin\/#website\"},\"primaryImageOfPage\":{\"@id\":\"https:\/\/www.weinfreunde.de\/magazin\/frag-die-weinfreunde\/wann-lohnt-sich-ein-weinkeller\/#primaryimage\"},\"image\":{\"@id\":\"https:\/\/www.weinfreunde.de\/magazin\/frag-die-weinfreunde\/wann-lohnt-sich-ein-weinkeller\/#primaryimage\"},\"thumbnailUrl\":\"https:\/\/www.weinfreunde.de\/magazin\/wp-content\/uploads\/2023\/10\/Magazin-Header_1280x650px_Weinkeller.png.webp\",\"datePublished\":\"2023-10-17T12:36:21+00:00\",\"dateModified\":\"2026-04-07T08:16:20+00:00\",\"description\":\"Ab wann lohnt sich ein privater Weinkeller, in den eigenen vier W\u00e4nden? Das ist eine Frage der Temperatur, Luftfeuchtigkeit und des Budgets.\",\"breadcrumb\":{\"@id\":\"https:\/\/www.weinfreunde.de\/magazin\/frag-die-weinfreunde\/wann-lohnt-sich-ein-weinkeller\/#breadcrumb\"},\"inLanguage\":\"de\",\"potentialAction\":[{\"@type\":\"ReadAction\",\"target\":[\"https:\/\/www.weinfreunde.de\/magazin\/frag-die-weinfreunde\/wann-lohnt-sich-ein-weinkeller\/\"]}]},{\"@type\":\"ImageObject\",\"inLanguage\":\"de\",\"@id\":\"https:\/\/www.weinfreunde.de\/magazin\/frag-die-weinfreunde\/wann-lohnt-sich-ein-weinkeller\/#primaryimage\",\"url\":\"https:\/\/www.weinfreunde.de\/magazin\/wp-content\/uploads\/2023\/10\/Magazin-Header_1280x650px_Weinkeller.png.webp\",\"contentUrl\":\"https:\/\/www.weinfreunde.de\/magazin\/wp-content\/uploads\/2023\/10\/Magazin-Header_1280x650px_Weinkeller.png.webp\",\"width\":1280,\"height\":650,\"caption\":\"Weinkeller\"},{\"@type\":\"BreadcrumbList\",\"@id\":\"https:\/\/www.weinfreunde.de\/magazin\/frag-die-weinfreunde\/wann-lohnt-sich-ein-weinkeller\/#breadcrumb\",\"itemListElement\":[{\"@type\":\"ListItem\",\"position\":1,\"name\":\"Magazin\",\"item\":\"https:\/\/www.weinfreunde.de\/magazin\/\"},{\"@type\":\"ListItem\",\"position\":2,\"name\":\"Frag Die Weinfreunde\",\"item\":\"https:\/\/www.weinfreunde.de\/magazin\/frag-die-weinfreunde\/\"},{\"@type\":\"ListItem\",\"position\":3,\"name\":\"Wann lohnt sich ein Weinkeller?\"}]},{\"@type\":\"WebSite\",\"@id\":\"https:\/\/www.weinfreunde.de\/magazin\/#website\",\"url\":\"https:\/\/www.weinfreunde.de\/magazin\/\",\"name\":\"Weinfreunde Magazin\",\"description\":\"Dein Weinfreunde Magazin\",\"publisher\":{\"@id\":\"https:\/\/www.weinfreunde.de\/magazin\/#organization\"},\"potentialAction\":[{\"@type\":\"SearchAction\",\"target\":{\"@type\":\"EntryPoint\",\"urlTemplate\":\"https:\/\/www.weinfreunde.de\/magazin\/?s={search_term_string}\"},\"query-input\":{\"@type\":\"PropertyValueSpecification\",\"valueRequired\":true,\"valueName\":\"search_term_string\"}}],\"inLanguage\":\"de\"},{\"@type\":\"Organization\",\"@id\":\"https:\/\/www.weinfreunde.de\/magazin\/#organization\",\"name\":\"REWE Wein online GmbH | Weinfreunde\",\"url\":\"https:\/\/www.weinfreunde.de\/magazin\/\",\"logo\":{\"@type\":\"ImageObject\",\"inLanguage\":\"de\",\"@id\":\"https:\/\/www.weinfreunde.de\/magazin\/#\/schema\/logo\/image\/\",\"url\":\"https:\/\/www.weinfreunde.de\/magazin\/wp-content\/uploads\/2019\/08\/WF_Logo_Vertikal_Claim_Schwarz-scaled.jpg.webp\",\"contentUrl\":\"https:\/\/www.weinfreunde.de\/magazin\/wp-content\/uploads\/2019\/08\/WF_Logo_Vertikal_Claim_Schwarz-scaled.jpg.webp\",\"width\":2048,\"height\":1241,\"caption\":\"REWE Wein online GmbH | Weinfreunde\"},\"image\":{\"@id\":\"https:\/\/www.weinfreunde.de\/magazin\/#\/schema\/logo\/image\/\"},\"sameAs\":[\"https:\/\/www.facebook.com\/weinfreunde.de\"]},{\"@type\":\"Person\",\"@id\":\"https:\/\/www.weinfreunde.de\/magazin\/#\/schema\/person\/93b87bb4b527d8b3565e13ffb48a716f\",\"name\":\"Weinfreunde\",\"image\":{\"@type\":\"ImageObject\",\"inLanguage\":\"de\",\"@id\":\"https:\/\/secure.gravatar.com\/avatar\/f1b5b85b944209ac3ac3c901beb9253274dde1ad6680bf2a11de75a278852265?s=96&d=mm&r=g\",\"url\":\"https:\/\/secure.gravatar.com\/avatar\/f1b5b85b944209ac3ac3c901beb9253274dde1ad6680bf2a11de75a278852265?s=96&d=mm&r=g\",\"contentUrl\":\"https:\/\/secure.gravatar.com\/avatar\/f1b5b85b944209ac3ac3c901beb9253274dde1ad6680bf2a11de75a278852265?s=96&d=mm&r=g\",\"caption\":\"Weinfreunde\"},\"description\":\"Wir stehen f\u00fcr guten Wein f\u00fcr gute Freunde. Mit \u00fcber 800 ausgew\u00e4hlten und besonderen Weinen, tollen Winzerfreundschaften und spannenden Neuentdeckungen bringen wir unsere Leidenschaft an unsere Kunden.\",\"url\":\"https:\/\/www.weinfreunde.de\/magazin\/author\/weinfreunde\/\"}]}<\/script>\n<!-- \/ Yoast SEO plugin. -->","yoast_head_json":{"title":"Wann lohnt sich ein Weinkeller? &#187; Weinfreunde Magazin","description":"Ab wann lohnt sich ein privater Weinkeller, in den eigenen vier W\u00e4nden? Das ist eine Frage der Temperatur, Luftfeuchtigkeit und des Budgets.","robots":{"index":"index","follow":"follow","max-snippet":"max-snippet:-1","max-image-preview":"max-image-preview:large","max-video-preview":"max-video-preview:-1"},"canonical":"https:\/\/www.weinfreunde.de\/magazin\/frag-die-weinfreunde\/wann-lohnt-sich-ein-weinkeller\/","og_locale":"de_DE","og_type":"article","og_title":"Wann lohnt sich ein Weinkeller? &#187; Weinfreunde Magazin","og_description":"Ab wann lohnt sich ein privater Weinkeller, in den eigenen vier W\u00e4nden? Das ist eine Frage der Temperatur, Luftfeuchtigkeit und des Budgets.","og_url":"https:\/\/www.weinfreunde.de\/magazin\/frag-die-weinfreunde\/wann-lohnt-sich-ein-weinkeller\/","og_site_name":"Weinfreunde Magazin","article_publisher":"https:\/\/www.facebook.com\/weinfreunde.de","article_published_time":"2023-10-17T12:36:21+00:00","article_modified_time":"2026-04-07T08:16:20+00:00","og_image":[{"width":1280,"height":650,"url":"https:\/\/www.weinfreunde.de\/magazin\/wp-content\/uploads\/2023\/10\/Magazin-Header_1280x650px_Weinkeller.png.webp","type":"image\/png"}],"author":"Weinfreunde","twitter_card":"summary_large_image","twitter_misc":{"Written by":"Weinfreunde","Est. reading time":"3\u00a0Minuten"},"schema":{"@context":"https:\/\/schema.org","@graph":[{"@type":"Article","@id":"https:\/\/www.weinfreunde.de\/magazin\/frag-die-weinfreunde\/wann-lohnt-sich-ein-weinkeller\/#article","isPartOf":{"@id":"https:\/\/www.weinfreunde.de\/magazin\/frag-die-weinfreunde\/wann-lohnt-sich-ein-weinkeller\/"},"author":{"name":"Weinfreunde","@id":"https:\/\/www.weinfreunde.de\/magazin\/#\/schema\/person\/93b87bb4b527d8b3565e13ffb48a716f"},"headline":"Wann lohnt sich ein Weinkeller?","datePublished":"2023-10-17T12:36:21+00:00","dateModified":"2026-04-07T08:16:20+00:00","mainEntityOfPage":{"@id":"https:\/\/www.weinfreunde.de\/magazin\/frag-die-weinfreunde\/wann-lohnt-sich-ein-weinkeller\/"},"wordCount":466,"publisher":{"@id":"https:\/\/www.weinfreunde.de\/magazin\/#organization"},"image":{"@id":"https:\/\/www.weinfreunde.de\/magazin\/frag-die-weinfreunde\/wann-lohnt-sich-ein-weinkeller\/#primaryimage"},"thumbnailUrl":"https:\/\/www.weinfreunde.de\/magazin\/wp-content\/uploads\/2023\/10\/Magazin-Header_1280x650px_Weinkeller.png.webp","articleSection":["Frag Die Weinfreunde"],"inLanguage":"de"},{"@type":"WebPage","@id":"https:\/\/www.weinfreunde.de\/magazin\/frag-die-weinfreunde\/wann-lohnt-sich-ein-weinkeller\/","url":"https:\/\/www.weinfreunde.de\/magazin\/frag-die-weinfreunde\/wann-lohnt-sich-ein-weinkeller\/","name":"Wann lohnt sich ein Weinkeller? &#187; Weinfreunde Magazin","isPartOf":{"@id":"https:\/\/www.weinfreunde.de\/magazin\/#website"},"primaryImageOfPage":{"@id":"https:\/\/www.weinfreunde.de\/magazin\/frag-die-weinfreunde\/wann-lohnt-sich-ein-weinkeller\/#primaryimage"},"image":{"@id":"https:\/\/www.weinfreunde.de\/magazin\/frag-die-weinfreunde\/wann-lohnt-sich-ein-weinkeller\/#primaryimage"},"thumbnailUrl":"https:\/\/www.weinfreunde.de\/magazin\/wp-content\/uploads\/2023\/10\/Magazin-Header_1280x650px_Weinkeller.png.webp","datePublished":"2023-10-17T12:36:21+00:00","dateModified":"2026-04-07T08:16:20+00:00","description":"Ab wann lohnt sich ein privater Weinkeller, in den eigenen vier W\u00e4nden? Das ist eine Frage der Temperatur, Luftfeuchtigkeit und des Budgets.","breadcrumb":{"@id":"https:\/\/www.weinfreunde.de\/magazin\/frag-die-weinfreunde\/wann-lohnt-sich-ein-weinkeller\/#breadcrumb"},"inLanguage":"de","potentialAction":[{"@type":"ReadAction","target":["https:\/\/www.weinfreunde.de\/magazin\/frag-die-weinfreunde\/wann-lohnt-sich-ein-weinkeller\/"]}]},{"@type":"ImageObject","inLanguage":"de","@id":"https:\/\/www.weinfreunde.de\/magazin\/frag-die-weinfreunde\/wann-lohnt-sich-ein-weinkeller\/#primaryimage","url":"https:\/\/www.weinfreunde.de\/magazin\/wp-content\/uploads\/2023\/10\/Magazin-Header_1280x650px_Weinkeller.png.webp","contentUrl":"https:\/\/www.weinfreunde.de\/magazin\/wp-content\/uploads\/2023\/10\/Magazin-Header_1280x650px_Weinkeller.png.webp","width":1280,"height":650,"caption":"Weinkeller"},{"@type":"BreadcrumbList","@id":"https:\/\/www.weinfreunde.de\/magazin\/frag-die-weinfreunde\/wann-lohnt-sich-ein-weinkeller\/#breadcrumb","itemListElement":[{"@type":"ListItem","position":1,"name":"Magazin","item":"https:\/\/www.weinfreunde.de\/magazin\/"},{"@type":"ListItem","position":2,"name":"Frag Die Weinfreunde","item":"https:\/\/www.weinfreunde.de\/magazin\/frag-die-weinfreunde\/"},{"@type":"ListItem","position":3,"name":"Wann lohnt sich ein Weinkeller?"}]},{"@type":"WebSite","@id":"https:\/\/www.weinfreunde.de\/magazin\/#website","url":"https:\/\/www.weinfreunde.de\/magazin\/","name":"Weinfreunde Magazin","description":"Dein Weinfreunde Magazin","publisher":{"@id":"https:\/\/www.weinfreunde.de\/magazin\/#organization"},"potentialAction":[{"@type":"SearchAction","target":{"@type":"EntryPoint","urlTemplate":"https:\/\/www.weinfreunde.de\/magazin\/?s={search_term_string}"},"query-input":{"@type":"PropertyValueSpecification","valueRequired":true,"valueName":"search_term_string"}}],"inLanguage":"de"},{"@type":"Organization","@id":"https:\/\/www.weinfreunde.de\/magazin\/#organization","name":"REWE Wein online GmbH | Weinfreunde","url":"https:\/\/www.weinfreunde.de\/magazin\/","logo":{"@type":"ImageObject","inLanguage":"de","@id":"https:\/\/www.weinfreunde.de\/magazin\/#\/schema\/logo\/image\/","url":"https:\/\/www.weinfreunde.de\/magazin\/wp-content\/uploads\/2019\/08\/WF_Logo_Vertikal_Claim_Schwarz-scaled.jpg.webp","contentUrl":"https:\/\/www.weinfreunde.de\/magazin\/wp-content\/uploads\/2019\/08\/WF_Logo_Vertikal_Claim_Schwarz-scaled.jpg.webp","width":2048,"height":1241,"caption":"REWE Wein online GmbH | Weinfreunde"},"image":{"@id":"https:\/\/www.weinfreunde.de\/magazin\/#\/schema\/logo\/image\/"},"sameAs":["https:\/\/www.facebook.com\/weinfreunde.de"]},{"@type":"Person","@id":"https:\/\/www.weinfreunde.de\/magazin\/#\/schema\/person\/93b87bb4b527d8b3565e13ffb48a716f","name":"Weinfreunde","image":{"@type":"ImageObject","inLanguage":"de","@id":"https:\/\/secure.gravatar.com\/avatar\/f1b5b85b944209ac3ac3c901beb9253274dde1ad6680bf2a11de75a278852265?s=96&d=mm&r=g","url":"https:\/\/secure.gravatar.com\/avatar\/f1b5b85b944209ac3ac3c901beb9253274dde1ad6680bf2a11de75a278852265?s=96&d=mm&r=g","contentUrl":"https:\/\/secure.gravatar.com\/avatar\/f1b5b85b944209ac3ac3c901beb9253274dde1ad6680bf2a11de75a278852265?s=96&d=mm&r=g","caption":"Weinfreunde"},"description":"Wir stehen f\u00fcr guten Wein f\u00fcr gute Freunde. Mit \u00fcber 800 ausgew\u00e4hlten und besonderen Weinen, tollen Winzerfreundschaften und spannenden Neuentdeckungen bringen wir unsere Leidenschaft an unsere Kunden.","url":"https:\/\/www.weinfreunde.de\/magazin\/author\/weinfreunde\/"}]}},"_links":{"self":[{"href":"https:\/\/www.weinfreunde.de\/magazin\/wp-json\/wp\/v2\/posts\/7135","targetHints":{"allow":["GET"]}}],"collection":[{"href":"https:\/\/www.weinfreunde.de\/magazin\/wp-json\/wp\/v2\/posts"}],"about":[{"href":"https:\/\/www.weinfreunde.de\/magazin\/wp-json\/wp\/v2\/types\/post"}],"author":[{"embeddable":true,"href":"https:\/\/www.weinfreunde.de\/magazin\/wp-json\/wp\/v2\/users\/9"}],"replies":[{"embeddable":true,"href":"https:\/\/www.weinfreunde.de\/magazin\/wp-json\/wp\/v2\/comments?post=7135"}],"version-history":[{"count":5,"href":"https:\/\/www.weinfreunde.de\/magazin\/wp-json\/wp\/v2\/posts\/7135\/revisions"}],"predecessor-version":[{"id":13950,"href":"https:\/\/www.weinfreunde.de\/magazin\/wp-json\/wp\/v2\/posts\/7135\/revisions\/13950"}],"wp:featuredmedia":[{"embeddable":true,"href":"https:\/\/www.weinfreunde.de\/magazin\/wp-json\/wp\/v2\/media\/9356"}],"wp:attachment":[{"href":"https:\/\/www.weinfreunde.de\/magazin\/wp-json\/wp\/v2\/media?parent=7135"}],"wp:term":[{"taxonomy":"category","embeddable":true,"href":"https:\/\/www.weinfreunde.de\/magazin\/wp-json\/wp\/v2\/categories?post=7135"},{"taxonomy":"post_tag","embeddable":true,"href":"https:\/\/www.weinfreunde.de\/magazin\/wp-json\/wp\/v2\/tags?post=7135"}],"curies":[{"name":"wp","href":"https:\/\/api.w.org\/{rel}","templated":true}]}}