{"id":6862,"date":"2023-06-16T10:13:20","date_gmt":"2023-06-16T08:13:20","guid":{"rendered":"https:\/\/www.weinfreunde.de\/magazin\/?post_type=cp_weinwissen&#038;p=6862"},"modified":"2024-10-24T11:16:51","modified_gmt":"2024-10-24T09:16:51","slug":"spritz-getraenke-fuer-den-sommer","status":"publish","type":"post","link":"https:\/\/www.weinfreunde.de\/magazin\/weinwissen\/spritz-getraenke-fuer-den-sommer\/","title":{"rendered":"Spritz-Getr\u00e4nke f\u00fcr den Sommer"},"content":{"rendered":"<div id=\"pl-6862\" class=\"panel-layout\">\n<div id=\"pg-6862-0\" class=\"panel-grid panel-no-style\">\n<div id=\"pgc-6862-0-0\" class=\"panel-grid-cell\" data-weight=\"1\">\n<div id=\"panel-6862-0-0-0\" class=\"so-panel widget widget_sow-editor panel-first-child\" data-index=\"0\">\n<div class=\"so-widget-sow-editor so-widget-sow-editor-base\">\n<div class=\"siteorigin-widget-tinymce textwidget\">\n<p><strong>Sommerzeit ist Spritz-Zeit. Dieser Meinung ist zumindest Theresa und kl\u00e4rt uns \u00fcber die Geschichte der Spritz-Getr\u00e4nke und seine ungeheure Vielf\u00e4ltigkeit auf.<\/strong><\/p>\n<p>Wir kennen die Badesaison und die <a href=\"\/magazin\/weinwissen\/spargelwein-welcher-wein-zu-spargel-passt\/\">Spargelsaison<\/a>, aber offensichtlich gibt es auch eine Saison f\u00fcr Spritz-Getr\u00e4nke. Denn sobald das Thermometer steigt und die Extra-Portion Frische im Drink sich zu einem gen\u00fcsslichen Grundbed\u00fcrfnis ausw\u00e4chst, ist Zeit f\u00fcr das sommerliche Mischgetr\u00e4nk. Ausgel\u00f6st hat diesen Trend der Aperol Spritz. Vor rund 20 Jahren tauchte er erstmals in den Gl\u00e4sern der Nation auf und lie\u00df alsbald eine ganz Schar von Variationen und Nachahmern folgen. Heute sind die Gl\u00e4ser mit dem leuchtend orangefarbenen Getr\u00e4nk von den Terrassen der Caf\u00e9s und Bars, aber auch beim privaten Party-Vergn\u00fcgen nicht mehr wegzudenken.<\/p>\n<h2>Spritz-Getr\u00e4nke: Wer hat es erfunden?<\/h2>\n<p>Das Rezept f\u00fcr den Aperol Spritz stammt aus den 1950er-Jahren, doch war der Drink sehr lange Zeit nur in <a href=\"\/magazin\/weinwissen\/weinland-italien\/\">Italien<\/a> ein fester Begriff. So weit, so gut, aber was hat das so gar nicht nach Italien klingende Spritz im Namen des Mischgetr\u00e4nks zu suchen? Da kommen die <a href=\"\/magazin\/weinwissen\/weinland-oesterreich-teil-1\/\">\u00d6sterreicher<\/a>, genauer gesagt die Habsburger k. &amp; k. Monarchie ins Spiel. Sie herrschte n\u00e4mlich bis weit ins 19. Jahrhundert hinein auch \u00fcber Gebiete in Oberitalien und so wanderte der Gespritzte mit \u00fcber die Alpen gen S\u00fcden nach <a href=\"\/magazin\/weinwissen\/friaul-julisch-venetien-exzellenter-weissweine-aus-italiens-nordosten\/\">Venetien und Friaul<\/a>. Allerdings ist mit Gespritzter in \u00d6sterreich eher ein Mischgetr\u00e4nk aus Wein und Wasser, also eine <a href=\"\/magazin\/weinwissen\/leichter-frischer-weinschorle-warum-der-wein-auch-mal-ins-wasser-muss\/\">Weinschorle<\/a>, gemeint. Passt aber, denn auch die Weinschorle ist vor allem im Sommer beliebt und steht f\u00fcr Frische und Leichtigkeit.<\/p>\n<div id=\"attachment_6864\" style=\"width: 1510px\" class=\"wp-caption alignnone\"><img loading=\"lazy\" decoding=\"async\" aria-describedby=\"caption-attachment-6864\" class=\"wp-image-6864 size-full\" src=\"https:\/\/www.weinfreunde.de\/magazin\/wp-content\/uploads\/2023\/06\/magazin_1-1-image-gross2_weinschorle_1500x800px.png\" alt=\"Weinschorle\" width=\"1500\" height=\"800\" srcset=\"https:\/\/www.weinfreunde.de\/magazin\/wp-content\/uploads\/2023\/06\/magazin_1-1-image-gross2_weinschorle_1500x800px.png 1500w, https:\/\/www.weinfreunde.de\/magazin\/wp-content\/uploads\/2023\/06\/magazin_1-1-image-gross2_weinschorle_1500x800px-300x160.png 300w, https:\/\/www.weinfreunde.de\/magazin\/wp-content\/uploads\/2023\/06\/magazin_1-1-image-gross2_weinschorle_1500x800px-1024x546.png 1024w, https:\/\/www.weinfreunde.de\/magazin\/wp-content\/uploads\/2023\/06\/magazin_1-1-image-gross2_weinschorle_1500x800px-768x410.png 768w, https:\/\/www.weinfreunde.de\/magazin\/wp-content\/uploads\/2023\/06\/magazin_1-1-image-gross2_weinschorle_1500x800px-749x399.png 749w, https:\/\/www.weinfreunde.de\/magazin\/wp-content\/uploads\/2023\/06\/magazin_1-1-image-gross2_weinschorle_1500x800px-150x80.png 150w, https:\/\/www.weinfreunde.de\/magazin\/wp-content\/uploads\/2023\/06\/magazin_1-1-image-gross2_weinschorle_1500x800px-390x208.png 390w, https:\/\/www.weinfreunde.de\/magazin\/wp-content\/uploads\/2023\/06\/magazin_1-1-image-gross2_weinschorle_1500x800px-750x400.png 750w, https:\/\/www.weinfreunde.de\/magazin\/wp-content\/uploads\/2023\/06\/magazin_1-1-image-gross2_weinschorle_1500x800px-1140x608.png 1140w\" sizes=\"auto, (max-width: 1500px) 100vw, 1500px\" \/><p id=\"caption-attachment-6864\" class=\"wp-caption-text\">Der Spritz kam \u00fcber \u00d6sterreich nach Italien &#8211; und zwar in Form einer Weinschorle<\/p><\/div>\n<p>Allerdings f\u00e4llt der Aperol Spritz in Sachen Alkoholgehalt deutlich schwerer aus. Leichtigkeit und Frische kreiert der Drink mit anderen Mitteln. Da ist der Aperol als Bitterspirituose, die mit Aromen von Rhabarber, Chinarinde, Gelben Enzian, Bitterorange sowie verschiedenen Kr\u00e4utern aufwartet. Die Bitterstoffe unterstreichen geschmacklich den Frischeindruck, der von der zweiten Grundzutat, dem <a href=\"\/magazin\/weinwissen\/prosecco-italienischer-schaumwein\/\">Prosecco<\/a>. Das alles gut gek\u00fchlt und auf Eisw\u00fcrfel gegeben \u2013 ja, da kommt Frische auf.<\/p>\n<h2>Aperol Spritz: das Rezept<\/h2>\n<p>Zum Zubereiten des Kult-Getr\u00e4nks ben\u00f6tigen wir neben Aperol und einen \u2013 bitte trockenen \u2013 Prosecco noch Eisw\u00fcrfel sowie eine Orangenscheibe und gern etwas Minze f\u00fcr die Deko. Serviert wird der Aperol Spritz in einem gro\u00dfen <a href=\"\/magazin\/weinwissen\/das-richtige-weinglas-macht-den-unterschied-haben-sie-den-durchblick\/\">Weinglas<\/a>.<\/p>\n<p>Zun\u00e4chst die Eisw\u00fcrfel und die Orangenscheibe in das Glas geben. Anschlie\u00dfend den Aperol und den Prosecco dazugeben, mehr braucht es nicht. Als perfektes Verh\u00e4ltnis gelten 4 Teile Aperol auf 6 Teile Prosecco. Wer es leichter mag, kann den Aperol-Anteil etwas reduzieren und durch Soda ersetzen.<\/p>\n<h2>Spritz-Varianten: fast keine Grenzen<\/h2>\n<p>Das Rezept l\u00e4sst sich schnell und einfach abwandeln. Nat\u00fcrlich k\u00f6nnen es auch <a href=\"\/magazin\/weinwissen\/schaumweine-champagner-sekt-cremant-cava-co\/\">Sekt, Cr\u00e9mant oder Cava<\/a> sein, die f\u00fcr den prickelnden Part im Spritz sorgen. Empfohlen sind auch bei diesen Schaumweinen die trockenen Qualit\u00e4ten. Ebenso gibt es die Variante mit Mineralwasser, um den Alkoholgehalt des Drinks zu reduzieren. Daf\u00fcr eignen sich aber auch <a href=\"\/magazin\/weinwissen\/alkoholfreie-weine-bereit-fuer-neuentdeckungen\/\">alkoholfreie Prickler<\/a>.<\/p>\n<p>Bei der zweiten Zutat, dem Aperol, sind den Alternativen kaum Grenzen gesetzt. So bieten sich Zitronen- und Orangenlik\u00f6re an, aber auch alkoholfreier Fruchtsirup ist f\u00fcr den Spritz der anderen Art bestens geeignet. Prominentes Beispiel ist der Hugo, der aus Holunderbl\u00fctensirup, Prosecco, Limetten und etwas Minze zubereitet wird. Ganz anders variiert der Wild Berry Spritz das Rezept, indem zu einem kleinen Teil Prosecco viel Wild Berry (Limonade) und frische Beeren gibt. Wer es mal ausprobieren will, so geht es.<\/p>\n<h2>Wild Berry Spritz: das Rezept<\/h2>\n<div id=\"attachment_6863\" style=\"width: 1510px\" class=\"wp-caption alignnone\"><img loading=\"lazy\" decoding=\"async\" aria-describedby=\"caption-attachment-6863\" class=\"wp-image-6863 size-full\" src=\"https:\/\/www.weinfreunde.de\/magazin\/wp-content\/uploads\/2023\/06\/magazin_1-1-image-gross1_wildberry-spritz_1500x800px.png\" alt=\"Wildberry Spritz\" width=\"1500\" height=\"800\" srcset=\"https:\/\/www.weinfreunde.de\/magazin\/wp-content\/uploads\/2023\/06\/magazin_1-1-image-gross1_wildberry-spritz_1500x800px.png 1500w, https:\/\/www.weinfreunde.de\/magazin\/wp-content\/uploads\/2023\/06\/magazin_1-1-image-gross1_wildberry-spritz_1500x800px-300x160.png 300w, https:\/\/www.weinfreunde.de\/magazin\/wp-content\/uploads\/2023\/06\/magazin_1-1-image-gross1_wildberry-spritz_1500x800px-1024x546.png 1024w, https:\/\/www.weinfreunde.de\/magazin\/wp-content\/uploads\/2023\/06\/magazin_1-1-image-gross1_wildberry-spritz_1500x800px-768x410.png 768w, https:\/\/www.weinfreunde.de\/magazin\/wp-content\/uploads\/2023\/06\/magazin_1-1-image-gross1_wildberry-spritz_1500x800px-749x399.png 749w, https:\/\/www.weinfreunde.de\/magazin\/wp-content\/uploads\/2023\/06\/magazin_1-1-image-gross1_wildberry-spritz_1500x800px-150x80.png 150w, https:\/\/www.weinfreunde.de\/magazin\/wp-content\/uploads\/2023\/06\/magazin_1-1-image-gross1_wildberry-spritz_1500x800px-390x208.png 390w, https:\/\/www.weinfreunde.de\/magazin\/wp-content\/uploads\/2023\/06\/magazin_1-1-image-gross1_wildberry-spritz_1500x800px-750x400.png 750w, https:\/\/www.weinfreunde.de\/magazin\/wp-content\/uploads\/2023\/06\/magazin_1-1-image-gross1_wildberry-spritz_1500x800px-1140x608.png 1140w\" sizes=\"auto, (max-width: 1500px) 100vw, 1500px\" \/><p id=\"caption-attachment-6863\" class=\"wp-caption-text\">Unsere Weinfreunde Empfehlung als Erfrischung f\u00fcr den Sommer: Der Wild Berry Spritz<\/p><\/div>\n<p>Daf\u00fcr ben\u00f6tigen wir frische Beeren wie Himbeeren oder auch Erdbeeren, Wild Berry Limonade, Prosecco und selbstverst\u00e4ndlich Eis. F\u00fcr die Zubereitungen und das Servieren greifen wir wieder auf ein gro\u00dfes Weinglas zur\u00fcck.<\/p>\n<p>Die Eisw\u00fcrfel und die Beeren in das Glas geben, anschlie\u00dfend mit Prosecco und Wild Berry auff\u00fcllen. Empfehlenswert ist das Verh\u00e4ltnis von 1 Teil Prosecco auf 2 Teile Wild Berry, aber auch an dieser Schraube l\u00e4sst sich ganz nach Geschmack drehen.<\/p>\n<\/div>\n<\/div>\n<\/div>\n<div id=\"panel-6862-0-0-1\" class=\"so-panel widget widget_rdss-wf-teaser\" data-index=\"1\"><div\n\t\t\t\n\t\t\tclass=\"so-widget-rdss-wf-teaser so-widget-rdss-wf-teaser-default-d75171398898\"\n\t\t\t\n\t\t><div class=\"shop-teaser\">\n    <a href=\"\/cocktail-rezepte\">\n    <div class=\"image\" style=\"background-image: url('https:\/\/www.weinfreunde.de\/magazin\/wp-content\/uploads\/2023\/06\/Magazin-Header_1280x650px_Spritz-Getraenke-360x330.png.webp')\"><\/div>\n    <\/a>\n    <div class=\"title\">\n        <small>Onlineshop<\/small>\n        <strong>Cocktail Empfehlung bei Weinfreunde<\/strong>\n                    <a href=\"\/cocktail-rezepte\" class=\"btn\">Zum Shop<\/a>\n            <\/div>\n<\/div>\n<\/div><\/div>\n<div id=\"panel-6862-0-0-2\" class=\"so-panel widget widget_sow-editor panel-last-child\" data-index=\"2\">\n<div class=\"so-widget-sow-editor so-widget-sow-editor-base\">\n<div class=\"siteorigin-widget-tinymce textwidget\">\n<h2>Aperitif &amp; mehr: Spritz-Getr\u00e4nke<\/h2>\n<p>Traditionell z\u00e4hlt der Aperol Spritz zu den <a href=\"\/magazin\/weinwissen\/aperitif-viel-mehr-als-nur-ein-getraenk\/\">Aperitifs<\/a>. Mit seiner feinen Bitterkeit und dem sch\u00f6nen Prickeln l\u00e4sst er im Magen Vorfreude auf das Essen aufkommen. Allerdings haben die Spritz-Getr\u00e4nke l\u00e4ngst die Grenzen der Kategorie hinter sich gelassen und erf\u00fcllen im Sommer auch weit vor dem Essen oder danach ihre gen\u00fcssliche Rolle. Hie\u00df es nicht \u201eEin Leben ohne Spritz ist vorstellbar, aber sinnlos\u201c? Zumindest so \u00e4hnlich.<\/p>\n<h2>Mehr zum Thema im Weinfreunde-Podcast<\/h2>\n<div><script id=\"letscast-player-8e244ccb\" src=\"https:\/\/letscast.fm\/podcasts\/bei-anruf-wein-der-weinpodcast-0e704e2e\/episodes\/cocktail-spritz-co-der-mix-macht-s\/player.js\"><\/script><\/div>\n<div><div class=\"product-slider\" id=\"_prodSlider69f701c5ba133\">\n\t\t\t<h2>Prickelnde Weine bei Weinfreunde<\/h2>\n\t\t\n\t<div class=\"slide-area\">\n\t\t<div class=\"slides\">\n\t\t\t\t\t\t\t<div class=\"slide\">\n\t\t\t\t\t\t\t\t\t\t\t<a class=\"product\" href=\"https:\/\/www.weinfreunde.de\/p\/cremant-d-alsace-brut-wolfberger\/?ecid=int_magazin_nn_nn_nn_nn_nn_nn\" target=\"_blank\">\n\t\t\t\t\t\t\t\t\t\t\t<div class=\"image\">\n\t\t\t\t\t\t\t<div\n                                    class=\"bg\"\n                                    style=\"background-image: url(https:\/\/10b644692e76ab15cf59-eaadbe2afc1f47d8740ca8f676f7fe70.ssl.cf3.rackcdn.com\/2000010150_900v-Np8YzVTZ.png);\"\n                            ><\/div>\n\t\t\t\t\t\t<\/div>\n\t\t\t\t\t\t<div class=\"c\">\n\t\t\t\t\t\t\t<div class=\"title\">Cr\u00e9mant D&#039;Alsace Brut<\/div>\n\t\t\t\t\t\t\t<div class=\"brand\">Wolfberger<\/div>\n\t\t\t\t\t\t\t\t\t\t\t\t\t\t\t<div class=\"details\">\n\t\t\t\t\t\t\t\t\t\t\t\t\t\t\t\t\t\t\t<div>Prickelndes<\/div>\n\t\t\t\t\t\t\t\t\t\t\t\t\t\t\t\t\t\t\t<div>Pinot Blanc<\/div>\n\t\t\t\t\t\t\t\t\t\t\t\t\t\t\t\t\t\t\t<div>Cr\u00e9mant<\/div>\n\t\t\t\t\t\t\t\t\t\t\t\t\t\t\t\t\t<\/div>\n\t\t\t\t\t\t\t\t\t\t\t\t\t<\/div>\n\t\t\t\t\t<\/a>\n\t\t\t\t<\/div>\n\t\t\t\t\t\t\t<div class=\"slide\">\n\t\t\t\t\t\t\t\t\t\t\t<a class=\"product\" href=\"https:\/\/www.weinfreunde.de\/p\/cuvee-vaux-brut-schloss-vaux\/?ecid=int_magazin_nn_nn_nn_nn_nn_nn\" target=\"_blank\">\n\t\t\t\t\t\t\t\t\t\t\t<div class=\"image\">\n\t\t\t\t\t\t\t<div\n                                    class=\"bg\"\n                                    style=\"background-image: url(https:\/\/images.cdn.europe-west1.gcp.commercetools.com\/c465d296-b9b4-4e2d-afd0-6980caa08886\/2000010175_900v-jo7a0FWY.png);\"\n                            ><\/div>\n\t\t\t\t\t\t<\/div>\n\t\t\t\t\t\t<div class=\"c\">\n\t\t\t\t\t\t\t<div class=\"title\">Cuv\u00e9e Vaux Brut<\/div>\n\t\t\t\t\t\t\t<div class=\"brand\">Schloss Vaux<\/div>\n\t\t\t\t\t\t\t\t\t\t\t\t\t\t\t<div class=\"details\">\n\t\t\t\t\t\t\t\t\t\t\t\t\t\t\t\t\t\t\t<div>Prickelndes<\/div>\n\t\t\t\t\t\t\t\t\t\t\t\t\t\t\t\t\t\t\t<div>Wei\u00dfburgunder, Riesling, Sp\u00e4tburgunder, Chardonnay<\/div>\n\t\t\t\t\t\t\t\t\t\t\t\t\t\t\t\t\t\t\t<div>Schaumwein<\/div>\n\t\t\t\t\t\t\t\t\t\t\t\t\t\t\t\t\t<\/div>\n\t\t\t\t\t\t\t\t\t\t\t\t\t<\/div>\n\t\t\t\t\t<\/a>\n\t\t\t\t<\/div>\n\t\t\t\t\t\t\t<div class=\"slide\">\n\t\t\t\t\t\t\t\t\t\t\t<a class=\"product\" href=\"https:\/\/www.weinfreunde.de\/p\/metropol-pinot-chardonnay-brut-cavicchioli\/?ecid=int_magazin_nn_nn_nn_nn_nn_nn\" target=\"_blank\">\n\t\t\t\t\t\t\t\t\t\t\t<div class=\"image\">\n\t\t\t\t\t\t\t<div\n                                    class=\"bg\"\n                                    style=\"background-image: url(https:\/\/10b644692e76ab15cf59-eaadbe2afc1f47d8740ca8f676f7fe70.ssl.cf3.rackcdn.com\/2000010207_900v-ix8zJ2Xc.png);\"\n                            ><\/div>\n\t\t\t\t\t\t<\/div>\n\t\t\t\t\t\t<div class=\"c\">\n\t\t\t\t\t\t\t<div class=\"title\">Metropol Pinot Chardonnay Brut<\/div>\n\t\t\t\t\t\t\t<div class=\"brand\">Cavicchioli<\/div>\n\t\t\t\t\t\t\t\t\t\t\t\t\t\t\t<div class=\"details\">\n\t\t\t\t\t\t\t\t\t\t\t\t\t\t\t\t\t\t\t<div>Prickelndes<\/div>\n\t\t\t\t\t\t\t\t\t\t\t\t\t\t\t\t\t\t\t<div>Chardonnay<\/div>\n\t\t\t\t\t\t\t\t\t\t\t\t\t\t\t\t\t\t\t<div>Schaumwein<\/div>\n\t\t\t\t\t\t\t\t\t\t\t\t\t\t\t\t\t<\/div>\n\t\t\t\t\t\t\t\t\t\t\t\t\t<\/div>\n\t\t\t\t\t<\/a>\n\t\t\t\t<\/div>\n\t\t\t\t\t\t\t<div class=\"slide\">\n\t\t\t\t\t\t\t\t\t\t\t<a class=\"product\" href=\"https:\/\/www.weinfreunde.de\/p\/cuvee-eugenie-cremant-de-limoux-brut-maison-antech-limoux\/?ecid=int_magazin_nn_nn_nn_nn_nn_nn\" target=\"_blank\">\n\t\t\t\t\t\t\t\t\t\t\t<div class=\"image\">\n\t\t\t\t\t\t\t<div\n                                    class=\"bg\"\n                                    style=\"background-image: url(https:\/\/images.cdn.europe-west1.gcp.commercetools.com\/c465d296-b9b4-4e2d-afd0-6980caa08886\/2000010341_900v-TLS-Pbjq.png);\"\n                            ><\/div>\n\t\t\t\t\t\t<\/div>\n\t\t\t\t\t\t<div class=\"c\">\n\t\t\t\t\t\t\t<div class=\"title\">Cuv\u00e9e Eug\u00e9nie Cr\u00e9mant de Limoux Bru\u2026<\/div>\n\t\t\t\t\t\t\t<div class=\"brand\">Maison Antech Limoux<\/div>\n\t\t\t\t\t\t\t\t\t\t\t\t\t\t\t<div class=\"details\">\n\t\t\t\t\t\t\t\t\t\t\t\t\t\t\t\t\t\t\t<div>Prickelndes<\/div>\n\t\t\t\t\t\t\t\t\t\t\t\t\t\t\t\t\t\t\t<div>Chardonnay, Chenin Blanc, Mauzac<\/div>\n\t\t\t\t\t\t\t\t\t\t\t\t\t\t\t\t\t\t\t<div>Cr\u00e9mant<\/div>\n\t\t\t\t\t\t\t\t\t\t\t\t\t\t\t\t\t<\/div>\n\t\t\t\t\t\t\t\t\t\t\t\t\t<\/div>\n\t\t\t\t\t<\/a>\n\t\t\t\t<\/div>\n\t\t\t\t\t\t\t<div class=\"slide\">\n\t\t\t\t\t\t\t\t\t\t\t<a class=\"product\" href=\"https:\/\/www.weinfreunde.de\/p\/wf-1-winzersekt-trocken-erzeugergemeinschaft-winzersekt\/?ecid=int_magazin_nn_nn_nn_nn_nn_nn\" target=\"_blank\">\n\t\t\t\t\t\t\t\t\t\t\t<div class=\"image\">\n\t\t\t\t\t\t\t<div\n                                    class=\"bg\"\n                                    style=\"background-image: url(https:\/\/10b644692e76ab15cf59-eaadbe2afc1f47d8740ca8f676f7fe70.ssl.cf3.rackcdn.com\/2000010438_900v-3GUKbjdC.png);\"\n                            ><\/div>\n\t\t\t\t\t\t<\/div>\n\t\t\t\t\t\t<div class=\"c\">\n\t\t\t\t\t\t\t<div class=\"title\">WF 1 Winzersekt trocken 2022<\/div>\n\t\t\t\t\t\t\t<div class=\"brand\">Erzeugergemeinschaft Winzersekt<\/div>\n\t\t\t\t\t\t\t\t\t\t\t\t\t\t\t<div class=\"details\">\n\t\t\t\t\t\t\t\t\t\t\t\t\t\t\t\t\t\t\t<div>Prickelndes<\/div>\n\t\t\t\t\t\t\t\t\t\t\t\t\t\t\t\t\t\t\t<div>Morio-Muskat<\/div>\n\t\t\t\t\t\t\t\t\t\t\t\t\t\t\t\t\t\t\t<div>Winzersekt<\/div>\n\t\t\t\t\t\t\t\t\t\t\t\t\t\t\t\t\t<\/div>\n\t\t\t\t\t\t\t\t\t\t\t\t\t<\/div>\n\t\t\t\t\t<\/a>\n\t\t\t\t<\/div>\n\t\t\t\t\t\t\t<div class=\"slide\">\n\t\t\t\t\t\t\t\t\t\t\t<a class=\"product\" href=\"https:\/\/www.weinfreunde.de\/p\/cremant-de-loire-reserve-bouvet-ladubay\/?ecid=int_magazin_nn_nn_nn_nn_nn_nn\" target=\"_blank\">\n\t\t\t\t\t\t\t\t\t\t\t<div class=\"image\">\n\t\t\t\t\t\t\t<div\n                                    class=\"bg\"\n                                    style=\"background-image: url(https:\/\/images.cdn.europe-west1.gcp.commercetools.com\/c465d296-b9b4-4e2d-afd0-6980caa08886\/2000010722_900v-WZozq1fP.png);\"\n                            ><\/div>\n\t\t\t\t\t\t<\/div>\n\t\t\t\t\t\t<div class=\"c\">\n\t\t\t\t\t\t\t<div class=\"title\">Cr\u00e9mant de Loire R\u00e9serve<\/div>\n\t\t\t\t\t\t\t<div class=\"brand\">Bouvet-Ladubay<\/div>\n\t\t\t\t\t\t\t\t\t\t\t\t\t\t\t<div class=\"details\">\n\t\t\t\t\t\t\t\t\t\t\t\t\t\t\t\t\t\t\t<div>Prickelndes<\/div>\n\t\t\t\t\t\t\t\t\t\t\t\t\t\t\t\t\t\t\t<div>Chenin Blanc, Chardonnay<\/div>\n\t\t\t\t\t\t\t\t\t\t\t\t\t\t\t\t\t\t\t<div>Cr\u00e9mant<\/div>\n\t\t\t\t\t\t\t\t\t\t\t\t\t\t\t\t\t<\/div>\n\t\t\t\t\t\t\t\t\t\t\t\t\t<\/div>\n\t\t\t\t\t<\/a>\n\t\t\t\t<\/div>\n\t\t\t\t\t\t\t<div class=\"slide\">\n\t\t\t\t\t\t\t\t\t\t\t<a class=\"product\" href=\"https:\/\/www.weinfreunde.de\/p\/prosecco-spumante-brut-casa-vinicola-zonin-spa\/?ecid=int_magazin_nn_nn_nn_nn_nn_nn\" target=\"_blank\">\n\t\t\t\t\t\t\t\t\t\t\t<div class=\"image\">\n\t\t\t\t\t\t\t<div\n                                    class=\"bg\"\n                                    style=\"background-image: url(https:\/\/10b644692e76ab15cf59-eaadbe2afc1f47d8740ca8f676f7fe70.ssl.cf3.rackcdn.com\/2000010906_900v-uLe6AWaf.png);\"\n                            ><\/div>\n\t\t\t\t\t\t<\/div>\n\t\t\t\t\t\t<div class=\"c\">\n\t\t\t\t\t\t\t<div class=\"title\">Prosecco Spumante Brut 2022<\/div>\n\t\t\t\t\t\t\t<div class=\"brand\">Casa Vinicola Zonin Spa<\/div>\n\t\t\t\t\t\t\t\t\t\t\t\t\t\t\t<div class=\"details\">\n\t\t\t\t\t\t\t\t\t\t\t\t\t\t\t\t\t\t\t<div>Prickelndes<\/div>\n\t\t\t\t\t\t\t\t\t\t\t\t\t\t\t\t\t\t\t<div>Glera<\/div>\n\t\t\t\t\t\t\t\t\t\t\t\t\t\t\t\t\t\t\t<div>Prosecco<\/div>\n\t\t\t\t\t\t\t\t\t\t\t\t\t\t\t\t\t<\/div>\n\t\t\t\t\t\t\t\t\t\t\t\t\t<\/div>\n\t\t\t\t\t<\/a>\n\t\t\t\t<\/div>\n\t\t\t\t\t\t\t<div class=\"slide\">\n\t\t\t\t\t\t\t\t\t\t\t<a class=\"product\" href=\"https:\/\/www.weinfreunde.de\/p\/cremant-de-bourgogne-brut-caves-de-bailly-paul-delane\/?ecid=int_magazin_nn_nn_nn_nn_nn_nn\" target=\"_blank\">\n\t\t\t\t\t\t\t\t\t\t\t<div class=\"image\">\n\t\t\t\t\t\t\t<div\n                                    class=\"bg\"\n                                    style=\"background-image: url(https:\/\/10b644692e76ab15cf59-eaadbe2afc1f47d8740ca8f676f7fe70.ssl.cf3.rackcdn.com\/2000011061_900v-NZ0cjXCB.png);\"\n                            ><\/div>\n\t\t\t\t\t\t<\/div>\n\t\t\t\t\t\t<div class=\"c\">\n\t\t\t\t\t\t\t<div class=\"title\">Cr\u00e9mant de Bourgogne Brut<\/div>\n\t\t\t\t\t\t\t<div class=\"brand\">Caves de Bailly Paul Delane<\/div>\n\t\t\t\t\t\t\t\t\t\t\t\t\t\t\t<div class=\"details\">\n\t\t\t\t\t\t\t\t\t\t\t\t\t\t\t\t\t\t\t<div>Prickelndes<\/div>\n\t\t\t\t\t\t\t\t\t\t\t\t\t\t\t\t\t\t\t<div>Pinot Noir, Gamay<\/div>\n\t\t\t\t\t\t\t\t\t\t\t\t\t\t\t\t\t\t\t<div>Cr\u00e9mant<\/div>\n\t\t\t\t\t\t\t\t\t\t\t\t\t\t\t\t\t<\/div>\n\t\t\t\t\t\t\t\t\t\t\t\t\t<\/div>\n\t\t\t\t\t<\/a>\n\t\t\t\t<\/div>\n\t\t\t\t\t\t\t<div class=\"slide\">\n\t\t\t\t\t\t\t\t\t\t\t<a class=\"product\" href=\"https:\/\/www.weinfreunde.de\/p\/champagner-brut-veuve-clicquot\/?ecid=int_magazin_nn_nn_nn_nn_nn_nn\" target=\"_blank\">\n\t\t\t\t\t\t\t\t\t\t\t<div class=\"image\">\n\t\t\t\t\t\t\t<div\n                                    class=\"bg\"\n                                    style=\"background-image: url(https:\/\/10b644692e76ab15cf59-eaadbe2afc1f47d8740ca8f676f7fe70.ssl.cf3.rackcdn.com\/2000011472_900v-0WBY7bS3.png);\"\n                            ><\/div>\n\t\t\t\t\t\t<\/div>\n\t\t\t\t\t\t<div class=\"c\">\n\t\t\t\t\t\t\t<div class=\"title\">Champagner Brut<\/div>\n\t\t\t\t\t\t\t<div class=\"brand\">Veuve Clicquot<\/div>\n\t\t\t\t\t\t\t\t\t\t\t\t\t\t\t<div class=\"details\">\n\t\t\t\t\t\t\t\t\t\t\t\t\t\t\t\t\t\t\t<div>Prickelndes<\/div>\n\t\t\t\t\t\t\t\t\t\t\t\t\t\t\t\t\t\t\t<div>Pinot Meunier, Chardonnay, Pinot Noir<\/div>\n\t\t\t\t\t\t\t\t\t\t\t\t\t\t\t\t\t\t\t<div>Champagner<\/div>\n\t\t\t\t\t\t\t\t\t\t\t\t\t\t\t\t\t<\/div>\n\t\t\t\t\t\t\t\t\t\t\t\t\t<\/div>\n\t\t\t\t\t<\/a>\n\t\t\t\t<\/div>\n\t\t\t\t\t<\/div>\n\t<\/div>\n<\/div>\n<script>_w(() => new WF.Magazin.ProductSlider('#_prodSlider69f701c5ba133'));<\/script>\n<\/div>\n<\/div>\n<\/div>\n<\/div>\n<\/div>\n<\/div>\n<\/div>\n","protected":false},"excerpt":{"rendered":"<p>Sommerzeit ist Spritz-Zeit. Dieser Meinung ist zumindest Theresa und kl\u00e4rt uns \u00fcber die Geschichte der Spritz-Getr\u00e4nke und seine ungeheure Vielf\u00e4ltigkeit auf. Wir kennen die Badesaison und die Spargelsaison, aber offensichtlich gibt es auch eine Saison f\u00fcr Spritz-Getr\u00e4nke. Denn sobald das&#8230; <a class=\"moretag\" href=\"https:\/\/www.weinfreunde.de\/magazin\/weinwissen\/spritz-getraenke-fuer-den-sommer\/\">weiterlesen<\/a><\/p>\n","protected":false},"author":53,"featured_media":9268,"comment_status":"closed","ping_status":"closed","sticky":false,"template":"","format":"standard","meta":{"footnotes":""},"categories":[10],"tags":[],"class_list":["post-6862","post","type-post","status-publish","format-standard","has-post-thumbnail","hentry","category-weinschule"],"yoast_head":"<!-- This site is optimized with the Yoast SEO plugin v27.5 - https:\/\/yoast.com\/product\/yoast-seo-wordpress\/ -->\n<title>Spritz-Getr\u00e4nke f\u00fcr den Sommer &#187; Weinfreunde Magazin<\/title>\n<meta name=\"description\" content=\"Der Sommer und ein Spritz-Getr\u00e4nke gehen miteinander einher. Die Auswahl an Getr\u00e4nken ist vielf\u00e4ltig und geht von Aperol bis hin zu Hugo.\" \/>\n<meta name=\"robots\" content=\"index, follow, max-snippet:-1, max-image-preview:large, max-video-preview:-1\" \/>\n<link rel=\"canonical\" href=\"https:\/\/www.weinfreunde.de\/magazin\/weinwissen\/spritz-getraenke-fuer-den-sommer\/\" \/>\n<meta property=\"og:locale\" content=\"de_DE\" \/>\n<meta property=\"og:type\" content=\"article\" \/>\n<meta property=\"og:title\" content=\"Spritz-Getr\u00e4nke f\u00fcr den Sommer &#187; Weinfreunde Magazin\" \/>\n<meta property=\"og:description\" content=\"Der Sommer und ein Spritz-Getr\u00e4nke gehen miteinander einher. Die Auswahl an Getr\u00e4nken ist vielf\u00e4ltig und geht von Aperol bis hin zu Hugo.\" \/>\n<meta property=\"og:url\" content=\"https:\/\/www.weinfreunde.de\/magazin\/weinwissen\/spritz-getraenke-fuer-den-sommer\/\" \/>\n<meta property=\"og:site_name\" content=\"Weinfreunde Magazin\" \/>\n<meta property=\"article:publisher\" content=\"https:\/\/www.facebook.com\/weinfreunde.de\" \/>\n<meta property=\"article:published_time\" content=\"2023-06-16T08:13:20+00:00\" \/>\n<meta property=\"article:modified_time\" content=\"2024-10-24T09:16:51+00:00\" \/>\n<meta property=\"og:image\" content=\"https:\/\/www.weinfreunde.de\/magazin\/wp-content\/uploads\/2023\/06\/Magazin-Header_1280x650px_Spritz-Getraenke.png.webp\" \/>\n\t<meta property=\"og:image:width\" content=\"1280\" \/>\n\t<meta property=\"og:image:height\" content=\"650\" \/>\n\t<meta property=\"og:image:type\" content=\"image\/png\" \/>\n<meta name=\"author\" content=\"Theresa Weber\" \/>\n<meta name=\"twitter:card\" content=\"summary_large_image\" \/>\n<meta name=\"twitter:label1\" content=\"Written by\" \/>\n\t<meta name=\"twitter:data1\" content=\"Theresa Weber\" \/>\n\t<meta name=\"twitter:label2\" content=\"Est. reading time\" \/>\n\t<meta name=\"twitter:data2\" content=\"5\u00a0Minuten\" \/>\n<script type=\"application\/ld+json\" class=\"yoast-schema-graph\">{\"@context\":\"https:\\\/\\\/schema.org\",\"@graph\":[{\"@type\":\"Article\",\"@id\":\"https:\\\/\\\/www.weinfreunde.de\\\/magazin\\\/weinwissen\\\/spritz-getraenke-fuer-den-sommer\\\/#article\",\"isPartOf\":{\"@id\":\"https:\\\/\\\/www.weinfreunde.de\\\/magazin\\\/weinwissen\\\/spritz-getraenke-fuer-den-sommer\\\/\"},\"author\":{\"name\":\"Theresa Weber\",\"@id\":\"https:\\\/\\\/www.weinfreunde.de\\\/magazin\\\/#\\\/schema\\\/person\\\/2cf9755c05e64a2f23ee78404efa9acb\"},\"headline\":\"Spritz-Getr\u00e4nke f\u00fcr den Sommer\",\"datePublished\":\"2023-06-16T08:13:20+00:00\",\"dateModified\":\"2024-10-24T09:16:51+00:00\",\"mainEntityOfPage\":{\"@id\":\"https:\\\/\\\/www.weinfreunde.de\\\/magazin\\\/weinwissen\\\/spritz-getraenke-fuer-den-sommer\\\/\"},\"wordCount\":802,\"publisher\":{\"@id\":\"https:\\\/\\\/www.weinfreunde.de\\\/magazin\\\/#organization\"},\"image\":{\"@id\":\"https:\\\/\\\/www.weinfreunde.de\\\/magazin\\\/weinwissen\\\/spritz-getraenke-fuer-den-sommer\\\/#primaryimage\"},\"thumbnailUrl\":\"https:\\\/\\\/www.weinfreunde.de\\\/magazin\\\/wp-content\\\/uploads\\\/2023\\\/06\\\/Magazin-Header_1280x650px_Spritz-Getraenke.png.webp\",\"articleSection\":[\"Weinschule\"],\"inLanguage\":\"de\"},{\"@type\":\"WebPage\",\"@id\":\"https:\\\/\\\/www.weinfreunde.de\\\/magazin\\\/weinwissen\\\/spritz-getraenke-fuer-den-sommer\\\/\",\"url\":\"https:\\\/\\\/www.weinfreunde.de\\\/magazin\\\/weinwissen\\\/spritz-getraenke-fuer-den-sommer\\\/\",\"name\":\"Spritz-Getr\u00e4nke f\u00fcr den Sommer &#187; Weinfreunde Magazin\",\"isPartOf\":{\"@id\":\"https:\\\/\\\/www.weinfreunde.de\\\/magazin\\\/#website\"},\"primaryImageOfPage\":{\"@id\":\"https:\\\/\\\/www.weinfreunde.de\\\/magazin\\\/weinwissen\\\/spritz-getraenke-fuer-den-sommer\\\/#primaryimage\"},\"image\":{\"@id\":\"https:\\\/\\\/www.weinfreunde.de\\\/magazin\\\/weinwissen\\\/spritz-getraenke-fuer-den-sommer\\\/#primaryimage\"},\"thumbnailUrl\":\"https:\\\/\\\/www.weinfreunde.de\\\/magazin\\\/wp-content\\\/uploads\\\/2023\\\/06\\\/Magazin-Header_1280x650px_Spritz-Getraenke.png.webp\",\"datePublished\":\"2023-06-16T08:13:20+00:00\",\"dateModified\":\"2024-10-24T09:16:51+00:00\",\"description\":\"Der Sommer und ein Spritz-Getr\u00e4nke gehen miteinander einher. Die Auswahl an Getr\u00e4nken ist vielf\u00e4ltig und geht von Aperol bis hin zu Hugo.\",\"breadcrumb\":{\"@id\":\"https:\\\/\\\/www.weinfreunde.de\\\/magazin\\\/weinwissen\\\/spritz-getraenke-fuer-den-sommer\\\/#breadcrumb\"},\"inLanguage\":\"de\",\"potentialAction\":[{\"@type\":\"ReadAction\",\"target\":[\"https:\\\/\\\/www.weinfreunde.de\\\/magazin\\\/weinwissen\\\/spritz-getraenke-fuer-den-sommer\\\/\"]}]},{\"@type\":\"ImageObject\",\"inLanguage\":\"de\",\"@id\":\"https:\\\/\\\/www.weinfreunde.de\\\/magazin\\\/weinwissen\\\/spritz-getraenke-fuer-den-sommer\\\/#primaryimage\",\"url\":\"https:\\\/\\\/www.weinfreunde.de\\\/magazin\\\/wp-content\\\/uploads\\\/2023\\\/06\\\/Magazin-Header_1280x650px_Spritz-Getraenke.png.webp\",\"contentUrl\":\"https:\\\/\\\/www.weinfreunde.de\\\/magazin\\\/wp-content\\\/uploads\\\/2023\\\/06\\\/Magazin-Header_1280x650px_Spritz-Getraenke.png.webp\",\"width\":1280,\"height\":650,\"caption\":\"Hugo Spritz\"},{\"@type\":\"BreadcrumbList\",\"@id\":\"https:\\\/\\\/www.weinfreunde.de\\\/magazin\\\/weinwissen\\\/spritz-getraenke-fuer-den-sommer\\\/#breadcrumb\",\"itemListElement\":[{\"@type\":\"ListItem\",\"position\":1,\"name\":\"Magazin\",\"item\":\"https:\\\/\\\/www.weinfreunde.de\\\/magazin\\\/\"},{\"@type\":\"ListItem\",\"position\":2,\"name\":\"Weinwissen\",\"item\":\"https:\\\/\\\/www.weinfreunde.de\\\/magazin\\\/weinwissen\\\/\"},{\"@type\":\"ListItem\",\"position\":3,\"name\":\"Weinschule\",\"item\":\"https:\\\/\\\/www.weinfreunde.de\\\/magazin\\\/weinwissen\\\/weinschule\\\/\"},{\"@type\":\"ListItem\",\"position\":4,\"name\":\"Spritz-Getr\u00e4nke f\u00fcr den Sommer\"}]},{\"@type\":\"WebSite\",\"@id\":\"https:\\\/\\\/www.weinfreunde.de\\\/magazin\\\/#website\",\"url\":\"https:\\\/\\\/www.weinfreunde.de\\\/magazin\\\/\",\"name\":\"Weinfreunde Magazin\",\"description\":\"Dein Weinfreunde Magazin\",\"publisher\":{\"@id\":\"https:\\\/\\\/www.weinfreunde.de\\\/magazin\\\/#organization\"},\"potentialAction\":[{\"@type\":\"SearchAction\",\"target\":{\"@type\":\"EntryPoint\",\"urlTemplate\":\"https:\\\/\\\/www.weinfreunde.de\\\/magazin\\\/?s={search_term_string}\"},\"query-input\":{\"@type\":\"PropertyValueSpecification\",\"valueRequired\":true,\"valueName\":\"search_term_string\"}}],\"inLanguage\":\"de\"},{\"@type\":\"Organization\",\"@id\":\"https:\\\/\\\/www.weinfreunde.de\\\/magazin\\\/#organization\",\"name\":\"REWE Wein online GmbH | Weinfreunde\",\"url\":\"https:\\\/\\\/www.weinfreunde.de\\\/magazin\\\/\",\"logo\":{\"@type\":\"ImageObject\",\"inLanguage\":\"de\",\"@id\":\"https:\\\/\\\/www.weinfreunde.de\\\/magazin\\\/#\\\/schema\\\/logo\\\/image\\\/\",\"url\":\"https:\\\/\\\/www.weinfreunde.de\\\/magazin\\\/wp-content\\\/uploads\\\/2019\\\/08\\\/WF_Logo_Vertikal_Claim_Schwarz-scaled.jpg.webp\",\"contentUrl\":\"https:\\\/\\\/www.weinfreunde.de\\\/magazin\\\/wp-content\\\/uploads\\\/2019\\\/08\\\/WF_Logo_Vertikal_Claim_Schwarz-scaled.jpg.webp\",\"width\":2048,\"height\":1241,\"caption\":\"REWE Wein online GmbH | Weinfreunde\"},\"image\":{\"@id\":\"https:\\\/\\\/www.weinfreunde.de\\\/magazin\\\/#\\\/schema\\\/logo\\\/image\\\/\"},\"sameAs\":[\"https:\\\/\\\/www.facebook.com\\\/weinfreunde.de\"]},{\"@type\":\"Person\",\"@id\":\"https:\\\/\\\/www.weinfreunde.de\\\/magazin\\\/#\\\/schema\\\/person\\\/2cf9755c05e64a2f23ee78404efa9acb\",\"name\":\"Theresa Weber\",\"image\":{\"@type\":\"ImageObject\",\"inLanguage\":\"de\",\"@id\":\"https:\\\/\\\/secure.gravatar.com\\\/avatar\\\/3acef7c6c88096ec88d266b5950b5978bf89bebb0bc4607ffe3c960e6997de91?s=96&d=mm&r=g\",\"url\":\"https:\\\/\\\/secure.gravatar.com\\\/avatar\\\/3acef7c6c88096ec88d266b5950b5978bf89bebb0bc4607ffe3c960e6997de91?s=96&d=mm&r=g\",\"contentUrl\":\"https:\\\/\\\/secure.gravatar.com\\\/avatar\\\/3acef7c6c88096ec88d266b5950b5978bf89bebb0bc4607ffe3c960e6997de91?s=96&d=mm&r=g\",\"caption\":\"Theresa Weber\"},\"description\":\"Eine echte K\u00f6lnerin, liebevolle Mama von zwei Kindern und leidenschaftliche Weintrinkerin. Theresa arbeitet bei den Weinfreunden im Marketing und ist die \u201cChardonnay Mom\u201d im Team. Ihr Herz schl\u00e4gt aber auch bei guten franz\u00f6sischen Weinen schnell h\u00f6her.\",\"sameAs\":[\"https:\\\/\\\/www.weinfreunde.de\"],\"url\":\"https:\\\/\\\/www.weinfreunde.de\\\/magazin\\\/author\\\/tweber\\\/\"}]}<\/script>\n<!-- \/ Yoast SEO plugin. -->","yoast_head_json":{"title":"Spritz-Getr\u00e4nke f\u00fcr den Sommer &#187; Weinfreunde Magazin","description":"Der Sommer und ein Spritz-Getr\u00e4nke gehen miteinander einher. Die Auswahl an Getr\u00e4nken ist vielf\u00e4ltig und geht von Aperol bis hin zu Hugo.","robots":{"index":"index","follow":"follow","max-snippet":"max-snippet:-1","max-image-preview":"max-image-preview:large","max-video-preview":"max-video-preview:-1"},"canonical":"https:\/\/www.weinfreunde.de\/magazin\/weinwissen\/spritz-getraenke-fuer-den-sommer\/","og_locale":"de_DE","og_type":"article","og_title":"Spritz-Getr\u00e4nke f\u00fcr den Sommer &#187; Weinfreunde Magazin","og_description":"Der Sommer und ein Spritz-Getr\u00e4nke gehen miteinander einher. Die Auswahl an Getr\u00e4nken ist vielf\u00e4ltig und geht von Aperol bis hin zu Hugo.","og_url":"https:\/\/www.weinfreunde.de\/magazin\/weinwissen\/spritz-getraenke-fuer-den-sommer\/","og_site_name":"Weinfreunde Magazin","article_publisher":"https:\/\/www.facebook.com\/weinfreunde.de","article_published_time":"2023-06-16T08:13:20+00:00","article_modified_time":"2024-10-24T09:16:51+00:00","og_image":[{"width":1280,"height":650,"url":"https:\/\/www.weinfreunde.de\/magazin\/wp-content\/uploads\/2023\/06\/Magazin-Header_1280x650px_Spritz-Getraenke.png.webp","type":"image\/png"}],"author":"Theresa Weber","twitter_card":"summary_large_image","twitter_misc":{"Written by":"Theresa Weber","Est. reading time":"5\u00a0Minuten"},"schema":{"@context":"https:\/\/schema.org","@graph":[{"@type":"Article","@id":"https:\/\/www.weinfreunde.de\/magazin\/weinwissen\/spritz-getraenke-fuer-den-sommer\/#article","isPartOf":{"@id":"https:\/\/www.weinfreunde.de\/magazin\/weinwissen\/spritz-getraenke-fuer-den-sommer\/"},"author":{"name":"Theresa Weber","@id":"https:\/\/www.weinfreunde.de\/magazin\/#\/schema\/person\/2cf9755c05e64a2f23ee78404efa9acb"},"headline":"Spritz-Getr\u00e4nke f\u00fcr den Sommer","datePublished":"2023-06-16T08:13:20+00:00","dateModified":"2024-10-24T09:16:51+00:00","mainEntityOfPage":{"@id":"https:\/\/www.weinfreunde.de\/magazin\/weinwissen\/spritz-getraenke-fuer-den-sommer\/"},"wordCount":802,"publisher":{"@id":"https:\/\/www.weinfreunde.de\/magazin\/#organization"},"image":{"@id":"https:\/\/www.weinfreunde.de\/magazin\/weinwissen\/spritz-getraenke-fuer-den-sommer\/#primaryimage"},"thumbnailUrl":"https:\/\/www.weinfreunde.de\/magazin\/wp-content\/uploads\/2023\/06\/Magazin-Header_1280x650px_Spritz-Getraenke.png.webp","articleSection":["Weinschule"],"inLanguage":"de"},{"@type":"WebPage","@id":"https:\/\/www.weinfreunde.de\/magazin\/weinwissen\/spritz-getraenke-fuer-den-sommer\/","url":"https:\/\/www.weinfreunde.de\/magazin\/weinwissen\/spritz-getraenke-fuer-den-sommer\/","name":"Spritz-Getr\u00e4nke f\u00fcr den Sommer &#187; Weinfreunde Magazin","isPartOf":{"@id":"https:\/\/www.weinfreunde.de\/magazin\/#website"},"primaryImageOfPage":{"@id":"https:\/\/www.weinfreunde.de\/magazin\/weinwissen\/spritz-getraenke-fuer-den-sommer\/#primaryimage"},"image":{"@id":"https:\/\/www.weinfreunde.de\/magazin\/weinwissen\/spritz-getraenke-fuer-den-sommer\/#primaryimage"},"thumbnailUrl":"https:\/\/www.weinfreunde.de\/magazin\/wp-content\/uploads\/2023\/06\/Magazin-Header_1280x650px_Spritz-Getraenke.png.webp","datePublished":"2023-06-16T08:13:20+00:00","dateModified":"2024-10-24T09:16:51+00:00","description":"Der Sommer und ein Spritz-Getr\u00e4nke gehen miteinander einher. Die Auswahl an Getr\u00e4nken ist vielf\u00e4ltig und geht von Aperol bis hin zu Hugo.","breadcrumb":{"@id":"https:\/\/www.weinfreunde.de\/magazin\/weinwissen\/spritz-getraenke-fuer-den-sommer\/#breadcrumb"},"inLanguage":"de","potentialAction":[{"@type":"ReadAction","target":["https:\/\/www.weinfreunde.de\/magazin\/weinwissen\/spritz-getraenke-fuer-den-sommer\/"]}]},{"@type":"ImageObject","inLanguage":"de","@id":"https:\/\/www.weinfreunde.de\/magazin\/weinwissen\/spritz-getraenke-fuer-den-sommer\/#primaryimage","url":"https:\/\/www.weinfreunde.de\/magazin\/wp-content\/uploads\/2023\/06\/Magazin-Header_1280x650px_Spritz-Getraenke.png.webp","contentUrl":"https:\/\/www.weinfreunde.de\/magazin\/wp-content\/uploads\/2023\/06\/Magazin-Header_1280x650px_Spritz-Getraenke.png.webp","width":1280,"height":650,"caption":"Hugo Spritz"},{"@type":"BreadcrumbList","@id":"https:\/\/www.weinfreunde.de\/magazin\/weinwissen\/spritz-getraenke-fuer-den-sommer\/#breadcrumb","itemListElement":[{"@type":"ListItem","position":1,"name":"Magazin","item":"https:\/\/www.weinfreunde.de\/magazin\/"},{"@type":"ListItem","position":2,"name":"Weinwissen","item":"https:\/\/www.weinfreunde.de\/magazin\/weinwissen\/"},{"@type":"ListItem","position":3,"name":"Weinschule","item":"https:\/\/www.weinfreunde.de\/magazin\/weinwissen\/weinschule\/"},{"@type":"ListItem","position":4,"name":"Spritz-Getr\u00e4nke f\u00fcr den Sommer"}]},{"@type":"WebSite","@id":"https:\/\/www.weinfreunde.de\/magazin\/#website","url":"https:\/\/www.weinfreunde.de\/magazin\/","name":"Weinfreunde Magazin","description":"Dein Weinfreunde Magazin","publisher":{"@id":"https:\/\/www.weinfreunde.de\/magazin\/#organization"},"potentialAction":[{"@type":"SearchAction","target":{"@type":"EntryPoint","urlTemplate":"https:\/\/www.weinfreunde.de\/magazin\/?s={search_term_string}"},"query-input":{"@type":"PropertyValueSpecification","valueRequired":true,"valueName":"search_term_string"}}],"inLanguage":"de"},{"@type":"Organization","@id":"https:\/\/www.weinfreunde.de\/magazin\/#organization","name":"REWE Wein online GmbH | Weinfreunde","url":"https:\/\/www.weinfreunde.de\/magazin\/","logo":{"@type":"ImageObject","inLanguage":"de","@id":"https:\/\/www.weinfreunde.de\/magazin\/#\/schema\/logo\/image\/","url":"https:\/\/www.weinfreunde.de\/magazin\/wp-content\/uploads\/2019\/08\/WF_Logo_Vertikal_Claim_Schwarz-scaled.jpg.webp","contentUrl":"https:\/\/www.weinfreunde.de\/magazin\/wp-content\/uploads\/2019\/08\/WF_Logo_Vertikal_Claim_Schwarz-scaled.jpg.webp","width":2048,"height":1241,"caption":"REWE Wein online GmbH | Weinfreunde"},"image":{"@id":"https:\/\/www.weinfreunde.de\/magazin\/#\/schema\/logo\/image\/"},"sameAs":["https:\/\/www.facebook.com\/weinfreunde.de"]},{"@type":"Person","@id":"https:\/\/www.weinfreunde.de\/magazin\/#\/schema\/person\/2cf9755c05e64a2f23ee78404efa9acb","name":"Theresa Weber","image":{"@type":"ImageObject","inLanguage":"de","@id":"https:\/\/secure.gravatar.com\/avatar\/3acef7c6c88096ec88d266b5950b5978bf89bebb0bc4607ffe3c960e6997de91?s=96&d=mm&r=g","url":"https:\/\/secure.gravatar.com\/avatar\/3acef7c6c88096ec88d266b5950b5978bf89bebb0bc4607ffe3c960e6997de91?s=96&d=mm&r=g","contentUrl":"https:\/\/secure.gravatar.com\/avatar\/3acef7c6c88096ec88d266b5950b5978bf89bebb0bc4607ffe3c960e6997de91?s=96&d=mm&r=g","caption":"Theresa Weber"},"description":"Eine echte K\u00f6lnerin, liebevolle Mama von zwei Kindern und leidenschaftliche Weintrinkerin. Theresa arbeitet bei den Weinfreunden im Marketing und ist die \u201cChardonnay Mom\u201d im Team. Ihr Herz schl\u00e4gt aber auch bei guten franz\u00f6sischen Weinen schnell h\u00f6her.","sameAs":["https:\/\/www.weinfreunde.de"],"url":"https:\/\/www.weinfreunde.de\/magazin\/author\/tweber\/"}]}},"_links":{"self":[{"href":"https:\/\/www.weinfreunde.de\/magazin\/wp-json\/wp\/v2\/posts\/6862","targetHints":{"allow":["GET"]}}],"collection":[{"href":"https:\/\/www.weinfreunde.de\/magazin\/wp-json\/wp\/v2\/posts"}],"about":[{"href":"https:\/\/www.weinfreunde.de\/magazin\/wp-json\/wp\/v2\/types\/post"}],"author":[{"embeddable":true,"href":"https:\/\/www.weinfreunde.de\/magazin\/wp-json\/wp\/v2\/users\/53"}],"replies":[{"embeddable":true,"href":"https:\/\/www.weinfreunde.de\/magazin\/wp-json\/wp\/v2\/comments?post=6862"}],"version-history":[{"count":7,"href":"https:\/\/www.weinfreunde.de\/magazin\/wp-json\/wp\/v2\/posts\/6862\/revisions"}],"predecessor-version":[{"id":11547,"href":"https:\/\/www.weinfreunde.de\/magazin\/wp-json\/wp\/v2\/posts\/6862\/revisions\/11547"}],"wp:featuredmedia":[{"embeddable":true,"href":"https:\/\/www.weinfreunde.de\/magazin\/wp-json\/wp\/v2\/media\/9268"}],"wp:attachment":[{"href":"https:\/\/www.weinfreunde.de\/magazin\/wp-json\/wp\/v2\/media?parent=6862"}],"wp:term":[{"taxonomy":"category","embeddable":true,"href":"https:\/\/www.weinfreunde.de\/magazin\/wp-json\/wp\/v2\/categories?post=6862"},{"taxonomy":"post_tag","embeddable":true,"href":"https:\/\/www.weinfreunde.de\/magazin\/wp-json\/wp\/v2\/tags?post=6862"}],"curies":[{"name":"wp","href":"https:\/\/api.w.org\/{rel}","templated":true}]}}