{"id":6854,"date":"2023-06-09T16:49:51","date_gmt":"2023-06-09T14:49:51","guid":{"rendered":"https:\/\/www.weinfreunde.de\/magazin\/?post_type=cp_weinwissen&#038;p=6854"},"modified":"2024-10-24T11:20:54","modified_gmt":"2024-10-24T09:20:54","slug":"klimawandel-und-weinbau-was-heisst-das-konkret","status":"publish","type":"post","link":"https:\/\/www.weinfreunde.de\/magazin\/weinwissen\/klimawandel-und-weinbau-was-heisst-das-konkret\/","title":{"rendered":"Klimawandel und Weinbau: Was hei\u00dft das konkret?"},"content":{"rendered":"<p><strong>W\u00e4rmere Temperaturen, mehr Trockenheit und extreme Wettervorf\u00e4lle. Was Klimawandel bedeutet, erleben die Weing\u00fcter hautnah. Theresa berichtet, wie sie mit den Ver\u00e4nderungen umgehen.<\/strong><\/p>\n<p>Menschen, die nicht \u00fcberzeugt sind, dass wir objektiv einen Wandel des <a href=\"\/magazin\/weinwissen\/beste-voraussetzungen-klima-und-wein\/\">Klimas<\/a> beobachten, m\u00fcssen jetzt erst recht weiterlesen. Alle anderen selbstverst\u00e4ndlich auch, gerade sie wird interessieren, was <a href=\"\/magazin\/weinwissen\/winzerinnen-frauen-in-der-weinwelt\/\">Winzerinnen<\/a> und Weinmacher zum Klimawandel sagen. Vor allem aber, wie sie auf die Ver\u00e4nderungen reagieren. Doch vielleicht vorab noch ein paar grunds\u00e4tzliche Worte.<\/p>\n<h2>Klima &amp; Wein: offensichtliche Angelegenheit<\/h2>\n<p>Als unstrittig unter Weinfreundinnen und Weinfreunden gilt, dass das Klima einen ma\u00dfgeblichen Einfluss auf den Weinbau hat. Das beginnt damit, dass Weinbau nur in bestimmten Breitengraden m\u00f6glich ist \u2013 bislang. Alle Weinregionen des Globus befinden sich zwischen dem 30. und dem 50. Breitengrad, sowohl auf der Nord- wie auf der S\u00fcdhalbkugel. Dabei gilt die Regel: Je n\u00e4her am \u00c4quator, desto w\u00e4rmer und je weiter davon entfernt, desto k\u00fchler das Klima.<\/p>\n<div id=\"attachment_2456\" style=\"width: 1510px\" class=\"wp-caption alignnone\"><img loading=\"lazy\" decoding=\"async\" aria-describedby=\"caption-attachment-2456\" class=\"wp-image-2456 size-full\" src=\"https:\/\/www.weinfreunde.de\/magazin\/wp-content\/uploads\/2017\/12\/1-1-Bild_1500x800px-1-2.jpg\" alt=\"Winter im Weinberg\" width=\"1500\" height=\"800\" srcset=\"https:\/\/www.weinfreunde.de\/magazin\/wp-content\/uploads\/2017\/12\/1-1-Bild_1500x800px-1-2.jpg 1500w, https:\/\/www.weinfreunde.de\/magazin\/wp-content\/uploads\/2017\/12\/1-1-Bild_1500x800px-1-2-300x160.jpg 300w, https:\/\/www.weinfreunde.de\/magazin\/wp-content\/uploads\/2017\/12\/1-1-Bild_1500x800px-1-2-1024x546.jpg 1024w, https:\/\/www.weinfreunde.de\/magazin\/wp-content\/uploads\/2017\/12\/1-1-Bild_1500x800px-1-2-768x410.jpg 768w, https:\/\/www.weinfreunde.de\/magazin\/wp-content\/uploads\/2017\/12\/1-1-Bild_1500x800px-1-2-749x399.jpg 749w, https:\/\/www.weinfreunde.de\/magazin\/wp-content\/uploads\/2017\/12\/1-1-Bild_1500x800px-1-2-150x80.jpg 150w, https:\/\/www.weinfreunde.de\/magazin\/wp-content\/uploads\/2017\/12\/1-1-Bild_1500x800px-1-2-390x208.jpg 390w, https:\/\/www.weinfreunde.de\/magazin\/wp-content\/uploads\/2017\/12\/1-1-Bild_1500x800px-1-2-750x400.jpg 750w, https:\/\/www.weinfreunde.de\/magazin\/wp-content\/uploads\/2017\/12\/1-1-Bild_1500x800px-1-2-1140x608.jpg 1140w\" sizes=\"auto, (max-width: 1500px) 100vw, 1500px\" \/><p id=\"caption-attachment-2456\" class=\"wp-caption-text\">Je weiter weg ein Weinberg vom \u00c4quator ist, desto k\u00fchler wird es auch dort<\/p><\/div>\n<p>Unabh\u00e4ngig von Region und Kontinent sprechen wir in der Weinwelt von drei Klimazonen. Gemeint ist damit eine Gemengelage aus Temperatur, Niederschl\u00e4gen und dem Einfluss des Meeres sowie anderen Gro\u00dffaktoren wie Gebirgsz\u00fcge, aber auch die H\u00f6he \u00fcber Meeresspiegel. Das ist simpel ausgedr\u00fcckt, hilft aber zu verstehen, was kontinentales, maritimes und mediterranes Klima voneinander unterscheidet. Dabei gilt der inzwischen immer \u00f6fter verwendete Begriff des \u201ecool climate\u201c als ein positives Merkmal einer Region. Selbst bei der Unterscheidung von Rebsorten findet der Begriff Anwendung: <a href=\"\/magazin\/weinwissen\/riesling\/\">Riesling<\/a> vs. <a href=\"\/magazin\/weinwissen\/tempranillo\/\">Tempranillo<\/a> gewisserma\u00dfen.<\/p>\n<h2>Immer \u00f6fter &amp; extrem: die Formel Klimawandel<\/h2>\n<p>Versuchen wir das, was sich da im Weinberg ver\u00e4ndert, mal greifbar zu machen. Also nicht nur \u00fcber ansteigende Durchschnittstemperaturen und ausbleibenden Regen so ganz abstrakt zu reden, sondern auf den Punkt zu bringen, was die Weinregionen besch\u00e4ftigt. Nahezu durchgehend l\u00e4sst sich dabei feststellen, dass extreme Wetterverh\u00e4ltnisse immer h\u00e4ufiger auf dem Plan stehen. Gab es fr\u00fcher ein, zwei trockene, hei\u00dfe Jahre in einer Dekade, sind es mittlerweile drei, vier oder sogar mehr. Gleiches gilt f\u00fcr Fr\u00f6ste im sp\u00e4ten <a href=\"\/magazin\/weinwissen\/fruehjahr-im-weinberg\/\">Fr\u00fchjahr<\/a>, f\u00fcr besonders heftige Regenf\u00e4lle oder Hagel-Unwetter im <a href=\"\/magazin\/weinwissen\/sommer-im-weinberg-laubarbeit-und-gruene-lese\/\">Sommer<\/a>. Dagegen fehlt es dem Winter immer \u00f6fter an deutlich niedrigeren Temperaturen.<\/p>\n<p>Schlussendlich hei\u00dft das f\u00fcr die meisten Weinregionen, mehr widrige Verh\u00e4ltnisse und ein h\u00f6heres Risiko die Trauben zu verlieren. Doch auch der abstrakte Durchschnitt bereitet Sorgen. Vom fr\u00fcheren Austreiben der Reben \u2013 mit entsprechend gr\u00f6\u00dferem Schaden bei Frost \u2013 und der schnelleren Reife der Trauben berichten ganz viele Winzerinnen und Winzer aus den unterschiedlichsten Regionen. Reife zumindest im Sinne von <a href=\"\/magazin\/weinwissen\/restsuesse-was-vom-zucker-uebrigbleibt\/\">Zuckerbildung<\/a> in den Beeren. Sp\u00e4t reifende Rebsorten, die mehr Zeit ben\u00f6tigen, um auch reife Kerne auszubilden, geraten da in die Bredouille.<\/p>\n<h2>Rebsorten &amp; Lage: alles im Fluss<\/h2>\n<p>Der Klimawandel fordert den Weinbau heraus, nicht nur akute Ma\u00dfnahmen zu finden, sondern auch an ein paar grunds\u00e4tzlichen Schrauben zu drehen. Ist die S\u00fcdausrichtung einer Lage immer noch die beste? Bis zu welcher H\u00f6he reifen die Trauben mittlerweile problemlos aus? \u00dcberhaupt, was ist mit den angestammten Rebsorten einer Region, die schlie\u00dflich unter die Regularien eines Anbaugebiets oder einer <a href=\"\/magazin\/weinwissen\/appellation-begriff-fuer-herkunft-und-qualitaet\/\">Appellation<\/a> fallen? Haben da jetzt andere Reben eine Chance?<\/p>\n<p>An diesen Fragen l\u00e4sst sich erkennen, dass manche Weinregionen mit dem Klimawandel besser umgehen k\u00f6nnen als andere oder sogar Vorteile aus dem Klimawandel ziehen. So berichten die Weinbauern von der <a href=\"\/magazin\/weinwissen\/loire-an-der-nordwestgrenze-des-europaeischen-weinbaus\/\">Loire<\/a>, dass es Schwierigkeiten mit der perfekten Reife kaum noch gebe \u2013 selbst bei <a href=\"\/magazin\/weinwissen\/rotwein-rebsorten-herstellung-co\/\">Rotweinen<\/a> \u2013 und auch die geringeren Niederschl\u00e4ge eher den Pilzdruck senkten als Nachteile br\u00e4chten. Also alles halb so schlimm?<\/p>\n<div id=\"attachment_6635\" style=\"width: 1510px\" class=\"wp-caption alignnone\"><img loading=\"lazy\" decoding=\"async\" aria-describedby=\"caption-attachment-6635\" class=\"wp-image-6635 size-full\" src=\"https:\/\/www.weinfreunde.de\/magazin\/wp-content\/uploads\/2021\/07\/magazin_1-1-image-gross2_sauvignon-blanc-loire_1500x800px-1.png\" alt=\"Sauvignon Blanc Loire\" width=\"1500\" height=\"800\" srcset=\"https:\/\/www.weinfreunde.de\/magazin\/wp-content\/uploads\/2021\/07\/magazin_1-1-image-gross2_sauvignon-blanc-loire_1500x800px-1.png 1500w, https:\/\/www.weinfreunde.de\/magazin\/wp-content\/uploads\/2021\/07\/magazin_1-1-image-gross2_sauvignon-blanc-loire_1500x800px-1-300x160.png 300w, https:\/\/www.weinfreunde.de\/magazin\/wp-content\/uploads\/2021\/07\/magazin_1-1-image-gross2_sauvignon-blanc-loire_1500x800px-1-1024x546.png 1024w, https:\/\/www.weinfreunde.de\/magazin\/wp-content\/uploads\/2021\/07\/magazin_1-1-image-gross2_sauvignon-blanc-loire_1500x800px-1-768x410.png 768w, https:\/\/www.weinfreunde.de\/magazin\/wp-content\/uploads\/2021\/07\/magazin_1-1-image-gross2_sauvignon-blanc-loire_1500x800px-1-749x399.png 749w, https:\/\/www.weinfreunde.de\/magazin\/wp-content\/uploads\/2021\/07\/magazin_1-1-image-gross2_sauvignon-blanc-loire_1500x800px-1-150x80.png 150w, https:\/\/www.weinfreunde.de\/magazin\/wp-content\/uploads\/2021\/07\/magazin_1-1-image-gross2_sauvignon-blanc-loire_1500x800px-1-390x208.png 390w, https:\/\/www.weinfreunde.de\/magazin\/wp-content\/uploads\/2021\/07\/magazin_1-1-image-gross2_sauvignon-blanc-loire_1500x800px-1-750x400.png 750w, https:\/\/www.weinfreunde.de\/magazin\/wp-content\/uploads\/2021\/07\/magazin_1-1-image-gross2_sauvignon-blanc-loire_1500x800px-1-1140x608.png 1140w\" sizes=\"auto, (max-width: 1500px) 100vw, 1500px\" \/><p id=\"caption-attachment-6635\" class=\"wp-caption-text\">Im Loire Tal berichten die Weinbauern sogar eher von Vorteilen durch den Klimawandel<\/p><\/div>\n<h2>Cabernet Sauvignon &amp; Deutschland: nachhaltig anders<\/h2>\n<p>Die Geschichte l\u00e4sst sich aber auch andersherum erz\u00e4hlen. Als der <a href=\"\/podcast\" target=\"_blank\" rel=\"noopener\">Weinfreunde-Podcast \u201eBei Anruf Wein\u201c<\/a> beim <a href=\"\/burggarten\/\" target=\"_blank\" rel=\"noopener\">VDP-Weingut Burggarten<\/a> zu Gast war, berichtete Winzer Paul Sch\u00e4fer von den Schwierigkeiten, unter denen der Fr\u00fchburgunder an der <a href=\"\/magazin\/weinwissen\/die-ahr-das-noerdlichste-rotweingebiet\/\">Ahr<\/a> leide. Fr\u00fche Reife und deshalb besonders der Sonne exponierte Lagen \u2013 das war fr\u00fcher. Inzwischen seien andere Ausrichtungen und sogar Senken gefragt, um dem <a href=\"\/magazin\/weinwissen\/fruehburgunder\/\">Fr\u00fchburgunder<\/a> gerecht zu werden. Hingegen der <a href=\"\/magazin\/weinwissen\/pinot-noir-spaetburgunder\/\">Sp\u00e4tburgunder<\/a> durchaus von den ver\u00e4nderten Jahresverl\u00e4ufen profitiere. Alles nachzuh\u00f6ren in unserem Podcast Bei Anruf Wein.<\/p>\n<div><script id=\"letscast-player-0fefa2ae\" src=\"https:\/\/letscast.fm\/podcasts\/bei-anruf-wein-der-weinpodcast-0e704e2e\/episodes\/als-cuvee-oder-solo-hauptsache-grenache\/player.js\"><\/script><\/div>\n<p>Damit nicht genug, gibt es Winzer wie <a href=\"\/peth-wetz\/\" target=\"_blank\" rel=\"noopener\">Christian Peth<\/a> aus <a href=\"\/magazin\/weinwissen\/rheinhessen\/\">Rheinhessen<\/a>, die inzwischen auch typische <a href=\"\/magazin\/weinwissen\/die-weinregion-bordeaux-der-wein-und-die-regionen-teil-2\/\">Bordeaux-Reben<\/a> wir <a href=\"\/magazin\/weinwissen\/merlot\/\">Merlot<\/a>, <a href=\"\/magazin\/weinwissen\/cabernet-sauvignon\/\">Cabernet Sauvignon<\/a> und <a href=\"\/magazin\/weinwissen\/cabernet-franc\/\">Cabernet Franc<\/a> anbauen und daraus exzellente Weine bereiten. \u00c4hnliches Experimentieren mit eigentlich gebietsfremden und w\u00e4rmeliebenden Reben finden sich aber auch in vielen anderen Weinregionen. Da ist etwas in Bewegung geraten.<\/p>\n<div id=\"attachment_6856\" style=\"width: 1510px\" class=\"wp-caption alignnone\"><img loading=\"lazy\" decoding=\"async\" aria-describedby=\"caption-attachment-6856\" class=\"wp-image-6856 size-full\" src=\"https:\/\/www.weinfreunde.de\/magazin\/wp-content\/uploads\/2023\/06\/magazin_1-1-image-gross2_rheinhessen_1500x800px.png\" alt=\"Rheinhessen\" width=\"1500\" height=\"800\" srcset=\"https:\/\/www.weinfreunde.de\/magazin\/wp-content\/uploads\/2023\/06\/magazin_1-1-image-gross2_rheinhessen_1500x800px.png 1500w, https:\/\/www.weinfreunde.de\/magazin\/wp-content\/uploads\/2023\/06\/magazin_1-1-image-gross2_rheinhessen_1500x800px-300x160.png 300w, https:\/\/www.weinfreunde.de\/magazin\/wp-content\/uploads\/2023\/06\/magazin_1-1-image-gross2_rheinhessen_1500x800px-1024x546.png 1024w, https:\/\/www.weinfreunde.de\/magazin\/wp-content\/uploads\/2023\/06\/magazin_1-1-image-gross2_rheinhessen_1500x800px-768x410.png 768w, https:\/\/www.weinfreunde.de\/magazin\/wp-content\/uploads\/2023\/06\/magazin_1-1-image-gross2_rheinhessen_1500x800px-749x399.png 749w, https:\/\/www.weinfreunde.de\/magazin\/wp-content\/uploads\/2023\/06\/magazin_1-1-image-gross2_rheinhessen_1500x800px-150x80.png 150w, https:\/\/www.weinfreunde.de\/magazin\/wp-content\/uploads\/2023\/06\/magazin_1-1-image-gross2_rheinhessen_1500x800px-390x208.png 390w, https:\/\/www.weinfreunde.de\/magazin\/wp-content\/uploads\/2023\/06\/magazin_1-1-image-gross2_rheinhessen_1500x800px-750x400.png 750w, https:\/\/www.weinfreunde.de\/magazin\/wp-content\/uploads\/2023\/06\/magazin_1-1-image-gross2_rheinhessen_1500x800px-1140x608.png 1140w\" sizes=\"auto, (max-width: 1500px) 100vw, 1500px\" \/><p id=\"caption-attachment-6856\" class=\"wp-caption-text\">In Rheinhessen werden aufgrund des Klimawandels mittlerweile auch Rebsorten wie Merlot angebaut<\/p><\/div>\n<h2>Rebschnitt, Schatten &amp; Co.: noch konkreter<\/h2>\n<p>Auf andere <a href=\"\/magazin\/frag-die-weinfreunde\/wie-entstehen-neue-rebsorten\/\">Rebsorten<\/a> zu setzen, Lagen neu zu bewerten oder gar neue, bessere zu finden \u2013 das bedeutet einen gro\u00dfen Einschnitt in die Tradition der Weinregionen. Doch es gibt auch Ma\u00dfnahmen im Weinberg selbst, die auf die Ver\u00e4nderungen des Klimas reagieren. Zum Beispiel bei der Laubarbeit. War es fr\u00fcher auch in den warmen Regionen \u00fcblich, die Trauben freizulegen, damit sie mehr Sonne abbekommen, wird mittlerweile das Blattwerk oft so beschnitten, dass es den Trauben zu den hei\u00dfesten Stunden eher Schatten gibt. Auch B\u00e4ume werden mit in den Rebfl\u00e4chen gepflanzt, deren wandernder Schatten, den Reben Erholung verschafft.<\/p>\n<p>Die Ressource Wasser ist ebenfalls sorgsamer zu handhaben. Bei heftigen Regenf\u00e4llen ist der Boden davor zu sch\u00fctzen, weggesp\u00fclt zu werden. Dagegen ist man bem\u00fcht, das auf einmal in gro\u00dfer Menge vorhandene Wasser so zu f\u00fchren, dass es besser versickern kann oder man versucht gar, es aufzufangen und f\u00fcr andere Arbeitsschritte zu nutzen. Das gilt \u00fcbrigens auch f\u00fcr den Wasserverbrauch in der Kellerei. Erst recht, wenn sich um <a href=\"\/magazin\/weinwissen\/nachhaltigkeit-im-weinbau\/\">Nachhaltigkeit im Weinbau<\/a> bem\u00fcht.<\/p>\n<h2>Ende offen: jedes Jahr neu lernen<\/h2>\n<p>Kompliziert wird der Umgang mit dem Klimawandel dadurch, dass er eben nicht eine gleichm\u00e4\u00dfige Entwicklung beschreibt, sondern gro\u00dfe Schwankungen bereith\u00e4lt. Auf extrem warme Jahre folgt wieder ein ganz normales oder auch k\u00fchles. Das erfordert von den Winzern noch mehr Flexibilit\u00e4t bei der Arbeit und noch mehr Aufmerksamkeit w\u00e4hrend der einzelnen Vegetationsphasen. Was dieses Jahr richtig ist, ist vielleicht im kommenden Jahr nicht mehr passend. Umso mehr verdienen die Winzerinnen und Weinmacher unseren Respekt f\u00fcr ihre Arbeit, die wegen des Klimawandels deutlich schwieriger geworden ist.<\/p>\n<div class=\"product-slider\" id=\"_prodSlider69f52ff851067\">\n\t\t\t<h2>Jetzt Rotwein online bestellen<\/h2>\n\t\t\n\t<div class=\"slide-area\">\n\t\t<div class=\"slides\">\n\t\t\t\t\t\t\t<div class=\"slide\">\n\t\t\t\t\t\t\t\t\t\t\t<a class=\"product\" href=\"https:\/\/www.weinfreunde.de\/p\/rubin-carnuntum-bio-grassl\/?ecid=int_magazin_nn_nn_nn_nn_nn_nn\" target=\"_blank\">\n\t\t\t\t\t\t\t\t\t\t\t<div class=\"image\">\n\t\t\t\t\t\t\t<div\n                                    class=\"bg\"\n                                    style=\"background-image: url(https:\/\/10b644692e76ab15cf59-eaadbe2afc1f47d8740ca8f676f7fe70.ssl.cf3.rackcdn.com\/2000010049_900v-D1s79AQO.png);\"\n                            ><\/div>\n\t\t\t\t\t\t<\/div>\n\t\t\t\t\t\t<div class=\"c\">\n\t\t\t\t\t\t\t<div class=\"title\">Rubin Carnuntum (Bio) 2022<\/div>\n\t\t\t\t\t\t\t<div class=\"brand\">Grassl<\/div>\n\t\t\t\t\t\t\t\t\t\t\t\t\t\t\t<div class=\"details\">\n\t\t\t\t\t\t\t\t\t\t\t\t\t\t\t\t\t\t\t<div>Rotwein<\/div>\n\t\t\t\t\t\t\t\t\t\t\t\t\t\t\t\t\t\t\t<div>Zweigelt<\/div>\n\t\t\t\t\t\t\t\t\t\t\t\t\t\t\t\t\t<\/div>\n\t\t\t\t\t\t\t\t\t\t\t\t\t<\/div>\n\t\t\t\t\t<\/a>\n\t\t\t\t<\/div>\n\t\t\t\t\t\t\t<div class=\"slide\">\n\t\t\t\t\t\t\t\t\t\t\t<a class=\"product\" href=\"https:\/\/www.weinfreunde.de\/p\/ultra-malbec-kaiken\/?ecid=int_magazin_nn_nn_nn_nn_nn_nn\" target=\"_blank\">\n\t\t\t\t\t\t\t\t\t\t\t<div class=\"image\">\n\t\t\t\t\t\t\t<div\n                                    class=\"bg\"\n                                    style=\"background-image: url(https:\/\/10b644692e76ab15cf59-eaadbe2afc1f47d8740ca8f676f7fe70.ssl.cf3.rackcdn.com\/2000010050_900v-9Mrs5JjI.png);\"\n                            ><\/div>\n\t\t\t\t\t\t<\/div>\n\t\t\t\t\t\t<div class=\"c\">\n\t\t\t\t\t\t\t<div class=\"title\">Ultra Malbec 2022<\/div>\n\t\t\t\t\t\t\t<div class=\"brand\">Kaiken<\/div>\n\t\t\t\t\t\t\t\t\t\t\t\t\t\t\t<div class=\"details\">\n\t\t\t\t\t\t\t\t\t\t\t\t\t\t\t\t\t\t\t<div>Rotwein<\/div>\n\t\t\t\t\t\t\t\t\t\t\t\t\t\t\t\t\t\t\t<div>Malbec<\/div>\n\t\t\t\t\t\t\t\t\t\t\t\t\t\t\t\t\t<\/div>\n\t\t\t\t\t\t\t\t\t\t\t\t\t<\/div>\n\t\t\t\t\t<\/a>\n\t\t\t\t<\/div>\n\t\t\t\t\t\t\t<div class=\"slide\">\n\t\t\t\t\t\t\t\t\t\t\t<a class=\"product\" href=\"https:\/\/www.weinfreunde.de\/p\/barbera-piemonte-cascina-radice\/?ecid=int_magazin_nn_nn_nn_nn_nn_nn\" target=\"_blank\">\n\t\t\t\t\t\t\t\t\t\t\t<div class=\"image\">\n\t\t\t\t\t\t\t<div\n                                    class=\"bg\"\n                                    style=\"background-image: url(https:\/\/10b644692e76ab15cf59-eaadbe2afc1f47d8740ca8f676f7fe70.ssl.cf3.rackcdn.com\/2000010053_900v-a8WIUew4.png);\"\n                            ><\/div>\n\t\t\t\t\t\t<\/div>\n\t\t\t\t\t\t<div class=\"c\">\n\t\t\t\t\t\t\t<div class=\"title\">Barbera Piemonte 2023<\/div>\n\t\t\t\t\t\t\t<div class=\"brand\">Cascina Radice<\/div>\n\t\t\t\t\t\t\t\t\t\t\t\t\t\t\t<div class=\"details\">\n\t\t\t\t\t\t\t\t\t\t\t\t\t\t\t\t\t\t\t<div>Rotwein<\/div>\n\t\t\t\t\t\t\t\t\t\t\t\t\t\t\t\t\t\t\t<div>Barbera<\/div>\n\t\t\t\t\t\t\t\t\t\t\t\t\t\t\t\t\t<\/div>\n\t\t\t\t\t\t\t\t\t\t\t\t\t<\/div>\n\t\t\t\t\t<\/a>\n\t\t\t\t<\/div>\n\t\t\t\t\t\t\t<div class=\"slide\">\n\t\t\t\t\t\t\t\t\t\t\t<a class=\"product\" href=\"https:\/\/www.weinfreunde.de\/p\/blaufraenkisch-hochaecker-paul-kerschbaum\/?ecid=int_magazin_nn_nn_nn_nn_nn_nn\" target=\"_blank\">\n\t\t\t\t\t\t\t\t\t\t\t<div class=\"image\">\n\t\t\t\t\t\t\t<div\n                                    class=\"bg\"\n                                    style=\"background-image: url(https:\/\/images.cdn.europe-west1.gcp.commercetools.com\/c465d296-b9b4-4e2d-afd0-6980caa08886\/2000010100_900v-CFHWsgZg.png);\"\n                            ><\/div>\n\t\t\t\t\t\t<\/div>\n\t\t\t\t\t\t<div class=\"c\">\n\t\t\t\t\t\t\t<div class=\"title\">Blaufr\u00e4nkisch Hoch\u00e4cker 2021<\/div>\n\t\t\t\t\t\t\t<div class=\"brand\">Paul Kerschbaum<\/div>\n\t\t\t\t\t\t\t\t\t\t\t\t\t\t\t<div class=\"details\">\n\t\t\t\t\t\t\t\t\t\t\t\t\t\t\t\t\t\t\t<div>Rotwein<\/div>\n\t\t\t\t\t\t\t\t\t\t\t\t\t\t\t\t\t\t\t<div>Blaufr\u00e4nkisch<\/div>\n\t\t\t\t\t\t\t\t\t\t\t\t\t\t\t\t\t\t\t<div>Burgenland<\/div>\n\t\t\t\t\t\t\t\t\t\t\t\t\t\t\t\t\t<\/div>\n\t\t\t\t\t\t\t\t\t\t\t\t\t<\/div>\n\t\t\t\t\t<\/a>\n\t\t\t\t<\/div>\n\t\t\t\t\t\t\t<div class=\"slide\">\n\t\t\t\t\t\t\t\t\t\t\t<a class=\"product\" href=\"https:\/\/www.weinfreunde.de\/p\/altos-ibericos-rioja-miguel-torres\/?ecid=int_magazin_nn_nn_nn_nn_nn_nn\" target=\"_blank\">\n\t\t\t\t\t\t\t\t\t\t\t<div class=\"image\">\n\t\t\t\t\t\t\t<div\n                                    class=\"bg\"\n                                    style=\"background-image: url(https:\/\/images.cdn.europe-west1.gcp.commercetools.com\/c465d296-b9b4-4e2d-afd0-6980caa08886\/2000010136_900v-FVZPAXri.png);\"\n                            ><\/div>\n\t\t\t\t\t\t<\/div>\n\t\t\t\t\t\t<div class=\"c\">\n\t\t\t\t\t\t\t<div class=\"title\">Altos Ib\u00e9ricos Rioja 2021<\/div>\n\t\t\t\t\t\t\t<div class=\"brand\">Miguel Torres<\/div>\n\t\t\t\t\t\t\t\t\t\t\t\t\t\t\t<div class=\"details\">\n\t\t\t\t\t\t\t\t\t\t\t\t\t\t\t\t\t\t\t<div>Rotwein<\/div>\n\t\t\t\t\t\t\t\t\t\t\t\t\t\t\t\t\t\t\t<div>Tempranillo<\/div>\n\t\t\t\t\t\t\t\t\t\t\t\t\t\t\t\t\t<\/div>\n\t\t\t\t\t\t\t\t\t\t\t\t\t<\/div>\n\t\t\t\t\t<\/a>\n\t\t\t\t<\/div>\n\t\t\t\t\t\t\t<div class=\"slide\">\n\t\t\t\t\t\t\t\t\t\t\t<a class=\"product\" href=\"https:\/\/www.weinfreunde.de\/p\/sao-miguel-dos-descobridores-reserva-herdade-de-sao-miguel\/?ecid=int_magazin_nn_nn_nn_nn_nn_nn\" target=\"_blank\">\n\t\t\t\t\t\t\t\t\t\t\t<div class=\"image\">\n\t\t\t\t\t\t\t<div\n                                    class=\"bg\"\n                                    style=\"background-image: url(https:\/\/10b644692e76ab15cf59-eaadbe2afc1f47d8740ca8f676f7fe70.ssl.cf3.rackcdn.com\/2000010233_900v-XgJ8LNq-.png);\"\n                            ><\/div>\n\t\t\t\t\t\t<\/div>\n\t\t\t\t\t\t<div class=\"c\">\n\t\t\t\t\t\t\t<div class=\"title\">S\u00e3o Miguel dos Descobridores Reserva \u2026<\/div>\n\t\t\t\t\t\t\t<div class=\"brand\">Herdade de S\u00e3o Miguel<\/div>\n\t\t\t\t\t\t\t\t\t\t\t\t\t\t\t<div class=\"details\">\n\t\t\t\t\t\t\t\t\t\t\t\t\t\t\t\t\t\t\t<div>Rotwein<\/div>\n\t\t\t\t\t\t\t\t\t\t\t\t\t\t\t\t\t\t\t<div>Touriga Franca, Touriga Nacional, Trincadeira<\/div>\n\t\t\t\t\t\t\t\t\t\t\t\t\t\t\t\t\t\t\t<div>Alentejo<\/div>\n\t\t\t\t\t\t\t\t\t\t\t\t\t\t\t\t\t<\/div>\n\t\t\t\t\t\t\t\t\t\t\t\t\t<\/div>\n\t\t\t\t\t<\/a>\n\t\t\t\t<\/div>\n\t\t\t\t\t\t\t<div class=\"slide\">\n\t\t\t\t\t\t\t\t\t\t\t<a class=\"product\" href=\"https:\/\/www.weinfreunde.de\/p\/legends-scheiblhofer\/?ecid=int_magazin_nn_nn_nn_nn_nn_nn\" target=\"_blank\">\n\t\t\t\t\t\t\t\t\t\t\t<div class=\"image\">\n\t\t\t\t\t\t\t<div\n                                    class=\"bg\"\n                                    style=\"background-image: url(https:\/\/10b644692e76ab15cf59-eaadbe2afc1f47d8740ca8f676f7fe70.ssl.cf3.rackcdn.com\/2000010271_900v-JDFmU5_-.png);\"\n                            ><\/div>\n\t\t\t\t\t\t<\/div>\n\t\t\t\t\t\t<div class=\"c\">\n\t\t\t\t\t\t\t<div class=\"title\">Legends 2023<\/div>\n\t\t\t\t\t\t\t<div class=\"brand\">Scheiblhofer<\/div>\n\t\t\t\t\t\t\t\t\t\t\t\t\t\t\t<div class=\"details\">\n\t\t\t\t\t\t\t\t\t\t\t\t\t\t\t\t\t\t\t<div>Rotwein<\/div>\n\t\t\t\t\t\t\t\t\t\t\t\t\t\t\t\t\t\t\t<div>Cabernet Sauvignon, Merlot<\/div>\n\t\t\t\t\t\t\t\t\t\t\t\t\t\t\t\t\t<\/div>\n\t\t\t\t\t\t\t\t\t\t\t\t\t<\/div>\n\t\t\t\t\t<\/a>\n\t\t\t\t<\/div>\n\t\t\t\t\t\t\t<div class=\"slide\">\n\t\t\t\t\t\t\t\t\t\t\t<a class=\"product\" href=\"https:\/\/www.weinfreunde.de\/p\/das-kleine-kreuz-trocken-bio-rings\/?ecid=int_magazin_nn_nn_nn_nn_nn_nn\" target=\"_blank\">\n\t\t\t\t\t\t\t\t\t\t\t<div class=\"image\">\n\t\t\t\t\t\t\t<div\n                                    class=\"bg\"\n                                    style=\"background-image: url(https:\/\/10b644692e76ab15cf59-eaadbe2afc1f47d8740ca8f676f7fe70.ssl.cf3.rackcdn.com\/2000010278_900v-3SEE8N57.png);\"\n                            ><\/div>\n\t\t\t\t\t\t<\/div>\n\t\t\t\t\t\t<div class=\"c\">\n\t\t\t\t\t\t\t<div class=\"title\">Das kleine Kreuz trocken (Bio) 2022<\/div>\n\t\t\t\t\t\t\t<div class=\"brand\">Rings<\/div>\n\t\t\t\t\t\t\t\t\t\t\t\t\t\t\t<div class=\"details\">\n\t\t\t\t\t\t\t\t\t\t\t\t\t\t\t\t\t\t\t<div>Rotwein<\/div>\n\t\t\t\t\t\t\t\t\t\t\t\t\t\t\t\t\t\t\t<div>Merlot, St. Laurent, Cabernet Sauvignon, Cabernet Franc<\/div>\n\t\t\t\t\t\t\t\t\t\t\t\t\t\t\t\t\t\t\t<div>Pfalz<\/div>\n\t\t\t\t\t\t\t\t\t\t\t\t\t\t\t\t\t<\/div>\n\t\t\t\t\t\t\t\t\t\t\t\t\t<\/div>\n\t\t\t\t\t<\/a>\n\t\t\t\t<\/div>\n\t\t\t\t\t\t\t<div class=\"slide\">\n\t\t\t\t\t\t\t\t\t\t\t<a class=\"product\" href=\"https:\/\/www.weinfreunde.de\/p\/bull-ant-shiraz-langhorne-creek-lake-breeze\/?ecid=int_magazin_nn_nn_nn_nn_nn_nn\" target=\"_blank\">\n\t\t\t\t\t\t\t\t\t\t\t<div class=\"image\">\n\t\t\t\t\t\t\t<div\n                                    class=\"bg\"\n                                    style=\"background-image: url(https:\/\/10b644692e76ab15cf59-eaadbe2afc1f47d8740ca8f676f7fe70.ssl.cf3.rackcdn.com\/2000010333_900v-urXTqIpf.png);\"\n                            ><\/div>\n\t\t\t\t\t\t<\/div>\n\t\t\t\t\t\t<div class=\"c\">\n\t\t\t\t\t\t\t<div class=\"title\">Bull Ant Shiraz Langhorne Creek 2022<\/div>\n\t\t\t\t\t\t\t<div class=\"brand\">Lake Breeze<\/div>\n\t\t\t\t\t\t\t\t\t\t\t\t\t\t\t<div class=\"details\">\n\t\t\t\t\t\t\t\t\t\t\t\t\t\t\t\t\t\t\t<div>Rotwein<\/div>\n\t\t\t\t\t\t\t\t\t\t\t\t\t\t\t\t\t\t\t<div>Shiraz<\/div>\n\t\t\t\t\t\t\t\t\t\t\t\t\t\t\t\t\t<\/div>\n\t\t\t\t\t\t\t\t\t\t\t\t\t<\/div>\n\t\t\t\t\t<\/a>\n\t\t\t\t<\/div>\n\t\t\t\t\t\t\t<div class=\"slide\">\n\t\t\t\t\t\t\t\t\t\t\t<a class=\"product\" href=\"https:\/\/www.weinfreunde.de\/p\/rioja-gran-reserva-baron-de-ley\/?ecid=int_magazin_nn_nn_nn_nn_nn_nn\" target=\"_blank\">\n\t\t\t\t\t\t\t\t\t\t\t<div class=\"image\">\n\t\t\t\t\t\t\t<div\n                                    class=\"bg\"\n                                    style=\"background-image: url(https:\/\/images.cdn.europe-west1.gcp.commercetools.com\/c465d296-b9b4-4e2d-afd0-6980caa08886\/2000010381_900v-c4UKfEXV.png);\"\n                            ><\/div>\n\t\t\t\t\t\t<\/div>\n\t\t\t\t\t\t<div class=\"c\">\n\t\t\t\t\t\t\t<div class=\"title\">Rioja Gran Reserva 2018<\/div>\n\t\t\t\t\t\t\t<div class=\"brand\">Bar\u00f3n de Ley<\/div>\n\t\t\t\t\t\t\t\t\t\t\t\t\t\t\t<div class=\"details\">\n\t\t\t\t\t\t\t\t\t\t\t\t\t\t\t\t\t\t\t<div>Rotwein<\/div>\n\t\t\t\t\t\t\t\t\t\t\t\t\t\t\t\t\t\t\t<div>Tempranillo, Graciano<\/div>\n\t\t\t\t\t\t\t\t\t\t\t\t\t\t\t\t\t\t\t<div>Rioja<\/div>\n\t\t\t\t\t\t\t\t\t\t\t\t\t\t\t\t\t<\/div>\n\t\t\t\t\t\t\t\t\t\t\t\t\t<\/div>\n\t\t\t\t\t<\/a>\n\t\t\t\t<\/div>\n\t\t\t\t\t\t\t<div class=\"slide\">\n\t\t\t\t\t\t\t\t\t\t\t<a class=\"product\" href=\"https:\/\/www.weinfreunde.de\/p\/marterey-merlot-cabernet-syrah-les-producteurs-reunis\/?ecid=int_magazin_nn_nn_nn_nn_nn_nn\" target=\"_blank\">\n\t\t\t\t\t\t\t\t\t\t\t<div class=\"image\">\n\t\t\t\t\t\t\t<div\n                                    class=\"bg\"\n                                    style=\"background-image: url(https:\/\/images.cdn.europe-west1.gcp.commercetools.com\/c465d296-b9b4-4e2d-afd0-6980caa08886\/2000010409_900v-btcgvgCY.png);\"\n                            ><\/div>\n\t\t\t\t\t\t<\/div>\n\t\t\t\t\t\t<div class=\"c\">\n\t\t\t\t\t\t\t<div class=\"title\">Marterey Merlot Cabernet Syrah 2024<\/div>\n\t\t\t\t\t\t\t<div class=\"brand\">Les Producteurs R\u00e9unis<\/div>\n\t\t\t\t\t\t\t\t\t\t\t\t\t\t\t<div class=\"details\">\n\t\t\t\t\t\t\t\t\t\t\t\t\t\t\t\t\t\t\t<div>Rotwein<\/div>\n\t\t\t\t\t\t\t\t\t\t\t\t\t\t\t\t\t\t\t<div>Merlot, Cabernet Sauvignon, Syrah<\/div>\n\t\t\t\t\t\t\t\t\t\t\t\t\t\t\t\t\t<\/div>\n\t\t\t\t\t\t\t\t\t\t\t\t\t<\/div>\n\t\t\t\t\t<\/a>\n\t\t\t\t<\/div>\n\t\t\t\t\t\t\t<div class=\"slide\">\n\t\t\t\t\t\t\t\t\t\t\t<a class=\"product\" href=\"https:\/\/www.weinfreunde.de\/p\/zweigelt-neusiedlersee-scheiblhofer\/?ecid=int_magazin_nn_nn_nn_nn_nn_nn\" target=\"_blank\">\n\t\t\t\t\t\t\t\t\t\t\t<div class=\"image\">\n\t\t\t\t\t\t\t<div\n                                    class=\"bg\"\n                                    style=\"background-image: url(https:\/\/10b644692e76ab15cf59-eaadbe2afc1f47d8740ca8f676f7fe70.ssl.cf3.rackcdn.com\/2000010415_900v-Zg_Up8U-.png);\"\n                            ><\/div>\n\t\t\t\t\t\t<\/div>\n\t\t\t\t\t\t<div class=\"c\">\n\t\t\t\t\t\t\t<div class=\"title\">Zweigelt Neusiedlersee 2024<\/div>\n\t\t\t\t\t\t\t<div class=\"brand\">Scheiblhofer<\/div>\n\t\t\t\t\t\t\t\t\t\t\t\t\t\t\t<div class=\"details\">\n\t\t\t\t\t\t\t\t\t\t\t\t\t\t\t\t\t\t\t<div>Rotwein<\/div>\n\t\t\t\t\t\t\t\t\t\t\t\t\t\t\t\t\t\t\t<div>Zweigelt<\/div>\n\t\t\t\t\t\t\t\t\t\t\t\t\t\t\t\t\t\t\t<div>Neusiedlersee<\/div>\n\t\t\t\t\t\t\t\t\t\t\t\t\t\t\t\t\t<\/div>\n\t\t\t\t\t\t\t\t\t\t\t\t\t<\/div>\n\t\t\t\t\t<\/a>\n\t\t\t\t<\/div>\n\t\t\t\t\t\t\t<div class=\"slide\">\n\t\t\t\t\t\t\t\t\t\t\t<a class=\"product\" href=\"https:\/\/www.weinfreunde.de\/p\/tamboerskloof-syrah-kleinood-wines\/?ecid=int_magazin_nn_nn_nn_nn_nn_nn\" target=\"_blank\">\n\t\t\t\t\t\t\t\t\t\t\t<div class=\"image\">\n\t\t\t\t\t\t\t<div\n                                    class=\"bg\"\n                                    style=\"background-image: url(https:\/\/10b644692e76ab15cf59-eaadbe2afc1f47d8740ca8f676f7fe70.ssl.cf3.rackcdn.com\/2000010430_900v-IhGQBrmm.png);\"\n                            ><\/div>\n\t\t\t\t\t\t<\/div>\n\t\t\t\t\t\t<div class=\"c\">\n\t\t\t\t\t\t\t<div class=\"title\">Tamboerskloof Syrah 2020<\/div>\n\t\t\t\t\t\t\t<div class=\"brand\">Kleinood Wines<\/div>\n\t\t\t\t\t\t\t\t\t\t\t\t\t\t\t<div class=\"details\">\n\t\t\t\t\t\t\t\t\t\t\t\t\t\t\t\t\t\t\t<div>Rotwein<\/div>\n\t\t\t\t\t\t\t\t\t\t\t\t\t\t\t\t\t\t\t<div>Syrah<\/div>\n\t\t\t\t\t\t\t\t\t\t\t\t\t\t\t\t\t<\/div>\n\t\t\t\t\t\t\t\t\t\t\t\t\t<\/div>\n\t\t\t\t\t<\/a>\n\t\t\t\t<\/div>\n\t\t\t\t\t\t\t<div class=\"slide\">\n\t\t\t\t\t\t\t\t\t\t\t<a class=\"product\" href=\"https:\/\/www.weinfreunde.de\/p\/miluna-primitivo-salento-cantine-san-marzano\/?ecid=int_magazin_nn_nn_nn_nn_nn_nn\" target=\"_blank\">\n\t\t\t\t\t\t\t\t\t\t\t<div class=\"image\">\n\t\t\t\t\t\t\t<div\n                                    class=\"bg\"\n                                    style=\"background-image: url(https:\/\/10b644692e76ab15cf59-eaadbe2afc1f47d8740ca8f676f7fe70.ssl.cf3.rackcdn.com\/2000010455_900v-gWnMv8Ph.png);\"\n                            ><\/div>\n\t\t\t\t\t\t<\/div>\n\t\t\t\t\t\t<div class=\"c\">\n\t\t\t\t\t\t\t<div class=\"title\">Miluna Primitivo Salento 2023<\/div>\n\t\t\t\t\t\t\t<div class=\"brand\">Cantine San Marzano<\/div>\n\t\t\t\t\t\t\t\t\t\t\t\t\t\t\t<div class=\"details\">\n\t\t\t\t\t\t\t\t\t\t\t\t\t\t\t\t\t\t\t<div>Rotwein<\/div>\n\t\t\t\t\t\t\t\t\t\t\t\t\t\t\t\t\t\t\t<div>Primitivo<\/div>\n\t\t\t\t\t\t\t\t\t\t\t\t\t\t\t\t\t\t\t<div>Apulien<\/div>\n\t\t\t\t\t\t\t\t\t\t\t\t\t\t\t\t\t<\/div>\n\t\t\t\t\t\t\t\t\t\t\t\t\t<\/div>\n\t\t\t\t\t<\/a>\n\t\t\t\t<\/div>\n\t\t\t\t\t\t\t<div class=\"slide\">\n\t\t\t\t\t\t\t\t\t\t\t<a class=\"product\" href=\"https:\/\/www.weinfreunde.de\/p\/puro-malbec-cabernet-bio-dieter-meier\/?ecid=int_magazin_nn_nn_nn_nn_nn_nn\" target=\"_blank\">\n\t\t\t\t\t\t\t\t\t\t\t<div class=\"image\">\n\t\t\t\t\t\t\t<div\n                                    class=\"bg\"\n                                    style=\"background-image: url(https:\/\/10b644692e76ab15cf59-eaadbe2afc1f47d8740ca8f676f7fe70.ssl.cf3.rackcdn.com\/2000010456_900v-XPy8jMX4.png);\"\n                            ><\/div>\n\t\t\t\t\t\t<\/div>\n\t\t\t\t\t\t<div class=\"c\">\n\t\t\t\t\t\t\t<div class=\"title\">Puro Malbec Cabernet (Bio) 2023<\/div>\n\t\t\t\t\t\t\t<div class=\"brand\">Dieter Meier<\/div>\n\t\t\t\t\t\t\t\t\t\t\t\t\t\t\t<div class=\"details\">\n\t\t\t\t\t\t\t\t\t\t\t\t\t\t\t\t\t\t\t<div>Rotwein<\/div>\n\t\t\t\t\t\t\t\t\t\t\t\t\t\t\t\t\t\t\t<div>Malbec, Cabernet Sauvignon<\/div>\n\t\t\t\t\t\t\t\t\t\t\t\t\t\t\t\t\t<\/div>\n\t\t\t\t\t\t\t\t\t\t\t\t\t<\/div>\n\t\t\t\t\t<\/a>\n\t\t\t\t<\/div>\n\t\t\t\t\t\t\t<div class=\"slide\">\n\t\t\t\t\t\t\t\t\t\t\t<a class=\"product\" href=\"https:\/\/www.weinfreunde.de\/p\/malbec-kaiken\/?ecid=int_magazin_nn_nn_nn_nn_nn_nn\" target=\"_blank\">\n\t\t\t\t\t\t\t\t\t\t\t<div class=\"image\">\n\t\t\t\t\t\t\t<div\n                                    class=\"bg\"\n                                    style=\"background-image: url(https:\/\/10b644692e76ab15cf59-eaadbe2afc1f47d8740ca8f676f7fe70.ssl.cf3.rackcdn.com\/2000010481_900v-nhP8dZN3.png);\"\n                            ><\/div>\n\t\t\t\t\t\t<\/div>\n\t\t\t\t\t\t<div class=\"c\">\n\t\t\t\t\t\t\t<div class=\"title\">Malbec 2023<\/div>\n\t\t\t\t\t\t\t<div class=\"brand\">Kaiken<\/div>\n\t\t\t\t\t\t\t\t\t\t\t\t\t\t\t<div class=\"details\">\n\t\t\t\t\t\t\t\t\t\t\t\t\t\t\t\t\t\t\t<div>Rotwein<\/div>\n\t\t\t\t\t\t\t\t\t\t\t\t\t\t\t\t\t\t\t<div>Malbec<\/div>\n\t\t\t\t\t\t\t\t\t\t\t\t\t\t\t\t\t<\/div>\n\t\t\t\t\t\t\t\t\t\t\t\t\t<\/div>\n\t\t\t\t\t<\/a>\n\t\t\t\t<\/div>\n\t\t\t\t\t\t\t<div class=\"slide\">\n\t\t\t\t\t\t\t\t\t\t\t<a class=\"product\" href=\"https:\/\/www.weinfreunde.de\/p\/rosso-piceno-superiore-bio-tenuta-de-angelis\/?ecid=int_magazin_nn_nn_nn_nn_nn_nn\" target=\"_blank\">\n\t\t\t\t\t\t\t\t\t\t\t<div class=\"image\">\n\t\t\t\t\t\t\t<div\n                                    class=\"bg\"\n                                    style=\"background-image: url(https:\/\/10b644692e76ab15cf59-eaadbe2afc1f47d8740ca8f676f7fe70.ssl.cf3.rackcdn.com\/2000010502_900v-tlYOWA9P.png);\"\n                            ><\/div>\n\t\t\t\t\t\t<\/div>\n\t\t\t\t\t\t<div class=\"c\">\n\t\t\t\t\t\t\t<div class=\"title\">Rosso Piceno Superiore (Bio) 2022<\/div>\n\t\t\t\t\t\t\t<div class=\"brand\">Tenuta De Angelis<\/div>\n\t\t\t\t\t\t\t\t\t\t\t\t\t\t\t<div class=\"details\">\n\t\t\t\t\t\t\t\t\t\t\t\t\t\t\t\t\t\t\t<div>Rotwein<\/div>\n\t\t\t\t\t\t\t\t\t\t\t\t\t\t\t\t\t\t\t<div>Sangiovese, Montepulciano<\/div>\n\t\t\t\t\t\t\t\t\t\t\t\t\t\t\t\t\t<\/div>\n\t\t\t\t\t\t\t\t\t\t\t\t\t<\/div>\n\t\t\t\t\t<\/a>\n\t\t\t\t<\/div>\n\t\t\t\t\t\t\t<div class=\"slide\">\n\t\t\t\t\t\t\t\t\t\t\t<a class=\"product\" href=\"https:\/\/www.weinfreunde.de\/p\/das-phantom-bio-k-k-kirnbauer\/?ecid=int_magazin_nn_nn_nn_nn_nn_nn\" target=\"_blank\">\n\t\t\t\t\t\t\t\t\t\t\t<div class=\"image\">\n\t\t\t\t\t\t\t<div\n                                    class=\"bg\"\n                                    style=\"background-image: url(https:\/\/10b644692e76ab15cf59-eaadbe2afc1f47d8740ca8f676f7fe70.ssl.cf3.rackcdn.com\/2000010513_900v-3u8nPGkQ.png);\"\n                            ><\/div>\n\t\t\t\t\t\t<\/div>\n\t\t\t\t\t\t<div class=\"c\">\n\t\t\t\t\t\t\t<div class=\"title\">Das Phantom (Bio) 2023<\/div>\n\t\t\t\t\t\t\t<div class=\"brand\">K+K Kirnbauer<\/div>\n\t\t\t\t\t\t\t\t\t\t\t\t\t\t\t<div class=\"details\">\n\t\t\t\t\t\t\t\t\t\t\t\t\t\t\t\t\t\t\t<div>Rotwein<\/div>\n\t\t\t\t\t\t\t\t\t\t\t\t\t\t\t\t\t\t\t<div>Syrah, Merlot, Cabernet Sauvignon, Blaufr\u00e4nkisch<\/div>\n\t\t\t\t\t\t\t\t\t\t\t\t\t\t\t\t\t<\/div>\n\t\t\t\t\t\t\t\t\t\t\t\t\t<\/div>\n\t\t\t\t\t<\/a>\n\t\t\t\t<\/div>\n\t\t\t\t\t\t\t<div class=\"slide\">\n\t\t\t\t\t\t\t\t\t\t\t<a class=\"product\" href=\"https:\/\/www.weinfreunde.de\/p\/cornet-cie-banyuls-rimage-0-5-l-abbe-rous\/?ecid=int_magazin_nn_nn_nn_nn_nn_nn\" target=\"_blank\">\n\t\t\t\t\t\t\t\t\t\t\t<div class=\"image\">\n\t\t\t\t\t\t\t<div\n                                    class=\"bg\"\n                                    style=\"background-image: url(https:\/\/10b644692e76ab15cf59-eaadbe2afc1f47d8740ca8f676f7fe70.ssl.cf3.rackcdn.com\/2000010608_900v-zGvjfXhb.png);\"\n                            ><\/div>\n\t\t\t\t\t\t<\/div>\n\t\t\t\t\t\t<div class=\"c\">\n\t\t\t\t\t\t\t<div class=\"title\">Cornet &amp; Cie Banyuls Rimage - 0,5 L 20\u2026<\/div>\n\t\t\t\t\t\t\t<div class=\"brand\">Abbe Rous<\/div>\n\t\t\t\t\t\t\t\t\t\t\t\t\t\t\t<div class=\"details\">\n\t\t\t\t\t\t\t\t\t\t\t\t\t\t\t\t\t\t\t<div>Rotwein<\/div>\n\t\t\t\t\t\t\t\t\t\t\t\t\t\t\t\t\t\t\t<div>Grenache<\/div>\n\t\t\t\t\t\t\t\t\t\t\t\t\t\t\t\t\t\t\t<div>Languedoc-Roussillon<\/div>\n\t\t\t\t\t\t\t\t\t\t\t\t\t\t\t\t\t<\/div>\n\t\t\t\t\t\t\t\t\t\t\t\t\t<\/div>\n\t\t\t\t\t<\/a>\n\t\t\t\t<\/div>\n\t\t\t\t\t\t\t<div class=\"slide\">\n\t\t\t\t\t\t\t\t\t\t\t<a class=\"product\" href=\"https:\/\/www.weinfreunde.de\/p\/baronie-coraldo-nero-d-avola-baglio-gibellina\/?ecid=int_magazin_nn_nn_nn_nn_nn_nn\" target=\"_blank\">\n\t\t\t\t\t\t\t\t\t\t\t<div class=\"image\">\n\t\t\t\t\t\t\t<div\n                                    class=\"bg\"\n                                    style=\"background-image: url(https:\/\/10b644692e76ab15cf59-eaadbe2afc1f47d8740ca8f676f7fe70.ssl.cf3.rackcdn.com\/2000010639_900v-Rhegq3Az.png);\"\n                            ><\/div>\n\t\t\t\t\t\t<\/div>\n\t\t\t\t\t\t<div class=\"c\">\n\t\t\t\t\t\t\t<div class=\"title\">Baronie Coraldo Nero d&#039;Avola 2023<\/div>\n\t\t\t\t\t\t\t<div class=\"brand\">Baglio Gibellina<\/div>\n\t\t\t\t\t\t\t\t\t\t\t\t\t\t\t<div class=\"details\">\n\t\t\t\t\t\t\t\t\t\t\t\t\t\t\t\t\t\t\t<div>Rotwein<\/div>\n\t\t\t\t\t\t\t\t\t\t\t\t\t\t\t\t\t\t\t<div>Nero d&#039;Avola<\/div>\n\t\t\t\t\t\t\t\t\t\t\t\t\t\t\t\t\t\t\t<div>Sizilien<\/div>\n\t\t\t\t\t\t\t\t\t\t\t\t\t\t\t\t\t<\/div>\n\t\t\t\t\t\t\t\t\t\t\t\t\t<\/div>\n\t\t\t\t\t<\/a>\n\t\t\t\t<\/div>\n\t\t\t\t\t<\/div>\n\t<\/div>\n<\/div>\n<script>_w(() => new WF.Magazin.ProductSlider('#_prodSlider69f52ff851067'));<\/script>\n\n<h2>Mehr zum Klimawandel im Weinbau in unserem Weinfreunde Podcast &#8222;Bei Anruf Wein&#8220;<\/h2>\n<div><script id=\"letscast-player-337ff23a\" src=\"https:\/\/letscast.fm\/podcasts\/bei-anruf-wein-der-weinpodcast-0e704e2e\/episodes\/klimawandel-im-weinbau-wohl-oder-uebel\/player.js\"><\/script><\/div>\n","protected":false},"excerpt":{"rendered":"<p>W\u00e4rmere Temperaturen, mehr Trockenheit und extreme Wettervorf\u00e4lle. Was Klimawandel bedeutet, erleben die Weing\u00fcter hautnah. Theresa berichtet, wie sie mit den Ver\u00e4nderungen umgehen. Menschen, die nicht \u00fcberzeugt sind, dass wir objektiv einen Wandel des Klimas beobachten, m\u00fcssen jetzt erst recht weiterlesen&#8230;. <a class=\"moretag\" href=\"https:\/\/www.weinfreunde.de\/magazin\/weinwissen\/klimawandel-und-weinbau-was-heisst-das-konkret\/\">weiterlesen<\/a><\/p>\n","protected":false},"author":53,"featured_media":9266,"comment_status":"closed","ping_status":"closed","sticky":false,"template":"","format":"standard","meta":{"footnotes":""},"categories":[10],"tags":[],"class_list":["post-6854","post","type-post","status-publish","format-standard","has-post-thumbnail","hentry","category-weinschule"],"yoast_head":"<!-- This site is optimized with the Yoast SEO plugin v27.5 - https:\/\/yoast.com\/product\/yoast-seo-wordpress\/ -->\n<title>Klimawandel und Weinbau &#187; Weinfreunde Magazin<\/title>\n<meta name=\"description\" content=\"Auch der Weinbau bleibt vom Klimawandel nicht verschont. Wir erkl\u00e4ren, wie sich Extremwetterlagen und Co. auf den Weinbau auswirken.\" \/>\n<meta name=\"robots\" content=\"index, follow, max-snippet:-1, max-image-preview:large, max-video-preview:-1\" \/>\n<link rel=\"canonical\" href=\"https:\/\/www.weinfreunde.de\/magazin\/weinwissen\/klimawandel-und-weinbau-was-heisst-das-konkret\/\" \/>\n<meta property=\"og:locale\" content=\"de_DE\" \/>\n<meta property=\"og:type\" content=\"article\" \/>\n<meta property=\"og:title\" content=\"Klimawandel und Weinbau &#187; Weinfreunde Magazin\" \/>\n<meta property=\"og:description\" content=\"Auch der Weinbau bleibt vom Klimawandel nicht verschont. Wir erkl\u00e4ren, wie sich Extremwetterlagen und Co. auf den Weinbau auswirken.\" \/>\n<meta property=\"og:url\" content=\"https:\/\/www.weinfreunde.de\/magazin\/weinwissen\/klimawandel-und-weinbau-was-heisst-das-konkret\/\" \/>\n<meta property=\"og:site_name\" content=\"Weinfreunde Magazin\" \/>\n<meta property=\"article:publisher\" content=\"https:\/\/www.facebook.com\/weinfreunde.de\" \/>\n<meta property=\"article:published_time\" content=\"2023-06-09T14:49:51+00:00\" \/>\n<meta property=\"article:modified_time\" content=\"2024-10-24T09:20:54+00:00\" \/>\n<meta property=\"og:image\" content=\"https:\/\/www.weinfreunde.de\/magazin\/wp-content\/uploads\/2023\/06\/Magazin-Header_1280x650p_Klima_und_Weinbaux.png.webp\" \/>\n\t<meta property=\"og:image:width\" content=\"1280\" \/>\n\t<meta property=\"og:image:height\" content=\"650\" \/>\n\t<meta property=\"og:image:type\" content=\"image\/png\" \/>\n<meta name=\"author\" content=\"Theresa Weber\" \/>\n<meta name=\"twitter:card\" content=\"summary_large_image\" \/>\n<meta name=\"twitter:label1\" content=\"Written by\" \/>\n\t<meta name=\"twitter:data1\" content=\"Theresa Weber\" \/>\n\t<meta name=\"twitter:label2\" content=\"Est. reading time\" \/>\n\t<meta name=\"twitter:data2\" content=\"7\u00a0Minuten\" \/>\n<script type=\"application\/ld+json\" class=\"yoast-schema-graph\">{\"@context\":\"https:\\\/\\\/schema.org\",\"@graph\":[{\"@type\":\"Article\",\"@id\":\"https:\\\/\\\/www.weinfreunde.de\\\/magazin\\\/weinwissen\\\/klimawandel-und-weinbau-was-heisst-das-konkret\\\/#article\",\"isPartOf\":{\"@id\":\"https:\\\/\\\/www.weinfreunde.de\\\/magazin\\\/weinwissen\\\/klimawandel-und-weinbau-was-heisst-das-konkret\\\/\"},\"author\":{\"name\":\"Theresa Weber\",\"@id\":\"https:\\\/\\\/www.weinfreunde.de\\\/magazin\\\/#\\\/schema\\\/person\\\/2cf9755c05e64a2f23ee78404efa9acb\"},\"headline\":\"Klimawandel und Weinbau: Was hei\u00dft das konkret?\",\"datePublished\":\"2023-06-09T14:49:51+00:00\",\"dateModified\":\"2024-10-24T09:20:54+00:00\",\"mainEntityOfPage\":{\"@id\":\"https:\\\/\\\/www.weinfreunde.de\\\/magazin\\\/weinwissen\\\/klimawandel-und-weinbau-was-heisst-das-konkret\\\/\"},\"wordCount\":1117,\"publisher\":{\"@id\":\"https:\\\/\\\/www.weinfreunde.de\\\/magazin\\\/#organization\"},\"image\":{\"@id\":\"https:\\\/\\\/www.weinfreunde.de\\\/magazin\\\/weinwissen\\\/klimawandel-und-weinbau-was-heisst-das-konkret\\\/#primaryimage\"},\"thumbnailUrl\":\"https:\\\/\\\/www.weinfreunde.de\\\/magazin\\\/wp-content\\\/uploads\\\/2023\\\/06\\\/Magazin-Header_1280x650p_Klima_und_Weinbaux.png.webp\",\"articleSection\":[\"Weinschule\"],\"inLanguage\":\"de\"},{\"@type\":\"WebPage\",\"@id\":\"https:\\\/\\\/www.weinfreunde.de\\\/magazin\\\/weinwissen\\\/klimawandel-und-weinbau-was-heisst-das-konkret\\\/\",\"url\":\"https:\\\/\\\/www.weinfreunde.de\\\/magazin\\\/weinwissen\\\/klimawandel-und-weinbau-was-heisst-das-konkret\\\/\",\"name\":\"Klimawandel und Weinbau &#187; Weinfreunde Magazin\",\"isPartOf\":{\"@id\":\"https:\\\/\\\/www.weinfreunde.de\\\/magazin\\\/#website\"},\"primaryImageOfPage\":{\"@id\":\"https:\\\/\\\/www.weinfreunde.de\\\/magazin\\\/weinwissen\\\/klimawandel-und-weinbau-was-heisst-das-konkret\\\/#primaryimage\"},\"image\":{\"@id\":\"https:\\\/\\\/www.weinfreunde.de\\\/magazin\\\/weinwissen\\\/klimawandel-und-weinbau-was-heisst-das-konkret\\\/#primaryimage\"},\"thumbnailUrl\":\"https:\\\/\\\/www.weinfreunde.de\\\/magazin\\\/wp-content\\\/uploads\\\/2023\\\/06\\\/Magazin-Header_1280x650p_Klima_und_Weinbaux.png.webp\",\"datePublished\":\"2023-06-09T14:49:51+00:00\",\"dateModified\":\"2024-10-24T09:20:54+00:00\",\"description\":\"Auch der Weinbau bleibt vom Klimawandel nicht verschont. Wir erkl\u00e4ren, wie sich Extremwetterlagen und Co. auf den Weinbau auswirken.\",\"breadcrumb\":{\"@id\":\"https:\\\/\\\/www.weinfreunde.de\\\/magazin\\\/weinwissen\\\/klimawandel-und-weinbau-was-heisst-das-konkret\\\/#breadcrumb\"},\"inLanguage\":\"de\",\"potentialAction\":[{\"@type\":\"ReadAction\",\"target\":[\"https:\\\/\\\/www.weinfreunde.de\\\/magazin\\\/weinwissen\\\/klimawandel-und-weinbau-was-heisst-das-konkret\\\/\"]}]},{\"@type\":\"ImageObject\",\"inLanguage\":\"de\",\"@id\":\"https:\\\/\\\/www.weinfreunde.de\\\/magazin\\\/weinwissen\\\/klimawandel-und-weinbau-was-heisst-das-konkret\\\/#primaryimage\",\"url\":\"https:\\\/\\\/www.weinfreunde.de\\\/magazin\\\/wp-content\\\/uploads\\\/2023\\\/06\\\/Magazin-Header_1280x650p_Klima_und_Weinbaux.png.webp\",\"contentUrl\":\"https:\\\/\\\/www.weinfreunde.de\\\/magazin\\\/wp-content\\\/uploads\\\/2023\\\/06\\\/Magazin-Header_1280x650p_Klima_und_Weinbaux.png.webp\",\"width\":1280,\"height\":650,\"caption\":\"Spanische Weinregion mit trockenem Boden\"},{\"@type\":\"BreadcrumbList\",\"@id\":\"https:\\\/\\\/www.weinfreunde.de\\\/magazin\\\/weinwissen\\\/klimawandel-und-weinbau-was-heisst-das-konkret\\\/#breadcrumb\",\"itemListElement\":[{\"@type\":\"ListItem\",\"position\":1,\"name\":\"Magazin\",\"item\":\"https:\\\/\\\/www.weinfreunde.de\\\/magazin\\\/\"},{\"@type\":\"ListItem\",\"position\":2,\"name\":\"Weinwissen\",\"item\":\"https:\\\/\\\/www.weinfreunde.de\\\/magazin\\\/weinwissen\\\/\"},{\"@type\":\"ListItem\",\"position\":3,\"name\":\"Weinschule\",\"item\":\"https:\\\/\\\/www.weinfreunde.de\\\/magazin\\\/weinwissen\\\/weinschule\\\/\"},{\"@type\":\"ListItem\",\"position\":4,\"name\":\"Klimawandel und Weinbau: Was hei\u00dft das konkret?\"}]},{\"@type\":\"WebSite\",\"@id\":\"https:\\\/\\\/www.weinfreunde.de\\\/magazin\\\/#website\",\"url\":\"https:\\\/\\\/www.weinfreunde.de\\\/magazin\\\/\",\"name\":\"Weinfreunde Magazin\",\"description\":\"Dein Weinfreunde Magazin\",\"publisher\":{\"@id\":\"https:\\\/\\\/www.weinfreunde.de\\\/magazin\\\/#organization\"},\"potentialAction\":[{\"@type\":\"SearchAction\",\"target\":{\"@type\":\"EntryPoint\",\"urlTemplate\":\"https:\\\/\\\/www.weinfreunde.de\\\/magazin\\\/?s={search_term_string}\"},\"query-input\":{\"@type\":\"PropertyValueSpecification\",\"valueRequired\":true,\"valueName\":\"search_term_string\"}}],\"inLanguage\":\"de\"},{\"@type\":\"Organization\",\"@id\":\"https:\\\/\\\/www.weinfreunde.de\\\/magazin\\\/#organization\",\"name\":\"REWE Wein online GmbH | Weinfreunde\",\"url\":\"https:\\\/\\\/www.weinfreunde.de\\\/magazin\\\/\",\"logo\":{\"@type\":\"ImageObject\",\"inLanguage\":\"de\",\"@id\":\"https:\\\/\\\/www.weinfreunde.de\\\/magazin\\\/#\\\/schema\\\/logo\\\/image\\\/\",\"url\":\"https:\\\/\\\/www.weinfreunde.de\\\/magazin\\\/wp-content\\\/uploads\\\/2019\\\/08\\\/WF_Logo_Vertikal_Claim_Schwarz-scaled.jpg.webp\",\"contentUrl\":\"https:\\\/\\\/www.weinfreunde.de\\\/magazin\\\/wp-content\\\/uploads\\\/2019\\\/08\\\/WF_Logo_Vertikal_Claim_Schwarz-scaled.jpg.webp\",\"width\":2048,\"height\":1241,\"caption\":\"REWE Wein online GmbH | Weinfreunde\"},\"image\":{\"@id\":\"https:\\\/\\\/www.weinfreunde.de\\\/magazin\\\/#\\\/schema\\\/logo\\\/image\\\/\"},\"sameAs\":[\"https:\\\/\\\/www.facebook.com\\\/weinfreunde.de\"]},{\"@type\":\"Person\",\"@id\":\"https:\\\/\\\/www.weinfreunde.de\\\/magazin\\\/#\\\/schema\\\/person\\\/2cf9755c05e64a2f23ee78404efa9acb\",\"name\":\"Theresa Weber\",\"image\":{\"@type\":\"ImageObject\",\"inLanguage\":\"de\",\"@id\":\"https:\\\/\\\/secure.gravatar.com\\\/avatar\\\/3acef7c6c88096ec88d266b5950b5978bf89bebb0bc4607ffe3c960e6997de91?s=96&d=mm&r=g\",\"url\":\"https:\\\/\\\/secure.gravatar.com\\\/avatar\\\/3acef7c6c88096ec88d266b5950b5978bf89bebb0bc4607ffe3c960e6997de91?s=96&d=mm&r=g\",\"contentUrl\":\"https:\\\/\\\/secure.gravatar.com\\\/avatar\\\/3acef7c6c88096ec88d266b5950b5978bf89bebb0bc4607ffe3c960e6997de91?s=96&d=mm&r=g\",\"caption\":\"Theresa Weber\"},\"description\":\"Eine echte K\u00f6lnerin, liebevolle Mama von zwei Kindern und leidenschaftliche Weintrinkerin. Theresa arbeitet bei den Weinfreunden im Marketing und ist die \u201cChardonnay Mom\u201d im Team. Ihr Herz schl\u00e4gt aber auch bei guten franz\u00f6sischen Weinen schnell h\u00f6her.\",\"sameAs\":[\"https:\\\/\\\/www.weinfreunde.de\"],\"url\":\"https:\\\/\\\/www.weinfreunde.de\\\/magazin\\\/author\\\/tweber\\\/\"}]}<\/script>\n<!-- \/ Yoast SEO plugin. -->","yoast_head_json":{"title":"Klimawandel und Weinbau &#187; Weinfreunde Magazin","description":"Auch der Weinbau bleibt vom Klimawandel nicht verschont. Wir erkl\u00e4ren, wie sich Extremwetterlagen und Co. auf den Weinbau auswirken.","robots":{"index":"index","follow":"follow","max-snippet":"max-snippet:-1","max-image-preview":"max-image-preview:large","max-video-preview":"max-video-preview:-1"},"canonical":"https:\/\/www.weinfreunde.de\/magazin\/weinwissen\/klimawandel-und-weinbau-was-heisst-das-konkret\/","og_locale":"de_DE","og_type":"article","og_title":"Klimawandel und Weinbau &#187; Weinfreunde Magazin","og_description":"Auch der Weinbau bleibt vom Klimawandel nicht verschont. Wir erkl\u00e4ren, wie sich Extremwetterlagen und Co. auf den Weinbau auswirken.","og_url":"https:\/\/www.weinfreunde.de\/magazin\/weinwissen\/klimawandel-und-weinbau-was-heisst-das-konkret\/","og_site_name":"Weinfreunde Magazin","article_publisher":"https:\/\/www.facebook.com\/weinfreunde.de","article_published_time":"2023-06-09T14:49:51+00:00","article_modified_time":"2024-10-24T09:20:54+00:00","og_image":[{"width":1280,"height":650,"url":"https:\/\/www.weinfreunde.de\/magazin\/wp-content\/uploads\/2023\/06\/Magazin-Header_1280x650p_Klima_und_Weinbaux.png.webp","type":"image\/png"}],"author":"Theresa Weber","twitter_card":"summary_large_image","twitter_misc":{"Written by":"Theresa Weber","Est. reading time":"7\u00a0Minuten"},"schema":{"@context":"https:\/\/schema.org","@graph":[{"@type":"Article","@id":"https:\/\/www.weinfreunde.de\/magazin\/weinwissen\/klimawandel-und-weinbau-was-heisst-das-konkret\/#article","isPartOf":{"@id":"https:\/\/www.weinfreunde.de\/magazin\/weinwissen\/klimawandel-und-weinbau-was-heisst-das-konkret\/"},"author":{"name":"Theresa Weber","@id":"https:\/\/www.weinfreunde.de\/magazin\/#\/schema\/person\/2cf9755c05e64a2f23ee78404efa9acb"},"headline":"Klimawandel und Weinbau: Was hei\u00dft das konkret?","datePublished":"2023-06-09T14:49:51+00:00","dateModified":"2024-10-24T09:20:54+00:00","mainEntityOfPage":{"@id":"https:\/\/www.weinfreunde.de\/magazin\/weinwissen\/klimawandel-und-weinbau-was-heisst-das-konkret\/"},"wordCount":1117,"publisher":{"@id":"https:\/\/www.weinfreunde.de\/magazin\/#organization"},"image":{"@id":"https:\/\/www.weinfreunde.de\/magazin\/weinwissen\/klimawandel-und-weinbau-was-heisst-das-konkret\/#primaryimage"},"thumbnailUrl":"https:\/\/www.weinfreunde.de\/magazin\/wp-content\/uploads\/2023\/06\/Magazin-Header_1280x650p_Klima_und_Weinbaux.png.webp","articleSection":["Weinschule"],"inLanguage":"de"},{"@type":"WebPage","@id":"https:\/\/www.weinfreunde.de\/magazin\/weinwissen\/klimawandel-und-weinbau-was-heisst-das-konkret\/","url":"https:\/\/www.weinfreunde.de\/magazin\/weinwissen\/klimawandel-und-weinbau-was-heisst-das-konkret\/","name":"Klimawandel und Weinbau &#187; Weinfreunde Magazin","isPartOf":{"@id":"https:\/\/www.weinfreunde.de\/magazin\/#website"},"primaryImageOfPage":{"@id":"https:\/\/www.weinfreunde.de\/magazin\/weinwissen\/klimawandel-und-weinbau-was-heisst-das-konkret\/#primaryimage"},"image":{"@id":"https:\/\/www.weinfreunde.de\/magazin\/weinwissen\/klimawandel-und-weinbau-was-heisst-das-konkret\/#primaryimage"},"thumbnailUrl":"https:\/\/www.weinfreunde.de\/magazin\/wp-content\/uploads\/2023\/06\/Magazin-Header_1280x650p_Klima_und_Weinbaux.png.webp","datePublished":"2023-06-09T14:49:51+00:00","dateModified":"2024-10-24T09:20:54+00:00","description":"Auch der Weinbau bleibt vom Klimawandel nicht verschont. Wir erkl\u00e4ren, wie sich Extremwetterlagen und Co. auf den Weinbau auswirken.","breadcrumb":{"@id":"https:\/\/www.weinfreunde.de\/magazin\/weinwissen\/klimawandel-und-weinbau-was-heisst-das-konkret\/#breadcrumb"},"inLanguage":"de","potentialAction":[{"@type":"ReadAction","target":["https:\/\/www.weinfreunde.de\/magazin\/weinwissen\/klimawandel-und-weinbau-was-heisst-das-konkret\/"]}]},{"@type":"ImageObject","inLanguage":"de","@id":"https:\/\/www.weinfreunde.de\/magazin\/weinwissen\/klimawandel-und-weinbau-was-heisst-das-konkret\/#primaryimage","url":"https:\/\/www.weinfreunde.de\/magazin\/wp-content\/uploads\/2023\/06\/Magazin-Header_1280x650p_Klima_und_Weinbaux.png.webp","contentUrl":"https:\/\/www.weinfreunde.de\/magazin\/wp-content\/uploads\/2023\/06\/Magazin-Header_1280x650p_Klima_und_Weinbaux.png.webp","width":1280,"height":650,"caption":"Spanische Weinregion mit trockenem Boden"},{"@type":"BreadcrumbList","@id":"https:\/\/www.weinfreunde.de\/magazin\/weinwissen\/klimawandel-und-weinbau-was-heisst-das-konkret\/#breadcrumb","itemListElement":[{"@type":"ListItem","position":1,"name":"Magazin","item":"https:\/\/www.weinfreunde.de\/magazin\/"},{"@type":"ListItem","position":2,"name":"Weinwissen","item":"https:\/\/www.weinfreunde.de\/magazin\/weinwissen\/"},{"@type":"ListItem","position":3,"name":"Weinschule","item":"https:\/\/www.weinfreunde.de\/magazin\/weinwissen\/weinschule\/"},{"@type":"ListItem","position":4,"name":"Klimawandel und Weinbau: Was hei\u00dft das konkret?"}]},{"@type":"WebSite","@id":"https:\/\/www.weinfreunde.de\/magazin\/#website","url":"https:\/\/www.weinfreunde.de\/magazin\/","name":"Weinfreunde Magazin","description":"Dein Weinfreunde Magazin","publisher":{"@id":"https:\/\/www.weinfreunde.de\/magazin\/#organization"},"potentialAction":[{"@type":"SearchAction","target":{"@type":"EntryPoint","urlTemplate":"https:\/\/www.weinfreunde.de\/magazin\/?s={search_term_string}"},"query-input":{"@type":"PropertyValueSpecification","valueRequired":true,"valueName":"search_term_string"}}],"inLanguage":"de"},{"@type":"Organization","@id":"https:\/\/www.weinfreunde.de\/magazin\/#organization","name":"REWE Wein online GmbH | Weinfreunde","url":"https:\/\/www.weinfreunde.de\/magazin\/","logo":{"@type":"ImageObject","inLanguage":"de","@id":"https:\/\/www.weinfreunde.de\/magazin\/#\/schema\/logo\/image\/","url":"https:\/\/www.weinfreunde.de\/magazin\/wp-content\/uploads\/2019\/08\/WF_Logo_Vertikal_Claim_Schwarz-scaled.jpg.webp","contentUrl":"https:\/\/www.weinfreunde.de\/magazin\/wp-content\/uploads\/2019\/08\/WF_Logo_Vertikal_Claim_Schwarz-scaled.jpg.webp","width":2048,"height":1241,"caption":"REWE Wein online GmbH | Weinfreunde"},"image":{"@id":"https:\/\/www.weinfreunde.de\/magazin\/#\/schema\/logo\/image\/"},"sameAs":["https:\/\/www.facebook.com\/weinfreunde.de"]},{"@type":"Person","@id":"https:\/\/www.weinfreunde.de\/magazin\/#\/schema\/person\/2cf9755c05e64a2f23ee78404efa9acb","name":"Theresa Weber","image":{"@type":"ImageObject","inLanguage":"de","@id":"https:\/\/secure.gravatar.com\/avatar\/3acef7c6c88096ec88d266b5950b5978bf89bebb0bc4607ffe3c960e6997de91?s=96&d=mm&r=g","url":"https:\/\/secure.gravatar.com\/avatar\/3acef7c6c88096ec88d266b5950b5978bf89bebb0bc4607ffe3c960e6997de91?s=96&d=mm&r=g","contentUrl":"https:\/\/secure.gravatar.com\/avatar\/3acef7c6c88096ec88d266b5950b5978bf89bebb0bc4607ffe3c960e6997de91?s=96&d=mm&r=g","caption":"Theresa Weber"},"description":"Eine echte K\u00f6lnerin, liebevolle Mama von zwei Kindern und leidenschaftliche Weintrinkerin. Theresa arbeitet bei den Weinfreunden im Marketing und ist die \u201cChardonnay Mom\u201d im Team. Ihr Herz schl\u00e4gt aber auch bei guten franz\u00f6sischen Weinen schnell h\u00f6her.","sameAs":["https:\/\/www.weinfreunde.de"],"url":"https:\/\/www.weinfreunde.de\/magazin\/author\/tweber\/"}]}},"_links":{"self":[{"href":"https:\/\/www.weinfreunde.de\/magazin\/wp-json\/wp\/v2\/posts\/6854","targetHints":{"allow":["GET"]}}],"collection":[{"href":"https:\/\/www.weinfreunde.de\/magazin\/wp-json\/wp\/v2\/posts"}],"about":[{"href":"https:\/\/www.weinfreunde.de\/magazin\/wp-json\/wp\/v2\/types\/post"}],"author":[{"embeddable":true,"href":"https:\/\/www.weinfreunde.de\/magazin\/wp-json\/wp\/v2\/users\/53"}],"replies":[{"embeddable":true,"href":"https:\/\/www.weinfreunde.de\/magazin\/wp-json\/wp\/v2\/comments?post=6854"}],"version-history":[{"count":8,"href":"https:\/\/www.weinfreunde.de\/magazin\/wp-json\/wp\/v2\/posts\/6854\/revisions"}],"predecessor-version":[{"id":6855,"href":"https:\/\/www.weinfreunde.de\/magazin\/wp-json\/wp\/v2\/posts\/6854\/revisions\/6855"}],"wp:featuredmedia":[{"embeddable":true,"href":"https:\/\/www.weinfreunde.de\/magazin\/wp-json\/wp\/v2\/media\/9266"}],"wp:attachment":[{"href":"https:\/\/www.weinfreunde.de\/magazin\/wp-json\/wp\/v2\/media?parent=6854"}],"wp:term":[{"taxonomy":"category","embeddable":true,"href":"https:\/\/www.weinfreunde.de\/magazin\/wp-json\/wp\/v2\/categories?post=6854"},{"taxonomy":"post_tag","embeddable":true,"href":"https:\/\/www.weinfreunde.de\/magazin\/wp-json\/wp\/v2\/tags?post=6854"}],"curies":[{"name":"wp","href":"https:\/\/api.w.org\/{rel}","templated":true}]}}