{"id":5859,"date":"2022-10-10T17:27:24","date_gmt":"2022-10-10T15:27:24","guid":{"rendered":"https:\/\/www.weinfreunde.de\/magazin\/?post_type=cp_weinwissen&#038;p=5859"},"modified":"2025-09-02T15:33:11","modified_gmt":"2025-09-02T13:33:11","slug":"musik-wein-das-muss-sein","status":"publish","type":"post","link":"https:\/\/www.weinfreunde.de\/magazin\/weinwissen\/musik-wein-das-muss-sein\/","title":{"rendered":"Musik &#038; Wein: das muss sein!"},"content":{"rendered":"<p><strong>Lieder, die zum Wein gesungen werden. Musiker, die zum Winzer werden. Weinfreund J\u00fcrgen\u00a0 ist der uralten Beziehung von Wein und Musik einmal n\u00e4her nachgegangen.<\/strong><\/p>\n<p>Anscheinend ziehen sich Wein und Musik wechselseitig an. Anders kann man die ebenso alte wie vielf\u00e4ltige Beziehungskiste nicht erkl\u00e4ren. Mit dem Trinklied gibt es sogar ein festes Format, das Wein und Musik gewidmet ist. Allein mit Blick auf die deutsche Sprache geht die Zahl der Trinklieder in die Hunderte. Selbstverst\u00e4ndlich lobpreisen nicht alle den Wein, auch das Bier hat seine Freude an der Musik und sogar die Spirituosen. Bereits aus dem Mittelalter sind Trinklieder \u00fcberliefert, die \u2013 salopp formuliert \u2013 in gerader Linie zu so manchem Karnevalslied und Ballermann-Hit f\u00fchren. Klingt lustig, ist aber eigentlich nichts Besonderes. Alle Kulturen, die mit Alkohol vertraut sind, kennen solche Trinklieder, das reicht zur\u00fcck bis ins fr\u00fchzeitliche Mesopotamien. Jede Kultur hat gewisserma\u00dfen ihre eigene Playlist entwickelt, um die Verbindung von Musik und Wein oder anderen alkoholhaltigen Getr\u00e4nken zu feiern.<\/p>\n<h2>Wein und Musik heute: von Podcast bis Playlist<\/h2>\n<div id=\"attachment_5860\" style=\"width: 1510px\" class=\"wp-caption alignnone\"><img loading=\"lazy\" decoding=\"async\" aria-describedby=\"caption-attachment-5860\" class=\"wp-image-5860 size-full\" src=\"https:\/\/www.weinfreunde.de\/magazin\/wp-content\/uploads\/2022\/10\/20220930_Musik-und-Wein_podcast.png\" alt=\"Weinfreunde Podcast \" width=\"1500\" height=\"800\" srcset=\"https:\/\/www.weinfreunde.de\/magazin\/wp-content\/uploads\/2022\/10\/20220930_Musik-und-Wein_podcast.png 1500w, https:\/\/www.weinfreunde.de\/magazin\/wp-content\/uploads\/2022\/10\/20220930_Musik-und-Wein_podcast-300x160.png 300w, https:\/\/www.weinfreunde.de\/magazin\/wp-content\/uploads\/2022\/10\/20220930_Musik-und-Wein_podcast-1024x546.png 1024w, https:\/\/www.weinfreunde.de\/magazin\/wp-content\/uploads\/2022\/10\/20220930_Musik-und-Wein_podcast-768x410.png 768w, https:\/\/www.weinfreunde.de\/magazin\/wp-content\/uploads\/2022\/10\/20220930_Musik-und-Wein_podcast-749x399.png 749w, https:\/\/www.weinfreunde.de\/magazin\/wp-content\/uploads\/2022\/10\/20220930_Musik-und-Wein_podcast-150x80.png 150w, https:\/\/www.weinfreunde.de\/magazin\/wp-content\/uploads\/2022\/10\/20220930_Musik-und-Wein_podcast-390x208.png 390w, https:\/\/www.weinfreunde.de\/magazin\/wp-content\/uploads\/2022\/10\/20220930_Musik-und-Wein_podcast-750x400.png 750w, https:\/\/www.weinfreunde.de\/magazin\/wp-content\/uploads\/2022\/10\/20220930_Musik-und-Wein_podcast-1140x608.png 1140w\" sizes=\"auto, (max-width: 1500px) 100vw, 1500px\" \/><p id=\"caption-attachment-5860\" class=\"wp-caption-text\">Weinfreunde Podcast &#8222;Bei Anruf Wein&#8220;<\/p><\/div>\n<p>Ohne Zweifel kann behauptet werden, dass bis heute die Beziehung von Wein und Musik ein Teil unserer Kultur ist. Von Karnevalsliedern und Ballermann war schon die Rede. Doch diese Traum-Kombi kann auch anders. Erinnert sei an die zahlreichen Playlists auf den einschl\u00e4gigen Plattformen, die auf ganz unterschiedlicher Art der Beziehungskiste Musik und Wein huldigen. Da werden Songs zusammengetragen, die den Wein in irgendeiner Art zum Thema haben. Angefangen mit \u201eSummer Wine\u201c aus den 1960er-Jahren und \u201eRed, Red Wine\u201c von UB 40 \u00fcber den \u201eGriechischen Wein\u201c von Udo J\u00fcrgens bis zu den ber\u00fcchtigten \u201eSieben F\u00e4ssern Wein\u201c, die angeblich nicht gef\u00e4hrlich sein sollen. Andere tragen regelrechte Soundtracks zu Rot- oder Wei\u00dfwein zusammen und wollen passende Musikbegleitung zum Glas Wein sein.<\/p>\n<p>Podcast und Wein, das kennen wir. Nicht zuletzt haben wir uns mit <a href=\"\/podcast\">\u201eBei Anruf Wein\u201c<\/a> selbst diesem Metier verschrieben. Aber es gibt auch Podcast-Formate, die die Kombination von Wein und Musik eher als Pairing verstehen. Da passt dann der Wein zum Gast aus der Musikszene oder steht f\u00fcr eine besondere Phase in seinem Werdegang. So macht es beispielsweise <a href=\"https:\/\/vinylundwein.podigee.io\/\">\u201eVinyl &amp; Wein\u201c<\/a> sehr erfolgreich. Moderator Boris Rogosch l\u00e4dt G\u00e4ste ein, die ihre Musik-Favoriten mitbringen und sorgt im Gegenzug f\u00fcr den passenden Wein.<\/p>\n<h2>Aktuellste Folge von Bei Anruf Wein &#8211; der Weinfreunde Podcast<\/h2>\n<div id=\"buzzsprout-small-player-limit-5\"><\/div>\n<p><script type='text\/javascript' charset='utf-8' src='https:\/\/www.buzzsprout.com\/1688857.js?artist=&#038;container_id=buzzsprout-small-player-limit-1&#038;limit=1&#038;player=small'><\/script><\/p>\n<h2>Musiker und Wein: Rock, Pop &amp; mehr<\/h2>\n<p>Musiker trinken gern Wein. Auch das passt, wenn auch in sehr unterschiedlichen Schattierungen. Dennoch geht diese Beziehung weit \u00fcber das Beliebige hinaus. Zum einen gibt es zahlreiche Bands und Solok\u00fcnstler, die in Zusammenarbeit mit einem Weingut \u201eihren\u201c Wein oder gleich mehrere Weine kreiert haben. Allerdings wei\u00df man bei der konkreten Weinauswahl oft nicht, ob man sich dabei auf seine musikalischen Favoriten oder seine Weinvorlieben st\u00fctzen soll. Eigent\u00fcmlicherweise tut sich zudem die Metal-Rock-Fraktion besonders hervor. Den Zinfandel gibt es von AC\/DC und einen Shiraz, sprich Syrah, von Mot\u00f6rhead. F\u00fcr Chardonnay-Fans h\u00e4lt Iron Maiden den zumindest wortwitzigen \u201eThe Number of the Yeast\u201c bereit.<\/p>\n<p>Aber auch f\u00fcr Liebhaberinnen und Liebhaber des Folkrock gibt es die passende Flasche, n\u00e4mlich den \u201ePlanet Waves\u201c von Bob Dylan, einen Montepulciano mit geh\u00f6rig Wucht. Schlager geht auch, denn vor einem Jahr verabredeten sich Thomas Anders und St.-Antony-Winzer Dirk W\u00fcrtz zum \u201eAnders Grauburgunder\u201c.\u00a0 Auch Samu Haber ist seit einiger Zeit mit einer Wein-Mission unterwegs. Unter dem Label \u201eForever Yours\u201c hat der Frontmann von Sunrise Avenue bereits einen Crianza aus dem spanischen Navarra oder den Forever Yours Lumi Riesling\u00a0vorgestellt. Demn\u00e4chst soll das Sortiment noch um einen in Deutschland erzeugten Riesling erg\u00e4nzt werden. Gregor Meyle w\u00e4re vielleicht noch zu nennen oder auch eine Kooperation, die sich gleich im Namen des Weins verewigt: dem Schneider Udo Lindenberg Chardonnay &#8222;only Sansibar&#8220;.<\/p>\n<div id=\"attachment_5861\" style=\"width: 1510px\" class=\"wp-caption alignnone\"><img loading=\"lazy\" decoding=\"async\" aria-describedby=\"caption-attachment-5861\" class=\"wp-image-5861 size-full\" src=\"https:\/\/www.weinfreunde.de\/magazin\/wp-content\/uploads\/2022\/10\/20220930_Musik-und-Wein_dieter-meier.png\" alt=\"Yello-S\u00e4nger Dieter Meier\" width=\"1500\" height=\"800\" srcset=\"https:\/\/www.weinfreunde.de\/magazin\/wp-content\/uploads\/2022\/10\/20220930_Musik-und-Wein_dieter-meier.png 1500w, https:\/\/www.weinfreunde.de\/magazin\/wp-content\/uploads\/2022\/10\/20220930_Musik-und-Wein_dieter-meier-300x160.png 300w, https:\/\/www.weinfreunde.de\/magazin\/wp-content\/uploads\/2022\/10\/20220930_Musik-und-Wein_dieter-meier-1024x546.png 1024w, https:\/\/www.weinfreunde.de\/magazin\/wp-content\/uploads\/2022\/10\/20220930_Musik-und-Wein_dieter-meier-768x410.png 768w, https:\/\/www.weinfreunde.de\/magazin\/wp-content\/uploads\/2022\/10\/20220930_Musik-und-Wein_dieter-meier-749x399.png 749w, https:\/\/www.weinfreunde.de\/magazin\/wp-content\/uploads\/2022\/10\/20220930_Musik-und-Wein_dieter-meier-150x80.png 150w, https:\/\/www.weinfreunde.de\/magazin\/wp-content\/uploads\/2022\/10\/20220930_Musik-und-Wein_dieter-meier-390x208.png 390w, https:\/\/www.weinfreunde.de\/magazin\/wp-content\/uploads\/2022\/10\/20220930_Musik-und-Wein_dieter-meier-750x400.png 750w, https:\/\/www.weinfreunde.de\/magazin\/wp-content\/uploads\/2022\/10\/20220930_Musik-und-Wein_dieter-meier-1140x608.png 1140w\" sizes=\"auto, (max-width: 1500px) 100vw, 1500px\" \/><p id=\"caption-attachment-5861\" class=\"wp-caption-text\">Yello-S\u00e4nger Dieter Meier hat den hochwertigen Puro Wein ins Leben gerufen<\/p><\/div>\n<h2>Hier spielt die Musik: Musiker und ihre Weing\u00fcter<\/h2>\n<p>Die Reihe lie\u00dfe sich ohne Schwierigkeiten fortsetzen. Das Muster daf\u00fcr ist einfach: Musikerin oder Musiker mit pers\u00f6nlichem Gefallen am Wein sucht sich einen pfiffigen Winzer. Der eine liefert das Marketing, der andere den Wein. Beides aus einer Hand bekommt man, sobald ein Musiker selbst zum Winzer wird. Einer der ersten der Musik-Winzer war der Brite Cliff Richards. Er kaufte bereits Ende der 1990er-Jahre ein Weingut im Hinterland der portugiesischen Algarve und produziert seitdem Rotwein und Ros\u00e9 unter dem Namen \u201eVida Nova\u201c.<\/p>\n<p>Ebenso lang ist <a href=\"\/magazin\/weinwissen\/meister-aller-sinne-der-musiker-und-weinmacher-dieter-meier\/\">Dieter Meier<\/a> im Weingesch\u00e4ft. Den S\u00e4nger des legend\u00e4ren Elektro-Pop Duos \u201eYello\u201c hat es daf\u00fcr ins argentinische Mendoza verschlagen. Dort besitzt Meier in Agrelo Alto die Hacienda Ojo de Agua, wo er sowohl Wein erzeugt, als auch Rinder z\u00fcchtet \u2013 beides nach Bio-Standards \u00fcbrigens. Wie bei Cliff Richards geht es auch bei Dieter Meier klar um den Wein selbst. Die Musik tritt in diesem Fall etwas zur\u00fcck. Und ein wenig Marketing bleibt immer noch \u00fcbrig.<\/p>\n<p>In der Toskana haben sich Gordon Matthew Thomas Summers, besser bekannt als Sting, und seine Frau Trudie Styler die Tenuta Il Palagio gekauft, wo sie nach biodynamischen Grunds\u00e4tzen Wein anbauen. Federf\u00fchrend ist dabei Trudie Styler, die ein respektables Sortiment aufgebaut hat, das von Kreationen wie \u201eRoxanne\u201c und \u201eMessage in an Bottle\u201c bis zum klassischen DOCG Riserva reicht. Angeblich, so wird gemunkelt, singe der Musiker sogar f\u00fcr seine Weine im Keller.<\/p>\n<h2>Back to the roots: Musikstudio im Ch\u00e2teau<\/h2>\n<p>Die Prominenz der genannten K\u00fcnstler in allen Ehren, aber mit einem Hollywood-Traumpaar vom Format Angelina Jolie und Brad Pitt halten sie nicht mit. Die Schauspieler erwerben in der Provence das <a href=\"\/miraval-weine\/\">Ch\u00e2teau Miraval<\/a> und tun sich mit Spitzen-Winzer Marc Perrin zusammen, um die Ros\u00e9-Welt zu erobern. Auch wenn die Ehe l\u00e4ngst dahin ist, der Ros\u00e9 von Miraval dagegen verdient sich weiter seine Lorbeeren.\u00a0 Nun gut, aber was hat das mit Musik zu tun? Im Wein liegt die Wahrheit und der \u201eStudio by Miraval\u201c spricht sie aus. Bevor das Provence-Ch\u00e2teau via Hollywood in die Schlagzeilen rutschte, war es in der Musikszene l\u00e4ngst eine Ber\u00fchmtheit.<\/p>\n<div id=\"attachment_5862\" style=\"width: 1510px\" class=\"wp-caption alignnone\"><img loading=\"lazy\" decoding=\"async\" aria-describedby=\"caption-attachment-5862\" class=\"wp-image-5862 size-full\" src=\"https:\/\/www.weinfreunde.de\/magazin\/wp-content\/uploads\/2022\/10\/20220930_Musik-und-Wein_miraval-studio.png\" alt=\"Miraval by Pitt &amp; Perrin Musikstudio\" width=\"1500\" height=\"800\" srcset=\"https:\/\/www.weinfreunde.de\/magazin\/wp-content\/uploads\/2022\/10\/20220930_Musik-und-Wein_miraval-studio.png 1500w, https:\/\/www.weinfreunde.de\/magazin\/wp-content\/uploads\/2022\/10\/20220930_Musik-und-Wein_miraval-studio-300x160.png 300w, https:\/\/www.weinfreunde.de\/magazin\/wp-content\/uploads\/2022\/10\/20220930_Musik-und-Wein_miraval-studio-1024x546.png 1024w, https:\/\/www.weinfreunde.de\/magazin\/wp-content\/uploads\/2022\/10\/20220930_Musik-und-Wein_miraval-studio-768x410.png 768w, https:\/\/www.weinfreunde.de\/magazin\/wp-content\/uploads\/2022\/10\/20220930_Musik-und-Wein_miraval-studio-749x399.png 749w, https:\/\/www.weinfreunde.de\/magazin\/wp-content\/uploads\/2022\/10\/20220930_Musik-und-Wein_miraval-studio-150x80.png 150w, https:\/\/www.weinfreunde.de\/magazin\/wp-content\/uploads\/2022\/10\/20220930_Musik-und-Wein_miraval-studio-390x208.png 390w, https:\/\/www.weinfreunde.de\/magazin\/wp-content\/uploads\/2022\/10\/20220930_Musik-und-Wein_miraval-studio-750x400.png 750w, https:\/\/www.weinfreunde.de\/magazin\/wp-content\/uploads\/2022\/10\/20220930_Musik-und-Wein_miraval-studio-1140x608.png 1140w\" sizes=\"auto, (max-width: 1500px) 100vw, 1500px\" \/><p id=\"caption-attachment-5862\" class=\"wp-caption-text\">Miraval by Pitt &amp; Perrin Musikstudio<\/p><\/div>\n<p>Im Ch\u00e2teau Miraval befand sich ein Tonstudio, in dem Pink Floyd und Sting \u2013 da ist er wieder \u2013 Rammstein und AC\/DC \u2013 siehe oben \u2013 bis Sade Alben aufgenommen haben. Vorbesitzer des Ch\u00e2teau war n\u00e4mlich der bekannte franz\u00f6sische Jazzmusiker Jaques Loussier, und er richtete hier 1977 \u201eLe Studio de Miraval\u201c ein. Da unter anderem \u201eThe Wall\u201c von Pink Floyd in dem Studio aufgenommen wurde, kann man sich auch mal auf dieses Pairing einlassen: \u201eThe Wall\u201c zum Studio-Ros\u00e9 von Miraval. Und wir d\u00fcrfen uns auf mehr Studio-Pairings freuen, denn mit viel Aufwand und Liebe ins Detail wurde das legend\u00e4re Tonstudio gerade wieder zum Leben erweckt.<\/p>\n<h2>Musik f\u00fcr Wein: Good Vibes<\/h2>\n<p>Bislang ging es immer \u00fcber den Wein und die Musik. Was aber, wenn die Musik f\u00fcr den Wein aufspielt und der Wein zum Zuh\u00f6rer wird. Das Ger\u00fccht \u00fcber den biodynamisch produzierenden Sting geht in diese Richtung. Von Saale-Unstrut bis Kapstadt gibt es n\u00e4mlich Winzer, die darauf schw\u00f6ren, dass Musik gut f\u00fcr die Reife ihrer Weine sei. Die Musik setze die Trauben an den Reben und den Wein in den F\u00e4ssern in eine Schwingung, die sich positiv auf seine Entwicklung auswirke. Im besten Fall steckt also schon Musik im Wein, bevor wir \u00fcberhaupt die Flasche ge\u00f6ffnet haben.<\/p>\n<div class=\"product-slider\" id=\"_prodSlider69f37f8bd04cb\">\n\t\t\t<h2>Musik-Weine online kaufen<\/h2>\n\t\t\n\t<div class=\"slide-area\">\n\t\t<div class=\"slides\">\n\t\t\t\t\t\t\t<div class=\"slide\">\n\t\t\t\t\t\t\t\t\t\t\t<a class=\"product\" href=\"https:\/\/www.weinfreunde.de\/p\/puro-malbec-cabernet-bio-dieter-meier\/?ecid=int_magazin_nn_nn_nn_nn_nn_nn\" target=\"_blank\">\n\t\t\t\t\t\t\t\t\t\t\t<div class=\"image\">\n\t\t\t\t\t\t\t<div\n                                    class=\"bg\"\n                                    style=\"background-image: url(https:\/\/10b644692e76ab15cf59-eaadbe2afc1f47d8740ca8f676f7fe70.ssl.cf3.rackcdn.com\/2000010456_900v-XPy8jMX4.png);\"\n                            ><\/div>\n\t\t\t\t\t\t<\/div>\n\t\t\t\t\t\t<div class=\"c\">\n\t\t\t\t\t\t\t<div class=\"title\">Puro Malbec Cabernet (Bio) 2023<\/div>\n\t\t\t\t\t\t\t<div class=\"brand\">Dieter Meier<\/div>\n\t\t\t\t\t\t\t\t\t\t\t\t\t\t\t<div class=\"details\">\n\t\t\t\t\t\t\t\t\t\t\t\t\t\t\t\t\t\t\t<div>Rotwein<\/div>\n\t\t\t\t\t\t\t\t\t\t\t\t\t\t\t\t\t\t\t<div>Malbec, Cabernet Sauvignon<\/div>\n\t\t\t\t\t\t\t\t\t\t\t\t\t\t\t\t\t<\/div>\n\t\t\t\t\t\t\t\t\t\t\t\t\t<\/div>\n\t\t\t\t\t<\/a>\n\t\t\t\t<\/div>\n\t\t\t\t\t\t\t<div class=\"slide\">\n\t\t\t\t\t\t\t\t\t\t\t<a class=\"product\" href=\"https:\/\/www.weinfreunde.de\/p\/puro-malbec-grape-selection-bio-dieter-meier\/?ecid=int_magazin_nn_nn_nn_nn_nn_nn\" target=\"_blank\">\n\t\t\t\t\t\t\t\t\t\t\t<div class=\"image\">\n\t\t\t\t\t\t\t<div\n                                    class=\"bg\"\n                                    style=\"background-image: url(https:\/\/10b644692e76ab15cf59-eaadbe2afc1f47d8740ca8f676f7fe70.ssl.cf3.rackcdn.com\/2000011726_900v-U0u3KnrV.png);\"\n                            ><\/div>\n\t\t\t\t\t\t<\/div>\n\t\t\t\t\t\t<div class=\"c\">\n\t\t\t\t\t\t\t<div class=\"title\">Puro Malbec Grape Selection (Bio) 2020<\/div>\n\t\t\t\t\t\t\t<div class=\"brand\">Dieter Meier<\/div>\n\t\t\t\t\t\t\t\t\t\t\t\t\t\t\t<div class=\"details\">\n\t\t\t\t\t\t\t\t\t\t\t\t\t\t\t\t\t\t\t<div>Rotwein<\/div>\n\t\t\t\t\t\t\t\t\t\t\t\t\t\t\t\t\t\t\t<div>Malbec<\/div>\n\t\t\t\t\t\t\t\t\t\t\t\t\t\t\t\t\t<\/div>\n\t\t\t\t\t\t\t\t\t\t\t\t\t<\/div>\n\t\t\t\t\t<\/a>\n\t\t\t\t<\/div>\n\t\t\t\t\t\t\t<div class=\"slide\">\n\t\t\t\t\t\t\t\t\t\t\t<a class=\"product\" href=\"https:\/\/www.weinfreunde.de\/p\/studio-by-miraval-rose-miraval-by-pitt-perrin\/?ecid=int_magazin_nn_nn_nn_nn_nn_nn\" target=\"_blank\">\n\t\t\t\t\t\t\t\t\t\t\t<div class=\"image\">\n\t\t\t\t\t\t\t<div\n                                    class=\"bg\"\n                                    style=\"background-image: url(https:\/\/images.cdn.europe-west1.gcp.commercetools.com\/c465d296-b9b4-4e2d-afd0-6980caa08886\/2000013335_900v-J8FGCIPa.png);\"\n                            ><\/div>\n\t\t\t\t\t\t<\/div>\n\t\t\t\t\t\t<div class=\"c\">\n\t\t\t\t\t\t\t<div class=\"title\">Studio by Miraval Ros\u00e9 2024<\/div>\n\t\t\t\t\t\t\t<div class=\"brand\">Miraval by Pitt &amp; Perrin<\/div>\n\t\t\t\t\t\t\t\t\t\t\t\t\t\t\t<div class=\"details\">\n\t\t\t\t\t\t\t\t\t\t\t\t\t\t\t\t\t\t\t<div>Ros\u00e9wein<\/div>\n\t\t\t\t\t\t\t\t\t\t\t\t\t\t\t\t\t\t\t<div>Cinsault, Grenache, Rolle, Tibouren<\/div>\n\t\t\t\t\t\t\t\t\t\t\t\t\t\t\t\t\t<\/div>\n\t\t\t\t\t\t\t\t\t\t\t\t\t<\/div>\n\t\t\t\t\t<\/a>\n\t\t\t\t<\/div>\n\t\t\t\t\t\t\t<div class=\"slide\">\n\t\t\t\t\t\t\t\t\t\t\t<a class=\"product\" href=\"https:\/\/www.weinfreunde.de\/p\/studio-by-miraval-rose-1-5-l-magnum-miraval-by-pitt-perrin\/?ecid=int_magazin_nn_nn_nn_nn_nn_nn\" target=\"_blank\">\n\t\t\t\t\t\t\t\t\t\t\t<div class=\"image\">\n\t\t\t\t\t\t\t<div\n                                    class=\"bg\"\n                                    style=\"background-image: url(https:\/\/images.cdn.europe-west1.gcp.commercetools.com\/c465d296-b9b4-4e2d-afd0-6980caa08886\/2000013405_900v-oo0Wz6-I.png);\"\n                            ><\/div>\n\t\t\t\t\t\t<\/div>\n\t\t\t\t\t\t<div class=\"c\">\n\t\t\t\t\t\t\t<div class=\"title\">Studio by Miraval Ros\u00e9 - 1,5 L-Magnum\u2026<\/div>\n\t\t\t\t\t\t\t<div class=\"brand\">Miraval by Pitt &amp; Perrin<\/div>\n\t\t\t\t\t\t\t\t\t\t\t\t\t\t\t<div class=\"details\">\n\t\t\t\t\t\t\t\t\t\t\t\t\t\t\t\t\t\t\t<div>Ros\u00e9wein<\/div>\n\t\t\t\t\t\t\t\t\t\t\t\t\t\t\t\t\t\t\t<div>Cinsault, Grenache, Rolle, Tibouren<\/div>\n\t\t\t\t\t\t\t\t\t\t\t\t\t\t\t\t\t<\/div>\n\t\t\t\t\t\t\t\t\t\t\t\t\t<\/div>\n\t\t\t\t\t<\/a>\n\t\t\t\t<\/div>\n\t\t\t\t\t\t\t<div class=\"slide\">\n\t\t\t\t\t\t\t\t\t\t\t<a class=\"product\" href=\"https:\/\/www.weinfreunde.de\/p\/studio-by-miraval-blanc-miraval-by-pitt-perrin\/?ecid=int_magazin_nn_nn_nn_nn_nn_nn\" target=\"_blank\">\n\t\t\t\t\t\t\t\t\t\t\t<div class=\"image\">\n\t\t\t\t\t\t\t<div\n                                    class=\"bg\"\n                                    style=\"background-image: url(https:\/\/images.cdn.europe-west1.gcp.commercetools.com\/c465d296-b9b4-4e2d-afd0-6980caa08886\/2000013730_900v-k60tixK3.png);\"\n                            ><\/div>\n\t\t\t\t\t\t<\/div>\n\t\t\t\t\t\t<div class=\"c\">\n\t\t\t\t\t\t\t<div class=\"title\">Studio by Miraval blanc 2024<\/div>\n\t\t\t\t\t\t\t<div class=\"brand\">Miraval by Pitt &amp; Perrin<\/div>\n\t\t\t\t\t\t\t\t\t\t\t\t\t\t\t<div class=\"details\">\n\t\t\t\t\t\t\t\t\t\t\t\t\t\t\t\t\t\t\t<div>Wei\u00dfwein<\/div>\n\t\t\t\t\t\t\t\t\t\t\t\t\t\t\t\t\t\t\t<div>Vermentino<\/div>\n\t\t\t\t\t\t\t\t\t\t\t\t\t\t\t\t\t\t\t<div>Mediterranee<\/div>\n\t\t\t\t\t\t\t\t\t\t\t\t\t\t\t\t\t<\/div>\n\t\t\t\t\t\t\t\t\t\t\t\t\t<\/div>\n\t\t\t\t\t<\/a>\n\t\t\t\t<\/div>\n\t\t\t\t\t<\/div>\n\t<\/div>\n<\/div>\n<script>_w(() => new WF.Magazin.ProductSlider('#_prodSlider69f37f8bd04cb'));<\/script>\n\n","protected":false},"excerpt":{"rendered":"<p>Lieder, die zum Wein gesungen werden. Musiker, die zum Winzer werden. Weinfreund J\u00fcrgen\u00a0 ist der uralten Beziehung von Wein und Musik einmal n\u00e4her nachgegangen. Anscheinend ziehen sich Wein und Musik wechselseitig an. Anders kann man die ebenso alte wie vielf\u00e4ltige&#8230; <a class=\"moretag\" href=\"https:\/\/www.weinfreunde.de\/magazin\/weinwissen\/musik-wein-das-muss-sein\/\">weiterlesen<\/a><\/p>\n","protected":false},"author":46,"featured_media":5863,"comment_status":"closed","ping_status":"closed","sticky":false,"template":"","format":"standard","meta":{"footnotes":""},"categories":[57,10],"tags":[],"class_list":["post-5859","post","type-post","status-publish","format-standard","has-post-thumbnail","hentry","category-rund-um-wein","category-weinschule"],"yoast_head":"<!-- This site is optimized with the Yoast SEO plugin v27.5 - https:\/\/yoast.com\/product\/yoast-seo-wordpress\/ -->\n<title>Musik &amp; Wein: das muss sein! &#187; Weinfreunde Magazin<\/title>\n<meta name=\"description\" content=\"Musik und Wein ist ein Traumpaar, das schon lange besteht. \u00dcber Musiker, die zu Winzern werden, ein legend\u00e4res Tonstudio und ber\u00fchmte Namen.\" \/>\n<meta name=\"robots\" content=\"index, follow, max-snippet:-1, max-image-preview:large, max-video-preview:-1\" \/>\n<link rel=\"canonical\" href=\"https:\/\/www.weinfreunde.de\/magazin\/weinwissen\/musik-wein-das-muss-sein\/\" \/>\n<meta property=\"og:locale\" content=\"de_DE\" \/>\n<meta property=\"og:type\" content=\"article\" \/>\n<meta property=\"og:title\" content=\"Musik &amp; Wein: das muss sein! &#187; Weinfreunde Magazin\" \/>\n<meta property=\"og:description\" content=\"Musik und Wein ist ein Traumpaar, das schon lange besteht. \u00dcber Musiker, die zu Winzern werden, ein legend\u00e4res Tonstudio und ber\u00fchmte Namen.\" \/>\n<meta property=\"og:url\" content=\"https:\/\/www.weinfreunde.de\/magazin\/weinwissen\/musik-wein-das-muss-sein\/\" \/>\n<meta property=\"og:site_name\" content=\"Weinfreunde Magazin\" \/>\n<meta property=\"article:publisher\" content=\"https:\/\/www.facebook.com\/weinfreunde.de\" \/>\n<meta property=\"article:published_time\" content=\"2022-10-10T15:27:24+00:00\" \/>\n<meta property=\"article:modified_time\" content=\"2025-09-02T13:33:11+00:00\" \/>\n<meta property=\"og:image\" content=\"https:\/\/www.weinfreunde.de\/magazin\/wp-content\/uploads\/2022\/10\/20220930_Musik-und-Wein_magazin_header.png.webp\" \/>\n\t<meta property=\"og:image:width\" content=\"2048\" \/>\n\t<meta property=\"og:image:height\" content=\"400\" \/>\n\t<meta property=\"og:image:type\" content=\"image\/png\" \/>\n<meta name=\"author\" content=\"J\u00fcrgen Overheid\" \/>\n<meta name=\"twitter:card\" content=\"summary_large_image\" \/>\n<meta name=\"twitter:label1\" content=\"Written by\" \/>\n\t<meta name=\"twitter:data1\" content=\"J\u00fcrgen Overheid\" \/>\n\t<meta name=\"twitter:label2\" content=\"Est. reading time\" \/>\n\t<meta name=\"twitter:data2\" content=\"8\u00a0Minuten\" \/>\n<script type=\"application\/ld+json\" class=\"yoast-schema-graph\">{\"@context\":\"https:\\\/\\\/schema.org\",\"@graph\":[{\"@type\":\"Article\",\"@id\":\"https:\\\/\\\/www.weinfreunde.de\\\/magazin\\\/weinwissen\\\/musik-wein-das-muss-sein\\\/#article\",\"isPartOf\":{\"@id\":\"https:\\\/\\\/www.weinfreunde.de\\\/magazin\\\/weinwissen\\\/musik-wein-das-muss-sein\\\/\"},\"author\":{\"name\":\"J\u00fcrgen Overheid\",\"@id\":\"https:\\\/\\\/www.weinfreunde.de\\\/magazin\\\/#\\\/schema\\\/person\\\/60ed8a321b3f585ffa0fcb9445b2159d\"},\"headline\":\"Musik &#038; Wein: das muss sein!\",\"datePublished\":\"2022-10-10T15:27:24+00:00\",\"dateModified\":\"2025-09-02T13:33:11+00:00\",\"mainEntityOfPage\":{\"@id\":\"https:\\\/\\\/www.weinfreunde.de\\\/magazin\\\/weinwissen\\\/musik-wein-das-muss-sein\\\/\"},\"wordCount\":1271,\"publisher\":{\"@id\":\"https:\\\/\\\/www.weinfreunde.de\\\/magazin\\\/#organization\"},\"image\":{\"@id\":\"https:\\\/\\\/www.weinfreunde.de\\\/magazin\\\/weinwissen\\\/musik-wein-das-muss-sein\\\/#primaryimage\"},\"thumbnailUrl\":\"https:\\\/\\\/www.weinfreunde.de\\\/magazin\\\/wp-content\\\/uploads\\\/2022\\\/10\\\/20220930_Musik-und-Wein_magazin_header.png.webp\",\"articleSection\":[\"Rund um Wein\",\"Weinschule\"],\"inLanguage\":\"de\"},{\"@type\":\"WebPage\",\"@id\":\"https:\\\/\\\/www.weinfreunde.de\\\/magazin\\\/weinwissen\\\/musik-wein-das-muss-sein\\\/\",\"url\":\"https:\\\/\\\/www.weinfreunde.de\\\/magazin\\\/weinwissen\\\/musik-wein-das-muss-sein\\\/\",\"name\":\"Musik & Wein: das muss sein! &#187; Weinfreunde Magazin\",\"isPartOf\":{\"@id\":\"https:\\\/\\\/www.weinfreunde.de\\\/magazin\\\/#website\"},\"primaryImageOfPage\":{\"@id\":\"https:\\\/\\\/www.weinfreunde.de\\\/magazin\\\/weinwissen\\\/musik-wein-das-muss-sein\\\/#primaryimage\"},\"image\":{\"@id\":\"https:\\\/\\\/www.weinfreunde.de\\\/magazin\\\/weinwissen\\\/musik-wein-das-muss-sein\\\/#primaryimage\"},\"thumbnailUrl\":\"https:\\\/\\\/www.weinfreunde.de\\\/magazin\\\/wp-content\\\/uploads\\\/2022\\\/10\\\/20220930_Musik-und-Wein_magazin_header.png.webp\",\"datePublished\":\"2022-10-10T15:27:24+00:00\",\"dateModified\":\"2025-09-02T13:33:11+00:00\",\"description\":\"Musik und Wein ist ein Traumpaar, das schon lange besteht. \u00dcber Musiker, die zu Winzern werden, ein legend\u00e4res Tonstudio und ber\u00fchmte Namen.\",\"breadcrumb\":{\"@id\":\"https:\\\/\\\/www.weinfreunde.de\\\/magazin\\\/weinwissen\\\/musik-wein-das-muss-sein\\\/#breadcrumb\"},\"inLanguage\":\"de\",\"potentialAction\":[{\"@type\":\"ReadAction\",\"target\":[\"https:\\\/\\\/www.weinfreunde.de\\\/magazin\\\/weinwissen\\\/musik-wein-das-muss-sein\\\/\"]}]},{\"@type\":\"ImageObject\",\"inLanguage\":\"de\",\"@id\":\"https:\\\/\\\/www.weinfreunde.de\\\/magazin\\\/weinwissen\\\/musik-wein-das-muss-sein\\\/#primaryimage\",\"url\":\"https:\\\/\\\/www.weinfreunde.de\\\/magazin\\\/wp-content\\\/uploads\\\/2022\\\/10\\\/20220930_Musik-und-Wein_magazin_header.png.webp\",\"contentUrl\":\"https:\\\/\\\/www.weinfreunde.de\\\/magazin\\\/wp-content\\\/uploads\\\/2022\\\/10\\\/20220930_Musik-und-Wein_magazin_header.png.webp\",\"width\":2048,\"height\":400,\"caption\":\"Musik & Wein\"},{\"@type\":\"BreadcrumbList\",\"@id\":\"https:\\\/\\\/www.weinfreunde.de\\\/magazin\\\/weinwissen\\\/musik-wein-das-muss-sein\\\/#breadcrumb\",\"itemListElement\":[{\"@type\":\"ListItem\",\"position\":1,\"name\":\"Magazin\",\"item\":\"https:\\\/\\\/www.weinfreunde.de\\\/magazin\\\/\"},{\"@type\":\"ListItem\",\"position\":2,\"name\":\"Weinwissen\",\"item\":\"https:\\\/\\\/www.weinfreunde.de\\\/magazin\\\/weinwissen\\\/\"},{\"@type\":\"ListItem\",\"position\":3,\"name\":\"Weinschule\",\"item\":\"https:\\\/\\\/www.weinfreunde.de\\\/magazin\\\/weinwissen\\\/weinschule\\\/\"},{\"@type\":\"ListItem\",\"position\":4,\"name\":\"Musik &#038; Wein: das muss sein!\"}]},{\"@type\":\"WebSite\",\"@id\":\"https:\\\/\\\/www.weinfreunde.de\\\/magazin\\\/#website\",\"url\":\"https:\\\/\\\/www.weinfreunde.de\\\/magazin\\\/\",\"name\":\"Weinfreunde Magazin\",\"description\":\"Dein Weinfreunde Magazin\",\"publisher\":{\"@id\":\"https:\\\/\\\/www.weinfreunde.de\\\/magazin\\\/#organization\"},\"potentialAction\":[{\"@type\":\"SearchAction\",\"target\":{\"@type\":\"EntryPoint\",\"urlTemplate\":\"https:\\\/\\\/www.weinfreunde.de\\\/magazin\\\/?s={search_term_string}\"},\"query-input\":{\"@type\":\"PropertyValueSpecification\",\"valueRequired\":true,\"valueName\":\"search_term_string\"}}],\"inLanguage\":\"de\"},{\"@type\":\"Organization\",\"@id\":\"https:\\\/\\\/www.weinfreunde.de\\\/magazin\\\/#organization\",\"name\":\"REWE Wein online GmbH | Weinfreunde\",\"url\":\"https:\\\/\\\/www.weinfreunde.de\\\/magazin\\\/\",\"logo\":{\"@type\":\"ImageObject\",\"inLanguage\":\"de\",\"@id\":\"https:\\\/\\\/www.weinfreunde.de\\\/magazin\\\/#\\\/schema\\\/logo\\\/image\\\/\",\"url\":\"https:\\\/\\\/www.weinfreunde.de\\\/magazin\\\/wp-content\\\/uploads\\\/2019\\\/08\\\/WF_Logo_Vertikal_Claim_Schwarz-scaled.jpg.webp\",\"contentUrl\":\"https:\\\/\\\/www.weinfreunde.de\\\/magazin\\\/wp-content\\\/uploads\\\/2019\\\/08\\\/WF_Logo_Vertikal_Claim_Schwarz-scaled.jpg.webp\",\"width\":2048,\"height\":1241,\"caption\":\"REWE Wein online GmbH | Weinfreunde\"},\"image\":{\"@id\":\"https:\\\/\\\/www.weinfreunde.de\\\/magazin\\\/#\\\/schema\\\/logo\\\/image\\\/\"},\"sameAs\":[\"https:\\\/\\\/www.facebook.com\\\/weinfreunde.de\"]},{\"@type\":\"Person\",\"@id\":\"https:\\\/\\\/www.weinfreunde.de\\\/magazin\\\/#\\\/schema\\\/person\\\/60ed8a321b3f585ffa0fcb9445b2159d\",\"name\":\"J\u00fcrgen Overheid\",\"image\":{\"@type\":\"ImageObject\",\"inLanguage\":\"de\",\"@id\":\"https:\\\/\\\/secure.gravatar.com\\\/avatar\\\/3ca7a75cc34dd832b52b256932e1a76f8b1e85be7d089938a1a85fc8d59bb795?s=96&d=mm&r=g\",\"url\":\"https:\\\/\\\/secure.gravatar.com\\\/avatar\\\/3ca7a75cc34dd832b52b256932e1a76f8b1e85be7d089938a1a85fc8d59bb795?s=96&d=mm&r=g\",\"contentUrl\":\"https:\\\/\\\/secure.gravatar.com\\\/avatar\\\/3ca7a75cc34dd832b52b256932e1a76f8b1e85be7d089938a1a85fc8d59bb795?s=96&d=mm&r=g\",\"caption\":\"J\u00fcrgen Overheid\"},\"description\":\"Geboren im Ruhrpott, in Hessen und im Rheinland studiert, hier Wurzeln geschlagen. Er ist unser Mann f\u00fcr Marketing-Kampagnen, unser Online-Magazin und s\u00e4mtliches Gedruckte. Er steht auf alles, was prickelt, auf wei\u00dfe Verf\u00fchrer aus Frankreich \u2013 am liebsten Chardonnay und Sauvignon Blanc \u2013 und ganz klassisch: auf italienische Rotweine.\",\"sameAs\":[\"https:\\\/\\\/www.weinfreunde.de\"],\"url\":\"https:\\\/\\\/www.weinfreunde.de\\\/magazin\\\/author\\\/joverheid\\\/\"}]}<\/script>\n<!-- \/ Yoast SEO plugin. -->","yoast_head_json":{"title":"Musik & Wein: das muss sein! &#187; Weinfreunde Magazin","description":"Musik und Wein ist ein Traumpaar, das schon lange besteht. \u00dcber Musiker, die zu Winzern werden, ein legend\u00e4res Tonstudio und ber\u00fchmte Namen.","robots":{"index":"index","follow":"follow","max-snippet":"max-snippet:-1","max-image-preview":"max-image-preview:large","max-video-preview":"max-video-preview:-1"},"canonical":"https:\/\/www.weinfreunde.de\/magazin\/weinwissen\/musik-wein-das-muss-sein\/","og_locale":"de_DE","og_type":"article","og_title":"Musik & Wein: das muss sein! &#187; Weinfreunde Magazin","og_description":"Musik und Wein ist ein Traumpaar, das schon lange besteht. \u00dcber Musiker, die zu Winzern werden, ein legend\u00e4res Tonstudio und ber\u00fchmte Namen.","og_url":"https:\/\/www.weinfreunde.de\/magazin\/weinwissen\/musik-wein-das-muss-sein\/","og_site_name":"Weinfreunde Magazin","article_publisher":"https:\/\/www.facebook.com\/weinfreunde.de","article_published_time":"2022-10-10T15:27:24+00:00","article_modified_time":"2025-09-02T13:33:11+00:00","og_image":[{"width":2048,"height":400,"url":"https:\/\/www.weinfreunde.de\/magazin\/wp-content\/uploads\/2022\/10\/20220930_Musik-und-Wein_magazin_header.png.webp","type":"image\/png"}],"author":"J\u00fcrgen Overheid","twitter_card":"summary_large_image","twitter_misc":{"Written by":"J\u00fcrgen Overheid","Est. reading time":"8\u00a0Minuten"},"schema":{"@context":"https:\/\/schema.org","@graph":[{"@type":"Article","@id":"https:\/\/www.weinfreunde.de\/magazin\/weinwissen\/musik-wein-das-muss-sein\/#article","isPartOf":{"@id":"https:\/\/www.weinfreunde.de\/magazin\/weinwissen\/musik-wein-das-muss-sein\/"},"author":{"name":"J\u00fcrgen Overheid","@id":"https:\/\/www.weinfreunde.de\/magazin\/#\/schema\/person\/60ed8a321b3f585ffa0fcb9445b2159d"},"headline":"Musik &#038; Wein: das muss sein!","datePublished":"2022-10-10T15:27:24+00:00","dateModified":"2025-09-02T13:33:11+00:00","mainEntityOfPage":{"@id":"https:\/\/www.weinfreunde.de\/magazin\/weinwissen\/musik-wein-das-muss-sein\/"},"wordCount":1271,"publisher":{"@id":"https:\/\/www.weinfreunde.de\/magazin\/#organization"},"image":{"@id":"https:\/\/www.weinfreunde.de\/magazin\/weinwissen\/musik-wein-das-muss-sein\/#primaryimage"},"thumbnailUrl":"https:\/\/www.weinfreunde.de\/magazin\/wp-content\/uploads\/2022\/10\/20220930_Musik-und-Wein_magazin_header.png.webp","articleSection":["Rund um Wein","Weinschule"],"inLanguage":"de"},{"@type":"WebPage","@id":"https:\/\/www.weinfreunde.de\/magazin\/weinwissen\/musik-wein-das-muss-sein\/","url":"https:\/\/www.weinfreunde.de\/magazin\/weinwissen\/musik-wein-das-muss-sein\/","name":"Musik & Wein: das muss sein! &#187; Weinfreunde Magazin","isPartOf":{"@id":"https:\/\/www.weinfreunde.de\/magazin\/#website"},"primaryImageOfPage":{"@id":"https:\/\/www.weinfreunde.de\/magazin\/weinwissen\/musik-wein-das-muss-sein\/#primaryimage"},"image":{"@id":"https:\/\/www.weinfreunde.de\/magazin\/weinwissen\/musik-wein-das-muss-sein\/#primaryimage"},"thumbnailUrl":"https:\/\/www.weinfreunde.de\/magazin\/wp-content\/uploads\/2022\/10\/20220930_Musik-und-Wein_magazin_header.png.webp","datePublished":"2022-10-10T15:27:24+00:00","dateModified":"2025-09-02T13:33:11+00:00","description":"Musik und Wein ist ein Traumpaar, das schon lange besteht. \u00dcber Musiker, die zu Winzern werden, ein legend\u00e4res Tonstudio und ber\u00fchmte Namen.","breadcrumb":{"@id":"https:\/\/www.weinfreunde.de\/magazin\/weinwissen\/musik-wein-das-muss-sein\/#breadcrumb"},"inLanguage":"de","potentialAction":[{"@type":"ReadAction","target":["https:\/\/www.weinfreunde.de\/magazin\/weinwissen\/musik-wein-das-muss-sein\/"]}]},{"@type":"ImageObject","inLanguage":"de","@id":"https:\/\/www.weinfreunde.de\/magazin\/weinwissen\/musik-wein-das-muss-sein\/#primaryimage","url":"https:\/\/www.weinfreunde.de\/magazin\/wp-content\/uploads\/2022\/10\/20220930_Musik-und-Wein_magazin_header.png.webp","contentUrl":"https:\/\/www.weinfreunde.de\/magazin\/wp-content\/uploads\/2022\/10\/20220930_Musik-und-Wein_magazin_header.png.webp","width":2048,"height":400,"caption":"Musik & Wein"},{"@type":"BreadcrumbList","@id":"https:\/\/www.weinfreunde.de\/magazin\/weinwissen\/musik-wein-das-muss-sein\/#breadcrumb","itemListElement":[{"@type":"ListItem","position":1,"name":"Magazin","item":"https:\/\/www.weinfreunde.de\/magazin\/"},{"@type":"ListItem","position":2,"name":"Weinwissen","item":"https:\/\/www.weinfreunde.de\/magazin\/weinwissen\/"},{"@type":"ListItem","position":3,"name":"Weinschule","item":"https:\/\/www.weinfreunde.de\/magazin\/weinwissen\/weinschule\/"},{"@type":"ListItem","position":4,"name":"Musik &#038; Wein: das muss sein!"}]},{"@type":"WebSite","@id":"https:\/\/www.weinfreunde.de\/magazin\/#website","url":"https:\/\/www.weinfreunde.de\/magazin\/","name":"Weinfreunde Magazin","description":"Dein Weinfreunde Magazin","publisher":{"@id":"https:\/\/www.weinfreunde.de\/magazin\/#organization"},"potentialAction":[{"@type":"SearchAction","target":{"@type":"EntryPoint","urlTemplate":"https:\/\/www.weinfreunde.de\/magazin\/?s={search_term_string}"},"query-input":{"@type":"PropertyValueSpecification","valueRequired":true,"valueName":"search_term_string"}}],"inLanguage":"de"},{"@type":"Organization","@id":"https:\/\/www.weinfreunde.de\/magazin\/#organization","name":"REWE Wein online GmbH | Weinfreunde","url":"https:\/\/www.weinfreunde.de\/magazin\/","logo":{"@type":"ImageObject","inLanguage":"de","@id":"https:\/\/www.weinfreunde.de\/magazin\/#\/schema\/logo\/image\/","url":"https:\/\/www.weinfreunde.de\/magazin\/wp-content\/uploads\/2019\/08\/WF_Logo_Vertikal_Claim_Schwarz-scaled.jpg.webp","contentUrl":"https:\/\/www.weinfreunde.de\/magazin\/wp-content\/uploads\/2019\/08\/WF_Logo_Vertikal_Claim_Schwarz-scaled.jpg.webp","width":2048,"height":1241,"caption":"REWE Wein online GmbH | Weinfreunde"},"image":{"@id":"https:\/\/www.weinfreunde.de\/magazin\/#\/schema\/logo\/image\/"},"sameAs":["https:\/\/www.facebook.com\/weinfreunde.de"]},{"@type":"Person","@id":"https:\/\/www.weinfreunde.de\/magazin\/#\/schema\/person\/60ed8a321b3f585ffa0fcb9445b2159d","name":"J\u00fcrgen Overheid","image":{"@type":"ImageObject","inLanguage":"de","@id":"https:\/\/secure.gravatar.com\/avatar\/3ca7a75cc34dd832b52b256932e1a76f8b1e85be7d089938a1a85fc8d59bb795?s=96&d=mm&r=g","url":"https:\/\/secure.gravatar.com\/avatar\/3ca7a75cc34dd832b52b256932e1a76f8b1e85be7d089938a1a85fc8d59bb795?s=96&d=mm&r=g","contentUrl":"https:\/\/secure.gravatar.com\/avatar\/3ca7a75cc34dd832b52b256932e1a76f8b1e85be7d089938a1a85fc8d59bb795?s=96&d=mm&r=g","caption":"J\u00fcrgen Overheid"},"description":"Geboren im Ruhrpott, in Hessen und im Rheinland studiert, hier Wurzeln geschlagen. Er ist unser Mann f\u00fcr Marketing-Kampagnen, unser Online-Magazin und s\u00e4mtliches Gedruckte. Er steht auf alles, was prickelt, auf wei\u00dfe Verf\u00fchrer aus Frankreich \u2013 am liebsten Chardonnay und Sauvignon Blanc \u2013 und ganz klassisch: auf italienische Rotweine.","sameAs":["https:\/\/www.weinfreunde.de"],"url":"https:\/\/www.weinfreunde.de\/magazin\/author\/joverheid\/"}]}},"_links":{"self":[{"href":"https:\/\/www.weinfreunde.de\/magazin\/wp-json\/wp\/v2\/posts\/5859","targetHints":{"allow":["GET"]}}],"collection":[{"href":"https:\/\/www.weinfreunde.de\/magazin\/wp-json\/wp\/v2\/posts"}],"about":[{"href":"https:\/\/www.weinfreunde.de\/magazin\/wp-json\/wp\/v2\/types\/post"}],"author":[{"embeddable":true,"href":"https:\/\/www.weinfreunde.de\/magazin\/wp-json\/wp\/v2\/users\/46"}],"replies":[{"embeddable":true,"href":"https:\/\/www.weinfreunde.de\/magazin\/wp-json\/wp\/v2\/comments?post=5859"}],"version-history":[{"count":5,"href":"https:\/\/www.weinfreunde.de\/magazin\/wp-json\/wp\/v2\/posts\/5859\/revisions"}],"predecessor-version":[{"id":13704,"href":"https:\/\/www.weinfreunde.de\/magazin\/wp-json\/wp\/v2\/posts\/5859\/revisions\/13704"}],"wp:featuredmedia":[{"embeddable":true,"href":"https:\/\/www.weinfreunde.de\/magazin\/wp-json\/wp\/v2\/media\/5863"}],"wp:attachment":[{"href":"https:\/\/www.weinfreunde.de\/magazin\/wp-json\/wp\/v2\/media?parent=5859"}],"wp:term":[{"taxonomy":"category","embeddable":true,"href":"https:\/\/www.weinfreunde.de\/magazin\/wp-json\/wp\/v2\/categories?post=5859"},{"taxonomy":"post_tag","embeddable":true,"href":"https:\/\/www.weinfreunde.de\/magazin\/wp-json\/wp\/v2\/tags?post=5859"}],"curies":[{"name":"wp","href":"https:\/\/api.w.org\/{rel}","templated":true}]}}