{"id":5820,"date":"2025-09-02T08:00:51","date_gmt":"2025-09-02T06:00:51","guid":{"rendered":"https:\/\/www.weinfreunde.de\/magazin\/?post_type=cp_weinwissen&#038;p=5820"},"modified":"2025-09-02T09:07:49","modified_gmt":"2025-09-02T07:07:49","slug":"die-bordeaux-jahrgaenge-2005-bis-2023","status":"publish","type":"post","link":"https:\/\/www.weinfreunde.de\/magazin\/weinwissen\/die-bordeaux-jahrgaenge-2005-bis-2023\/","title":{"rendered":"Die Bordeaux Jahrg\u00e4nge 2005 bis 2023"},"content":{"rendered":"<p><strong>Eine \u00dcbersicht der Jahresverl\u00e4ufe im Bordeaux, mit besonderem Blick auf das M\u00e9doc sowie Saint-\u00c9milion und Pomerol. Verf\u00fcgbar sind aktuell die Jahresberichte vom Bordeaux Jahrgang von 2005 bis 2023.<\/strong><\/p>\n<p>Die Wetterereignisse eines Jahres haben ma\u00dfgeblichen Einfluss auf die <a href=\"\/magazin\/weinwissen\/was-bedeutet-qualitaet-beim-wein\/\">Qualit\u00e4t eines Weines<\/a>. Ob der Jahresverlauf g\u00fcnstig f\u00fcr die Reben verl\u00e4uft oder widrige Verh\u00e4ltnisse das Wachstum und vor allem die Reife der Trauben ausbremsen, erkl\u00e4rt die Unterschiede zwischen den Jahrg\u00e4ngen. Auch zum kritischen Zeitpunkt der <a href=\"\/magazin\/weinwissen\/weinlese-das-finale-im-weinberg\/\">Lese<\/a> spielt das Wetter eine entscheidende Rolle.<\/p>\n<p>Geht es um die <a href=\"\/region\/bordeaux\/\">Spitzenweine aus dem Bordeaux<\/a>, gibt es daher einen regelrechten Kult um die Jahrgangsberichte, die mit dem Verkosten des neuen Weins <em>en primeur<\/em> ihren Abschluss finden. Folgeerscheinung dieser hohen Aufmerksamkeit ist unter anderem, dass die Preise f\u00fcr durchschnittliche Jahrg\u00e4nge sich deutlich von exzellenten Jahren unterscheiden. Umso mehr ist die Wahl eines Jahrgangs bei diesen Weinen bewusster Bestandteil der Kaufentscheidung.<\/p>\n<h2>Mehr \u00fcber das Bordeaux erfahren<\/h2>\n<p>Die folgende \u00dcbersicht tr\u00e4gt die wichtigsten Aussagen \u00fcber die Jahrg\u00e4nge 2005 bis 2022 zusammen. Dabei nehmen wir keine eigene Bewertung vor, verweisen aber zur Orientierung auf die Parker-Punkte f\u00fcr die besten Bordeaux-Appellationen, die allj\u00e4hrlich vergeben werden. Die Jahrgangsberichte sind als Erg\u00e4nzung zum Magazinbeitrag \u00fcber die <a href=\"\/magazin\/weinwissen\/appellation-begriff-fuer-herkunft-und-qualitaet\/\">Appellationen<\/a> und <a href=\"\/magazin\/weinwissen\/bordeaux-noch-mehr-liebe-auf-den-zweiten-blick\/\">Klassifikationen im Bordeaux<\/a> zu verstehen. Noch ein Tipp zum Thema: Im <a href=\"\/podcast\">Weinfreunde-Podcast \u201eBei Anruf Wein\u201c<\/a> gibt es gleich drei Folgen \u00fcber das Bordeaux zum Nachh\u00f6ren.<\/p>\n<div><script id=\"letscast-player-af276522\" src=\"https:\/\/letscast.fm\/podcasts\/bei-anruf-wein-der-weinpodcast-0e704e2e\/episodes\/das-rote-bordeaux-crash-kurs-mit-gast\/player.js?size=l\"><\/script><\/div>\n<div><script id=\"letscast-player-2c570630\" src=\"https:\/\/letscast.fm\/podcasts\/bei-anruf-wein-der-weinpodcast-0e704e2e\/episodes\/mythos-bordeaux-legenden-und-wahrheiten\/player.js?size=l\"><\/script><\/div>\n<div><script id=\"letscast-player-edcecea9\" src=\"https:\/\/letscast.fm\/podcasts\/bei-anruf-wein-der-weinpodcast-0e704e2e\/episodes\/das-weisse-bordeaux-ungeahnte-schaetze\/player.js?size=l\"><\/script><\/div>\n<h2>Bordeaux Jahrgang 2005<\/h2>\n<p>Zweifellos z\u00e4hlt der 2005er-Jahrgang zu den besten Jahrg\u00e4ngen im Bordeaux \u00fcberhaupt. Kenner vergleichen den Jahrgang mit 1928, 1945 oder 1961. Das Wetter spielt in diesem Jahr optimal mit. Es gab viel Sonne, W\u00e4rme und Trockenheit, obgleich sich die Hitze von 2003 gl\u00fccklicherweise nicht wiederholte. Es fiel gen\u00fcgend Niederschlag, um die Reben nicht \u00fcberm\u00e4\u00dfig zu stressen, und k\u00fchle N\u00e4chte, die der langsamen Reife guttaten. W\u00e4hrend der Lese war es trocken, sodass gen\u00fcgend Zeit blieb, die besten Lesezeitpunkte zu bestimmen. Die gute Qualit\u00e4t des Jahrgangs zieht sich durch alle gro\u00dfen Appellationen im <a href=\"\/magazin\/weinwissen\/medoc-herzkammer-der-weinregion-bordeaux\/\">M\u00e9doc<\/a> sowie am rechten Ufer der Gironde. Die Weine besitzen viel Alkohol, eine geh\u00f6rige Portion <a href=\"\/magazin\/weinwissen\/tannine-im-rotwein\/\">Tannin<\/a> und sind besonders <a href=\"\/magazin\/frag-die-weinfreunde\/warum-wein-lagern\/\">lagerf\u00e4hig<\/a>. Kostbar macht den Jahrgang zudem der ausgesprochen geringe Ertrag.<\/p>\n<h4><strong>Parker-Punkte f\u00fcr 2005<\/strong><\/h4>\n<p>Saint-Julien, Pauillac, Saint-Est\u00e8phe: <strong>95 Punkte<\/strong><br \/>\nMargaux : <strong>98 Punkte<\/strong><br \/>\nGraves, Pessac-L\u00e9ognan: <strong>96 Punkte<\/strong><br \/>\nPomerol: <strong>95 Punkte<\/strong><br \/>\nSaint-\u00c9milion: <strong>99 Punkte<\/strong><br \/>\nBarsac, Sauternes: <strong>96 Punkte<\/strong><\/p>\n\n<hr \/>\n<h4 style=\"padding-left: 80px;\"><span style=\"color: #808080;\">Legende zum Punkte-Schema von Robert Parker<\/span><\/h4>\n<p style=\"padding-left: 80px;\"><span style=\"color: #808080;\"><strong>96 bis 100:<\/strong> Extraordinary<\/span><br \/>\n<span style=\"color: #808080;\"><strong>90 bis 95:<\/strong> Outstanding<\/span><br \/>\n<span style=\"color: #808080;\"><strong>80 bis 89:<\/strong> Above Average to Excellent<\/span><br \/>\n<span style=\"color: #808080;\"><strong>70 bis 79:<\/strong> Average<\/span><br \/>\n<span style=\"color: #808080;\"><strong>60 bis 69:<\/strong> Below Average<\/span><br \/>\n<span style=\"color: #808080;\"><strong>weniger als 59:<\/strong> Appalling<\/span><\/p>\n<hr \/>\n<h2>Bordeaux Jahrgang 2006<\/h2>\n<p>Einen Jahrgang wie den 2006er bezeichnet man gern als \u201eSchattenjahrgang\u201c, da er mit seiner G\u00fcte hinter dem 2005er-Vorg\u00e4nger deutlich zur\u00fccksteht. Bis in den Juli hinein konnten die Ch\u00e2teaux und Winzer zufrieden sein, doch ein k\u00fchler August mit vielen Niederschl\u00e4gen machte ihnen einen Strich durch die Rechnung. Als zudem der Regen noch einmal zur Lese zur\u00fcckkam, gerieten einige Weing\u00fcter in Schwierigkeiten. Sie mussten fr\u00fchzeitig die Trauben in den Keller bringen, um Schlimmeres zu verhindern. Am Ende fiel die Erntemenge noch geringer aus als in den beiden Vorjahren.<\/p>\n<h3><strong>Parker-Punkte f\u00fcr 2006<\/strong><\/h3>\n<p>Saint-Julien, Pauillac, Saint-Est\u00e8phe: <strong>87 Punkte<\/strong><br \/>\nMargaux: <strong>88 Punkte<\/strong><br \/>\nGraves, Pessac-L\u00e9ognan: <strong>87 Punkte<\/strong><br \/>\nPomerol: <strong>90 Punkte<\/strong><br \/>\nSaint-\u00c9milion: <strong>88 Punkte<\/strong><br \/>\nBarsac, Sauternes: <strong>88 Punkte<\/strong><\/p>\n<h2>Bordeaux Jahrgang 2007<\/h2>\n<p>Ein ausgesprochen k\u00fchles Jahr im Bordeaux. Verlief die Bl\u00fcte der Reben noch relativ fr\u00fch, war es in den Folgemonaten, insbesondere im Juli, zu k\u00fchl. Zudem gab es viele Niederschl\u00e4ge, was manchen Weinberg vor Probleme stellte und die Gefahr von Pilzbefall deutlich erh\u00f6hte. Im September setzen sich dann sonnige, warme Verh\u00e4ltnisse durch. Es blieb weitgehend trocken, was den verbliebenen Trauben eine sch\u00f6ne Reife erm\u00f6glichte und speziell f\u00fcr den <a href=\"\/magazin\/weinwissen\/cabernet-sauvignon\/\">Cabernet Sauvignon<\/a> wichtig war. Von diesem Jahr haben eher die Wei\u00dfweine profitiert und noch viel mehr die <a href=\"\/magazin\/weinwissen\/dessertweine-und-ihre-vielfalt\/\">S\u00fc\u00dfweine<\/a> aus Barsac und <a href=\"\/magazin\/allgemein\/sauternes-edelsuesse-weissweine-aus-dem-bordelais\/\">Sauternes<\/a>.<\/p>\n<h4><strong>Parker-Punkte f\u00fcr 2007<\/strong><\/h4>\n<p>Saint-Julien, Pauillac, Saint-Est\u00e8phe: <strong>86 Punkte<\/strong><br \/>\nMargaux: <strong>86 Punkte<\/strong><br \/>\nGraves, Pessac-L\u00e9ognan: <strong>87 Punkte<\/strong><br \/>\nPomerol: <strong>86 Punkte<\/strong><br \/>\nSaint-\u00c9milion: <strong>86 Punkte<\/strong><br \/>\nBarsac, Sauternes: <strong>94 Punkte<\/strong><\/p>\n<div id=\"attachment_5821\" style=\"width: 1510px\" class=\"wp-caption alignnone\"><img loading=\"lazy\" decoding=\"async\" aria-describedby=\"caption-attachment-5821\" class=\"wp-image-5821 size-full\" src=\"https:\/\/www.weinfreunde.de\/magazin\/wp-content\/uploads\/2022\/08\/magazin_1-1-bordeaux-jahrgaenge.png\" alt=\"Weinreben in Bordeaux\" width=\"1500\" height=\"800\" srcset=\"https:\/\/www.weinfreunde.de\/magazin\/wp-content\/uploads\/2022\/08\/magazin_1-1-bordeaux-jahrgaenge.png 1500w, https:\/\/www.weinfreunde.de\/magazin\/wp-content\/uploads\/2022\/08\/magazin_1-1-bordeaux-jahrgaenge-300x160.png 300w, https:\/\/www.weinfreunde.de\/magazin\/wp-content\/uploads\/2022\/08\/magazin_1-1-bordeaux-jahrgaenge-1024x546.png 1024w, https:\/\/www.weinfreunde.de\/magazin\/wp-content\/uploads\/2022\/08\/magazin_1-1-bordeaux-jahrgaenge-768x410.png 768w, https:\/\/www.weinfreunde.de\/magazin\/wp-content\/uploads\/2022\/08\/magazin_1-1-bordeaux-jahrgaenge-749x399.png 749w, https:\/\/www.weinfreunde.de\/magazin\/wp-content\/uploads\/2022\/08\/magazin_1-1-bordeaux-jahrgaenge-150x80.png 150w, https:\/\/www.weinfreunde.de\/magazin\/wp-content\/uploads\/2022\/08\/magazin_1-1-bordeaux-jahrgaenge-390x208.png 390w, https:\/\/www.weinfreunde.de\/magazin\/wp-content\/uploads\/2022\/08\/magazin_1-1-bordeaux-jahrgaenge-750x400.png 750w, https:\/\/www.weinfreunde.de\/magazin\/wp-content\/uploads\/2022\/08\/magazin_1-1-bordeaux-jahrgaenge-1140x608.png 1140w\" sizes=\"auto, (max-width: 1500px) 100vw, 1500px\" \/><p id=\"caption-attachment-5821\" class=\"wp-caption-text\">Die Jahrg\u00e4nge und deren Qualit\u00e4t sind stark abh\u00e4ngig von Umweltfaktoren wie Temperatur, Sonneneinstrahlung, Niederschlag oder Frost.<\/p><\/div>\n<h2>Bordeaux Jahrgang 2008<\/h2>\n<p>Zu Beginn des Jahres kamen Bef\u00fcrchtungen auf, zum dritten Mal in Folge einen schwierigen und nur durchschnittlichen Jahrgang zu erleben. Andauernder Regen sowie Hagelschauer brachten den Verlust vieler Bl\u00fcten mit sich. Zudem sorgte die Feuchtigkeit f\u00fcr gro\u00dfe Probleme mit Mehltau. Der <a href=\"\/magazin\/weinwissen\/sommer-im-weinberg-laubarbeit-und-gruene-lese\/\">Fr\u00fchsommer<\/a> versprach Besserung, doch im August stellte sich erneut k\u00fchleres und feuchtes Wetter ein. Die folgenden Wochen mit trockenem, warmem <a href=\"\/magazin\/weinwissen\/beste-voraussetzungen-klima-und-wein\/\">Wetter<\/a> retteten den Jahrgang. Verbliebene Trauben bekamen nun die Sonne, die sie f\u00fcr die Reife ben\u00f6tigten.<\/p>\n<p>Und auch die Winzer nutzten den Umstand aus, sodass der ansonsten fr\u00fchreife <a href=\"\/magazin\/weinwissen\/merlot\/\">Merlot<\/a> erst im Oktober gelesen wurde. Von Vorteil war auch, dass sich die Reben auf die verbliebenen, besonders dickschaligen Trauben konzentrieren konnten. Dies erkl\u00e4rt die hohe S\u00e4ure und das runde Tannin der Weine, die \u00fcber eine besonders lange Lagerf\u00e4higkeit verf\u00fcgen. Allgemein betrachtet haben in diesem Jahr die Ch\u00e2teaux in <a href=\"\/magazin\/allgemein\/das-weinbaugebiet-pomerol\/\">Pomerol<\/a> und <a href=\"\/magazin\/allgemein\/die-appellation-saint-emilion\/\">Saint-\u00c9milion<\/a> leicht die Nase vorn.<\/p>\n<h4><strong>Parker-Punkte f\u00fcr 2008<\/strong><\/h4>\n<p>Saint-Julien, Pauillac, Saint-Est\u00e8phe: <strong>91 Punkte<\/strong><br \/>\nMargaux: <strong>90 Punkte<\/strong><br \/>\nGraves, Pessac-L\u00e9ognan: <strong>91 Punkte<\/strong><br \/>\nPomerol: <strong>96 Punkte<\/strong><br \/>\nSaint-\u00c9milion: <strong>92 Punkte<\/strong><br \/>\nBarsac, Sauternes: <strong>89 Punkte<\/strong><\/p>\n<h2>Bordeaux Jahrgang 2009<\/h2>\n<p>Der 2009er-Jahrgang z\u00e4hlt zweifellos zu den besten des neuen Jahrtausends. Ob linkes oder rechtes Ufer, die Ch\u00e2teaux \u00fcbertrumpfen sich geradezu mit exzellenten Weinen und die sogenannten Zweitweine der Grand-Cru-Class\u00e9-Weing\u00fcter befinden sich oftmals auf Augenh\u00f6he mit den Grands Vins. Zur Einordnung hei\u00dft es, 2000 sei sehr gut, 2005 der noch bessere Jahrgang, aber 2009 \u00fcbertrumpfe selbst diesen noch einmal.<\/p>\n<p>Im Fr\u00fchjahr fiel der Niederschlag, den die Reben f\u00fcr einen hei\u00dfen Sommer ben\u00f6tigen. Der Sommer war aber nicht sehr hei\u00df und brachte weiteren Regen. Im Sp\u00e4tsommer setzte sich warmes, trockenes Wetter durch, das zusammen mit den k\u00fchlen N\u00e4chten f\u00fcr eine perfekte phenolische Reife der Beeren einstand \u2013 so der Jahresbericht vom rechten Ufer. Im M\u00e9doc am linken Ufer ist der Sommer dagegen besonders hei\u00df und trocken aufgetreten. Die Reben gerieten teilweise in eine Stressphase, was aber eher zu konzentrierten Aromen f\u00fchrte. Erst im September fiel etwas Regen, die Reben erholten sich und die Gerbstoffe konnten lang genug ausreifen.<\/p>\n<h4><strong>Parker-Punkte f\u00fcr 2009<\/strong><\/h4>\n<p>Saint-Julien, Pauillac, Saint-Est\u00e8phe: <strong>99 Punkte<\/strong><br \/>\nMargaux: <strong>97 Punkte<\/strong><br \/>\nGraves, Pessac-L\u00e9ognan: <strong>97 Punkte<\/strong><br \/>\nPomerol: <strong>98 Punkte<\/strong><br \/>\nSaint-\u00c9milion: <strong>93 Punkte<\/strong><br \/>\nBarsac, Sauternes: <strong>97 Punkte<\/strong><\/p>\n<div class=\"product-slider\" id=\"_prodSlider69ef93ce5c617\">\n\t\t\t<h2>2009er Bordeaux Jahrgang bei Weinfreunde kaufen<\/h2>\n\t\t\n\t<div class=\"slide-area\">\n\t\t<div class=\"slides\">\n\t\t\t\t\t\t\t<div class=\"slide\">\n\t\t\t\t\t\t\t\t\t\t\t<a class=\"product\" href=\"https:\/\/www.weinfreunde.de\/p\/chateau-angelus-1er-cru-a-saint-emilion-angelus\/?ecid=int_magazin_nn_nn_nn_nn_nn_nn\" target=\"_blank\">\n\t\t\t\t\t\t\t\t\t\t\t<div class=\"image\">\n\t\t\t\t\t\t\t<div\n                                    class=\"bg\"\n                                    style=\"background-image: url(https:\/\/10b644692e76ab15cf59-eaadbe2afc1f47d8740ca8f676f7fe70.ssl.cf3.rackcdn.com\/2000014577_900v-7USmCAus.png);\"\n                            ><\/div>\n\t\t\t\t\t\t<\/div>\n\t\t\t\t\t\t<div class=\"c\">\n\t\t\t\t\t\t\t<div class=\"title\">Ch\u00e2teau Ang\u00e9lus 1er Cru A Saint-\u00c9mi\u2026<\/div>\n\t\t\t\t\t\t\t<div class=\"brand\">Ang\u00e9lus<\/div>\n\t\t\t\t\t\t\t\t\t\t\t\t\t\t\t<div class=\"details\">\n\t\t\t\t\t\t\t\t\t\t\t\t\t\t\t\t\t\t\t<div>Rotwein<\/div>\n\t\t\t\t\t\t\t\t\t\t\t\t\t\t\t\t\t\t\t<div>Merlot, Cabernet Franc<\/div>\n\t\t\t\t\t\t\t\t\t\t\t\t\t\t\t\t\t\t\t<div>Bordeaux<\/div>\n\t\t\t\t\t\t\t\t\t\t\t\t\t\t\t\t\t<\/div>\n\t\t\t\t\t\t\t\t\t\t\t\t\t<\/div>\n\t\t\t\t\t<\/a>\n\t\t\t\t<\/div>\n\t\t\t\t\t<\/div>\n\t<\/div>\n<\/div>\n<script>_w(() => new WF.Magazin.ProductSlider('#_prodSlider69ef93ce5c617'));<\/script>\n\n<h2>Bordeaux Jahrgang 2010<\/h2>\n<p>Das Jahr 2010 fiel insgesamt in der Weinregion Bordeaux sehr trocken aus, was durch besonders hei\u00dfe Sommerwochen im Juli und den sonnenreichen August noch verst\u00e4rkt wurde. Die Reben gerieten unter Trockenstress und bildeten relativ kleine, aber sehr extraktreiche Trauben aus. Zwar brachte der September noch ein wenig Niederschlag, doch die Trauben konnten davon nicht mehr profitieren. Da zudem im September die Temperaturen deutlich sanken, was die letzte Reife der Beeren ausbremste, begannen viele Ch\u00e2teaux relativ sp\u00e4t mit der Lese. Dank des trockenen, sonnigen Wetters war dies m\u00f6glich. Die Ernte der Trauben er\u00f6ffnete Ende September und reichte weit in den Oktober hinein.<\/p>\n<h4><strong>Parker-Punkte f\u00fcr 2010<\/strong><\/h4>\n<p>Saint-Julien, Pauillac, Saint-Est\u00e8phe: <strong>96 Punkte<\/strong><br \/>\nMargaux: <strong>95 Punkte<\/strong><br \/>\nGraves, Pessac-L\u00e9ognan: <strong>99 Punkte<\/strong><br \/>\nPomerol: <strong>95 Punkte<\/strong><br \/>\nSaint-\u00c9milion: <strong>94 Punkte<\/strong><br \/>\nBarsac, Sauternes: <strong>90 Punkte<\/strong><\/p>\n\n<h2>Bordeaux Jahrgang 2011<\/h2>\n<p>Ein Jahrgang, der scheinbar nur aus Problemen besteht. Deutlich fr\u00fcher als gew\u00f6hnlich h\u00e4lt der <a href=\"\/magazin\/weinwissen\/fruehjahr-im-weinberg\/\">Fr\u00fchling<\/a> im Bordeaux Einzug und l\u00e4sst die Wachstumsphase der Reben starten. Der Mai und der Juni verzeichnen keine Niederschl\u00e4ge und \u00fcberdurchschnittlich hohe Temperaturen. Die Reben geraten unter Trockenstress. Dann das absolute Gegenteil: Anfang Juni ziehen verheerende Hagelschauer durch das Bordeaux und sorgen f\u00fcr Verlust an Trauben und Blattwerk. Davon sind vorwiegend das M\u00e9doc und im besonderen Saint-Est\u00e8phe betroffen. Anschlie\u00dfend setzen sich die trockenen, hei\u00dfen Tage fort. Damit nicht genug folgt Mitte Juli ein Regen, der \u00fcber Tage mehr oder weniger anh\u00e4lt. Keiner der Vorzeige-Jahrg\u00e4nge im Bordeaux.<\/p>\n<h4><strong>Parker-Punkte f\u00fcr 2011<\/strong><\/h4>\n<p>Saint-Julien, Pauillac, Saint-Est\u00e8phe: <strong>88 Punkte<\/strong><br \/>\nMargaux: <strong>87 Punkte<\/strong><br \/>\nGraves, Pessac-L\u00e9ognan: <strong>86 Punkte<\/strong><br \/>\nPomerol:<strong> 88 Punkte<\/strong><br \/>\nSaint-\u00c9milion: <strong>97 Punkte<\/strong><br \/>\nBarsac, Sauternes: <strong>93 Punkte<\/strong><\/p>\n<div class=\"product-slider\" id=\"_prodSlider69ef93ce5d372\">\n\t\t\t<h2>2011er Bordeaux Jahrgang bei Weinfreunde kaufen<\/h2>\n\t\t\n\t<div class=\"slide-area\">\n\t\t<div class=\"slides\">\n\t\t\t\t\t\t\t<div class=\"slide\">\n\t\t\t\t\t\t\t\t\t\t\t<a class=\"product\" href=\"https:\/\/www.weinfreunde.de\/p\/chateau-palmer-3eme-cru-margaux-palmer\/?ecid=int_magazin_nn_nn_nn_nn_nn_nn\" target=\"_blank\">\n\t\t\t\t\t\t\t\t\t\t\t<div class=\"image\">\n\t\t\t\t\t\t\t<div\n                                    class=\"bg\"\n                                    style=\"background-image: url(https:\/\/10b644692e76ab15cf59-eaadbe2afc1f47d8740ca8f676f7fe70.ssl.cf3.rackcdn.com\/2000014551_900v-nUDLdhqk.png);\"\n                            ><\/div>\n\t\t\t\t\t\t<\/div>\n\t\t\t\t\t\t<div class=\"c\">\n\t\t\t\t\t\t\t<div class=\"title\">Ch\u00e2teau Palmer 3\u00e8me Cru Margaux 2011<\/div>\n\t\t\t\t\t\t\t<div class=\"brand\">Palmer<\/div>\n\t\t\t\t\t\t\t\t\t\t\t\t\t\t\t<div class=\"details\">\n\t\t\t\t\t\t\t\t\t\t\t\t\t\t\t\t\t\t\t<div>Rotwein<\/div>\n\t\t\t\t\t\t\t\t\t\t\t\t\t\t\t\t\t\t\t<div>Merlot, Cabernet Sauvignon<\/div>\n\t\t\t\t\t\t\t\t\t\t\t\t\t\t\t\t\t<\/div>\n\t\t\t\t\t\t\t\t\t\t\t\t\t<\/div>\n\t\t\t\t\t<\/a>\n\t\t\t\t<\/div>\n\t\t\t\t\t<\/div>\n\t<\/div>\n<\/div>\n<script>_w(() => new WF.Magazin.ProductSlider('#_prodSlider69ef93ce5d372'));<\/script>\n\n<h2>Bordeaux Jahrgang 2012<\/h2>\n<div id=\"attachment_6654\" style=\"width: 1510px\" class=\"wp-caption alignnone\"><img loading=\"lazy\" decoding=\"async\" aria-describedby=\"caption-attachment-6654\" class=\"wp-image-6654 size-full\" src=\"https:\/\/www.weinfreunde.de\/magazin\/wp-content\/uploads\/2023\/03\/magazin_1-1-image-gross3_bordeaux_1500x800px.png\" alt=\"Bordeaux\" width=\"1500\" height=\"800\" srcset=\"https:\/\/www.weinfreunde.de\/magazin\/wp-content\/uploads\/2023\/03\/magazin_1-1-image-gross3_bordeaux_1500x800px.png 1500w, https:\/\/www.weinfreunde.de\/magazin\/wp-content\/uploads\/2023\/03\/magazin_1-1-image-gross3_bordeaux_1500x800px-300x160.png 300w, https:\/\/www.weinfreunde.de\/magazin\/wp-content\/uploads\/2023\/03\/magazin_1-1-image-gross3_bordeaux_1500x800px-1024x546.png 1024w, https:\/\/www.weinfreunde.de\/magazin\/wp-content\/uploads\/2023\/03\/magazin_1-1-image-gross3_bordeaux_1500x800px-768x410.png 768w, https:\/\/www.weinfreunde.de\/magazin\/wp-content\/uploads\/2023\/03\/magazin_1-1-image-gross3_bordeaux_1500x800px-749x399.png 749w, https:\/\/www.weinfreunde.de\/magazin\/wp-content\/uploads\/2023\/03\/magazin_1-1-image-gross3_bordeaux_1500x800px-150x80.png 150w, https:\/\/www.weinfreunde.de\/magazin\/wp-content\/uploads\/2023\/03\/magazin_1-1-image-gross3_bordeaux_1500x800px-390x208.png 390w, https:\/\/www.weinfreunde.de\/magazin\/wp-content\/uploads\/2023\/03\/magazin_1-1-image-gross3_bordeaux_1500x800px-750x400.png 750w, https:\/\/www.weinfreunde.de\/magazin\/wp-content\/uploads\/2023\/03\/magazin_1-1-image-gross3_bordeaux_1500x800px-1140x608.png 1140w\" sizes=\"auto, (max-width: 1500px) 100vw, 1500px\" \/><p id=\"caption-attachment-6654\" class=\"wp-caption-text\">Auch im Jahr 2012 war klimatisch wechselhaft<\/p><\/div>\n<p>Nach dem Schreckensjahr 2011 konnte es in diesem Jahr nur besser werden. Doch das k\u00fchle, nasse Fr\u00fchjahr lie\u00df die Reben erst sp\u00e4t austreiben. Es folgt ein trockener, langer Sommer, der mit Rekordtemperaturen von \u00fcber 40 Grad Celsius im Bordeaux aufwartete. Zwar gerieten die Reben dadurch in Trockenstress, der erst durch geringe Niederschl\u00e4ge im September gelindert wurde, doch konnten sie gut ausreifen und blieben von Pilzbefall verschont. Wer rechtzeitig lesen konnte, da das Traubenmaterial schon komplett gereift war, brachte eine \u00fcberdurchschnittliche Qualit\u00e4t in den Keller. Wer noch warten musste, geriet im Oktober in die Bredouille, da erneut Regen einsetze. Daher ist dies eher ein Jahrgang f\u00fcr die <a href=\"\/magazin\/weinwissen\/merlot\/\">Merlot<\/a> gepr\u00e4gten Weine vom rechten Ufer als f\u00fcr den <a href=\"\/magazin\/weinwissen\/cabernet-sauvignon\/\">Cabernet Sauvignon<\/a> aus dem M\u00e9doc. Die Lese zog sich bis in die zweite Oktoberh\u00e4lfte hinein.<\/p>\n<h4><strong>Parker-Punkte f\u00fcr 2012<\/strong><\/h4>\n<p>Saint-Julien, Pauillac, Saint-Est\u00e8phe: <strong>92 Punkte<\/strong><br \/>\nMargaux: <strong>89 Punkte<\/strong><br \/>\nGraves, Pessac-L\u00e9ognan: <strong>91 Punkte<\/strong><br \/>\nPomerol: <strong>94 Punkte<\/strong><br \/>\nSaint-\u00c9milion: <strong>93 Punkte<\/strong><br \/>\nBarsac, Sauternes: <strong>88 Punkte<\/strong><\/p>\n\n<h2>Bordeaux Jahrgang 2013<\/h2>\n<p>Das Jahr geh\u00f6rt zweifellos zu den schwierigsten in diesem Jahrtausend. Es begann schlecht und endete noch schlechter. Ein ausgesprochen k\u00fchles und nasses Fr\u00fchjahr lie\u00df die Reben erst sp\u00e4t knospen und sorgte f\u00fcr einen um Wochen verz\u00f6gertes Wachstum. Noch hofften alle Ch\u00e2teaux darauf, dass ein trockener, lange Sommer den Jahrgang retten k\u00f6nnte, doch bis in den Juli hinein blieb es k\u00fchler als gewohnt.<\/p>\n<p>Der August zeigte sich zun\u00e4chst vers\u00f6hnlicher, doch wurde die gesamte Weinregion von schweren Hagelschauern heimgesucht, was die ohnehin schon kleine Menge an Trauben weiter reduzierte. \u00dcber 10.000 Hektar waren von dem Unwetter betroffen. Der September weckte noch einmal ein wenig Hoffnung, doch starke Regenf\u00e4lle bei hohen Temperaturen im Oktober lie\u00dfen das Risiko faulender Trauben und der Ausbildung von <a href=\"\/magazin\/frag-die-weinfreunde\/frag-die-weinfreunde-was-ist-botrytis\/\">Botrytis<\/a> enorm steigen. Die Winzer mussten entweder nicht perfekt gereifte Trauben lesen oder durch strenge Selektion die noch gesunden Trauben aussortieren. Ein schlimmes Jahr im Bordeaux mit sehr geringen Ertr\u00e4gen.<\/p>\n<h4><strong>Parker-Punkte f\u00fcr 2013<\/strong><\/h4>\n<p>Saint-Julien, Pauillac, Saint-Est\u00e8phe: <strong>81 Punkte<\/strong><br \/>\nMargaux: <strong>80 Punkte<\/strong><br \/>\nGraves, Pessac-L\u00e9ognan: <strong>81 Punkte<\/strong><br \/>\nPomerol: <strong>84 Punkte<\/strong><br \/>\nSaint-\u00c9milion: <strong>82 Punkte<\/strong><br \/>\nBarsac, Sauternes: <strong>92 Punkte<\/strong><br \/>\n<div class=\"product-slider\" id=\"_prodSlider69ef93ce5df0a\">\n\t\t\t<h2>2013er Bordeaux Jahrgang bei Weinfreunde kaufen<\/h2>\n\t\t\n\t<div class=\"slide-area\">\n\t\t<div class=\"slides\">\n\t\t\t\t\t\t\t<div class=\"slide\">\n\t\t\t\t\t\t\t\t\t\t\t<a class=\"product\" href=\"https:\/\/www.weinfreunde.de\/p\/chateau-latour-1er-cru-pauillac-latour\/?ecid=int_magazin_nn_nn_nn_nn_nn_nn\" target=\"_blank\">\n\t\t\t\t\t\t\t\t\t\t\t<div class=\"image\">\n\t\t\t\t\t\t\t<div\n                                    class=\"bg\"\n                                    style=\"background-image: url(https:\/\/images.cdn.europe-west1.gcp.commercetools.com\/c465d296-b9b4-4e2d-afd0-6980caa08886\/2000015141_900v-ztQ4MU0P.png);\"\n                            ><\/div>\n\t\t\t\t\t\t<\/div>\n\t\t\t\t\t\t<div class=\"c\">\n\t\t\t\t\t\t\t<div class=\"title\">Ch\u00e2teau Latour 1er Cru Pauillac 2013<\/div>\n\t\t\t\t\t\t\t<div class=\"brand\">Latour<\/div>\n\t\t\t\t\t\t\t\t\t\t\t\t\t\t\t<div class=\"details\">\n\t\t\t\t\t\t\t\t\t\t\t\t\t\t\t\t\t\t\t<div>Rotwein<\/div>\n\t\t\t\t\t\t\t\t\t\t\t\t\t\t\t\t\t\t\t<div>Cabernet Sauvignon, Merlot, Petit Verdot<\/div>\n\t\t\t\t\t\t\t\t\t\t\t\t\t\t\t\t\t\t\t<div>Bordeaux<\/div>\n\t\t\t\t\t\t\t\t\t\t\t\t\t\t\t\t\t<\/div>\n\t\t\t\t\t\t\t\t\t\t\t\t\t<\/div>\n\t\t\t\t\t<\/a>\n\t\t\t\t<\/div>\n\t\t\t\t\t<\/div>\n\t<\/div>\n<\/div>\n<script>_w(() => new WF.Magazin.ProductSlider('#_prodSlider69ef93ce5df0a'));<\/script>\n<\/p>\n<h2>Bordeaux Jahrgang 2014<\/h2>\n<p>Auch wenn es zu Beginn der Saison nicht nach einem tollen Jahrgang aussah, brachte das Jahr 2014 doch endlich wieder einen \u00fcberdurchschnittlich guten Wein in die Keller, der bei den En-Primeur-Verkostungen bereits mit den Jahrg\u00e4ngen 2006 und 2008 verglichen wurde. Oft wird auch auf eine Parallele mit 1994 hingewiesen, als nach drei schwierigen Jahren ebenfalls wieder ein guter Jahrgang zustande kam. Der Fr\u00fchling war gepr\u00e4gt von mildem, trockenem Wetter, doch im Mai und Juni tr\u00fcbte sich die Lage ein.<\/p>\n<p>Im Mai war es sehr regnerisch und k\u00fchl, der Juni brachte kr\u00e4ftige Winde, die den Reben zusetze, aber gleichzeitig f\u00fcr eine gute Bel\u00fcftung sorgte. Einem normalen Juli folgte ein August, der zun\u00e4chst zu k\u00fchl und trocken startete, dann aber in einen goldenen Sp\u00e4tsommer m\u00fcndete, der f\u00fcr perfekte Reife der Trauben sorgte und es m\u00f6glich machte, den jeweils optimalen Lesezeitpunkt zu nutzen. Besonders Cabernet Sauvignon im M\u00e9doc und der <a href=\"\/magazin\/weinwissen\/cabernet-franc\/\">Cabernet Franc<\/a> am rechten Ufer profitierten als sp\u00e4t reifende Rebsorten von diesen Wetterbedingungen.<\/p>\n<h4><strong>Parker-Punkte f\u00fcr 2014<\/strong><\/h4>\n<p>Saint-Julien, Pauillac, Saint-Est\u00e8phe: <strong>93 Punkte<\/strong><br \/>\nMargaux: <strong>90 Punkte<\/strong><br \/>\nGraves, Pessac-L\u00e9ognan: <strong>93 Punkte<\/strong><br \/>\nPomerol: <strong>94 Punkte<\/strong><br \/>\nSaint-\u00c9milion: <strong>92 Punkte<\/strong><br \/>\nBarsac, Sauternes: <strong>92 Punkte<\/strong><\/p>\n<div class=\"product-slider\" id=\"_prodSlider69ef93ce5e2da\">\n\t\t\t<h2>2014er Bordeaux Jahrgang bei Weinfreunde kaufen<\/h2>\n\t\t\n\t<div class=\"slide-area\">\n\t\t<div class=\"slides\">\n\t\t\t\t\t\t\t<div class=\"slide\">\n\t\t\t\t\t\t\t\t\t\t\t<a class=\"product\" href=\"https:\/\/www.weinfreunde.de\/p\/chateau-mouton-rothschild-1er-cru-pauillac-mouton-rothschild\/?ecid=int_magazin_nn_nn_nn_nn_nn_nn\" target=\"_blank\">\n\t\t\t\t\t\t\t\t\t\t\t<div class=\"image\">\n\t\t\t\t\t\t\t<div\n                                    class=\"bg\"\n                                    style=\"background-image: url(https:\/\/10b644692e76ab15cf59-eaadbe2afc1f47d8740ca8f676f7fe70.ssl.cf3.rackcdn.com\/2000014552_900v-_8EnhUGl.png);\"\n                            ><\/div>\n\t\t\t\t\t\t<\/div>\n\t\t\t\t\t\t<div class=\"c\">\n\t\t\t\t\t\t\t<div class=\"title\">Ch\u00e2teau Mouton Rothschild 1er Cru Pau\u2026<\/div>\n\t\t\t\t\t\t\t<div class=\"brand\">Mouton Rothschild<\/div>\n\t\t\t\t\t\t\t\t\t\t\t\t\t\t\t<div class=\"details\">\n\t\t\t\t\t\t\t\t\t\t\t\t\t\t\t\t\t\t\t<div>Rotwein<\/div>\n\t\t\t\t\t\t\t\t\t\t\t\t\t\t\t\t\t\t\t<div>Cabernet Sauvignon, Merlot, Cabernet Franc<\/div>\n\t\t\t\t\t\t\t\t\t\t\t\t\t\t\t\t\t\t\t<div>Bordeaux<\/div>\n\t\t\t\t\t\t\t\t\t\t\t\t\t\t\t\t\t<\/div>\n\t\t\t\t\t\t\t\t\t\t\t\t\t<\/div>\n\t\t\t\t\t<\/a>\n\t\t\t\t<\/div>\n\t\t\t\t\t<\/div>\n\t<\/div>\n<\/div>\n<script>_w(() => new WF.Magazin.ProductSlider('#_prodSlider69ef93ce5e2da'));<\/script>\n\n<h2>Bordeaux Jahrgang 2015<\/h2>\n<p>Dieses Jahr gilt als ein ausgesprochen hei\u00dfes und extrem trockenes Jahr im Bordeaux. Mehrere Wochen im Sommer z\u00e4hlten durchgehend Tagestemperaturen von 40 Grad Celsius und mehr. Der Blick in die Wetteraufzeichnungen best\u00e4tigt dies, denn mit Blick auf die Temperaturen wurden nahezu alle Rekorde gebrochen. B\u00f6den und Reben, die damit umgehen konnten, brachten hervorragende Traubenqualit\u00e4ten hervor. Zwar fielen im Fr\u00fchjahr noch reichlich Niederschl\u00e4ge, doch der vorangegangene Winter war selbst eher trocken. Schon im April stellte sich warmes, trockenes Wetter ein, was zu einem fr\u00fchen Wachstum der Reben f\u00fchrte.<\/p>\n<p>Dann kam die Hitzeperiode, die erst in der zweiten Augusth\u00e4lfte endete. Leichte Niederschl\u00e4ge sorgten daf\u00fcr, dass sich der Trockenstress f\u00fcr die Reben deutlich senkte. Problematischer waren die kr\u00e4ftigen Regenschauer im September, die zwar nur lokal auftraten, dort aber deutlich das Botrytis-Risiko erh\u00f6hten. Ein Sturmtief sorgte f\u00fcr weiteres Ungemach. Dennoch gilt der Jahrgang vor allen in Pomerol und Saint-\u00c9milion als au\u00dfergew\u00f6hnlich gut, manche Kritiker sprechen sogar von einem Jahrhundertjahrgang. Auch die Zahlenmystiker kommen auf ihre Kosten, denn wieder ist es ein 5er-Jahr \u2013 beginnend mit 1985 \u2013 das mit einem gro\u00dfen Jahrgang gl\u00e4nzt.<\/p>\n<h4><strong>Parker-Punkte f\u00fcr 2015<\/strong><\/h4>\n<p>Saint-Julien, Pauillac, Saint-Est\u00e8phe: <strong>94 Punkte<\/strong><br \/>\nMargaux: <strong>94 Punkte<\/strong><br \/>\nGraves, Pessac-L\u00e9ognan: <strong>96 Punkte<\/strong><br \/>\nPomerol: <strong>96 Punkte<\/strong><br \/>\nSaint-\u00c9milion: <strong>95 Punkte<\/strong><br \/>\nBarsac, Sauternes: <strong>95 Punkte<\/strong><\/p>\n<div class=\"product-slider\" id=\"_prodSlider69ef93ce5e95c\">\n\t\t\t<h2>2015er Bordeaux Jahrgang bei Weinfreunde kaufen<\/h2>\n\t\t\n\t<div class=\"slide-area\">\n\t\t<div class=\"slides\">\n\t\t\t\t\t\t\t<div class=\"slide\">\n\t\t\t\t\t\t\t\t\t\t\t<a class=\"product\" href=\"https:\/\/www.weinfreunde.de\/p\/premier-vin-bordeaux-chateau-bel-air-perponcher\/?ecid=int_magazin_nn_nn_nn_nn_nn_nn\" target=\"_blank\">\n\t\t\t\t\t\t\t\t\t\t\t<div class=\"image\">\n\t\t\t\t\t\t\t<div\n                                    class=\"bg\"\n                                    style=\"background-image: url(https:\/\/10b644692e76ab15cf59-eaadbe2afc1f47d8740ca8f676f7fe70.ssl.cf3.rackcdn.com\/2000013241_900v-7AkF1RpE.png);\"\n                            ><\/div>\n\t\t\t\t\t\t<\/div>\n\t\t\t\t\t\t<div class=\"c\">\n\t\t\t\t\t\t\t<div class=\"title\">Premier Vin Bordeaux 2018<\/div>\n\t\t\t\t\t\t\t<div class=\"brand\">Ch\u00e2teau Bel Air Perponcher<\/div>\n\t\t\t\t\t\t\t\t\t\t\t\t\t\t\t<div class=\"details\">\n\t\t\t\t\t\t\t\t\t\t\t\t\t\t\t\t\t\t\t<div>Rotwein<\/div>\n\t\t\t\t\t\t\t\t\t\t\t\t\t\t\t\t\t\t\t<div>Merlot, Cabernet Sauvignon, Cabernet Franc<\/div>\n\t\t\t\t\t\t\t\t\t\t\t\t\t\t\t\t\t<\/div>\n\t\t\t\t\t\t\t\t\t\t\t\t\t<\/div>\n\t\t\t\t\t<\/a>\n\t\t\t\t<\/div>\n\t\t\t\t\t<\/div>\n\t<\/div>\n<\/div>\n<script>_w(() => new WF.Magazin.ProductSlider('#_prodSlider69ef93ce5e95c'));<\/script>\n\n<h2>Bordeaux Jahrgang 2016<\/h2>\n<p>Kennzeichen dieses Jahres sind das verregnete Fr\u00fchjahr und die ausgesprochen sp\u00e4te Lese sowohl im M\u00e9doc als auch auf dem rechten Ufer in Saint-\u00c9milion und Pomerol. Teilweise fiel in diesen Wochen die komplette, durchschnittliche Menge eines ganzen Jahres vom Himmel. Dies war nach dem extrem trockenen 2015 einerseits gut, anderes erh\u00f6hte das Wetter den Pilzdruck in den Weinbergen. Zudem z\u00f6gerte sich durch das Wetter die Bl\u00fcte der Reben hinaus.<\/p>\n<p>Erst Ende Juni schlug das Wetter um und brachte eine lange trockene Zeit mit warmen, aber nicht hohen Temperaturen. Den ganzen Juli und August setzte sich dieses Wetter fort, was der Reife der Trauben guttat. Als auch noch der September trocken blieb und mit kalten N\u00e4chten f\u00fcr eine langsame letzte Reifephase sorgte, entwickelte sich auch der Jahrgang insgesamt mit seinen Qualit\u00e4ten deutlich nach oben \u2013 wie auch die hohen Punktewertungen der internationalen Weinkritik zeigen. Kennzeichen des Jahres ist gleichfalls die oft sp\u00e4te und lange Lese der Trauben. Bei <a href=\"\/beychevelle\/\">Ch\u00e2teau Beychevelle<\/a> war es die sp\u00e4teste Lese seiner Geschichte und bei <a href=\"\/margaux\/\">Ch\u00e2teau Margaux<\/a> sprach man von der l\u00e4ngsten Lese der Historie. Dort fand die Ernte vom 23. September bis zum 18. Oktober statt.<\/p>\n<h4><strong>Parker-Punkte f\u00fcr 2016<\/strong><\/h4>\n<p>Saint-Julien, Pauillac, Saint-Est\u00e8phe: <strong>97 Punkte<\/strong><br \/>\nMargaux: <strong>97 Punkte<\/strong><br \/>\nGraves, Pessac-L\u00e9ognan: <strong>97 Punkte<\/strong><br \/>\nPomerol: <strong>97 Punkte<\/strong><br \/>\nSaint-\u00c9milion: <strong>95 Punkte<\/strong><br \/>\nBarsac, Sauternes: <strong>92 Punkte<\/strong><\/p>\n<div class=\"product-slider\" id=\"_prodSlider69ef93ce5efed\">\n\t\t\t<h2>2016er Bordeaux Jahrgang bei Weinfreunde kaufen<\/h2>\n\t\t\n\t<div class=\"slide-area\">\n\t\t<div class=\"slides\">\n\t\t\t\t\t\t\t<div class=\"slide\">\n\t\t\t\t\t\t\t\t\t\t\t<a class=\"product\" href=\"https:\/\/www.weinfreunde.de\/p\/chateau-laffitte-laujac-medoc-laffitte-laujac\/?ecid=int_magazin_nn_nn_nn_nn_nn_nn\" target=\"_blank\">\n\t\t\t\t\t\t\t\t\t\t\t<div class=\"image\">\n\t\t\t\t\t\t\t<div\n                                    class=\"bg\"\n                                    style=\"background-image: url(https:\/\/10b644692e76ab15cf59-eaadbe2afc1f47d8740ca8f676f7fe70.ssl.cf3.rackcdn.com\/2000012641_900v-CZ1pvxAY.png);\"\n                            ><\/div>\n\t\t\t\t\t\t<\/div>\n\t\t\t\t\t\t<div class=\"c\">\n\t\t\t\t\t\t\t<div class=\"title\">Ch\u00e2teau Laffitte Laujac M\u00e9doc 2020<\/div>\n\t\t\t\t\t\t\t<div class=\"brand\">Laffitte Laujac<\/div>\n\t\t\t\t\t\t\t\t\t\t\t\t\t\t\t<div class=\"details\">\n\t\t\t\t\t\t\t\t\t\t\t\t\t\t\t\t\t\t\t<div>Rotwein<\/div>\n\t\t\t\t\t\t\t\t\t\t\t\t\t\t\t\t\t\t\t<div>Cabernet Sauvignon, Merlot, Petit Verdot<\/div>\n\t\t\t\t\t\t\t\t\t\t\t\t\t\t\t\t\t<\/div>\n\t\t\t\t\t\t\t\t\t\t\t\t\t<\/div>\n\t\t\t\t\t<\/a>\n\t\t\t\t<\/div>\n\t\t\t\t\t\t\t<div class=\"slide\">\n\t\t\t\t\t\t\t\t\t\t\t<a class=\"product\" href=\"https:\/\/www.weinfreunde.de\/p\/chateau-pontet-canet-5eme-cru-pauillac-bio-pontet-canet\/?ecid=int_magazin_nn_nn_nn_nn_nn_nn\" target=\"_blank\">\n\t\t\t\t\t\t\t\t\t\t\t<div class=\"image\">\n\t\t\t\t\t\t\t<div\n                                    class=\"bg\"\n                                    style=\"background-image: url(https:\/\/10b644692e76ab15cf59-eaadbe2afc1f47d8740ca8f676f7fe70.ssl.cf3.rackcdn.com\/2000014546_900v-qoXBfoM8.png);\"\n                            ><\/div>\n\t\t\t\t\t\t<\/div>\n\t\t\t\t\t\t<div class=\"c\">\n\t\t\t\t\t\t\t<div class=\"title\">Ch\u00e2teau Pontet-Canet 5\u00e8me Cru Pauill\u2026<\/div>\n\t\t\t\t\t\t\t<div class=\"brand\">Pontet-Canet<\/div>\n\t\t\t\t\t\t\t\t\t\t\t\t\t\t\t<div class=\"details\">\n\t\t\t\t\t\t\t\t\t\t\t\t\t\t\t\t\t\t\t<div>Rotwein<\/div>\n\t\t\t\t\t\t\t\t\t\t\t\t\t\t\t\t\t\t\t<div>Cabernet Sauvignon, Merlot, Cabernet Franc<\/div>\n\t\t\t\t\t\t\t\t\t\t\t\t\t\t\t\t\t\t\t<div>Bordeaux<\/div>\n\t\t\t\t\t\t\t\t\t\t\t\t\t\t\t\t\t<\/div>\n\t\t\t\t\t\t\t\t\t\t\t\t\t<\/div>\n\t\t\t\t\t<\/a>\n\t\t\t\t<\/div>\n\t\t\t\t\t\t\t<div class=\"slide\">\n\t\t\t\t\t\t\t\t\t\t\t<a class=\"product\" href=\"https:\/\/www.weinfreunde.de\/p\/pavillon-rouge-margaux-margaux\/?ecid=int_magazin_nn_nn_nn_nn_nn_nn\" target=\"_blank\">\n\t\t\t\t\t\t\t\t\t\t\t<div class=\"image\">\n\t\t\t\t\t\t\t<div\n                                    class=\"bg\"\n                                    style=\"background-image: url(https:\/\/10b644692e76ab15cf59-eaadbe2afc1f47d8740ca8f676f7fe70.ssl.cf3.rackcdn.com\/2000014549_900v-IUB_21Gz.png);\"\n                            ><\/div>\n\t\t\t\t\t\t<\/div>\n\t\t\t\t\t\t<div class=\"c\">\n\t\t\t\t\t\t\t<div class=\"title\">Pavillon Rouge Margaux 2016<\/div>\n\t\t\t\t\t\t\t<div class=\"brand\">Margaux<\/div>\n\t\t\t\t\t\t\t\t\t\t\t\t\t\t\t<div class=\"details\">\n\t\t\t\t\t\t\t\t\t\t\t\t\t\t\t\t\t\t\t<div>Rotwein<\/div>\n\t\t\t\t\t\t\t\t\t\t\t\t\t\t\t\t\t\t\t<div>Cabernet Sauvignon, Merlot, Petit Verdot<\/div>\n\t\t\t\t\t\t\t\t\t\t\t\t\t\t\t\t\t<\/div>\n\t\t\t\t\t\t\t\t\t\t\t\t\t<\/div>\n\t\t\t\t\t<\/a>\n\t\t\t\t<\/div>\n\t\t\t\t\t\t\t<div class=\"slide\">\n\t\t\t\t\t\t\t\t\t\t\t<a class=\"product\" href=\"https:\/\/www.weinfreunde.de\/p\/chateau-margaux-1er-cru-margaux-jahrgang-margaux\/?ecid=int_magazin_nn_nn_nn_nn_nn_nn\" target=\"_blank\">\n\t\t\t\t\t\t\t\t\t\t\t<div class=\"image\">\n\t\t\t\t\t\t\t<div\n                                    class=\"bg\"\n                                    style=\"background-image: url(https:\/\/10b644692e76ab15cf59-eaadbe2afc1f47d8740ca8f676f7fe70.ssl.cf3.rackcdn.com\/2000014553_900v-gLzjwoV5.png);\"\n                            ><\/div>\n\t\t\t\t\t\t<\/div>\n\t\t\t\t\t\t<div class=\"c\">\n\t\t\t\t\t\t\t<div class=\"title\">Ch\u00e2teau Margaux 1er Cru Margaux Jahrg\u2026<\/div>\n\t\t\t\t\t\t\t<div class=\"brand\">Margaux<\/div>\n\t\t\t\t\t\t\t\t\t\t\t\t\t\t\t<div class=\"details\">\n\t\t\t\t\t\t\t\t\t\t\t\t\t\t\t\t\t\t\t<div>Rotwein<\/div>\n\t\t\t\t\t\t\t\t\t\t\t\t\t\t\t\t\t\t\t<div>Cabernet Sauvignon, Cabernet Franc, Merlot, Petit Verdot<\/div>\n\t\t\t\t\t\t\t\t\t\t\t\t\t\t\t\t\t<\/div>\n\t\t\t\t\t\t\t\t\t\t\t\t\t<\/div>\n\t\t\t\t\t<\/a>\n\t\t\t\t<\/div>\n\t\t\t\t\t\t\t<div class=\"slide\">\n\t\t\t\t\t\t\t\t\t\t\t<a class=\"product\" href=\"https:\/\/www.weinfreunde.de\/p\/chateau-ducru-beaucaillou-2eme-cru-saint-julien-ducru-beaucaillou\/?ecid=int_magazin_nn_nn_nn_nn_nn_nn\" target=\"_blank\">\n\t\t\t\t\t\t\t\t\t\t\t<div class=\"image\">\n\t\t\t\t\t\t\t<div\n                                    class=\"bg\"\n                                    style=\"background-image: url(https:\/\/10b644692e76ab15cf59-eaadbe2afc1f47d8740ca8f676f7fe70.ssl.cf3.rackcdn.com\/2000014565_900v-Nj0vFax2.png);\"\n                            ><\/div>\n\t\t\t\t\t\t<\/div>\n\t\t\t\t\t\t<div class=\"c\">\n\t\t\t\t\t\t\t<div class=\"title\">Ch\u00e2teau Ducru-Beaucaillou 2\u00e8me Cru S\u2026<\/div>\n\t\t\t\t\t\t\t<div class=\"brand\">Ducru-Beaucaillou<\/div>\n\t\t\t\t\t\t\t\t\t\t\t\t\t\t\t<div class=\"details\">\n\t\t\t\t\t\t\t\t\t\t\t\t\t\t\t\t\t\t\t<div>Rotwein<\/div>\n\t\t\t\t\t\t\t\t\t\t\t\t\t\t\t\t\t\t\t<div>Cabernet Sauvignon, Merlot<\/div>\n\t\t\t\t\t\t\t\t\t\t\t\t\t\t\t\t\t<\/div>\n\t\t\t\t\t\t\t\t\t\t\t\t\t<\/div>\n\t\t\t\t\t<\/a>\n\t\t\t\t<\/div>\n\t\t\t\t\t<\/div>\n\t<\/div>\n<\/div>\n<script>_w(() => new WF.Magazin.ProductSlider('#_prodSlider69ef93ce5efed'));<\/script>\n\n<h2>Bordeaux Jahrgang 2017<\/h2>\n<p>Ein Horrorjahr im Bordeaux mit sehr schwierigen Wetterverh\u00e4ltnissen, ganz viel Arbeit f\u00fcr die Winzer in den Weinbergen und einem nur sehr geringen Ertrag. Allerdings bedeutet dies nicht, dass alle Ch\u00e2teaux davon betroffen waren. Es gibt auch in diesem Jahr Spitzenweine aus Bordeaux. Bereits im Fr\u00fchjahr ereilte die Rebfl\u00e4chen das erste Unheil. Strenge Fr\u00f6ste von bis zu Minus sieben Grad Celsius \u00fcberfielen in drei aufeinanderfolgenden N\u00e4chten die Region. Besonders die Appellationen am rechten Ufer waren davon betroffen und dort die Rebfl\u00e4chen in der Ebene mehr als die auf dem Plateau gelegenen Weinberge. Dagegen rettete viele Weing\u00fcter im M\u00e9doc ihre N\u00e4he zur Gironde, die gleich einer Heizung an ihren Ufern den Frost verdr\u00e4ngte. Das gilt aber nicht f\u00fcr das komplette linke Ufer, in Graves und Sauternes waren die Frostsch\u00e4den gleichfalls enorm.<\/p>\n<p>Im Juni bereiteten noch einmal heftige Regenf\u00e4lle Sorgen, ansonsten zeigte sich der Sommer von seiner trockenen und hei\u00dfen Seite. Mitte September \u2013 kurz vor der Ernte setzten andauernde Niederschl\u00e4ge die Winzer unter Zugzwang. Der nahezu vollreife Merlot drohte zu verw\u00e4ssern, die Trauben mussten gelesen werden. Ferner stieg in dieser kritischen Phase auch der Pilzdruck enorm an. 2017 ist ein Jahr, in dem manche Ch\u00e2teaux darauf verzichten, einen Grand Vin zu erzeugen \u2013 so schlecht war das Traubenmaterial. Da der Frost auch nicht alle Rebsorten gleich getroffen hat, variieren einige <a href=\"\/magazin\/frag-die-weinfreunde\/was-ist-eine-cuvee\/\">Cuv\u00e9es<\/a> sp\u00fcrbar gegen\u00fcber den Vorjahren.<\/p>\n<h4><strong>Parker-Punkte f\u00fcr 2017<\/strong><\/h4>\n<p>Saint-Julien, Pauillac, Saint-Est\u00e8phe: <strong>91 Punkte<\/strong><br \/>\nMargaux: <strong>90 Punkte<\/strong><br \/>\nGraves, Pessac-L\u00e9ognan: <strong>92 Punkte<\/strong><br \/>\nPomerol: <strong>90 Punkte<\/strong><br \/>\nSaint-\u00c9milion: <strong>89 Punkte<\/strong><br \/>\nBarsac, Sauternes: <strong>90 Punkte<\/strong><\/p>\n<div class=\"product-slider\" id=\"_prodSlider69ef93ce5f697\">\n\t\t\t<h2>2017er Bordeaux Jahrgang bei Weinfreunde kaufen<\/h2>\n\t\t\n\t<div class=\"slide-area\">\n\t\t<div class=\"slides\">\n\t\t\t\t\t\t\t<div class=\"slide\">\n\t\t\t\t\t\t\t\t\t\t\t<a class=\"product\" href=\"https:\/\/www.weinfreunde.de\/p\/premier-vin-bordeaux-chateau-bel-air-perponcher\/?ecid=int_magazin_nn_nn_nn_nn_nn_nn\" target=\"_blank\">\n\t\t\t\t\t\t\t\t\t\t\t<div class=\"image\">\n\t\t\t\t\t\t\t<div\n                                    class=\"bg\"\n                                    style=\"background-image: url(https:\/\/10b644692e76ab15cf59-eaadbe2afc1f47d8740ca8f676f7fe70.ssl.cf3.rackcdn.com\/2000013241_900v-7AkF1RpE.png);\"\n                            ><\/div>\n\t\t\t\t\t\t<\/div>\n\t\t\t\t\t\t<div class=\"c\">\n\t\t\t\t\t\t\t<div class=\"title\">Premier Vin Bordeaux 2018<\/div>\n\t\t\t\t\t\t\t<div class=\"brand\">Ch\u00e2teau Bel Air Perponcher<\/div>\n\t\t\t\t\t\t\t\t\t\t\t\t\t\t\t<div class=\"details\">\n\t\t\t\t\t\t\t\t\t\t\t\t\t\t\t\t\t\t\t<div>Rotwein<\/div>\n\t\t\t\t\t\t\t\t\t\t\t\t\t\t\t\t\t\t\t<div>Merlot, Cabernet Sauvignon, Cabernet Franc<\/div>\n\t\t\t\t\t\t\t\t\t\t\t\t\t\t\t\t\t<\/div>\n\t\t\t\t\t\t\t\t\t\t\t\t\t<\/div>\n\t\t\t\t\t<\/a>\n\t\t\t\t<\/div>\n\t\t\t\t\t\t\t<div class=\"slide\">\n\t\t\t\t\t\t\t\t\t\t\t<a class=\"product\" href=\"https:\/\/www.weinfreunde.de\/p\/chateau-lafite-rothschild-1er-cru-pauillac-jahrgang-lafite-rothschild\/?ecid=int_magazin_nn_nn_nn_nn_nn_nn\" target=\"_blank\">\n\t\t\t\t\t\t\t\t\t\t\t<div class=\"image\">\n\t\t\t\t\t\t\t<div\n                                    class=\"bg\"\n                                    style=\"background-image: url(https:\/\/10b644692e76ab15cf59-eaadbe2afc1f47d8740ca8f676f7fe70.ssl.cf3.rackcdn.com\/2000014557_900v-hwfdyuwe.png);\"\n                            ><\/div>\n\t\t\t\t\t\t<\/div>\n\t\t\t\t\t\t<div class=\"c\">\n\t\t\t\t\t\t\t<div class=\"title\">Ch\u00e2teau Lafite Rothschild 1er Cru Pau\u2026<\/div>\n\t\t\t\t\t\t\t<div class=\"brand\">Lafite Rothschild<\/div>\n\t\t\t\t\t\t\t\t\t\t\t\t\t\t\t<div class=\"details\">\n\t\t\t\t\t\t\t\t\t\t\t\t\t\t\t\t\t\t\t<div>Rotwein<\/div>\n\t\t\t\t\t\t\t\t\t\t\t\t\t\t\t\t\t\t\t<div>Cabernet Sauvignon, Merlot, Petit Verdot<\/div>\n\t\t\t\t\t\t\t\t\t\t\t\t\t\t\t\t\t<\/div>\n\t\t\t\t\t\t\t\t\t\t\t\t\t<\/div>\n\t\t\t\t\t<\/a>\n\t\t\t\t<\/div>\n\t\t\t\t\t<\/div>\n\t<\/div>\n<\/div>\n<script>_w(() => new WF.Magazin.ProductSlider('#_prodSlider69ef93ce5f697'));<\/script>\n\n<h2>Bordeaux Jahrgang 2018<\/h2>\n<div id=\"attachment_5185\" style=\"width: 1510px\" class=\"wp-caption alignnone\"><img loading=\"lazy\" decoding=\"async\" aria-describedby=\"caption-attachment-5185\" class=\"wp-image-5185 size-full\" src=\"https:\/\/www.weinfreunde.de\/magazin\/wp-content\/uploads\/2021\/02\/FRA_Bordeaux_shutterstock_222504550_LZ-web-1.jpg\" alt=\"Weinreben Bordeaux\" width=\"1500\" height=\"800\" srcset=\"https:\/\/www.weinfreunde.de\/magazin\/wp-content\/uploads\/2021\/02\/FRA_Bordeaux_shutterstock_222504550_LZ-web-1.jpg 1500w, https:\/\/www.weinfreunde.de\/magazin\/wp-content\/uploads\/2021\/02\/FRA_Bordeaux_shutterstock_222504550_LZ-web-1-300x160.jpg 300w, https:\/\/www.weinfreunde.de\/magazin\/wp-content\/uploads\/2021\/02\/FRA_Bordeaux_shutterstock_222504550_LZ-web-1-1024x546.jpg 1024w, https:\/\/www.weinfreunde.de\/magazin\/wp-content\/uploads\/2021\/02\/FRA_Bordeaux_shutterstock_222504550_LZ-web-1-768x410.jpg 768w, https:\/\/www.weinfreunde.de\/magazin\/wp-content\/uploads\/2021\/02\/FRA_Bordeaux_shutterstock_222504550_LZ-web-1-749x399.jpg 749w, https:\/\/www.weinfreunde.de\/magazin\/wp-content\/uploads\/2021\/02\/FRA_Bordeaux_shutterstock_222504550_LZ-web-1-150x80.jpg 150w, https:\/\/www.weinfreunde.de\/magazin\/wp-content\/uploads\/2021\/02\/FRA_Bordeaux_shutterstock_222504550_LZ-web-1-390x208.jpg 390w, https:\/\/www.weinfreunde.de\/magazin\/wp-content\/uploads\/2021\/02\/FRA_Bordeaux_shutterstock_222504550_LZ-web-1-750x400.jpg 750w, https:\/\/www.weinfreunde.de\/magazin\/wp-content\/uploads\/2021\/02\/FRA_Bordeaux_shutterstock_222504550_LZ-web-1-1140x608.jpg 1140w\" sizes=\"auto, (max-width: 1500px) 100vw, 1500px\" \/><p id=\"caption-attachment-5185\" class=\"wp-caption-text\">Der Jahrgang 2018 wendet sich zwar noch zum guten, bringt aber nur geringe Ertr\u00e4ge hervor<\/p><\/div>\n<p>Das ganze Fr\u00fchjahr \u00fcber war nicht damit zu rechnen, dass dieser Jahrgang mit \u00fcberdurchschnittlich vielen Weinen enden w\u00fcrde, die von der Kritik mit 100 Punkten geadelt wurden. So etwa die Grand Vins von <a href=\"\/lafite-rothschild\/\">Lafite-Rothschild<\/a>, <a href=\"\/haut-brion\/\">Haut-Brion<\/a> und Margaux im M\u00e9doc sowie <a href=\"\/ausone\/\">Ausone<\/a> im Saint-\u00c9milion. Es begann mit einem sehr feuchten M\u00e4rz und April bei sommerlicher Temperatur, die den Pilzdruck rasant ansteigen lie\u00df, Mehltau wurde zum gro\u00dfen Problem in der gesamten Region. Zumal auch die Monate Mai und Juni wieder \u00fcberdurchschnittlich viel Niederschlag verzeichneten. Entsprechend gro\u00df waren auf verschiedenen Weing\u00fctern die Verluste an Trauben.<\/p>\n<p>Mit dem Juli \u00e4nderten sich die Wetterverh\u00e4ltnisse und es begann eine lange trockene Phase mit warmem Wetter, das die verbliebenen Trauben optimal reifen lie\u00df und am Ende Material mit gro\u00dfer Konzentration einbrachte. Das g\u00fcnstige Wetter setzte sich bis zur Lese fort. Kleinere Regenf\u00e4lle entlie\u00dfen die Reben aus dem Trockenstress. Diese Wochen gaben der Reife den letzten Schliff. Ein Jahrgang, der sich noch zum Guten wendete, allerdings mit nur geringen Ertr\u00e4gen aufwarten kann.<\/p>\n<h4><strong>Parker-Punkte f\u00fcr 2018<\/strong><\/h4>\n<p>Saint-Julien, Pauillac, Saint-Est\u00e8phe: <strong>96 Punkte<\/strong><br \/>\nMargaux: <strong>96 Punkte<\/strong><br \/>\nGraves, Pessac-L\u00e9ognan: <strong>95 Punkte<\/strong><br \/>\nPomerol: <strong>95 Punkte<\/strong><br \/>\nSaint-\u00c9milion: <strong>94 Punkte<\/strong><br \/>\nBarsac, Sauternes: <strong>90 Punkte<\/strong><\/p>\n<div class=\"product-slider\" id=\"_prodSlider69ef93ce5fd64\">\n\t\t\t<h2>2018er Bordeaux Jahrgang bei Weinfreunde kaufen<\/h2>\n\t\t\n\t<div class=\"slide-area\">\n\t\t<div class=\"slides\">\n\t\t\t\t\t\t\t<div class=\"slide\">\n\t\t\t\t\t\t\t\t\t\t\t<a class=\"product\" href=\"https:\/\/www.weinfreunde.de\/p\/chateau-sociando-mallet-haut-medoc-sociando-mallet\/?ecid=int_magazin_nn_nn_nn_nn_nn_nn\" target=\"_blank\">\n\t\t\t\t\t\t\t\t\t\t\t<div class=\"image\">\n\t\t\t\t\t\t\t<div\n                                    class=\"bg\"\n                                    style=\"background-image: url(https:\/\/10b644692e76ab15cf59-eaadbe2afc1f47d8740ca8f676f7fe70.ssl.cf3.rackcdn.com\/2000013200_900v-0P3kRdZL.png);\"\n                            ><\/div>\n\t\t\t\t\t\t<\/div>\n\t\t\t\t\t\t<div class=\"c\">\n\t\t\t\t\t\t\t<div class=\"title\">Ch\u00e2teau Sociando-Mallet Haut-M\u00e9doc 2\u2026<\/div>\n\t\t\t\t\t\t\t<div class=\"brand\">Sociando-Mallet<\/div>\n\t\t\t\t\t\t\t\t\t\t\t\t\t\t\t<div class=\"details\">\n\t\t\t\t\t\t\t\t\t\t\t\t\t\t\t\t\t\t\t<div>Rotwein<\/div>\n\t\t\t\t\t\t\t\t\t\t\t\t\t\t\t\t\t\t\t<div>Cabernet Sauvignon, Merlot, Petit Verdot<\/div>\n\t\t\t\t\t\t\t\t\t\t\t\t\t\t\t\t\t<\/div>\n\t\t\t\t\t\t\t\t\t\t\t\t\t<\/div>\n\t\t\t\t\t<\/a>\n\t\t\t\t<\/div>\n\t\t\t\t\t\t\t<div class=\"slide\">\n\t\t\t\t\t\t\t\t\t\t\t<a class=\"product\" href=\"https:\/\/www.weinfreunde.de\/p\/chateau-figeac-1er-cru-b-saint-emilion-jahrgang-figeac\/?ecid=int_magazin_nn_nn_nn_nn_nn_nn\" target=\"_blank\">\n\t\t\t\t\t\t\t\t\t\t\t<div class=\"image\">\n\t\t\t\t\t\t\t<div\n                                    class=\"bg\"\n                                    style=\"background-image: url(https:\/\/10b644692e76ab15cf59-eaadbe2afc1f47d8740ca8f676f7fe70.ssl.cf3.rackcdn.com\/2000014563_900v-wY7a_UWW.png);\"\n                            ><\/div>\n\t\t\t\t\t\t<\/div>\n\t\t\t\t\t\t<div class=\"c\">\n\t\t\t\t\t\t\t<div class=\"title\">Ch\u00e2teau Figeac 1er Cru B Saint-\u00c9mili\u2026<\/div>\n\t\t\t\t\t\t\t<div class=\"brand\">Figeac<\/div>\n\t\t\t\t\t\t\t\t\t\t\t\t\t\t\t<div class=\"details\">\n\t\t\t\t\t\t\t\t\t\t\t\t\t\t\t\t\t\t\t<div>Rotwein<\/div>\n\t\t\t\t\t\t\t\t\t\t\t\t\t\t\t\t\t\t\t<div>Merlot, Cabernet Sauvignon, Cabernet Franc<\/div>\n\t\t\t\t\t\t\t\t\t\t\t\t\t\t\t\t\t<\/div>\n\t\t\t\t\t\t\t\t\t\t\t\t\t<\/div>\n\t\t\t\t\t<\/a>\n\t\t\t\t<\/div>\n\t\t\t\t\t\t\t<div class=\"slide\">\n\t\t\t\t\t\t\t\t\t\t\t<a class=\"product\" href=\"https:\/\/www.weinfreunde.de\/p\/chateau-margaux-1er-cru-margaux-margaux\/?ecid=int_magazin_nn_nn_nn_nn_nn_nn\" target=\"_blank\">\n\t\t\t\t\t\t\t\t\t\t\t<div class=\"image\">\n\t\t\t\t\t\t\t<div\n                                    class=\"bg\"\n                                    style=\"background-image: url(https:\/\/10b644692e76ab15cf59-eaadbe2afc1f47d8740ca8f676f7fe70.ssl.cf3.rackcdn.com\/2000014554_900v-JjxAx6uI.png);\"\n                            ><\/div>\n\t\t\t\t\t\t<\/div>\n\t\t\t\t\t\t<div class=\"c\">\n\t\t\t\t\t\t\t<div class=\"title\">Ch\u00e2teau Margaux 1er Cru Margaux 2018<\/div>\n\t\t\t\t\t\t\t<div class=\"brand\">Margaux<\/div>\n\t\t\t\t\t\t\t\t\t\t\t\t\t\t\t<div class=\"details\">\n\t\t\t\t\t\t\t\t\t\t\t\t\t\t\t\t\t\t\t<div>Rotwein<\/div>\n\t\t\t\t\t\t\t\t\t\t\t\t\t\t\t\t\t\t\t<div>Cabernet Sauvignon, Merlot, Cabernet Franc, Petit Verdot<\/div>\n\t\t\t\t\t\t\t\t\t\t\t\t\t\t\t\t\t<\/div>\n\t\t\t\t\t\t\t\t\t\t\t\t\t<\/div>\n\t\t\t\t\t<\/a>\n\t\t\t\t<\/div>\n\t\t\t\t\t\t\t<div class=\"slide\">\n\t\t\t\t\t\t\t\t\t\t\t<a class=\"product\" href=\"https:\/\/www.weinfreunde.de\/p\/chateau-haut-brion-1er-cru-pessac-leognan-haut-brion\/?ecid=int_magazin_nn_nn_nn_nn_nn_nn\" target=\"_blank\">\n\t\t\t\t\t\t\t\t\t\t\t<div class=\"image\">\n\t\t\t\t\t\t\t<div\n                                    class=\"bg\"\n                                    style=\"background-image: url(https:\/\/10b644692e76ab15cf59-eaadbe2afc1f47d8740ca8f676f7fe70.ssl.cf3.rackcdn.com\/2000014559_900v-XQEt7PD8.png);\"\n                            ><\/div>\n\t\t\t\t\t\t<\/div>\n\t\t\t\t\t\t<div class=\"c\">\n\t\t\t\t\t\t\t<div class=\"title\">Ch\u00e2teau Haut-Brion 1er Cru Pessac-L\u00e9\u2026<\/div>\n\t\t\t\t\t\t\t<div class=\"brand\">Haut-Brion<\/div>\n\t\t\t\t\t\t\t\t\t\t\t\t\t\t\t<div class=\"details\">\n\t\t\t\t\t\t\t\t\t\t\t\t\t\t\t\t\t\t\t<div>Rotwein<\/div>\n\t\t\t\t\t\t\t\t\t\t\t\t\t\t\t\t\t\t\t<div>Merlot, Cabernet Sauvignon, Cabernet Franc<\/div>\n\t\t\t\t\t\t\t\t\t\t\t\t\t\t\t\t\t\t\t<div>Bordeaux<\/div>\n\t\t\t\t\t\t\t\t\t\t\t\t\t\t\t\t\t<\/div>\n\t\t\t\t\t\t\t\t\t\t\t\t\t<\/div>\n\t\t\t\t\t<\/a>\n\t\t\t\t<\/div>\n\t\t\t\t\t\t\t<div class=\"slide\">\n\t\t\t\t\t\t\t\t\t\t\t<a class=\"product\" href=\"https:\/\/www.weinfreunde.de\/p\/chateau-cheval-blanc-1er-cru-a-saint-emilion-cheval-blanc\/?ecid=int_magazin_nn_nn_nn_nn_nn_nn\" target=\"_blank\">\n\t\t\t\t\t\t\t\t\t\t\t<div class=\"image\">\n\t\t\t\t\t\t\t<div\n                                    class=\"bg\"\n                                    style=\"background-image: url(https:\/\/10b644692e76ab15cf59-eaadbe2afc1f47d8740ca8f676f7fe70.ssl.cf3.rackcdn.com\/2000014570_900v-_d6-6DEH.png);\"\n                            ><\/div>\n\t\t\t\t\t\t<\/div>\n\t\t\t\t\t\t<div class=\"c\">\n\t\t\t\t\t\t\t<div class=\"title\">Ch\u00e2teau Cheval Blanc 1er Cru A Saint-\u2026<\/div>\n\t\t\t\t\t\t\t<div class=\"brand\">Cheval Blanc<\/div>\n\t\t\t\t\t\t\t\t\t\t\t\t\t\t\t<div class=\"details\">\n\t\t\t\t\t\t\t\t\t\t\t\t\t\t\t\t\t\t\t<div>Rotwein<\/div>\n\t\t\t\t\t\t\t\t\t\t\t\t\t\t\t\t\t\t\t<div>Merlot, Cabernet Franc, Cabernet Sauvignon<\/div>\n\t\t\t\t\t\t\t\t\t\t\t\t\t\t\t\t\t<\/div>\n\t\t\t\t\t\t\t\t\t\t\t\t\t<\/div>\n\t\t\t\t\t<\/a>\n\t\t\t\t<\/div>\n\t\t\t\t\t\t\t<div class=\"slide\">\n\t\t\t\t\t\t\t\t\t\t\t<a class=\"product\" href=\"https:\/\/www.weinfreunde.de\/p\/chateau-ausone-1er-cru-a-saint-emilion-ausone\/?ecid=int_magazin_nn_nn_nn_nn_nn_nn\" target=\"_blank\">\n\t\t\t\t\t\t\t\t\t\t\t<div class=\"image\">\n\t\t\t\t\t\t\t<div\n                                    class=\"bg\"\n                                    style=\"background-image: url(https:\/\/10b644692e76ab15cf59-eaadbe2afc1f47d8740ca8f676f7fe70.ssl.cf3.rackcdn.com\/2000014576_900v-hidHGIW-.png);\"\n                            ><\/div>\n\t\t\t\t\t\t<\/div>\n\t\t\t\t\t\t<div class=\"c\">\n\t\t\t\t\t\t\t<div class=\"title\">Ch\u00e2teau Ausone 1er Cru A Saint-\u00c9mili\u2026<\/div>\n\t\t\t\t\t\t\t<div class=\"brand\">Ausone<\/div>\n\t\t\t\t\t\t\t\t\t\t\t\t\t\t\t<div class=\"details\">\n\t\t\t\t\t\t\t\t\t\t\t\t\t\t\t\t\t\t\t<div>Rotwein<\/div>\n\t\t\t\t\t\t\t\t\t\t\t\t\t\t\t\t\t\t\t<div>Cabernet Franc, Merlot<\/div>\n\t\t\t\t\t\t\t\t\t\t\t\t\t\t\t\t\t\t\t<div>Bordeaux<\/div>\n\t\t\t\t\t\t\t\t\t\t\t\t\t\t\t\t\t<\/div>\n\t\t\t\t\t\t\t\t\t\t\t\t\t<\/div>\n\t\t\t\t\t<\/a>\n\t\t\t\t<\/div>\n\t\t\t\t\t\t\t<div class=\"slide\">\n\t\t\t\t\t\t\t\t\t\t\t<a class=\"product\" href=\"https:\/\/www.weinfreunde.de\/p\/chateau-talbot-4eme-cru-saint-julien-talbot\/?ecid=int_magazin_nn_nn_nn_nn_nn_nn\" target=\"_blank\">\n\t\t\t\t\t\t\t\t\t\t\t<div class=\"image\">\n\t\t\t\t\t\t\t<div\n                                    class=\"bg\"\n                                    style=\"background-image: url(https:\/\/10b644692e76ab15cf59-eaadbe2afc1f47d8740ca8f676f7fe70.ssl.cf3.rackcdn.com\/2000014544_900v-oOQn97TD.png);\"\n                            ><\/div>\n\t\t\t\t\t\t<\/div>\n\t\t\t\t\t\t<div class=\"c\">\n\t\t\t\t\t\t\t<div class=\"title\">Ch\u00e2teau Talbot 4\u00e8me Cru Saint-Julien\u2026<\/div>\n\t\t\t\t\t\t\t<div class=\"brand\">Talbot<\/div>\n\t\t\t\t\t\t\t\t\t\t\t\t\t\t\t<div class=\"details\">\n\t\t\t\t\t\t\t\t\t\t\t\t\t\t\t\t\t\t\t<div>Rotwein<\/div>\n\t\t\t\t\t\t\t\t\t\t\t\t\t\t\t\t\t\t\t<div>Cabernet Sauvignon, Merlot, Petit Verdot<\/div>\n\t\t\t\t\t\t\t\t\t\t\t\t\t\t\t\t\t<\/div>\n\t\t\t\t\t\t\t\t\t\t\t\t\t<\/div>\n\t\t\t\t\t<\/a>\n\t\t\t\t<\/div>\n\t\t\t\t\t\t\t<div class=\"slide\">\n\t\t\t\t\t\t\t\t\t\t\t<a class=\"product\" href=\"https:\/\/www.weinfreunde.de\/p\/chateau-lafite-rothschild-1er-cru-pauillac-lafite-rothschild\/?ecid=int_magazin_nn_nn_nn_nn_nn_nn\" target=\"_blank\">\n\t\t\t\t\t\t\t\t\t\t\t<div class=\"image\">\n\t\t\t\t\t\t\t<div\n                                    class=\"bg\"\n                                    style=\"background-image: url(https:\/\/10b644692e76ab15cf59-eaadbe2afc1f47d8740ca8f676f7fe70.ssl.cf3.rackcdn.com\/2000014558_900v-2jHYXFW2.png);\"\n                            ><\/div>\n\t\t\t\t\t\t<\/div>\n\t\t\t\t\t\t<div class=\"c\">\n\t\t\t\t\t\t\t<div class=\"title\">Ch\u00e2teau Lafite Rothschild 1er Cru Pau\u2026<\/div>\n\t\t\t\t\t\t\t<div class=\"brand\">Lafite Rothschild<\/div>\n\t\t\t\t\t\t\t\t\t\t\t\t\t\t\t<div class=\"details\">\n\t\t\t\t\t\t\t\t\t\t\t\t\t\t\t\t\t\t\t<div>Rotwein<\/div>\n\t\t\t\t\t\t\t\t\t\t\t\t\t\t\t\t\t\t\t<div>Cabernet Sauvignon, Merlot, Petit Verdot<\/div>\n\t\t\t\t\t\t\t\t\t\t\t\t\t\t\t\t\t\t\t<div>Bordeaux<\/div>\n\t\t\t\t\t\t\t\t\t\t\t\t\t\t\t\t\t<\/div>\n\t\t\t\t\t\t\t\t\t\t\t\t\t<\/div>\n\t\t\t\t\t<\/a>\n\t\t\t\t<\/div>\n\t\t\t\t\t<\/div>\n\t<\/div>\n<\/div>\n<script>_w(() => new WF.Magazin.ProductSlider('#_prodSlider69ef93ce5fd64'));<\/script>\n\n<h2>Bordeaux Jahrgang 2019<\/h2>\n<p>Das Jahr begann etwas holprig f\u00fcr die Weing\u00fcter. Bereits der Winter war zu mild und von vielen Niederschl\u00e4gen begleitet. Das folgende Fr\u00fchjahr brachte gleichfalls Regen, zudem k\u00fchlten die Temperaturen ab, sodass die Reben erst sp\u00e4t bl\u00fchten und etwas Verz\u00f6gerung mit in den Sommer nahmen. Die Trauben, die sich ausbildeten, wiesen viele kleine Beeren auf, was sich letztlich jedoch als Segen herausstellte. Ihre h\u00f6here Konzentration an Aromastoffen und die hohe <a href=\"\/magazin\/weinwissen\/saeuregehalt-im-wein-der-schluessel-zu-geschmack-und-qualitaet\/\">S\u00e4ure<\/a> sind mitverantwortlich f\u00fcr die tolle Frische der Weine und die gr\u00f6\u00dfere Eleganz dieses Bordeaux-Jahrgangs.<\/p>\n<p>Im September sanken die Temperaturen, es fiel etwas Regen, was den Trockenstress der Reben aussetzte. \u00a0Weitere Sonnenstunden und vor allem die K\u00fchle der N\u00e4chte gaben beste Voraussetzung f\u00fcr vollreife, gesunde Trauben. Ein einwandfreies Jahr sowohl am rechten als auch am linken Ufer, sowohl f\u00fcr Merlot wie f\u00fcr Cabernet Sauvignon und Cabernet Franc. Und zum besseren Merken wieder ein 9er-Jahr wie schon nach 1949, 1959, 1989, 2009 und jetzt 2019.<\/p>\n<h4><strong>Parker-Punkte f\u00fcr 2019*<\/strong><\/h4>\n<p>Saint-Julien, Pauillac, Saint-Est\u00e8phe: <strong>96 Punkte<\/strong><br \/>\nMargaux: <strong>96 Punkte<\/strong><br \/>\nGraves, Pessac-L\u00e9ognan: <strong>96 Punkte<\/strong><br \/>\nPomerol: <strong>96 Punkte<\/strong><br \/>\nSaint-\u00c9milion: <strong>95 Punkte<\/strong><br \/>\nBarsac, Sauternes: <strong>92 Punkte<\/strong><\/p>\n<div class=\"product-slider\" id=\"_prodSlider69ef93ce6042f\">\n\t\t\t<h2>2019er Bordeaux Jahrgang bei Weinfreunde kaufen<\/h2>\n\t\t\n\t<div class=\"slide-area\">\n\t\t<div class=\"slides\">\n\t\t\t\t\t\t\t<div class=\"slide\">\n\t\t\t\t\t\t\t\t\t\t\t<a class=\"product\" href=\"https:\/\/www.weinfreunde.de\/p\/chateau-ricaudet-cru-bourgeois-les-vignerons-d-uni-medoc\/?ecid=int_magazin_nn_nn_nn_nn_nn_nn\" target=\"_blank\">\n\t\t\t\t\t\t\t\t\t\t\t<div class=\"image\">\n\t\t\t\t\t\t\t<div\n                                    class=\"bg\"\n                                    style=\"background-image: url(https:\/\/images.cdn.europe-west1.gcp.commercetools.com\/c465d296-b9b4-4e2d-afd0-6980caa08886\/2000015338_900v-_PE-PmCb.png);\"\n                            ><\/div>\n\t\t\t\t\t\t<\/div>\n\t\t\t\t\t\t<div class=\"c\">\n\t\t\t\t\t\t\t<div class=\"title\">Ch\u00e2teau Ricaudet Cru Bourgeois 2020<\/div>\n\t\t\t\t\t\t\t<div class=\"brand\">Les Vignerons d&#039;Uni-Medoc<\/div>\n\t\t\t\t\t\t\t\t\t\t\t\t\t\t\t<div class=\"details\">\n\t\t\t\t\t\t\t\t\t\t\t\t\t\t\t\t\t\t\t<div>Rotwein<\/div>\n\t\t\t\t\t\t\t\t\t\t\t\t\t\t\t\t\t\t\t<div>Merlot, Cabernet Sauvignon<\/div>\n\t\t\t\t\t\t\t\t\t\t\t\t\t\t\t\t\t<\/div>\n\t\t\t\t\t\t\t\t\t\t\t\t\t<\/div>\n\t\t\t\t\t<\/a>\n\t\t\t\t<\/div>\n\t\t\t\t\t\t\t<div class=\"slide\">\n\t\t\t\t\t\t\t\t\t\t\t<a class=\"product\" href=\"https:\/\/www.weinfreunde.de\/p\/carruades-de-lafite-pauillac-lafite-rothschild\/?ecid=int_magazin_nn_nn_nn_nn_nn_nn\" target=\"_blank\">\n\t\t\t\t\t\t\t\t\t\t\t<div class=\"image\">\n\t\t\t\t\t\t\t<div\n                                    class=\"bg\"\n                                    style=\"background-image: url(https:\/\/10b644692e76ab15cf59-eaadbe2afc1f47d8740ca8f676f7fe70.ssl.cf3.rackcdn.com\/2000014572_900v-Jj_W-Vf2.png);\"\n                            ><\/div>\n\t\t\t\t\t\t<\/div>\n\t\t\t\t\t\t<div class=\"c\">\n\t\t\t\t\t\t\t<div class=\"title\">Carruades de Lafite Pauillac 2019<\/div>\n\t\t\t\t\t\t\t<div class=\"brand\">Lafite Rothschild<\/div>\n\t\t\t\t\t\t\t\t\t\t\t\t\t\t\t<div class=\"details\">\n\t\t\t\t\t\t\t\t\t\t\t\t\t\t\t\t\t\t\t<div>Rotwein<\/div>\n\t\t\t\t\t\t\t\t\t\t\t\t\t\t\t\t\t\t\t<div>Cabernet Sauvignon, Merlot, Cabernet Franc<\/div>\n\t\t\t\t\t\t\t\t\t\t\t\t\t\t\t\t\t<\/div>\n\t\t\t\t\t\t\t\t\t\t\t\t\t<\/div>\n\t\t\t\t\t<\/a>\n\t\t\t\t<\/div>\n\t\t\t\t\t<\/div>\n\t<\/div>\n<\/div>\n<script>_w(() => new WF.Magazin.ProductSlider('#_prodSlider69ef93ce6042f'));<\/script>\n\n<h2>Jahrgang 2020<\/h2>\n<p>Nullerjahre haben so ihren Ruf im Bordeaux und tats\u00e4chlich wird der Jahrgang 2020 mit seiner herausragenden Qualit\u00e4t der Prophezeiung gerecht. Es ist der dritte, \u00fcberdurchschnittliche Jahrgang im Bordeaux in Folge, obgleich die Wetterereignisse dies zun\u00e4chst nicht vermuten lie\u00dfen. F\u00fcr die Weing\u00fcter ist 2020 ein Jahr der Herausforderungen, das zudem in der riesigen Weinregion ganz unterschiedlich ausf\u00e4llt. Nicht zu vergessen die Rahmenbedingungen durch Covid!<\/p>\n<p>Winter und Fr\u00fchjahr bringen viel Regen, womit die von Sand und Kalkstein gepr\u00e4gten B\u00f6den des rechten Ufers besser klarkommen. In Teilen des Bordelais kommt es Ende M\u00e4rz zu betr\u00e4chtlichen Frostsch\u00e4den, doch im April sorgen \u00fcberdurchschnittlich hohe Temperaturen f\u00fcr einen starkes Wachstum der Reben. Im Mai \u00f6ffnet sich bei all dem Regen ein trockenes Fenster, in dem gl\u00fccklicherweise die Bl\u00fcte erfolgt. Die folgenden Niederschl\u00e4ge erh\u00f6hen die Gefahr f\u00fcr Pilzbefall, doch Ende Juni stellt sich trockenes und hei\u00dfes Wetter ein, was die Reben perfekt reifen l\u00e4sst, zumal die Temperaturen in der Nacht deutlich fallen.<\/p>\n<p>\u00dcberdurchschnittlicher Jahrgang mit Spitzenweinen aus Saint-\u00c9milion und Pomerol vom rechten Ufer sowie aus dem M\u00e9doc. Getragen von perfekter Reife der Trauben samt Tanninen sowie k\u00fchler Frische.<\/p>\n<h4><strong>Parker-Punkte f\u00fcr 2020*<\/strong><\/h4>\n<p>Saint-Julien, Pauillac, Saint-Est\u00e8phe: <strong>96 Punkte<\/strong><br \/>\nMargaux: <strong>95 Punkte<\/strong><br \/>\nGraves, Pessac-L\u00e9ognan: <strong>95 Punkte<\/strong><br \/>\nPomerol: <strong>95 Punkte<\/strong><br \/>\nSaint-\u00c9milion: <strong>95 Punkte<\/strong><\/p>\n<div class=\"product-slider\" id=\"_prodSlider69ef93ce60b2f\">\n\t\t\t<h2>2020er Bordeaux Jahrgang bei Weinfreunde kaufen<\/h2>\n\t\t\n\t<div class=\"slide-area\">\n\t\t<div class=\"slides\">\n\t\t\t\t\t\t\t<div class=\"slide\">\n\t\t\t\t\t\t\t\t\t\t\t<a class=\"product\" href=\"https:\/\/www.weinfreunde.de\/p\/chateau-clement-saint-jean-les-vignerons-d-uni-medoc\/?ecid=int_magazin_nn_nn_nn_nn_nn_nn\" target=\"_blank\">\n\t\t\t\t\t\t\t\t\t\t\t<div class=\"image\">\n\t\t\t\t\t\t\t<div\n                                    class=\"bg\"\n                                    style=\"background-image: url(https:\/\/images.cdn.europe-west1.gcp.commercetools.com\/c465d296-b9b4-4e2d-afd0-6980caa08886\/2000014180_900v-EakSjVJ4.png);\"\n                            ><\/div>\n\t\t\t\t\t\t<\/div>\n\t\t\t\t\t\t<div class=\"c\">\n\t\t\t\t\t\t\t<div class=\"title\">Ch\u00e2teau Clement Saint-Jean 2022<\/div>\n\t\t\t\t\t\t\t<div class=\"brand\">Les Vignerons d&#039;Uni-Medoc<\/div>\n\t\t\t\t\t\t\t\t\t\t\t\t\t\t\t<div class=\"details\">\n\t\t\t\t\t\t\t\t\t\t\t\t\t\t\t\t\t\t\t<div>Rotwein<\/div>\n\t\t\t\t\t\t\t\t\t\t\t\t\t\t\t\t\t\t\t<div>Merlot, Cabernet Sauvignon<\/div>\n\t\t\t\t\t\t\t\t\t\t\t\t\t\t\t\t\t\t\t<div>Bordeaux<\/div>\n\t\t\t\t\t\t\t\t\t\t\t\t\t\t\t\t\t<\/div>\n\t\t\t\t\t\t\t\t\t\t\t\t\t<\/div>\n\t\t\t\t\t<\/a>\n\t\t\t\t<\/div>\n\t\t\t\t\t\t\t<div class=\"slide\">\n\t\t\t\t\t\t\t\t\t\t\t<a class=\"product\" href=\"https:\/\/www.weinfreunde.de\/p\/chateau-jean-dugay-rouge-gfa-vignoble-ballet\/?ecid=int_magazin_nn_nn_nn_nn_nn_nn\" target=\"_blank\">\n\t\t\t\t\t\t\t\t\t\t\t<div class=\"image\">\n\t\t\t\t\t\t\t<div\n                                    class=\"bg\"\n                                    style=\"background-image: url(https:\/\/10b644692e76ab15cf59-eaadbe2afc1f47d8740ca8f676f7fe70.ssl.cf3.rackcdn.com\/2000013409_900v-yQtgxREi.png);\"\n                            ><\/div>\n\t\t\t\t\t\t<\/div>\n\t\t\t\t\t\t<div class=\"c\">\n\t\t\t\t\t\t\t<div class=\"title\">Ch\u00e2teau Jean-Dugay Rouge 2022<\/div>\n\t\t\t\t\t\t\t<div class=\"brand\">GFA Vignoble Ballet<\/div>\n\t\t\t\t\t\t\t\t\t\t\t\t\t\t\t<div class=\"details\">\n\t\t\t\t\t\t\t\t\t\t\t\t\t\t\t\t\t\t\t<div>Rotwein<\/div>\n\t\t\t\t\t\t\t\t\t\t\t\t\t\t\t\t\t\t\t<div>Merlot<\/div>\n\t\t\t\t\t\t\t\t\t\t\t\t\t\t\t\t\t<\/div>\n\t\t\t\t\t\t\t\t\t\t\t\t\t<\/div>\n\t\t\t\t\t<\/a>\n\t\t\t\t<\/div>\n\t\t\t\t\t\t\t<div class=\"slide\">\n\t\t\t\t\t\t\t\t\t\t\t<a class=\"product\" href=\"https:\/\/www.weinfreunde.de\/p\/madame-de-beaucaillou-haut-medoc-ducru-beaucaillou\/?ecid=int_magazin_nn_nn_nn_nn_nn_nn\" target=\"_blank\">\n\t\t\t\t\t\t\t\t\t\t\t<div class=\"image\">\n\t\t\t\t\t\t\t<div\n                                    class=\"bg\"\n                                    style=\"background-image: url(https:\/\/10b644692e76ab15cf59-eaadbe2afc1f47d8740ca8f676f7fe70.ssl.cf3.rackcdn.com\/2000015016_900v-JlFUS4y-.png);\"\n                            ><\/div>\n\t\t\t\t\t\t<\/div>\n\t\t\t\t\t\t<div class=\"c\">\n\t\t\t\t\t\t\t<div class=\"title\">Madame de Beaucaillou Haut-M\u00e9doc 2022<\/div>\n\t\t\t\t\t\t\t<div class=\"brand\">Ducru-Beaucaillou<\/div>\n\t\t\t\t\t\t\t\t\t\t\t\t\t\t\t<div class=\"details\">\n\t\t\t\t\t\t\t\t\t\t\t\t\t\t\t\t\t\t\t<div>Rotwein<\/div>\n\t\t\t\t\t\t\t\t\t\t\t\t\t\t\t\t\t\t\t<div>Merlot, Cabernet Sauvignon, Petit Verdot<\/div>\n\t\t\t\t\t\t\t\t\t\t\t\t\t\t\t\t\t<\/div>\n\t\t\t\t\t\t\t\t\t\t\t\t\t<\/div>\n\t\t\t\t\t<\/a>\n\t\t\t\t<\/div>\n\t\t\t\t\t\t\t<div class=\"slide\">\n\t\t\t\t\t\t\t\t\t\t\t<a class=\"product\" href=\"https:\/\/www.weinfreunde.de\/p\/chateau-haut-beaumard-bordeaux-superieur-haut-beaumard\/?ecid=int_magazin_nn_nn_nn_nn_nn_nn\" target=\"_blank\">\n\t\t\t\t\t\t\t\t\t\t\t<div class=\"image\">\n\t\t\t\t\t\t\t<div\n                                    class=\"bg\"\n                                    style=\"background-image: url(https:\/\/10b644692e76ab15cf59-eaadbe2afc1f47d8740ca8f676f7fe70.ssl.cf3.rackcdn.com\/2000012634_900v--x8SnBzF.png);\"\n                            ><\/div>\n\t\t\t\t\t\t<\/div>\n\t\t\t\t\t\t<div class=\"c\">\n\t\t\t\t\t\t\t<div class=\"title\">Ch\u00e2teau Haut Beaumard Bordeaux Sup\u00e9r\u2026<\/div>\n\t\t\t\t\t\t\t<div class=\"brand\">Haut Beaumard<\/div>\n\t\t\t\t\t\t\t\t\t\t\t\t\t\t\t<div class=\"details\">\n\t\t\t\t\t\t\t\t\t\t\t\t\t\t\t\t\t\t\t<div>Rotwein<\/div>\n\t\t\t\t\t\t\t\t\t\t\t\t\t\t\t\t\t\t\t<div>Merlot, Cabernet Sauvignon<\/div>\n\t\t\t\t\t\t\t\t\t\t\t\t\t\t\t\t\t<\/div>\n\t\t\t\t\t\t\t\t\t\t\t\t\t<\/div>\n\t\t\t\t\t<\/a>\n\t\t\t\t<\/div>\n\t\t\t\t\t\t\t<div class=\"slide\">\n\t\t\t\t\t\t\t\t\t\t\t<a class=\"product\" href=\"https:\/\/www.weinfreunde.de\/p\/chateau-clos-du-marquis-saint-julien-clos-du-marquis\/?ecid=int_magazin_nn_nn_nn_nn_nn_nn\" target=\"_blank\">\n\t\t\t\t\t\t\t\t\t\t\t<div class=\"image\">\n\t\t\t\t\t\t\t<div\n                                    class=\"bg\"\n                                    style=\"background-image: url(https:\/\/10b644692e76ab15cf59-eaadbe2afc1f47d8740ca8f676f7fe70.ssl.cf3.rackcdn.com\/2000014746_900v-Z5uuJhWf.png);\"\n                            ><\/div>\n\t\t\t\t\t\t<\/div>\n\t\t\t\t\t\t<div class=\"c\">\n\t\t\t\t\t\t\t<div class=\"title\">Ch\u00e2teau Clos du Marquis Saint-Julien \u2026<\/div>\n\t\t\t\t\t\t\t<div class=\"brand\">Clos du Marquis<\/div>\n\t\t\t\t\t\t\t\t\t\t\t\t\t\t\t<div class=\"details\">\n\t\t\t\t\t\t\t\t\t\t\t\t\t\t\t\t\t\t\t<div>Rotwein<\/div>\n\t\t\t\t\t\t\t\t\t\t\t\t\t\t\t\t\t\t\t<div>Cabernet Sauvignon, Merlot, Cabernet Franc<\/div>\n\t\t\t\t\t\t\t\t\t\t\t\t\t\t\t\t\t<\/div>\n\t\t\t\t\t\t\t\t\t\t\t\t\t<\/div>\n\t\t\t\t\t<\/a>\n\t\t\t\t<\/div>\n\t\t\t\t\t\t\t<div class=\"slide\">\n\t\t\t\t\t\t\t\t\t\t\t<a class=\"product\" href=\"https:\/\/www.weinfreunde.de\/p\/chateau-duhart-milon-4eme-cru-pauillac-duhart-milon\/?ecid=int_magazin_nn_nn_nn_nn_nn_nn\" target=\"_blank\">\n\t\t\t\t\t\t\t\t\t\t\t<div class=\"image\">\n\t\t\t\t\t\t\t<div\n                                    class=\"bg\"\n                                    style=\"background-image: url(https:\/\/10b644692e76ab15cf59-eaadbe2afc1f47d8740ca8f676f7fe70.ssl.cf3.rackcdn.com\/2000014860_900v-UhenfzKV.png);\"\n                            ><\/div>\n\t\t\t\t\t\t<\/div>\n\t\t\t\t\t\t<div class=\"c\">\n\t\t\t\t\t\t\t<div class=\"title\">Ch\u00e2teau Duhart-Milon 4\u00e8me Cru Pauill\u2026<\/div>\n\t\t\t\t\t\t\t<div class=\"brand\">Duhart-Milon<\/div>\n\t\t\t\t\t\t\t\t\t\t\t\t\t\t\t<div class=\"details\">\n\t\t\t\t\t\t\t\t\t\t\t\t\t\t\t\t\t\t\t<div>Rotwein<\/div>\n\t\t\t\t\t\t\t\t\t\t\t\t\t\t\t\t\t\t\t<div>Cabernet Sauvignon, Merlot<\/div>\n\t\t\t\t\t\t\t\t\t\t\t\t\t\t\t\t\t\t\t<div>Bordeaux<\/div>\n\t\t\t\t\t\t\t\t\t\t\t\t\t\t\t\t\t<\/div>\n\t\t\t\t\t\t\t\t\t\t\t\t\t<\/div>\n\t\t\t\t\t<\/a>\n\t\t\t\t<\/div>\n\t\t\t\t\t<\/div>\n\t<\/div>\n<\/div>\n<script>_w(() => new WF.Magazin.ProductSlider('#_prodSlider69ef93ce60b2f'));<\/script>\n\n<h2>Jahrgang 2021<\/h2>\n<div id=\"attachment_5054\" style=\"width: 1510px\" class=\"wp-caption alignnone\"><img loading=\"lazy\" decoding=\"async\" aria-describedby=\"caption-attachment-5054\" class=\"wp-image-5054 size-full\" src=\"https:\/\/www.weinfreunde.de\/magazin\/wp-content\/uploads\/2019\/10\/BordeauxVineyard2013Cadillac-1.jpg\" alt=\"Weinberge\" width=\"1500\" height=\"800\" srcset=\"https:\/\/www.weinfreunde.de\/magazin\/wp-content\/uploads\/2019\/10\/BordeauxVineyard2013Cadillac-1.jpg 1500w, https:\/\/www.weinfreunde.de\/magazin\/wp-content\/uploads\/2019\/10\/BordeauxVineyard2013Cadillac-1-300x160.jpg 300w, https:\/\/www.weinfreunde.de\/magazin\/wp-content\/uploads\/2019\/10\/BordeauxVineyard2013Cadillac-1-1024x546.jpg 1024w, https:\/\/www.weinfreunde.de\/magazin\/wp-content\/uploads\/2019\/10\/BordeauxVineyard2013Cadillac-1-768x410.jpg 768w, https:\/\/www.weinfreunde.de\/magazin\/wp-content\/uploads\/2019\/10\/BordeauxVineyard2013Cadillac-1-749x399.jpg 749w, https:\/\/www.weinfreunde.de\/magazin\/wp-content\/uploads\/2019\/10\/BordeauxVineyard2013Cadillac-1-150x80.jpg 150w, https:\/\/www.weinfreunde.de\/magazin\/wp-content\/uploads\/2019\/10\/BordeauxVineyard2013Cadillac-1-390x208.jpg 390w, https:\/\/www.weinfreunde.de\/magazin\/wp-content\/uploads\/2019\/10\/BordeauxVineyard2013Cadillac-1-750x400.jpg 750w, https:\/\/www.weinfreunde.de\/magazin\/wp-content\/uploads\/2019\/10\/BordeauxVineyard2013Cadillac-1-1140x608.jpg 1140w\" sizes=\"auto, (max-width: 1500px) 100vw, 1500px\" \/><p id=\"caption-attachment-5054\" class=\"wp-caption-text\">Bordeaux-typische Reblandschaften<\/p><\/div>\n<p>Vielen Kritikern gilt der 2021er-Jahrgang als ein klassischer, gar archetypischer Jahrgang, der an die alten Wetterzeiten im Bordeaux erinnert: keine gro\u00dfe Hitze und Trockenheit, eher k\u00fchl mit vielen Niederschl\u00e4gen. Aber gerade deshalb war 2021 anspruchsvoll f\u00fcr die Weing\u00fcter, die ab Mai ein wachsames Auge auf Pilzerkrankungen haben mussten. Wer alles richtig machte, kann Weine mit k\u00fchler Eleganz und frischer F\u00fclle sowie geringeren Alkoholgehalt als in den Vorjahren vorzeigen, die an Jahrg\u00e4nge aus den 1980er-Jahren erinnern.<\/p>\n<p>Der Winter auf 2021 wartet mit reichlich Niederschl\u00e4gen auf und l\u00e4sst kalte und warme Phasen abwechseln. Der Austrieb der Reben erfolgt fr\u00fch, wenn auch sp\u00e4ter als in den Vorjahren. Zu Beginn des Aprils suchen insbesondere die Appellationen des rechten Ufers einige N\u00e4chte mit scharfen Minustemperaturen heim. Der Mai ist erneut von reichlich Regen gekennzeichnet, was den Pilzdruck immens erh\u00f6hte. Bis in den August hinein sind die Temperaturen sehr gem\u00e4\u00dfigt. Dann begl\u00fcckt ein warmer Sp\u00e4tsommer Trauben und Winzer. Dieser Umschwung erm\u00f6glicht eine tolle Reife und bringt die \u201eklassischen\u201c Bordeaux Qualit\u00e4ten hervor.<\/p>\n<p>Ein Jahrgang, der sich von den w\u00e4rmeren Vorjahren abgrenzt, und eher auf Eleganz als auf Opulenz setzt. Klares Muss f\u00fcr alle Bordeaux-Fans der alten Schule.<\/p>\n<h4><strong>Parker-Punkte f\u00fcr 2021<\/strong><\/h4>\n<p>Saint-Julien, Pauillac, Saint-Est\u00e8phe: <strong>89 Punkte<\/strong><br \/>\nMargaux: <strong>88 Punkte<\/strong><br \/>\nGraves, Pessac-L\u00e9ognan: <strong>89 Punkte<\/strong><br \/>\nPomerol: <strong>87 Punkte<\/strong><br \/>\nSaint-\u00c9milion: <strong>88 Punkte<\/strong><\/p>\n<div class=\"product-slider\" id=\"_prodSlider69ef93ce61206\">\n\t\t\t<h2>2021er Bordeaux Jahrgang bei Weinfreunde kaufen<\/h2>\n\t\t\n\t<div class=\"slide-area\">\n\t\t<div class=\"slides\">\n\t\t\t\t\t\t\t<div class=\"slide\">\n\t\t\t\t\t\t\t\t\t\t\t<a class=\"product\" href=\"https:\/\/www.weinfreunde.de\/p\/chateau-clement-saint-jean-les-vignerons-d-uni-medoc\/?ecid=int_magazin_nn_nn_nn_nn_nn_nn\" target=\"_blank\">\n\t\t\t\t\t\t\t\t\t\t\t<div class=\"image\">\n\t\t\t\t\t\t\t<div\n                                    class=\"bg\"\n                                    style=\"background-image: url(https:\/\/images.cdn.europe-west1.gcp.commercetools.com\/c465d296-b9b4-4e2d-afd0-6980caa08886\/2000014180_900v-EakSjVJ4.png);\"\n                            ><\/div>\n\t\t\t\t\t\t<\/div>\n\t\t\t\t\t\t<div class=\"c\">\n\t\t\t\t\t\t\t<div class=\"title\">Ch\u00e2teau Clement Saint-Jean 2022<\/div>\n\t\t\t\t\t\t\t<div class=\"brand\">Les Vignerons d&#039;Uni-Medoc<\/div>\n\t\t\t\t\t\t\t\t\t\t\t\t\t\t\t<div class=\"details\">\n\t\t\t\t\t\t\t\t\t\t\t\t\t\t\t\t\t\t\t<div>Rotwein<\/div>\n\t\t\t\t\t\t\t\t\t\t\t\t\t\t\t\t\t\t\t<div>Merlot, Cabernet Sauvignon<\/div>\n\t\t\t\t\t\t\t\t\t\t\t\t\t\t\t\t\t\t\t<div>Bordeaux<\/div>\n\t\t\t\t\t\t\t\t\t\t\t\t\t\t\t\t\t<\/div>\n\t\t\t\t\t\t\t\t\t\t\t\t\t<\/div>\n\t\t\t\t\t<\/a>\n\t\t\t\t<\/div>\n\t\t\t\t\t\t\t<div class=\"slide\">\n\t\t\t\t\t\t\t\t\t\t\t<a class=\"product\" href=\"https:\/\/www.weinfreunde.de\/p\/madame-de-beaucaillou-haut-medoc-ducru-beaucaillou\/?ecid=int_magazin_nn_nn_nn_nn_nn_nn\" target=\"_blank\">\n\t\t\t\t\t\t\t\t\t\t\t<div class=\"image\">\n\t\t\t\t\t\t\t<div\n                                    class=\"bg\"\n                                    style=\"background-image: url(https:\/\/10b644692e76ab15cf59-eaadbe2afc1f47d8740ca8f676f7fe70.ssl.cf3.rackcdn.com\/2000015016_900v-JlFUS4y-.png);\"\n                            ><\/div>\n\t\t\t\t\t\t<\/div>\n\t\t\t\t\t\t<div class=\"c\">\n\t\t\t\t\t\t\t<div class=\"title\">Madame de Beaucaillou Haut-M\u00e9doc 2022<\/div>\n\t\t\t\t\t\t\t<div class=\"brand\">Ducru-Beaucaillou<\/div>\n\t\t\t\t\t\t\t\t\t\t\t\t\t\t\t<div class=\"details\">\n\t\t\t\t\t\t\t\t\t\t\t\t\t\t\t\t\t\t\t<div>Rotwein<\/div>\n\t\t\t\t\t\t\t\t\t\t\t\t\t\t\t\t\t\t\t<div>Merlot, Cabernet Sauvignon, Petit Verdot<\/div>\n\t\t\t\t\t\t\t\t\t\t\t\t\t\t\t\t\t<\/div>\n\t\t\t\t\t\t\t\t\t\t\t\t\t<\/div>\n\t\t\t\t\t<\/a>\n\t\t\t\t<\/div>\n\t\t\t\t\t<\/div>\n\t<\/div>\n<\/div>\n<script>_w(() => new WF.Magazin.ProductSlider('#_prodSlider69ef93ce61206'));<\/script>\n\n<h2>Jahrgang 2022<\/h2>\n<p>Bei diesem Bordeaux-Jahrgang \u00fcberschlagen sich die Kritiker mit Lobpreisungen. Sensationell, herausragend, monumental und historisch, lauten nur einige Beschreibungen f\u00fcr den 2022er-Jahrgang im Bordeaux. Dabei waren die Rahmenbedingungen f\u00fcr die Weing\u00fcter mit Hagelst\u00fcrmen, hohe Temperaturen und anhaltender Trockenheit alles andere als einfach. Die Weine, die 98, 99 und sogar 100 Punkten erhalten haben, stammen daher ausschlie\u00dflich von Weing\u00fctern, die ihre Rebfl\u00e4chen seit Jahren auf solche Wetterextreme eingestellt\u00a0und in diesem Jahr vor allem mit den Laubarbeiten alles richtig gemacht haben.<\/p>\n<p>Einem milden <a href=\"\/magazin\/weinwissen\/winter-im-weinberg\/\">Winter<\/a> folgt ein Fr\u00fchjahr mit Fr\u00f6sten, die Anfang April teilweise zu gro\u00dfen Sch\u00e4den f\u00fchren. Ein hei\u00dfer Mai und Juni, der mit einem Hagelsturm endet. Die Sommermonate sind extrem hei\u00df \u2013 bis zu 42 Grad Celsius werden gemessen \u2013 und trocken. Damit kamen alte Reben auf <a href=\"\/magazin\/weinwissen\/eine-frage-des-bodens-geologie-und-wein\/\">Kiesb\u00f6den<\/a> wie im M\u00e9doc oder auf von Kalk gepr\u00e4gten B\u00f6den wie in Saint-\u00c9milion am besten zurecht und lieferten gesunde, aromatisch konzentrierte Trauben mit dicken Schalen. Die Lese gilt als fr\u00fcheste in der Historie des Bordeaux. Bereits im August werden die Trauben f\u00fcr <a href=\"\/magazin\/weinwissen\/angeberwissen-was-bedeutet-cremant\/\">Cr\u00e9mant<\/a> und <a href=\"\/magazin\/weinwissen\/rose-wein\/\">Ros\u00e9<\/a> geerntet. Fr\u00fch im September folgen die wei\u00dfen und die roten Rebsorten.<\/p>\n<p>Der 2022er-Jahrgang im Bordeaux, der sogar mit dem legend\u00e4ren Weinen aus 1982 verglichen wird, geh\u00f6rt auf den Merkzettel jeden Bordeaux-Fans. Allerdings ist mit geringer Menge und h\u00f6heren Preisen zu rechnen.<\/p>\n<h4><strong>Parker-Punkte f\u00fcr 2022<\/strong><\/h4>\n<p>Saint-Julien, Pauillac, Saint-Est\u00e8phe: <strong>95 Punkte<\/strong><br \/>\nMargaux: <strong>95 Punkte<\/strong><br \/>\nPomerol: <strong>94 Punkte<\/strong><br \/>\nSaint-\u00c9milion: <strong>95 Punkte<\/strong><br \/>\n<div class=\"product-slider\" id=\"_prodSlider69ef93ce618a6\">\n\t\t\t<h2>2022er Bordeaux Jahrgang bei Weinfreunde kaufen<\/h2>\n\t\t\n\t<div class=\"slide-area\">\n\t\t<div class=\"slides\">\n\t\t\t\t\t\t\t<div class=\"slide\">\n\t\t\t\t\t\t\t\t\t\t\t<a class=\"product\" href=\"https:\/\/www.weinfreunde.de\/p\/chateau-jean-dugay-rouge-gfa-vignoble-ballet\/?ecid=int_magazin_nn_nn_nn_nn_nn_nn\" target=\"_blank\">\n\t\t\t\t\t\t\t\t\t\t\t<div class=\"image\">\n\t\t\t\t\t\t\t<div\n                                    class=\"bg\"\n                                    style=\"background-image: url(https:\/\/10b644692e76ab15cf59-eaadbe2afc1f47d8740ca8f676f7fe70.ssl.cf3.rackcdn.com\/2000013409_900v-yQtgxREi.png);\"\n                            ><\/div>\n\t\t\t\t\t\t<\/div>\n\t\t\t\t\t\t<div class=\"c\">\n\t\t\t\t\t\t\t<div class=\"title\">Ch\u00e2teau Jean-Dugay Rouge 2022<\/div>\n\t\t\t\t\t\t\t<div class=\"brand\">GFA Vignoble Ballet<\/div>\n\t\t\t\t\t\t\t\t\t\t\t\t\t\t\t<div class=\"details\">\n\t\t\t\t\t\t\t\t\t\t\t\t\t\t\t\t\t\t\t<div>Rotwein<\/div>\n\t\t\t\t\t\t\t\t\t\t\t\t\t\t\t\t\t\t\t<div>Merlot<\/div>\n\t\t\t\t\t\t\t\t\t\t\t\t\t\t\t\t\t<\/div>\n\t\t\t\t\t\t\t\t\t\t\t\t\t<\/div>\n\t\t\t\t\t<\/a>\n\t\t\t\t<\/div>\n\t\t\t\t\t\t\t<div class=\"slide\">\n\t\t\t\t\t\t\t\t\t\t\t<a class=\"product\" href=\"https:\/\/www.weinfreunde.de\/p\/franc-beausejour-pomerol-les-capucins\/?ecid=int_magazin_nn_nn_nn_nn_nn_nn\" target=\"_blank\">\n\t\t\t\t\t\t\t\t\t\t\t<div class=\"image\">\n\t\t\t\t\t\t\t<div\n                                    class=\"bg\"\n                                    style=\"background-image: url(https:\/\/images.cdn.europe-west1.gcp.commercetools.com\/c465d296-b9b4-4e2d-afd0-6980caa08886\/2000015368_900v-Mi8wlzil.png);\"\n                            ><\/div>\n\t\t\t\t\t\t<\/div>\n\t\t\t\t\t\t<div class=\"c\">\n\t\t\t\t\t\t\t<div class=\"title\">Franc Beaus\u00e9jour Pomerol 2022<\/div>\n\t\t\t\t\t\t\t<div class=\"brand\">Les Capucins<\/div>\n\t\t\t\t\t\t\t\t\t\t\t\t\t\t\t<div class=\"details\">\n\t\t\t\t\t\t\t\t\t\t\t\t\t\t\t\t\t\t\t<div>Rotwein<\/div>\n\t\t\t\t\t\t\t\t\t\t\t\t\t\t\t\t\t\t\t<div>Merlot, Cabernet Franc<\/div>\n\t\t\t\t\t\t\t\t\t\t\t\t\t\t\t\t\t\t\t<div>Bordeaux<\/div>\n\t\t\t\t\t\t\t\t\t\t\t\t\t\t\t\t\t<\/div>\n\t\t\t\t\t\t\t\t\t\t\t\t\t<\/div>\n\t\t\t\t\t<\/a>\n\t\t\t\t<\/div>\n\t\t\t\t\t\t\t<div class=\"slide\">\n\t\t\t\t\t\t\t\t\t\t\t<a class=\"product\" href=\"https:\/\/www.weinfreunde.de\/p\/6er-holzkiste-bordeaux-aop-chateau-cassagne\/?ecid=int_magazin_nn_nn_nn_nn_nn_nn\" target=\"_blank\">\n\t\t\t\t\t\t\t\t\t\t\t<div class=\"image\">\n\t\t\t\t\t\t\t<div\n                                    class=\"bg\"\n                                    style=\"background-image: url(https:\/\/images.cdn.europe-west1.gcp.commercetools.com\/c465d296-b9b4-4e2d-afd0-6980caa08886\/2000015119_900v-mEhEsBq3.png);\"\n                            ><\/div>\n\t\t\t\t\t\t<\/div>\n\t\t\t\t\t\t<div class=\"c\">\n\t\t\t\t\t\t\t<div class=\"title\">6er-Holzkiste Bordeaux AOP 2022<\/div>\n\t\t\t\t\t\t\t<div class=\"brand\">Ch\u00e2teau Cassagne<\/div>\n\t\t\t\t\t\t\t\t\t\t\t\t\t\t\t<div class=\"details\">\n\t\t\t\t\t\t\t\t\t\t\t\t\t\t\t\t\t\t\t<div>Rotwein<\/div>\n\t\t\t\t\t\t\t\t\t\t\t\t\t\t\t\t\t\t\t<div>Merlot, Cabernet Sauvignon, Cabernet Franc<\/div>\n\t\t\t\t\t\t\t\t\t\t\t\t\t\t\t\t\t<\/div>\n\t\t\t\t\t\t\t\t\t\t\t\t\t<\/div>\n\t\t\t\t\t<\/a>\n\t\t\t\t<\/div>\n\t\t\t\t\t\t\t<div class=\"slide\">\n\t\t\t\t\t\t\t\t\t\t\t<a class=\"product\" href=\"https:\/\/www.weinfreunde.de\/p\/chateau-franc-bigaroux-saint-emilion-grand-cru-les-capucins\/?ecid=int_magazin_nn_nn_nn_nn_nn_nn\" target=\"_blank\">\n\t\t\t\t\t\t\t\t\t\t\t<div class=\"image\">\n\t\t\t\t\t\t\t<div\n                                    class=\"bg\"\n                                    style=\"background-image: url(https:\/\/images.cdn.europe-west1.gcp.commercetools.com\/c465d296-b9b4-4e2d-afd0-6980caa08886\/2000015444_900v-aCMLEDqS.png);\"\n                            ><\/div>\n\t\t\t\t\t\t<\/div>\n\t\t\t\t\t\t<div class=\"c\">\n\t\t\t\t\t\t\t<div class=\"title\">Ch\u00e2teau Franc Bigaroux Saint-\u00c9milion\u2026<\/div>\n\t\t\t\t\t\t\t<div class=\"brand\">Les Capucins<\/div>\n\t\t\t\t\t\t\t\t\t\t\t\t\t\t\t<div class=\"details\">\n\t\t\t\t\t\t\t\t\t\t\t\t\t\t\t\t\t\t\t<div>Rotwein<\/div>\n\t\t\t\t\t\t\t\t\t\t\t\t\t\t\t\t\t\t\t<div>Merlot, Cabernet Sauvignon<\/div>\n\t\t\t\t\t\t\t\t\t\t\t\t\t\t\t\t\t<\/div>\n\t\t\t\t\t\t\t\t\t\t\t\t\t<\/div>\n\t\t\t\t\t<\/a>\n\t\t\t\t<\/div>\n\t\t\t\t\t\t\t<div class=\"slide\">\n\t\t\t\t\t\t\t\t\t\t\t<a class=\"product\" href=\"https:\/\/www.weinfreunde.de\/p\/les-pins-bordeaux-aop-edmond-de-rothschild\/?ecid=int_magazin_nn_nn_nn_nn_nn_nn\" target=\"_blank\">\n\t\t\t\t\t\t\t\t\t\t\t<div class=\"image\">\n\t\t\t\t\t\t\t<div\n                                    class=\"bg\"\n                                    style=\"background-image: url(https:\/\/images.cdn.europe-west1.gcp.commercetools.com\/c465d296-b9b4-4e2d-afd0-6980caa08886\/2000015390_900v-Vt_fOaTg.png);\"\n                            ><\/div>\n\t\t\t\t\t\t<\/div>\n\t\t\t\t\t\t<div class=\"c\">\n\t\t\t\t\t\t\t<div class=\"title\">Les Pins Bordeaux AOP 2022<\/div>\n\t\t\t\t\t\t\t<div class=\"brand\">Edmond de Rothschild<\/div>\n\t\t\t\t\t\t\t\t\t\t\t\t\t\t\t<div class=\"details\">\n\t\t\t\t\t\t\t\t\t\t\t\t\t\t\t\t\t\t\t<div>Rotwein<\/div>\n\t\t\t\t\t\t\t\t\t\t\t\t\t\t\t\t\t\t\t<div>Merlot, Cabernet Sauvignon<\/div>\n\t\t\t\t\t\t\t\t\t\t\t\t\t\t\t\t\t<\/div>\n\t\t\t\t\t\t\t\t\t\t\t\t\t<\/div>\n\t\t\t\t\t<\/a>\n\t\t\t\t<\/div>\n\t\t\t\t\t<\/div>\n\t<\/div>\n<\/div>\n<script>_w(() => new WF.Magazin.ProductSlider('#_prodSlider69ef93ce618a6'));<\/script>\n<\/p>\n<h2>Jahrgang 2023<\/h2>\n<p>Der Bordeaux-Jahrgang 2023 l\u00e4sst sich vorausgeschickt und zusammengefasst wie folgt einordnen: im Ganzen exzellent, komplex und elegant, betont harmonisch, viel Frucht und moderater Alkohol, gleichwohl auch heterogen, unter anderem infolge lokaler Wettereignisse und unterschiedlicher Reaktionen darauf vonseiten der Weing\u00fcter. <\/p>\n<p>Stand der schlussendlich herausragende Jahrgang 2022 lange unter dem Vorzeichen gro\u00dfer klimatischer Herausforderungen, zeigte sich der Wettergott im Erntezyklus 2023 eher von seiner gem\u00e4\u00dfigten Seite. Das Fr\u00fchjahr verlief warm, jedoch bei guter Wasserversorgung, wodurch die B\u00f6den f\u00fcr den trockenen Sommer gut gewappnet waren. Es gab kaum Sp\u00e4tfrost, sodass der Austrieb relativ fr\u00fch erfolgte. Der Fr\u00fchsommer brachte zwischenzeitlich eine regnerische Witterung, in deren Folge die Winzer mit viel Laubwandarbeit f\u00fcr die Durchl\u00fcftung der Traubenzone sorgen mussten.\u202fMitte Juli folgte die erste Traubenreife \u2013 ebenso fr\u00fch \u2013 und profitierte sodann von einem wundersch\u00f6nen Sp\u00e4tsommer mit einigen sehr hei\u00dfen Tagen im August, die zu einer nahezu perfekten Reife der Tannine beitrugen. <\/p>\n<p>Die Merlot-Ernte begann Anfang September. Die Prognose starker Regenf\u00e4lle zur Mitte der Erntezeit veranlasste zahlreiche Winzer, den Cabernet Sauvignon fr\u00fcher als geplant zu ernten. Belohnt wurden die Winzer mit mehr Geduld und Risikobereitschaft, denn gerade der Cabernet gewann im Schlussspurt nochmals dazu. In den einschl\u00e4gigen Cuv\u00e9es liegt sein Anteil im Jahrgang 2023 auch darum graduell h\u00f6her als \u00fcblich.<\/p>\n<p>Experten bescheinigen dem Jahrgang, dass er bereits in relativer Jugend zug\u00e4nglich sein wird und dennoch vorz\u00fcgliches Reifepotenzial mitbringt. Erfreulich gro\u00dfe Ertr\u00e4ge in Verbindung mit einer aktuell angespannten Marktlage f\u00fcr Bordeaux-Weine, in Frankreich wie auch im Export, werden \u00fcberdies zu sinkenden Preisen f\u00fchren \u2013 eine deutliche Trendumkehr zum Vorjahr.      <\/p>\n<h4><strong>Parker-Punkte f\u00fcr 2023<\/strong><\/h4>\n<p>Saint-Julien, Pauillac, Saint-Est\u00e8phe: <strong>93 Punkte<\/strong><br \/>\nMargaux: <strong>93 Punkte<\/strong><br \/>\nGraves, Pessac-L\u00e9ognan: <strong>94 Punkte<\/strong><br \/>\nPomerol: <strong>94 Punkte<\/strong><br \/>\nSaint-\u00c9milion: <strong>95 Punkte<\/strong><\/p>\n","protected":false},"excerpt":{"rendered":"<p>Eine \u00dcbersicht der Jahresverl\u00e4ufe im Bordeaux, mit besonderem Blick auf das M\u00e9doc sowie Saint-\u00c9milion und Pomerol. Verf\u00fcgbar sind aktuell die Jahresberichte vom Bordeaux Jahrgang von 2005 bis 2023. Die Wetterereignisse eines Jahres haben ma\u00dfgeblichen Einfluss auf die Qualit\u00e4t eines Weines&#8230;. <a class=\"moretag\" href=\"https:\/\/www.weinfreunde.de\/magazin\/weinwissen\/die-bordeaux-jahrgaenge-2005-bis-2023\/\">weiterlesen<\/a><\/p>\n","protected":false},"author":36,"featured_media":9338,"comment_status":"closed","ping_status":"closed","sticky":false,"template":"","format":"standard","meta":{"footnotes":""},"categories":[66,10],"tags":[],"class_list":["post-5820","post","type-post","status-publish","format-standard","has-post-thumbnail","hentry","category-frankreich","category-weinschule"],"yoast_head":"<!-- This site is optimized with the Yoast SEO plugin v27.2 - https:\/\/yoast.com\/product\/yoast-seo-wordpress\/ -->\n<title>Die Bordeaux Jahrg\u00e4nge 2005 bis 2023 &#187; Weinfreunde Magazin<\/title>\n<meta name=\"description\" content=\"Das Wetter hat einen erheblichen Einfluss auf die Qualit\u00e4t des Weins. Eine \u00dcbersicht der Jahresverl\u00e4ufe vom Bordeaux Jahrgang von 2005-2023.\" \/>\n<meta name=\"robots\" content=\"index, follow, max-snippet:-1, max-image-preview:large, max-video-preview:-1\" \/>\n<link rel=\"canonical\" href=\"https:\/\/www.weinfreunde.de\/magazin\/weinwissen\/die-bordeaux-jahrgaenge-2005-bis-2023\/\" \/>\n<meta property=\"og:locale\" content=\"de_DE\" \/>\n<meta property=\"og:type\" content=\"article\" \/>\n<meta property=\"og:title\" content=\"Die Bordeaux Jahrg\u00e4nge 2005 bis 2023 &#187; Weinfreunde Magazin\" \/>\n<meta property=\"og:description\" content=\"Das Wetter hat einen erheblichen Einfluss auf die Qualit\u00e4t des Weins. Eine \u00dcbersicht der Jahresverl\u00e4ufe vom Bordeaux Jahrgang von 2005-2023.\" \/>\n<meta property=\"og:url\" content=\"https:\/\/www.weinfreunde.de\/magazin\/weinwissen\/die-bordeaux-jahrgaenge-2005-bis-2023\/\" \/>\n<meta property=\"og:site_name\" content=\"Weinfreunde Magazin\" \/>\n<meta property=\"article:publisher\" content=\"https:\/\/www.facebook.com\/weinfreunde.de\" \/>\n<meta property=\"article:published_time\" content=\"2025-09-02T06:00:51+00:00\" \/>\n<meta property=\"article:modified_time\" content=\"2025-09-02T07:07:49+00:00\" \/>\n<meta property=\"og:image\" content=\"https:\/\/www.weinfreunde.de\/magazin\/wp-content\/uploads\/2023\/09\/FRA_Bordeaux_shutterstock_307437926_LZ_web.jpg.webp\" \/>\n\t<meta property=\"og:image:width\" content=\"1000\" \/>\n\t<meta property=\"og:image:height\" content=\"488\" \/>\n\t<meta property=\"og:image:type\" content=\"image\/jpeg\" \/>\n<meta name=\"author\" content=\"C\u00e9dric Garraud\" \/>\n<meta name=\"twitter:card\" content=\"summary_large_image\" \/>\n<meta name=\"twitter:label1\" content=\"Written by\" \/>\n\t<meta name=\"twitter:data1\" content=\"C\u00e9dric Garraud\" \/>\n\t<meta name=\"twitter:label2\" content=\"Est. reading time\" \/>\n\t<meta name=\"twitter:data2\" content=\"23\u00a0Minuten\" \/>\n<script type=\"application\/ld+json\" class=\"yoast-schema-graph\">{\"@context\":\"https:\/\/schema.org\",\"@graph\":[{\"@type\":\"Article\",\"@id\":\"https:\/\/www.weinfreunde.de\/magazin\/weinwissen\/die-bordeaux-jahrgaenge-2005-bis-2023\/#article\",\"isPartOf\":{\"@id\":\"https:\/\/www.weinfreunde.de\/magazin\/weinwissen\/die-bordeaux-jahrgaenge-2005-bis-2023\/\"},\"author\":{\"name\":\"C\u00e9dric Garraud\",\"@id\":\"https:\/\/www.weinfreunde.de\/magazin\/#\/schema\/person\/ab8b4d52ecab14f3784eda231a6b6975\"},\"headline\":\"Die Bordeaux Jahrg\u00e4nge 2005 bis 2023\",\"datePublished\":\"2025-09-02T06:00:51+00:00\",\"dateModified\":\"2025-09-02T07:07:49+00:00\",\"mainEntityOfPage\":{\"@id\":\"https:\/\/www.weinfreunde.de\/magazin\/weinwissen\/die-bordeaux-jahrgaenge-2005-bis-2023\/\"},\"wordCount\":4144,\"publisher\":{\"@id\":\"https:\/\/www.weinfreunde.de\/magazin\/#organization\"},\"image\":{\"@id\":\"https:\/\/www.weinfreunde.de\/magazin\/weinwissen\/die-bordeaux-jahrgaenge-2005-bis-2023\/#primaryimage\"},\"thumbnailUrl\":\"https:\/\/www.weinfreunde.de\/magazin\/wp-content\/uploads\/2023\/09\/FRA_Bordeaux_shutterstock_307437926_LZ_web.jpg.webp\",\"articleSection\":[\"Frankreich\",\"Weinschule\"],\"inLanguage\":\"de\"},{\"@type\":\"WebPage\",\"@id\":\"https:\/\/www.weinfreunde.de\/magazin\/weinwissen\/die-bordeaux-jahrgaenge-2005-bis-2023\/\",\"url\":\"https:\/\/www.weinfreunde.de\/magazin\/weinwissen\/die-bordeaux-jahrgaenge-2005-bis-2023\/\",\"name\":\"Die Bordeaux Jahrg\u00e4nge 2005 bis 2023 &#187; Weinfreunde Magazin\",\"isPartOf\":{\"@id\":\"https:\/\/www.weinfreunde.de\/magazin\/#website\"},\"primaryImageOfPage\":{\"@id\":\"https:\/\/www.weinfreunde.de\/magazin\/weinwissen\/die-bordeaux-jahrgaenge-2005-bis-2023\/#primaryimage\"},\"image\":{\"@id\":\"https:\/\/www.weinfreunde.de\/magazin\/weinwissen\/die-bordeaux-jahrgaenge-2005-bis-2023\/#primaryimage\"},\"thumbnailUrl\":\"https:\/\/www.weinfreunde.de\/magazin\/wp-content\/uploads\/2023\/09\/FRA_Bordeaux_shutterstock_307437926_LZ_web.jpg.webp\",\"datePublished\":\"2025-09-02T06:00:51+00:00\",\"dateModified\":\"2025-09-02T07:07:49+00:00\",\"description\":\"Das Wetter hat einen erheblichen Einfluss auf die Qualit\u00e4t des Weins. Eine \u00dcbersicht der Jahresverl\u00e4ufe vom Bordeaux Jahrgang von 2005-2023.\",\"breadcrumb\":{\"@id\":\"https:\/\/www.weinfreunde.de\/magazin\/weinwissen\/die-bordeaux-jahrgaenge-2005-bis-2023\/#breadcrumb\"},\"inLanguage\":\"de\",\"potentialAction\":[{\"@type\":\"ReadAction\",\"target\":[\"https:\/\/www.weinfreunde.de\/magazin\/weinwissen\/die-bordeaux-jahrgaenge-2005-bis-2023\/\"]}]},{\"@type\":\"ImageObject\",\"inLanguage\":\"de\",\"@id\":\"https:\/\/www.weinfreunde.de\/magazin\/weinwissen\/die-bordeaux-jahrgaenge-2005-bis-2023\/#primaryimage\",\"url\":\"https:\/\/www.weinfreunde.de\/magazin\/wp-content\/uploads\/2023\/09\/FRA_Bordeaux_shutterstock_307437926_LZ_web.jpg.webp\",\"contentUrl\":\"https:\/\/www.weinfreunde.de\/magazin\/wp-content\/uploads\/2023\/09\/FRA_Bordeaux_shutterstock_307437926_LZ_web.jpg.webp\",\"width\":1000,\"height\":488,\"caption\":\"Bordeaux Landschaft\"},{\"@type\":\"BreadcrumbList\",\"@id\":\"https:\/\/www.weinfreunde.de\/magazin\/weinwissen\/die-bordeaux-jahrgaenge-2005-bis-2023\/#breadcrumb\",\"itemListElement\":[{\"@type\":\"ListItem\",\"position\":1,\"name\":\"Magazin\",\"item\":\"https:\/\/www.weinfreunde.de\/magazin\/\"},{\"@type\":\"ListItem\",\"position\":2,\"name\":\"Weinwissen\",\"item\":\"https:\/\/www.weinfreunde.de\/magazin\/weinwissen\/\"},{\"@type\":\"ListItem\",\"position\":3,\"name\":\"Weinschule\",\"item\":\"https:\/\/www.weinfreunde.de\/magazin\/weinwissen\/weinschule\/\"},{\"@type\":\"ListItem\",\"position\":4,\"name\":\"Die Bordeaux Jahrg\u00e4nge 2005 bis 2023\"}]},{\"@type\":\"WebSite\",\"@id\":\"https:\/\/www.weinfreunde.de\/magazin\/#website\",\"url\":\"https:\/\/www.weinfreunde.de\/magazin\/\",\"name\":\"Weinfreunde Magazin\",\"description\":\"Dein Weinfreunde Magazin\",\"publisher\":{\"@id\":\"https:\/\/www.weinfreunde.de\/magazin\/#organization\"},\"potentialAction\":[{\"@type\":\"SearchAction\",\"target\":{\"@type\":\"EntryPoint\",\"urlTemplate\":\"https:\/\/www.weinfreunde.de\/magazin\/?s={search_term_string}\"},\"query-input\":{\"@type\":\"PropertyValueSpecification\",\"valueRequired\":true,\"valueName\":\"search_term_string\"}}],\"inLanguage\":\"de\"},{\"@type\":\"Organization\",\"@id\":\"https:\/\/www.weinfreunde.de\/magazin\/#organization\",\"name\":\"REWE Wein online GmbH | Weinfreunde\",\"url\":\"https:\/\/www.weinfreunde.de\/magazin\/\",\"logo\":{\"@type\":\"ImageObject\",\"inLanguage\":\"de\",\"@id\":\"https:\/\/www.weinfreunde.de\/magazin\/#\/schema\/logo\/image\/\",\"url\":\"https:\/\/www.weinfreunde.de\/magazin\/wp-content\/uploads\/2019\/08\/WF_Logo_Vertikal_Claim_Schwarz-scaled.jpg.webp\",\"contentUrl\":\"https:\/\/www.weinfreunde.de\/magazin\/wp-content\/uploads\/2019\/08\/WF_Logo_Vertikal_Claim_Schwarz-scaled.jpg.webp\",\"width\":2048,\"height\":1241,\"caption\":\"REWE Wein online GmbH | Weinfreunde\"},\"image\":{\"@id\":\"https:\/\/www.weinfreunde.de\/magazin\/#\/schema\/logo\/image\/\"},\"sameAs\":[\"https:\/\/www.facebook.com\/weinfreunde.de\"]},{\"@type\":\"Person\",\"@id\":\"https:\/\/www.weinfreunde.de\/magazin\/#\/schema\/person\/ab8b4d52ecab14f3784eda231a6b6975\",\"name\":\"C\u00e9dric Garraud\",\"image\":{\"@type\":\"ImageObject\",\"inLanguage\":\"de\",\"@id\":\"https:\/\/secure.gravatar.com\/avatar\/6f290905b7402a0acf45563dc2894af2e7795765af27cd8518f19d9e9a1e8ed3?s=96&d=mm&r=g\",\"url\":\"https:\/\/secure.gravatar.com\/avatar\/6f290905b7402a0acf45563dc2894af2e7795765af27cd8518f19d9e9a1e8ed3?s=96&d=mm&r=g\",\"contentUrl\":\"https:\/\/secure.gravatar.com\/avatar\/6f290905b7402a0acf45563dc2894af2e7795765af27cd8518f19d9e9a1e8ed3?s=96&d=mm&r=g\",\"caption\":\"C\u00e9dric Garraud\"},\"description\":\"C\u00e9dric Garraud, in Bordeaux geboren und aufgewachsen, wurde der Weinhandel quasi in die Wiege gelegt! Dementsprechend seine Leidenschaft f\u00fcr die Weine aus seiner Heimat. Seinen Weinhorizont konnte er in verschiedenen Positionen in \u00fcber 20 Jahren im internationalen Weinhandel erweitern. Diesen Erfahrungsschatz bringt er jetzt bei den Weinfreunden ein.\",\"sameAs\":[\"https:\/\/www.weinfreunde.de\"],\"url\":\"https:\/\/www.weinfreunde.de\/magazin\/author\/cgarraud\/\"}]}<\/script>\n<!-- \/ Yoast SEO plugin. -->","yoast_head_json":{"title":"Die Bordeaux Jahrg\u00e4nge 2005 bis 2023 &#187; Weinfreunde Magazin","description":"Das Wetter hat einen erheblichen Einfluss auf die Qualit\u00e4t des Weins. Eine \u00dcbersicht der Jahresverl\u00e4ufe vom Bordeaux Jahrgang von 2005-2023.","robots":{"index":"index","follow":"follow","max-snippet":"max-snippet:-1","max-image-preview":"max-image-preview:large","max-video-preview":"max-video-preview:-1"},"canonical":"https:\/\/www.weinfreunde.de\/magazin\/weinwissen\/die-bordeaux-jahrgaenge-2005-bis-2023\/","og_locale":"de_DE","og_type":"article","og_title":"Die Bordeaux Jahrg\u00e4nge 2005 bis 2023 &#187; Weinfreunde Magazin","og_description":"Das Wetter hat einen erheblichen Einfluss auf die Qualit\u00e4t des Weins. Eine \u00dcbersicht der Jahresverl\u00e4ufe vom Bordeaux Jahrgang von 2005-2023.","og_url":"https:\/\/www.weinfreunde.de\/magazin\/weinwissen\/die-bordeaux-jahrgaenge-2005-bis-2023\/","og_site_name":"Weinfreunde Magazin","article_publisher":"https:\/\/www.facebook.com\/weinfreunde.de","article_published_time":"2025-09-02T06:00:51+00:00","article_modified_time":"2025-09-02T07:07:49+00:00","og_image":[{"width":1000,"height":488,"url":"https:\/\/www.weinfreunde.de\/magazin\/wp-content\/uploads\/2023\/09\/FRA_Bordeaux_shutterstock_307437926_LZ_web.jpg.webp","type":"image\/jpeg"}],"author":"C\u00e9dric Garraud","twitter_card":"summary_large_image","twitter_misc":{"Written by":"C\u00e9dric Garraud","Est. reading time":"23\u00a0Minuten"},"schema":{"@context":"https:\/\/schema.org","@graph":[{"@type":"Article","@id":"https:\/\/www.weinfreunde.de\/magazin\/weinwissen\/die-bordeaux-jahrgaenge-2005-bis-2023\/#article","isPartOf":{"@id":"https:\/\/www.weinfreunde.de\/magazin\/weinwissen\/die-bordeaux-jahrgaenge-2005-bis-2023\/"},"author":{"name":"C\u00e9dric Garraud","@id":"https:\/\/www.weinfreunde.de\/magazin\/#\/schema\/person\/ab8b4d52ecab14f3784eda231a6b6975"},"headline":"Die Bordeaux Jahrg\u00e4nge 2005 bis 2023","datePublished":"2025-09-02T06:00:51+00:00","dateModified":"2025-09-02T07:07:49+00:00","mainEntityOfPage":{"@id":"https:\/\/www.weinfreunde.de\/magazin\/weinwissen\/die-bordeaux-jahrgaenge-2005-bis-2023\/"},"wordCount":4144,"publisher":{"@id":"https:\/\/www.weinfreunde.de\/magazin\/#organization"},"image":{"@id":"https:\/\/www.weinfreunde.de\/magazin\/weinwissen\/die-bordeaux-jahrgaenge-2005-bis-2023\/#primaryimage"},"thumbnailUrl":"https:\/\/www.weinfreunde.de\/magazin\/wp-content\/uploads\/2023\/09\/FRA_Bordeaux_shutterstock_307437926_LZ_web.jpg.webp","articleSection":["Frankreich","Weinschule"],"inLanguage":"de"},{"@type":"WebPage","@id":"https:\/\/www.weinfreunde.de\/magazin\/weinwissen\/die-bordeaux-jahrgaenge-2005-bis-2023\/","url":"https:\/\/www.weinfreunde.de\/magazin\/weinwissen\/die-bordeaux-jahrgaenge-2005-bis-2023\/","name":"Die Bordeaux Jahrg\u00e4nge 2005 bis 2023 &#187; Weinfreunde Magazin","isPartOf":{"@id":"https:\/\/www.weinfreunde.de\/magazin\/#website"},"primaryImageOfPage":{"@id":"https:\/\/www.weinfreunde.de\/magazin\/weinwissen\/die-bordeaux-jahrgaenge-2005-bis-2023\/#primaryimage"},"image":{"@id":"https:\/\/www.weinfreunde.de\/magazin\/weinwissen\/die-bordeaux-jahrgaenge-2005-bis-2023\/#primaryimage"},"thumbnailUrl":"https:\/\/www.weinfreunde.de\/magazin\/wp-content\/uploads\/2023\/09\/FRA_Bordeaux_shutterstock_307437926_LZ_web.jpg.webp","datePublished":"2025-09-02T06:00:51+00:00","dateModified":"2025-09-02T07:07:49+00:00","description":"Das Wetter hat einen erheblichen Einfluss auf die Qualit\u00e4t des Weins. Eine \u00dcbersicht der Jahresverl\u00e4ufe vom Bordeaux Jahrgang von 2005-2023.","breadcrumb":{"@id":"https:\/\/www.weinfreunde.de\/magazin\/weinwissen\/die-bordeaux-jahrgaenge-2005-bis-2023\/#breadcrumb"},"inLanguage":"de","potentialAction":[{"@type":"ReadAction","target":["https:\/\/www.weinfreunde.de\/magazin\/weinwissen\/die-bordeaux-jahrgaenge-2005-bis-2023\/"]}]},{"@type":"ImageObject","inLanguage":"de","@id":"https:\/\/www.weinfreunde.de\/magazin\/weinwissen\/die-bordeaux-jahrgaenge-2005-bis-2023\/#primaryimage","url":"https:\/\/www.weinfreunde.de\/magazin\/wp-content\/uploads\/2023\/09\/FRA_Bordeaux_shutterstock_307437926_LZ_web.jpg.webp","contentUrl":"https:\/\/www.weinfreunde.de\/magazin\/wp-content\/uploads\/2023\/09\/FRA_Bordeaux_shutterstock_307437926_LZ_web.jpg.webp","width":1000,"height":488,"caption":"Bordeaux Landschaft"},{"@type":"BreadcrumbList","@id":"https:\/\/www.weinfreunde.de\/magazin\/weinwissen\/die-bordeaux-jahrgaenge-2005-bis-2023\/#breadcrumb","itemListElement":[{"@type":"ListItem","position":1,"name":"Magazin","item":"https:\/\/www.weinfreunde.de\/magazin\/"},{"@type":"ListItem","position":2,"name":"Weinwissen","item":"https:\/\/www.weinfreunde.de\/magazin\/weinwissen\/"},{"@type":"ListItem","position":3,"name":"Weinschule","item":"https:\/\/www.weinfreunde.de\/magazin\/weinwissen\/weinschule\/"},{"@type":"ListItem","position":4,"name":"Die Bordeaux Jahrg\u00e4nge 2005 bis 2023"}]},{"@type":"WebSite","@id":"https:\/\/www.weinfreunde.de\/magazin\/#website","url":"https:\/\/www.weinfreunde.de\/magazin\/","name":"Weinfreunde Magazin","description":"Dein Weinfreunde Magazin","publisher":{"@id":"https:\/\/www.weinfreunde.de\/magazin\/#organization"},"potentialAction":[{"@type":"SearchAction","target":{"@type":"EntryPoint","urlTemplate":"https:\/\/www.weinfreunde.de\/magazin\/?s={search_term_string}"},"query-input":{"@type":"PropertyValueSpecification","valueRequired":true,"valueName":"search_term_string"}}],"inLanguage":"de"},{"@type":"Organization","@id":"https:\/\/www.weinfreunde.de\/magazin\/#organization","name":"REWE Wein online GmbH | Weinfreunde","url":"https:\/\/www.weinfreunde.de\/magazin\/","logo":{"@type":"ImageObject","inLanguage":"de","@id":"https:\/\/www.weinfreunde.de\/magazin\/#\/schema\/logo\/image\/","url":"https:\/\/www.weinfreunde.de\/magazin\/wp-content\/uploads\/2019\/08\/WF_Logo_Vertikal_Claim_Schwarz-scaled.jpg.webp","contentUrl":"https:\/\/www.weinfreunde.de\/magazin\/wp-content\/uploads\/2019\/08\/WF_Logo_Vertikal_Claim_Schwarz-scaled.jpg.webp","width":2048,"height":1241,"caption":"REWE Wein online GmbH | Weinfreunde"},"image":{"@id":"https:\/\/www.weinfreunde.de\/magazin\/#\/schema\/logo\/image\/"},"sameAs":["https:\/\/www.facebook.com\/weinfreunde.de"]},{"@type":"Person","@id":"https:\/\/www.weinfreunde.de\/magazin\/#\/schema\/person\/ab8b4d52ecab14f3784eda231a6b6975","name":"C\u00e9dric Garraud","image":{"@type":"ImageObject","inLanguage":"de","@id":"https:\/\/secure.gravatar.com\/avatar\/6f290905b7402a0acf45563dc2894af2e7795765af27cd8518f19d9e9a1e8ed3?s=96&d=mm&r=g","url":"https:\/\/secure.gravatar.com\/avatar\/6f290905b7402a0acf45563dc2894af2e7795765af27cd8518f19d9e9a1e8ed3?s=96&d=mm&r=g","contentUrl":"https:\/\/secure.gravatar.com\/avatar\/6f290905b7402a0acf45563dc2894af2e7795765af27cd8518f19d9e9a1e8ed3?s=96&d=mm&r=g","caption":"C\u00e9dric Garraud"},"description":"C\u00e9dric Garraud, in Bordeaux geboren und aufgewachsen, wurde der Weinhandel quasi in die Wiege gelegt! Dementsprechend seine Leidenschaft f\u00fcr die Weine aus seiner Heimat. Seinen Weinhorizont konnte er in verschiedenen Positionen in \u00fcber 20 Jahren im internationalen Weinhandel erweitern. Diesen Erfahrungsschatz bringt er jetzt bei den Weinfreunden ein.","sameAs":["https:\/\/www.weinfreunde.de"],"url":"https:\/\/www.weinfreunde.de\/magazin\/author\/cgarraud\/"}]}},"_links":{"self":[{"href":"https:\/\/www.weinfreunde.de\/magazin\/wp-json\/wp\/v2\/posts\/5820","targetHints":{"allow":["GET"]}}],"collection":[{"href":"https:\/\/www.weinfreunde.de\/magazin\/wp-json\/wp\/v2\/posts"}],"about":[{"href":"https:\/\/www.weinfreunde.de\/magazin\/wp-json\/wp\/v2\/types\/post"}],"author":[{"embeddable":true,"href":"https:\/\/www.weinfreunde.de\/magazin\/wp-json\/wp\/v2\/users\/36"}],"replies":[{"embeddable":true,"href":"https:\/\/www.weinfreunde.de\/magazin\/wp-json\/wp\/v2\/comments?post=5820"}],"version-history":[{"count":5,"href":"https:\/\/www.weinfreunde.de\/magazin\/wp-json\/wp\/v2\/posts\/5820\/revisions"}],"predecessor-version":[{"id":13694,"href":"https:\/\/www.weinfreunde.de\/magazin\/wp-json\/wp\/v2\/posts\/5820\/revisions\/13694"}],"wp:featuredmedia":[{"embeddable":true,"href":"https:\/\/www.weinfreunde.de\/magazin\/wp-json\/wp\/v2\/media\/9338"}],"wp:attachment":[{"href":"https:\/\/www.weinfreunde.de\/magazin\/wp-json\/wp\/v2\/media?parent=5820"}],"wp:term":[{"taxonomy":"category","embeddable":true,"href":"https:\/\/www.weinfreunde.de\/magazin\/wp-json\/wp\/v2\/categories?post=5820"},{"taxonomy":"post_tag","embeddable":true,"href":"https:\/\/www.weinfreunde.de\/magazin\/wp-json\/wp\/v2\/tags?post=5820"}],"curies":[{"name":"wp","href":"https:\/\/api.w.org\/{rel}","templated":true}]}}