{"id":5795,"date":"2022-07-08T16:31:23","date_gmt":"2022-07-08T14:31:23","guid":{"rendered":"https:\/\/www.weinfreunde.de\/magazin\/?post_type=cp_weinwissen&#038;p=5795"},"modified":"2024-10-29T16:03:28","modified_gmt":"2024-10-29T15:03:28","slug":"zu-besuchen-deutsche-weingueter-zwischen-architektur-und-historie","status":"publish","type":"post","link":"https:\/\/www.weinfreunde.de\/magazin\/weinwissen\/zu-besuchen-deutsche-weingueter-zwischen-architektur-und-historie\/","title":{"rendered":"Zu besuchen: deutsche Weing\u00fcter zwischen Architektur und Historie"},"content":{"rendered":"<p><strong>Ob Tagesausflug oder Wochenend-Trip, diese deutschen Weing\u00fcter locken mit dem gewissen Extra. Sven verr\u00e4t uns f\u00fcnf Weing\u00fcter, die man gesehen haben sollte. <\/strong><\/p>\n<p>Einige <a href=\"\/magazin\/weinwissen\/internationale-weingueter-architektur-tourismus\/\">internationale Weing\u00fcter<\/a>\u00a0aus der gro\u00dfen Weinwelt haben wir im Magazin bereits vorgestellt, deren Besuch nicht nur wegen der Weine unbedingt lohnt. Denn auch mit Blick auf die Historie und die Architektur stellen einige Weing\u00fcter eine wenig bekannte Attraktion dar. Eine Reise nach Frankreich, Italien oder noch weiter weg, ist daf\u00fcr gar nicht n\u00f6tig. Denn auch die deutschen Anbaugebiete sind reich best\u00fcckt mit solchen Weing\u00fctern, die allesamt in Reichweite eines Tagesausflugs oder eines Wochenend-Trips sind. Dieser kleine Streifzug durch die Weinregionen gibt erste Anregungen, ist aber keinesfalls vollst\u00e4ndig oder gar mit einem Ranking verbunden. Aber ein Anfang w\u00e4re gemacht und f\u00fcr weitere Anregungen an info@weinfreunde bedanken wir uns im Voraus.<\/p>\n<h2><span style=\"color: #bea07e;\"><strong>1.<\/strong><\/span> Van Volxem: Steillage mit Weitblick<\/h2>\n<p>Roman Niewodniczanski ist ein Mann, der wei\u00df, was er will. Das gilt erst recht f\u00fcr sein au\u00dfergew\u00f6hnliches Weingut an der Saar \u2013 offiziell im Anbaugebiet Mosel gelegen. Niewodniczanski spricht lieber von einer Manufaktur, denn f\u00fcr ihn ist das Geb\u00e4ude mit der Kellerei ein wichtiger Baustein, um seine Vorstellung von exzellenten Weinen zu verwirklichen. Die Lagen, die Reben, die Menschen, die sich um den Wein k\u00fcmmern \u2013 aber eben auch der Ort, an dem sie Wein erzeugen. Das geh\u00f6rt f\u00fcr den Star-Saar-Winzer einfach zusammen. Die Fassaden des Geb\u00e4udes sind in Naturstein gehalten, der auf die Schiefer gepr\u00e4gten Steillagen der Saar antwortet. So f\u00fcgt sich das Weingut gleicherma\u00dfen in die Landschaft ein, hebt sich aber auch hervor. H\u00f6hepunkt f\u00fcr die Besucher ist die Vinothek mit dem Panoramablick auf die Weinberge und die Saar. Vergleichbares l\u00e4sst sich in der Region nicht finden, und allein dieser Blick ist einen Besuch wert. \u00dcber acht Meter L\u00e4nge erstrecken sich die vom Boden bis zur Decke reichenden Scheiben. Sie erlauben den Blick auf einige der <a href=\"\/vdp-weine\">Ersten und Gro\u00dfen Lagen des VDP-Weinguts<\/a> und den Alt-Arm der Saar. Am besten nat\u00fcrlich mit einem Glas Riesling zu genie\u00dfen. Tipp: In Folge 13 unseres <a href=\"\/podcast\">\u201eBei Anruf Wein\u201c Podcast<\/a> haben wir <a href=\"\/van-volxem\/\">Van Volxem<\/a> bereits besucht.<\/p>\n<div id=\"attachment_5803\" style=\"width: 1510px\" class=\"wp-caption alignnone\"><img loading=\"lazy\" decoding=\"async\" aria-describedby=\"caption-attachment-5803\" class=\"wp-image-5803 size-full\" src=\"https:\/\/www.weinfreunde.de\/magazin\/wp-content\/uploads\/2022\/07\/magazin_1-1-van-volxem.png\" alt=\"Weingut Van Volxem\" width=\"1500\" height=\"800\" srcset=\"https:\/\/www.weinfreunde.de\/magazin\/wp-content\/uploads\/2022\/07\/magazin_1-1-van-volxem.png 1500w, https:\/\/www.weinfreunde.de\/magazin\/wp-content\/uploads\/2022\/07\/magazin_1-1-van-volxem-300x160.png 300w, https:\/\/www.weinfreunde.de\/magazin\/wp-content\/uploads\/2022\/07\/magazin_1-1-van-volxem-1024x546.png 1024w, https:\/\/www.weinfreunde.de\/magazin\/wp-content\/uploads\/2022\/07\/magazin_1-1-van-volxem-768x410.png 768w, https:\/\/www.weinfreunde.de\/magazin\/wp-content\/uploads\/2022\/07\/magazin_1-1-van-volxem-749x399.png 749w, https:\/\/www.weinfreunde.de\/magazin\/wp-content\/uploads\/2022\/07\/magazin_1-1-van-volxem-150x80.png 150w, https:\/\/www.weinfreunde.de\/magazin\/wp-content\/uploads\/2022\/07\/magazin_1-1-van-volxem-390x208.png 390w, https:\/\/www.weinfreunde.de\/magazin\/wp-content\/uploads\/2022\/07\/magazin_1-1-van-volxem-750x400.png 750w, https:\/\/www.weinfreunde.de\/magazin\/wp-content\/uploads\/2022\/07\/magazin_1-1-van-volxem-1140x608.png 1140w\" sizes=\"auto, (max-width: 1500px) 100vw, 1500px\" \/><p id=\"caption-attachment-5803\" class=\"wp-caption-text\">Das moderne an der Saar gelegene Weingut Van Volxem<\/p><\/div>\n<p><strong>Weingut Van Volxem<\/strong><\/p>\n<p>Zum Schlossberg 347<br \/>\n54459 Wiltingen \/ Saar<br \/>\nTel.: +49 6501-80229-0<br \/>\nFax: +49 6501-80229-49<\/p>\n<p><strong>\u00d6ffnungszeiten<\/strong><\/p>\n<p>Die Vinothek ist Dienstag bis Sonntag und an Feiertagen von 11.00 \u2013 18.00 Uhr ge\u00f6ffnet.<\/p>\n<hr \/>\n<h2><span style=\"color: #bea07e;\"><strong>2.<\/strong><\/span> Ausgezeichnete Aussichten: Weingut Th\u00f6rle<\/h2>\n<p>Dass die Weine von Christoph und Johannes <a href=\"\/thoerle\/\">Th\u00f6rle<\/a> Auszeichnungen und Kritikerlob einheimsen, wei\u00df man. Dass die Br\u00fcder aus Rheinhessen mit ihrem Weinguts-Neubau sogar einen Architektur- und Tourismuspreis gewonnen haben, eher nicht. Bereits 2021 erhielten die Saulheimer den \u201eBest Of Wine Tourism Award\u201c in der Kategorie \u201cArchitecture, Parks and Gardens.\u201d Doch ma\u00dfgeblich war auch bei den Rheinhessen dem Wein ein professionelles Zuhause zu geben, das seine Wertigkeit unterstreicht. Das neue Weingut am Norenberg liegt inmitten der bekannten Lagen des Weinguts, so sind Schlossberg, H\u00f6lle und Probstey direkte Nachbarn. In dem mit Kalkstein verkleideten Geb\u00e4ude mit den gro\u00dfen Glasfronten begr\u00fc\u00dfen nun eine stilvoll eingerichtete Vinothek samt begehbarem Weinklimaschrank die G\u00e4ste. Auch ein Besuch des Barriquekeller ist m\u00f6glich, bevor man sich endlich dieser Aussicht und dem besonderen Flair der Landschaft hingeben kann. Vorzugsweise mit einem Riesling oder Silvaner der Th\u00f6rle-Br\u00fcder im Glas.<\/p>\n<div id=\"attachment_5802\" style=\"width: 1510px\" class=\"wp-caption alignnone\"><img loading=\"lazy\" decoding=\"async\" aria-describedby=\"caption-attachment-5802\" class=\"wp-image-5802 size-full\" src=\"https:\/\/www.weinfreunde.de\/magazin\/wp-content\/uploads\/2022\/07\/magazin_1-1-thorle.png\" alt=\"Weingut Th\u00f6rle\" width=\"1500\" height=\"800\" srcset=\"https:\/\/www.weinfreunde.de\/magazin\/wp-content\/uploads\/2022\/07\/magazin_1-1-thorle.png 1500w, https:\/\/www.weinfreunde.de\/magazin\/wp-content\/uploads\/2022\/07\/magazin_1-1-thorle-300x160.png 300w, https:\/\/www.weinfreunde.de\/magazin\/wp-content\/uploads\/2022\/07\/magazin_1-1-thorle-1024x546.png 1024w, https:\/\/www.weinfreunde.de\/magazin\/wp-content\/uploads\/2022\/07\/magazin_1-1-thorle-768x410.png 768w, https:\/\/www.weinfreunde.de\/magazin\/wp-content\/uploads\/2022\/07\/magazin_1-1-thorle-749x399.png 749w, https:\/\/www.weinfreunde.de\/magazin\/wp-content\/uploads\/2022\/07\/magazin_1-1-thorle-150x80.png 150w, https:\/\/www.weinfreunde.de\/magazin\/wp-content\/uploads\/2022\/07\/magazin_1-1-thorle-390x208.png 390w, https:\/\/www.weinfreunde.de\/magazin\/wp-content\/uploads\/2022\/07\/magazin_1-1-thorle-750x400.png 750w, https:\/\/www.weinfreunde.de\/magazin\/wp-content\/uploads\/2022\/07\/magazin_1-1-thorle-1140x608.png 1140w\" sizes=\"auto, (max-width: 1500px) 100vw, 1500px\" \/><p id=\"caption-attachment-5802\" class=\"wp-caption-text\">Das familiengef\u00fchrte Weingut Th\u00f6rle aus Rheinhessen<\/p><\/div>\n<p><strong>Weingut Th\u00f6rle<\/strong><\/p>\n<p>Ostergasse 40<br \/>\nD &#8211; 55291 Saulheim<br \/>\nTel +49 6732 5443<br \/>\nFax +49 6732 960860<br \/>\ninfo@thoerle-wein.de<\/p>\n<p><strong>\u00d6ffnungszeiten<\/strong><\/p>\n<p>Mo.\u2013Fr.: 9\u201313 und 14\u201318 Uhr<br \/>\nSa.: 10\u201313 und 14\u201317 Uhr<br \/>\noder nach Vereinbarung<\/p>\n<hr \/>\n<h2><span style=\"color: #bea07e;\"><strong>3.<\/strong><\/span> Gr\u00fcnderstil &amp; Neoklassizismus: Weingut M\u00fcller-Catoir<\/h2>\n<p>Bis 1744 reicht die Geschichte des Familien- und Traditionsweinguts <a href=\"\/mueller-catoir\/\">M\u00fcller-Catoir<\/a> zur\u00fcck. Das VDP-Mitglied aus Haardt bei Neustadt z\u00e4hlt zu den ersten Adressen in der Pfalz. Erst recht f\u00fcr jene, die nicht nur exzellenten Wein aus besonderen Lagen zu sch\u00e4tzen wissen, sondern auch ein Auge f\u00fcr historische Architektur haben. Das Gutsgeb\u00e4ude stammt aus dem fr\u00fchen 18. Jahrhundert, erlebte aber im 19. Jahrhundert eine Erweiterung und Neugestaltung im neoklassizistischen Stil. Beeindruckend die Fassadengestaltung des dreigeschossigen Geb\u00e4udes, dessen Inneneinrichtung ganz im Gr\u00fcnderstil gehalten ist. Das Schlendern \u00fcber den Hof und durch die R\u00e4ume ist eine kleine Zeitreise. Reizvoll auch die Perspektiven, in denen im Hintergrund des Gutshofs noch das Haardter Schloss erscheint. Doch der historische Schein tr\u00fcgt, die Weine von M\u00fcller-Catoir sind auf der H\u00f6he der Zeit. Bereits seit Jahren wird das Weingut nach Bio-Standards bewirtschaftet. An einer Verkostung kommt man nat\u00fcrlich nicht vorbei, wenn man den ganzen Zauber des Weinguts mit allen Sinnen erfahren will.<\/p>\n<div id=\"attachment_5801\" style=\"width: 1510px\" class=\"wp-caption alignnone\"><img loading=\"lazy\" decoding=\"async\" aria-describedby=\"caption-attachment-5801\" class=\"wp-image-5801 size-full\" src=\"https:\/\/www.weinfreunde.de\/magazin\/wp-content\/uploads\/2022\/07\/magazin_1-1-mueller-catoir.png\" alt=\"Weingut M\u00fcller-Catoir\" width=\"1500\" height=\"800\" srcset=\"https:\/\/www.weinfreunde.de\/magazin\/wp-content\/uploads\/2022\/07\/magazin_1-1-mueller-catoir.png 1500w, https:\/\/www.weinfreunde.de\/magazin\/wp-content\/uploads\/2022\/07\/magazin_1-1-mueller-catoir-300x160.png 300w, https:\/\/www.weinfreunde.de\/magazin\/wp-content\/uploads\/2022\/07\/magazin_1-1-mueller-catoir-1024x546.png 1024w, https:\/\/www.weinfreunde.de\/magazin\/wp-content\/uploads\/2022\/07\/magazin_1-1-mueller-catoir-768x410.png 768w, https:\/\/www.weinfreunde.de\/magazin\/wp-content\/uploads\/2022\/07\/magazin_1-1-mueller-catoir-749x399.png 749w, https:\/\/www.weinfreunde.de\/magazin\/wp-content\/uploads\/2022\/07\/magazin_1-1-mueller-catoir-150x80.png 150w, https:\/\/www.weinfreunde.de\/magazin\/wp-content\/uploads\/2022\/07\/magazin_1-1-mueller-catoir-390x208.png 390w, https:\/\/www.weinfreunde.de\/magazin\/wp-content\/uploads\/2022\/07\/magazin_1-1-mueller-catoir-750x400.png 750w, https:\/\/www.weinfreunde.de\/magazin\/wp-content\/uploads\/2022\/07\/magazin_1-1-mueller-catoir-1140x608.png 1140w\" sizes=\"auto, (max-width: 1500px) 100vw, 1500px\" \/><p id=\"caption-attachment-5801\" class=\"wp-caption-text\">Das VDP-Weingut M\u00fcller-Catoir befindet sich in der Pfalz und seit 1744 in Familienbesitz<\/p><\/div>\n<p><strong>Weingut M\u00fcller-Catoir<\/strong><\/p>\n<p>Mandelring 25<br \/>\n67433 Neustadt-Haardt<br \/>\nE-Mail: weingut@mueller-catoir.de<br \/>\nTel.: +49 6321 2815<br \/>\nFax: +49 6321 480014<\/p>\n<p><strong>\u00d6ffnungszeiten:<\/strong><\/p>\n<p>Montag bis Freitag<br \/>\n08:00 &#8211; 12:00, 13:00 &#8211; 17:00<br \/>\nSamstag<br \/>\n10:00 &#8211; 14:00<\/p>\n<hr \/>\n<h2><span style=\"color: #bea07e;\"><strong>4.<\/strong> <\/span>Wein-Event-Location am Kaiserstuhl: Weingut Hiss<\/h2>\n<p>Der <a href=\"\/magazin\/weinwissen\/der-kaiserstuhl-die-waermste-weinregion-deutschlands\/\">Kaiserstuhl<\/a> allein ist bereits eine Verhei\u00dfung \u2013 als natursch\u00f6ne Landschaft und sonnenreicher Wein-Hotspot mit langer Tradition. Beide Elemente f\u00e4ngt die Familie Hiss in ihrem neuen Weinhaus in Eichstetten ein, und zwar mit ausgesprochen moderner Geste. Das neu errichtete Weinhaus der Winzerfamilie inszeniert diesen Schnittpunkt von Tradition und Moderne, von Wein und Landschaft mit einem klaren Konzept und viel Liebe zum Detail. Dank seiner Architektur gew\u00e4hrt es besondere Ein- und Ausblicke. Die Fassade, die zur Stra\u00dfe weist, ist voll verglast, sowohl um offen zu zeigen, was hier geschieht, aber auch um Menschen hinein zu locken. Das Weinhaus ist n\u00e4mlich Ort f\u00fcr Wein und Genuss, f\u00fcr Events und Kultur gleicherma\u00dfen. Dagegen bietet die Terrasse eine einmalige Aussicht auf die Weinkulturlandschaft am Kaiserstuhl. Zum Weinhaus z\u00e4hlen noch ein Verkostungsraum sowie der Shop des Weinguts. Schlie\u00dflich will man nicht ohne Andenken in Flaschenform nach Hause fahren. Vor allem die wei\u00dfen Burgundersorten und den Rivaner darf man sich bei einer <a href=\"\/hiss\/\">Hiss-Visite<\/a> nicht entgehen lassen.<\/p>\n<div id=\"attachment_5799\" style=\"width: 1510px\" class=\"wp-caption alignnone\"><img loading=\"lazy\" decoding=\"async\" aria-describedby=\"caption-attachment-5799\" class=\"wp-image-5799 size-full\" src=\"https:\/\/www.weinfreunde.de\/magazin\/wp-content\/uploads\/2022\/07\/magazin_1-1-hiss.png\" alt=\"Weingut Hiss\" width=\"1500\" height=\"800\" srcset=\"https:\/\/www.weinfreunde.de\/magazin\/wp-content\/uploads\/2022\/07\/magazin_1-1-hiss.png 1500w, https:\/\/www.weinfreunde.de\/magazin\/wp-content\/uploads\/2022\/07\/magazin_1-1-hiss-300x160.png 300w, https:\/\/www.weinfreunde.de\/magazin\/wp-content\/uploads\/2022\/07\/magazin_1-1-hiss-1024x546.png 1024w, https:\/\/www.weinfreunde.de\/magazin\/wp-content\/uploads\/2022\/07\/magazin_1-1-hiss-768x410.png 768w, https:\/\/www.weinfreunde.de\/magazin\/wp-content\/uploads\/2022\/07\/magazin_1-1-hiss-749x399.png 749w, https:\/\/www.weinfreunde.de\/magazin\/wp-content\/uploads\/2022\/07\/magazin_1-1-hiss-150x80.png 150w, https:\/\/www.weinfreunde.de\/magazin\/wp-content\/uploads\/2022\/07\/magazin_1-1-hiss-390x208.png 390w, https:\/\/www.weinfreunde.de\/magazin\/wp-content\/uploads\/2022\/07\/magazin_1-1-hiss-750x400.png 750w, https:\/\/www.weinfreunde.de\/magazin\/wp-content\/uploads\/2022\/07\/magazin_1-1-hiss-1140x608.png 1140w\" sizes=\"auto, (max-width: 1500px) 100vw, 1500px\" \/><p id=\"caption-attachment-5799\" class=\"wp-caption-text\">Das Weingut Hiss aus Eichstetten in Baden<\/p><\/div>\n<p><strong>Weingut Andreas Hiss<\/strong><\/p>\n<p>Hauptstra\u00dfe 31, 79356 Eichstetten<br \/>\nTel. +49 7663-12 36<\/p>\n<p><strong>\u00d6ffnungszeiten<br \/>\n<\/strong>Termine nach Vereinbarung<\/p>\n<hr \/>\n<h2><span style=\"color: #bea07e;\"><strong>5.<\/strong> <\/span>Kellereif\u00fchrung als Show: Juliusspital<\/h2>\n<p>Ohne Zweifel gibt es an Historie reichlich beim <a href=\"\/juliusspital\/\">VDP-Weingut Juliusspital<\/a> in W\u00fcrzburg zu erleben. Seit 1576 erzeugen die Franken Wein, mit dessen Erl\u00f6s gemeinn\u00fctzige Einrichtungen unterst\u00fctzt werden \u2013 daher der Name. Zudem ist das Juliusspital ein internationales Aush\u00e4ngeschild des heimischen <a href=\"\/magazin\/weinwissen\/silvaner\/\">Silvaners<\/a> und gl\u00e4nzt mit diesen Weinen aus Ersten und Gro\u00dfen Lagen. Das Weingut r\u00fchmt sich sogar, der weltweit gr\u00f6\u00dfte Silvaner-Produzent zu sein. Nat\u00fcrlich kann man vor Ort in der Vinothek \u201eWeineck Julius Echter\u201c Weine verkosten und kaufen. Selbst ein Architekturf\u00fchrer kann beim Besuch des Weinguts n\u00fctzlich sein. Die eigentliche Attraktion ist aber die aufwendig inszenierte F\u00fchrung durch den Keller. Mit gro\u00dfen Schrifttafeln, mit Lichtinstallationen und akustischen Einspielungen bekommt der Besucher hier die Geschichte und Gegenwart des Juliusspitals alles andere als trocken vermittelt. Die sogenannte \u201eWein.Welt\u201c informiert zum Beispiel \u00fcber \u201eTrauben.Technik.Tatendrang.\u201c oder \u201eSanft.Sinn.Sorgfalt.\u201c Bleiben zum Abschluss des Besuchs nur noch Glas.Genuss.Genial.<\/p>\n<div id=\"attachment_5800\" style=\"width: 1510px\" class=\"wp-caption alignnone\"><img loading=\"lazy\" decoding=\"async\" aria-describedby=\"caption-attachment-5800\" class=\"wp-image-5800 size-full\" src=\"https:\/\/www.weinfreunde.de\/magazin\/wp-content\/uploads\/2022\/07\/magazin_1-1-juliusspital.png\" alt=\"Weingut Juliusspital\" width=\"1500\" height=\"800\" srcset=\"https:\/\/www.weinfreunde.de\/magazin\/wp-content\/uploads\/2022\/07\/magazin_1-1-juliusspital.png 1500w, https:\/\/www.weinfreunde.de\/magazin\/wp-content\/uploads\/2022\/07\/magazin_1-1-juliusspital-300x160.png 300w, https:\/\/www.weinfreunde.de\/magazin\/wp-content\/uploads\/2022\/07\/magazin_1-1-juliusspital-1024x546.png 1024w, https:\/\/www.weinfreunde.de\/magazin\/wp-content\/uploads\/2022\/07\/magazin_1-1-juliusspital-768x410.png 768w, https:\/\/www.weinfreunde.de\/magazin\/wp-content\/uploads\/2022\/07\/magazin_1-1-juliusspital-749x399.png 749w, https:\/\/www.weinfreunde.de\/magazin\/wp-content\/uploads\/2022\/07\/magazin_1-1-juliusspital-150x80.png 150w, https:\/\/www.weinfreunde.de\/magazin\/wp-content\/uploads\/2022\/07\/magazin_1-1-juliusspital-390x208.png 390w, https:\/\/www.weinfreunde.de\/magazin\/wp-content\/uploads\/2022\/07\/magazin_1-1-juliusspital-750x400.png 750w, https:\/\/www.weinfreunde.de\/magazin\/wp-content\/uploads\/2022\/07\/magazin_1-1-juliusspital-1140x608.png 1140w\" sizes=\"auto, (max-width: 1500px) 100vw, 1500px\" \/><p id=\"caption-attachment-5800\" class=\"wp-caption-text\">Das Juliusspital wurde 1576 als Stiftung von F\u00fcrstbischof Julius Echter in W\u00fcrzburg gegr\u00fcndet<\/p><\/div>\n<p><strong>Weingut Juliusspital<\/strong><\/p>\n<p>Klinikstr. 1<br \/>\n97070 W\u00fcrzburg<br \/>\nTel.: +49 931\/ 393-1400<br \/>\nFax: +49 931\/ 393-1414<br \/>\nweingut@juliusspital.de<\/p>\n<p><strong>\u00d6ffnungszeiten<\/strong><\/p>\n<p>Auf der Website gibt es einen Veranstaltungskalender mit den Terminen der F\u00fchrungen und Verkostungen.<\/p>\n<hr \/>\n<h2>Ansichtskarten willkommen<\/h2>\n<p>Wie schon eingangs ausgef\u00fchrt, die vorgestellten Weing\u00fcter sind nur einige von vielen, deren Besuch zu empfehlen ist. Wer sich eines der Weing\u00fcter anschaut, kann uns gerne schreiben, wie es ihm gefallen hat. Und Tipps vonseiten der Leserinnen und Leser sind gleichfalls immer willkommen. Daf\u00fcr bitte die E-Mail-Adresse <a href=\"mailto:info@weinfreunde.de\">info@weinfreunde.de<\/a> nutzen oder schickt uns einfach eine Ansichtskarte per Post.<\/p>\n<div class=\"product-slider\" id=\"_prodSlider69f701be8e25a\">\n\t\t\t<h2>Weine unserer sch\u00f6nsten deutschen Weing\u00fcter<\/h2>\n\t\t\n\t<div class=\"slide-area\">\n\t\t<div class=\"slides\">\n\t\t\t\t\t\t\t<div class=\"slide\">\n\t\t\t\t\t\t\t\t\t\t\t<a class=\"product\" href=\"https:\/\/www.weinfreunde.de\/p\/silvaner-trocken-juliusspital\/?ecid=int_magazin_nn_nn_nn_nn_nn_nn\" target=\"_blank\">\n\t\t\t\t\t\t\t\t\t\t\t<div class=\"image\">\n\t\t\t\t\t\t\t<div\n                                    class=\"bg\"\n                                    style=\"background-image: url(https:\/\/10b644692e76ab15cf59-eaadbe2afc1f47d8740ca8f676f7fe70.ssl.cf3.rackcdn.com\/2000013779_900v-TrHheJNG.png);\"\n                            ><\/div>\n\t\t\t\t\t\t<\/div>\n\t\t\t\t\t\t<div class=\"c\">\n\t\t\t\t\t\t\t<div class=\"title\">Silvaner trocken 2024<\/div>\n\t\t\t\t\t\t\t<div class=\"brand\">Juliusspital<\/div>\n\t\t\t\t\t\t\t\t\t\t\t\t\t\t\t<div class=\"details\">\n\t\t\t\t\t\t\t\t\t\t\t\t\t\t\t\t\t\t\t<div>Wei\u00dfwein<\/div>\n\t\t\t\t\t\t\t\t\t\t\t\t\t\t\t\t\t\t\t<div>Silvaner<\/div>\n\t\t\t\t\t\t\t\t\t\t\t\t\t\t\t\t\t<\/div>\n\t\t\t\t\t\t\t\t\t\t\t\t\t<\/div>\n\t\t\t\t\t<\/a>\n\t\t\t\t<\/div>\n\t\t\t\t\t\t\t<div class=\"slide\">\n\t\t\t\t\t\t\t\t\t\t\t<a class=\"product\" href=\"https:\/\/www.weinfreunde.de\/p\/wuerzburger-silvaner-trocken-juliusspital\/?ecid=int_magazin_nn_nn_nn_nn_nn_nn\" target=\"_blank\">\n\t\t\t\t\t\t\t\t\t\t\t<div class=\"image\">\n\t\t\t\t\t\t\t<div\n                                    class=\"bg\"\n                                    style=\"background-image: url(https:\/\/10b644692e76ab15cf59-eaadbe2afc1f47d8740ca8f676f7fe70.ssl.cf3.rackcdn.com\/2000013781_900v-EJ08W6Vq.png);\"\n                            ><\/div>\n\t\t\t\t\t\t<\/div>\n\t\t\t\t\t\t<div class=\"c\">\n\t\t\t\t\t\t\t<div class=\"title\">W\u00fcrzburger Silvaner trocken 2024<\/div>\n\t\t\t\t\t\t\t<div class=\"brand\">Juliusspital<\/div>\n\t\t\t\t\t\t\t\t\t\t\t\t\t\t\t<div class=\"details\">\n\t\t\t\t\t\t\t\t\t\t\t\t\t\t\t\t\t\t\t<div>Wei\u00dfwein<\/div>\n\t\t\t\t\t\t\t\t\t\t\t\t\t\t\t\t\t\t\t<div>Silvaner<\/div>\n\t\t\t\t\t\t\t\t\t\t\t\t\t\t\t\t\t<\/div>\n\t\t\t\t\t\t\t\t\t\t\t\t\t<\/div>\n\t\t\t\t\t<\/a>\n\t\t\t\t<\/div>\n\t\t\t\t\t\t\t<div class=\"slide\">\n\t\t\t\t\t\t\t\t\t\t\t<a class=\"product\" href=\"https:\/\/www.weinfreunde.de\/p\/vom-haardtsandstein-riesling-trocken-bio-mueller-catoir\/?ecid=int_magazin_nn_nn_nn_nn_nn_nn\" target=\"_blank\">\n\t\t\t\t\t\t\t\t\t\t\t<div class=\"image\">\n\t\t\t\t\t\t\t<div\n                                    class=\"bg\"\n                                    style=\"background-image: url(https:\/\/images.cdn.europe-west1.gcp.commercetools.com\/c465d296-b9b4-4e2d-afd0-6980caa08886\/2000012469_900v-Scvn61Zt.png);\"\n                            ><\/div>\n\t\t\t\t\t\t<\/div>\n\t\t\t\t\t\t<div class=\"c\">\n\t\t\t\t\t\t\t<div class=\"title\">Vom Haardtsandstein Riesling trocken (\u2026<\/div>\n\t\t\t\t\t\t\t<div class=\"brand\">M\u00fcller-Catoir<\/div>\n\t\t\t\t\t\t\t\t\t\t\t\t\t\t\t<div class=\"details\">\n\t\t\t\t\t\t\t\t\t\t\t\t\t\t\t\t\t\t\t<div>Wei\u00dfwein<\/div>\n\t\t\t\t\t\t\t\t\t\t\t\t\t\t\t\t\t\t\t<div>Riesling<\/div>\n\t\t\t\t\t\t\t\t\t\t\t\t\t\t\t\t\t\t\t<div>Pfalz<\/div>\n\t\t\t\t\t\t\t\t\t\t\t\t\t\t\t\t\t<\/div>\n\t\t\t\t\t\t\t\t\t\t\t\t\t<\/div>\n\t\t\t\t\t<\/a>\n\t\t\t\t<\/div>\n\t\t\t\t\t\t\t<div class=\"slide\">\n\t\t\t\t\t\t\t\t\t\t\t<a class=\"product\" href=\"https:\/\/www.weinfreunde.de\/p\/grauburgunder-trocken-hiss\/?ecid=int_magazin_nn_nn_nn_nn_nn_nn\" target=\"_blank\">\n\t\t\t\t\t\t\t\t\t\t\t<div class=\"image\">\n\t\t\t\t\t\t\t<div\n                                    class=\"bg\"\n                                    style=\"background-image: url(https:\/\/10b644692e76ab15cf59-eaadbe2afc1f47d8740ca8f676f7fe70.ssl.cf3.rackcdn.com\/2000012819_900v-ybv7MTEC.png);\"\n                            ><\/div>\n\t\t\t\t\t\t<\/div>\n\t\t\t\t\t\t<div class=\"c\">\n\t\t\t\t\t\t\t<div class=\"title\">Grauburgunder trocken 2024<\/div>\n\t\t\t\t\t\t\t<div class=\"brand\">Hiss<\/div>\n\t\t\t\t\t\t\t\t\t\t\t\t\t\t\t<div class=\"details\">\n\t\t\t\t\t\t\t\t\t\t\t\t\t\t\t\t\t\t\t<div>Wei\u00dfwein<\/div>\n\t\t\t\t\t\t\t\t\t\t\t\t\t\t\t\t\t\t\t<div>Grauburgunder<\/div>\n\t\t\t\t\t\t\t\t\t\t\t\t\t\t\t\t\t<\/div>\n\t\t\t\t\t\t\t\t\t\t\t\t\t<\/div>\n\t\t\t\t\t<\/a>\n\t\t\t\t<\/div>\n\t\t\t\t\t\t\t<div class=\"slide\">\n\t\t\t\t\t\t\t\t\t\t\t<a class=\"product\" href=\"https:\/\/www.weinfreunde.de\/p\/riesling-vv-van-volxem\/?ecid=int_magazin_nn_nn_nn_nn_nn_nn\" target=\"_blank\">\n\t\t\t\t\t\t\t\t\t\t\t<div class=\"image\">\n\t\t\t\t\t\t\t<div\n                                    class=\"bg\"\n                                    style=\"background-image: url(https:\/\/10b644692e76ab15cf59-eaadbe2afc1f47d8740ca8f676f7fe70.ssl.cf3.rackcdn.com\/2000013917_900v-xE5ThLsX.png);\"\n                            ><\/div>\n\t\t\t\t\t\t<\/div>\n\t\t\t\t\t\t<div class=\"c\">\n\t\t\t\t\t\t\t<div class=\"title\">Riesling VV 2024<\/div>\n\t\t\t\t\t\t\t<div class=\"brand\">Van Volxem<\/div>\n\t\t\t\t\t\t\t\t\t\t\t\t\t\t\t<div class=\"details\">\n\t\t\t\t\t\t\t\t\t\t\t\t\t\t\t\t\t\t\t<div>Wei\u00dfwein<\/div>\n\t\t\t\t\t\t\t\t\t\t\t\t\t\t\t\t\t\t\t<div>Riesling<\/div>\n\t\t\t\t\t\t\t\t\t\t\t\t\t\t\t\t\t<\/div>\n\t\t\t\t\t\t\t\t\t\t\t\t\t<\/div>\n\t\t\t\t\t<\/a>\n\t\t\t\t<\/div>\n\t\t\t\t\t\t\t<div class=\"slide\">\n\t\t\t\t\t\t\t\t\t\t\t<a class=\"product\" href=\"https:\/\/www.weinfreunde.de\/p\/saar-riesling-trocken-van-volxem\/?ecid=int_magazin_nn_nn_nn_nn_nn_nn\" target=\"_blank\">\n\t\t\t\t\t\t\t\t\t\t\t<div class=\"image\">\n\t\t\t\t\t\t\t<div\n                                    class=\"bg\"\n                                    style=\"background-image: url(https:\/\/10b644692e76ab15cf59-eaadbe2afc1f47d8740ca8f676f7fe70.ssl.cf3.rackcdn.com\/2000013916_900v-MWOqcYGv.png);\"\n                            ><\/div>\n\t\t\t\t\t\t<\/div>\n\t\t\t\t\t\t<div class=\"c\">\n\t\t\t\t\t\t\t<div class=\"title\">Saar Riesling trocken 2024<\/div>\n\t\t\t\t\t\t\t<div class=\"brand\">Van Volxem<\/div>\n\t\t\t\t\t\t\t\t\t\t\t\t\t\t\t<div class=\"details\">\n\t\t\t\t\t\t\t\t\t\t\t\t\t\t\t\t\t\t\t<div>Wei\u00dfwein<\/div>\n\t\t\t\t\t\t\t\t\t\t\t\t\t\t\t\t\t\t\t<div>Riesling<\/div>\n\t\t\t\t\t\t\t\t\t\t\t\t\t\t\t\t\t<\/div>\n\t\t\t\t\t\t\t\t\t\t\t\t\t<\/div>\n\t\t\t\t\t<\/a>\n\t\t\t\t<\/div>\n\t\t\t\t\t<\/div>\n\t<\/div>\n<\/div>\n<script>_w(() => new WF.Magazin.ProductSlider('#_prodSlider69f701be8e25a'));<\/script>\n\n","protected":false},"excerpt":{"rendered":"<p>Ob Tagesausflug oder Wochenend-Trip, diese deutschen Weing\u00fcter locken mit dem gewissen Extra. Sven verr\u00e4t uns f\u00fcnf Weing\u00fcter, die man gesehen haben sollte. Einige internationale Weing\u00fcter\u00a0aus der gro\u00dfen Weinwelt haben wir im Magazin bereits vorgestellt, deren Besuch nicht nur wegen der&#8230; <a class=\"moretag\" href=\"https:\/\/www.weinfreunde.de\/magazin\/weinwissen\/zu-besuchen-deutsche-weingueter-zwischen-architektur-und-historie\/\">weiterlesen<\/a><\/p>\n","protected":false},"author":51,"featured_media":5797,"comment_status":"closed","ping_status":"closed","sticky":false,"template":"","format":"standard","meta":{"footnotes":""},"categories":[62,10],"tags":[],"class_list":["post-5795","post","type-post","status-publish","format-standard","has-post-thumbnail","hentry","category-deutschland","category-weinschule"],"yoast_head":"<!-- This site is optimized with the Yoast SEO plugin v27.5 - https:\/\/yoast.com\/product\/yoast-seo-wordpress\/ -->\n<title>Zu besuchen: deutsche Weing\u00fcter zwischen Architektur und Historie &#187; Weinfreunde Magazin<\/title>\n<meta name=\"description\" content=\"Unsere Top 5 sch\u00f6nsten Weing\u00fcter in Deutschland f\u00fcr Tagesausfl\u00fcge oder Wochenend-Trips. Historie, moderne Architektur mitten im Weinberg und gute Weine.\" \/>\n<meta name=\"robots\" content=\"index, follow, max-snippet:-1, max-image-preview:large, max-video-preview:-1\" \/>\n<link rel=\"canonical\" href=\"https:\/\/www.weinfreunde.de\/magazin\/weinwissen\/zu-besuchen-deutsche-weingueter-zwischen-architektur-und-historie\/\" \/>\n<meta property=\"og:locale\" content=\"de_DE\" \/>\n<meta property=\"og:type\" content=\"article\" \/>\n<meta property=\"og:title\" content=\"Zu besuchen: deutsche Weing\u00fcter zwischen Architektur und Historie &#187; Weinfreunde Magazin\" \/>\n<meta property=\"og:description\" content=\"Unsere Top 5 sch\u00f6nsten Weing\u00fcter in Deutschland f\u00fcr Tagesausfl\u00fcge oder Wochenend-Trips. Historie, moderne Architektur mitten im Weinberg und gute Weine.\" \/>\n<meta property=\"og:url\" content=\"https:\/\/www.weinfreunde.de\/magazin\/weinwissen\/zu-besuchen-deutsche-weingueter-zwischen-architektur-und-historie\/\" \/>\n<meta property=\"og:site_name\" content=\"Weinfreunde Magazin\" \/>\n<meta property=\"article:publisher\" content=\"https:\/\/www.facebook.com\/weinfreunde.de\" \/>\n<meta property=\"article:published_time\" content=\"2022-07-08T14:31:23+00:00\" \/>\n<meta property=\"article:modified_time\" content=\"2024-10-29T15:03:28+00:00\" \/>\n<meta property=\"og:image\" content=\"https:\/\/www.weinfreunde.de\/magazin\/wp-content\/uploads\/2022\/07\/magazin_header_schoenste-weingueter-national.png.webp\" \/>\n\t<meta property=\"og:image:width\" content=\"2048\" \/>\n\t<meta property=\"og:image:height\" content=\"400\" \/>\n\t<meta property=\"og:image:type\" content=\"image\/png\" \/>\n<meta name=\"author\" content=\"Sven Reinbold\" \/>\n<meta name=\"twitter:card\" content=\"summary_large_image\" \/>\n<meta name=\"twitter:label1\" content=\"Written by\" \/>\n\t<meta name=\"twitter:data1\" content=\"Sven Reinbold\" \/>\n\t<meta name=\"twitter:label2\" content=\"Est. reading time\" \/>\n\t<meta name=\"twitter:data2\" content=\"8\u00a0Minuten\" \/>\n<script type=\"application\/ld+json\" class=\"yoast-schema-graph\">{\"@context\":\"https:\\\/\\\/schema.org\",\"@graph\":[{\"@type\":\"Article\",\"@id\":\"https:\\\/\\\/www.weinfreunde.de\\\/magazin\\\/weinwissen\\\/zu-besuchen-deutsche-weingueter-zwischen-architektur-und-historie\\\/#article\",\"isPartOf\":{\"@id\":\"https:\\\/\\\/www.weinfreunde.de\\\/magazin\\\/weinwissen\\\/zu-besuchen-deutsche-weingueter-zwischen-architektur-und-historie\\\/\"},\"author\":{\"name\":\"Sven Reinbold\",\"@id\":\"https:\\\/\\\/www.weinfreunde.de\\\/magazin\\\/#\\\/schema\\\/person\\\/559ebf66114e1f3015099c8edb732aaa\"},\"headline\":\"Zu besuchen: deutsche Weing\u00fcter zwischen Architektur und Historie\",\"datePublished\":\"2022-07-08T14:31:23+00:00\",\"dateModified\":\"2024-10-29T15:03:28+00:00\",\"mainEntityOfPage\":{\"@id\":\"https:\\\/\\\/www.weinfreunde.de\\\/magazin\\\/weinwissen\\\/zu-besuchen-deutsche-weingueter-zwischen-architektur-und-historie\\\/\"},\"wordCount\":1317,\"publisher\":{\"@id\":\"https:\\\/\\\/www.weinfreunde.de\\\/magazin\\\/#organization\"},\"image\":{\"@id\":\"https:\\\/\\\/www.weinfreunde.de\\\/magazin\\\/weinwissen\\\/zu-besuchen-deutsche-weingueter-zwischen-architektur-und-historie\\\/#primaryimage\"},\"thumbnailUrl\":\"https:\\\/\\\/www.weinfreunde.de\\\/magazin\\\/wp-content\\\/uploads\\\/2022\\\/07\\\/magazin_header_schoenste-weingueter-national.png.webp\",\"articleSection\":[\"Deutschland\",\"Weinschule\"],\"inLanguage\":\"de\"},{\"@type\":\"WebPage\",\"@id\":\"https:\\\/\\\/www.weinfreunde.de\\\/magazin\\\/weinwissen\\\/zu-besuchen-deutsche-weingueter-zwischen-architektur-und-historie\\\/\",\"url\":\"https:\\\/\\\/www.weinfreunde.de\\\/magazin\\\/weinwissen\\\/zu-besuchen-deutsche-weingueter-zwischen-architektur-und-historie\\\/\",\"name\":\"Zu besuchen: deutsche Weing\u00fcter zwischen Architektur und Historie &#187; Weinfreunde Magazin\",\"isPartOf\":{\"@id\":\"https:\\\/\\\/www.weinfreunde.de\\\/magazin\\\/#website\"},\"primaryImageOfPage\":{\"@id\":\"https:\\\/\\\/www.weinfreunde.de\\\/magazin\\\/weinwissen\\\/zu-besuchen-deutsche-weingueter-zwischen-architektur-und-historie\\\/#primaryimage\"},\"image\":{\"@id\":\"https:\\\/\\\/www.weinfreunde.de\\\/magazin\\\/weinwissen\\\/zu-besuchen-deutsche-weingueter-zwischen-architektur-und-historie\\\/#primaryimage\"},\"thumbnailUrl\":\"https:\\\/\\\/www.weinfreunde.de\\\/magazin\\\/wp-content\\\/uploads\\\/2022\\\/07\\\/magazin_header_schoenste-weingueter-national.png.webp\",\"datePublished\":\"2022-07-08T14:31:23+00:00\",\"dateModified\":\"2024-10-29T15:03:28+00:00\",\"description\":\"Unsere Top 5 sch\u00f6nsten Weing\u00fcter in Deutschland f\u00fcr Tagesausfl\u00fcge oder Wochenend-Trips. Historie, moderne Architektur mitten im Weinberg und gute Weine.\",\"breadcrumb\":{\"@id\":\"https:\\\/\\\/www.weinfreunde.de\\\/magazin\\\/weinwissen\\\/zu-besuchen-deutsche-weingueter-zwischen-architektur-und-historie\\\/#breadcrumb\"},\"inLanguage\":\"de\",\"potentialAction\":[{\"@type\":\"ReadAction\",\"target\":[\"https:\\\/\\\/www.weinfreunde.de\\\/magazin\\\/weinwissen\\\/zu-besuchen-deutsche-weingueter-zwischen-architektur-und-historie\\\/\"]}]},{\"@type\":\"ImageObject\",\"inLanguage\":\"de\",\"@id\":\"https:\\\/\\\/www.weinfreunde.de\\\/magazin\\\/weinwissen\\\/zu-besuchen-deutsche-weingueter-zwischen-architektur-und-historie\\\/#primaryimage\",\"url\":\"https:\\\/\\\/www.weinfreunde.de\\\/magazin\\\/wp-content\\\/uploads\\\/2022\\\/07\\\/magazin_header_schoenste-weingueter-national.png.webp\",\"contentUrl\":\"https:\\\/\\\/www.weinfreunde.de\\\/magazin\\\/wp-content\\\/uploads\\\/2022\\\/07\\\/magazin_header_schoenste-weingueter-national.png.webp\",\"width\":2048,\"height\":400,\"caption\":\"Sch\u00f6nste Weing\u00fcter in Deutschland\"},{\"@type\":\"BreadcrumbList\",\"@id\":\"https:\\\/\\\/www.weinfreunde.de\\\/magazin\\\/weinwissen\\\/zu-besuchen-deutsche-weingueter-zwischen-architektur-und-historie\\\/#breadcrumb\",\"itemListElement\":[{\"@type\":\"ListItem\",\"position\":1,\"name\":\"Magazin\",\"item\":\"https:\\\/\\\/www.weinfreunde.de\\\/magazin\\\/\"},{\"@type\":\"ListItem\",\"position\":2,\"name\":\"Weinwissen\",\"item\":\"https:\\\/\\\/www.weinfreunde.de\\\/magazin\\\/weinwissen\\\/\"},{\"@type\":\"ListItem\",\"position\":3,\"name\":\"Weinschule\",\"item\":\"https:\\\/\\\/www.weinfreunde.de\\\/magazin\\\/weinwissen\\\/weinschule\\\/\"},{\"@type\":\"ListItem\",\"position\":4,\"name\":\"Zu besuchen: deutsche Weing\u00fcter zwischen Architektur und Historie\"}]},{\"@type\":\"WebSite\",\"@id\":\"https:\\\/\\\/www.weinfreunde.de\\\/magazin\\\/#website\",\"url\":\"https:\\\/\\\/www.weinfreunde.de\\\/magazin\\\/\",\"name\":\"Weinfreunde Magazin\",\"description\":\"Dein Weinfreunde Magazin\",\"publisher\":{\"@id\":\"https:\\\/\\\/www.weinfreunde.de\\\/magazin\\\/#organization\"},\"potentialAction\":[{\"@type\":\"SearchAction\",\"target\":{\"@type\":\"EntryPoint\",\"urlTemplate\":\"https:\\\/\\\/www.weinfreunde.de\\\/magazin\\\/?s={search_term_string}\"},\"query-input\":{\"@type\":\"PropertyValueSpecification\",\"valueRequired\":true,\"valueName\":\"search_term_string\"}}],\"inLanguage\":\"de\"},{\"@type\":\"Organization\",\"@id\":\"https:\\\/\\\/www.weinfreunde.de\\\/magazin\\\/#organization\",\"name\":\"REWE Wein online GmbH | Weinfreunde\",\"url\":\"https:\\\/\\\/www.weinfreunde.de\\\/magazin\\\/\",\"logo\":{\"@type\":\"ImageObject\",\"inLanguage\":\"de\",\"@id\":\"https:\\\/\\\/www.weinfreunde.de\\\/magazin\\\/#\\\/schema\\\/logo\\\/image\\\/\",\"url\":\"https:\\\/\\\/www.weinfreunde.de\\\/magazin\\\/wp-content\\\/uploads\\\/2019\\\/08\\\/WF_Logo_Vertikal_Claim_Schwarz-scaled.jpg.webp\",\"contentUrl\":\"https:\\\/\\\/www.weinfreunde.de\\\/magazin\\\/wp-content\\\/uploads\\\/2019\\\/08\\\/WF_Logo_Vertikal_Claim_Schwarz-scaled.jpg.webp\",\"width\":2048,\"height\":1241,\"caption\":\"REWE Wein online GmbH | Weinfreunde\"},\"image\":{\"@id\":\"https:\\\/\\\/www.weinfreunde.de\\\/magazin\\\/#\\\/schema\\\/logo\\\/image\\\/\"},\"sameAs\":[\"https:\\\/\\\/www.facebook.com\\\/weinfreunde.de\"]},{\"@type\":\"Person\",\"@id\":\"https:\\\/\\\/www.weinfreunde.de\\\/magazin\\\/#\\\/schema\\\/person\\\/559ebf66114e1f3015099c8edb732aaa\",\"name\":\"Sven Reinbold\",\"image\":{\"@type\":\"ImageObject\",\"inLanguage\":\"de\",\"@id\":\"https:\\\/\\\/secure.gravatar.com\\\/avatar\\\/442a281fe8a3265d34c1f3076a16936b837aeea8e50d42d2b246ca51142bd634?s=96&d=mm&r=g\",\"url\":\"https:\\\/\\\/secure.gravatar.com\\\/avatar\\\/442a281fe8a3265d34c1f3076a16936b837aeea8e50d42d2b246ca51142bd634?s=96&d=mm&r=g\",\"contentUrl\":\"https:\\\/\\\/secure.gravatar.com\\\/avatar\\\/442a281fe8a3265d34c1f3076a16936b837aeea8e50d42d2b246ca51142bd634?s=96&d=mm&r=g\",\"caption\":\"Sven Reinbold\"},\"description\":\"Bei Sven geh\u00f6rt Wein zur DNA. Unser Chef-Eink\u00e4ufer stammt aus einer Winzerfamilie vom Kaiserstuhl und hat Weinbetriebswirtschaft studiert: von Herkunft und Profession ein ganzer Weinversteher. Pers\u00f6nlich schw\u00e4rmt er f\u00fcr Wei\u00dfweine aus Italien, seine rote Liebe gilt jedoch der Rh\u00f4ne und dem Burgund.\",\"sameAs\":[\"https:\\\/\\\/www.weinfreunde.de\"],\"url\":\"https:\\\/\\\/www.weinfreunde.de\\\/magazin\\\/author\\\/sreinbold\\\/\"}]}<\/script>\n<!-- \/ Yoast SEO plugin. -->","yoast_head_json":{"title":"Zu besuchen: deutsche Weing\u00fcter zwischen Architektur und Historie &#187; Weinfreunde Magazin","description":"Unsere Top 5 sch\u00f6nsten Weing\u00fcter in Deutschland f\u00fcr Tagesausfl\u00fcge oder Wochenend-Trips. Historie, moderne Architektur mitten im Weinberg und gute Weine.","robots":{"index":"index","follow":"follow","max-snippet":"max-snippet:-1","max-image-preview":"max-image-preview:large","max-video-preview":"max-video-preview:-1"},"canonical":"https:\/\/www.weinfreunde.de\/magazin\/weinwissen\/zu-besuchen-deutsche-weingueter-zwischen-architektur-und-historie\/","og_locale":"de_DE","og_type":"article","og_title":"Zu besuchen: deutsche Weing\u00fcter zwischen Architektur und Historie &#187; Weinfreunde Magazin","og_description":"Unsere Top 5 sch\u00f6nsten Weing\u00fcter in Deutschland f\u00fcr Tagesausfl\u00fcge oder Wochenend-Trips. Historie, moderne Architektur mitten im Weinberg und gute Weine.","og_url":"https:\/\/www.weinfreunde.de\/magazin\/weinwissen\/zu-besuchen-deutsche-weingueter-zwischen-architektur-und-historie\/","og_site_name":"Weinfreunde Magazin","article_publisher":"https:\/\/www.facebook.com\/weinfreunde.de","article_published_time":"2022-07-08T14:31:23+00:00","article_modified_time":"2024-10-29T15:03:28+00:00","og_image":[{"width":2048,"height":400,"url":"https:\/\/www.weinfreunde.de\/magazin\/wp-content\/uploads\/2022\/07\/magazin_header_schoenste-weingueter-national.png.webp","type":"image\/png"}],"author":"Sven Reinbold","twitter_card":"summary_large_image","twitter_misc":{"Written by":"Sven Reinbold","Est. reading time":"8\u00a0Minuten"},"schema":{"@context":"https:\/\/schema.org","@graph":[{"@type":"Article","@id":"https:\/\/www.weinfreunde.de\/magazin\/weinwissen\/zu-besuchen-deutsche-weingueter-zwischen-architektur-und-historie\/#article","isPartOf":{"@id":"https:\/\/www.weinfreunde.de\/magazin\/weinwissen\/zu-besuchen-deutsche-weingueter-zwischen-architektur-und-historie\/"},"author":{"name":"Sven Reinbold","@id":"https:\/\/www.weinfreunde.de\/magazin\/#\/schema\/person\/559ebf66114e1f3015099c8edb732aaa"},"headline":"Zu besuchen: deutsche Weing\u00fcter zwischen Architektur und Historie","datePublished":"2022-07-08T14:31:23+00:00","dateModified":"2024-10-29T15:03:28+00:00","mainEntityOfPage":{"@id":"https:\/\/www.weinfreunde.de\/magazin\/weinwissen\/zu-besuchen-deutsche-weingueter-zwischen-architektur-und-historie\/"},"wordCount":1317,"publisher":{"@id":"https:\/\/www.weinfreunde.de\/magazin\/#organization"},"image":{"@id":"https:\/\/www.weinfreunde.de\/magazin\/weinwissen\/zu-besuchen-deutsche-weingueter-zwischen-architektur-und-historie\/#primaryimage"},"thumbnailUrl":"https:\/\/www.weinfreunde.de\/magazin\/wp-content\/uploads\/2022\/07\/magazin_header_schoenste-weingueter-national.png.webp","articleSection":["Deutschland","Weinschule"],"inLanguage":"de"},{"@type":"WebPage","@id":"https:\/\/www.weinfreunde.de\/magazin\/weinwissen\/zu-besuchen-deutsche-weingueter-zwischen-architektur-und-historie\/","url":"https:\/\/www.weinfreunde.de\/magazin\/weinwissen\/zu-besuchen-deutsche-weingueter-zwischen-architektur-und-historie\/","name":"Zu besuchen: deutsche Weing\u00fcter zwischen Architektur und Historie &#187; Weinfreunde Magazin","isPartOf":{"@id":"https:\/\/www.weinfreunde.de\/magazin\/#website"},"primaryImageOfPage":{"@id":"https:\/\/www.weinfreunde.de\/magazin\/weinwissen\/zu-besuchen-deutsche-weingueter-zwischen-architektur-und-historie\/#primaryimage"},"image":{"@id":"https:\/\/www.weinfreunde.de\/magazin\/weinwissen\/zu-besuchen-deutsche-weingueter-zwischen-architektur-und-historie\/#primaryimage"},"thumbnailUrl":"https:\/\/www.weinfreunde.de\/magazin\/wp-content\/uploads\/2022\/07\/magazin_header_schoenste-weingueter-national.png.webp","datePublished":"2022-07-08T14:31:23+00:00","dateModified":"2024-10-29T15:03:28+00:00","description":"Unsere Top 5 sch\u00f6nsten Weing\u00fcter in Deutschland f\u00fcr Tagesausfl\u00fcge oder Wochenend-Trips. Historie, moderne Architektur mitten im Weinberg und gute Weine.","breadcrumb":{"@id":"https:\/\/www.weinfreunde.de\/magazin\/weinwissen\/zu-besuchen-deutsche-weingueter-zwischen-architektur-und-historie\/#breadcrumb"},"inLanguage":"de","potentialAction":[{"@type":"ReadAction","target":["https:\/\/www.weinfreunde.de\/magazin\/weinwissen\/zu-besuchen-deutsche-weingueter-zwischen-architektur-und-historie\/"]}]},{"@type":"ImageObject","inLanguage":"de","@id":"https:\/\/www.weinfreunde.de\/magazin\/weinwissen\/zu-besuchen-deutsche-weingueter-zwischen-architektur-und-historie\/#primaryimage","url":"https:\/\/www.weinfreunde.de\/magazin\/wp-content\/uploads\/2022\/07\/magazin_header_schoenste-weingueter-national.png.webp","contentUrl":"https:\/\/www.weinfreunde.de\/magazin\/wp-content\/uploads\/2022\/07\/magazin_header_schoenste-weingueter-national.png.webp","width":2048,"height":400,"caption":"Sch\u00f6nste Weing\u00fcter in Deutschland"},{"@type":"BreadcrumbList","@id":"https:\/\/www.weinfreunde.de\/magazin\/weinwissen\/zu-besuchen-deutsche-weingueter-zwischen-architektur-und-historie\/#breadcrumb","itemListElement":[{"@type":"ListItem","position":1,"name":"Magazin","item":"https:\/\/www.weinfreunde.de\/magazin\/"},{"@type":"ListItem","position":2,"name":"Weinwissen","item":"https:\/\/www.weinfreunde.de\/magazin\/weinwissen\/"},{"@type":"ListItem","position":3,"name":"Weinschule","item":"https:\/\/www.weinfreunde.de\/magazin\/weinwissen\/weinschule\/"},{"@type":"ListItem","position":4,"name":"Zu besuchen: deutsche Weing\u00fcter zwischen Architektur und Historie"}]},{"@type":"WebSite","@id":"https:\/\/www.weinfreunde.de\/magazin\/#website","url":"https:\/\/www.weinfreunde.de\/magazin\/","name":"Weinfreunde Magazin","description":"Dein Weinfreunde Magazin","publisher":{"@id":"https:\/\/www.weinfreunde.de\/magazin\/#organization"},"potentialAction":[{"@type":"SearchAction","target":{"@type":"EntryPoint","urlTemplate":"https:\/\/www.weinfreunde.de\/magazin\/?s={search_term_string}"},"query-input":{"@type":"PropertyValueSpecification","valueRequired":true,"valueName":"search_term_string"}}],"inLanguage":"de"},{"@type":"Organization","@id":"https:\/\/www.weinfreunde.de\/magazin\/#organization","name":"REWE Wein online GmbH | Weinfreunde","url":"https:\/\/www.weinfreunde.de\/magazin\/","logo":{"@type":"ImageObject","inLanguage":"de","@id":"https:\/\/www.weinfreunde.de\/magazin\/#\/schema\/logo\/image\/","url":"https:\/\/www.weinfreunde.de\/magazin\/wp-content\/uploads\/2019\/08\/WF_Logo_Vertikal_Claim_Schwarz-scaled.jpg.webp","contentUrl":"https:\/\/www.weinfreunde.de\/magazin\/wp-content\/uploads\/2019\/08\/WF_Logo_Vertikal_Claim_Schwarz-scaled.jpg.webp","width":2048,"height":1241,"caption":"REWE Wein online GmbH | Weinfreunde"},"image":{"@id":"https:\/\/www.weinfreunde.de\/magazin\/#\/schema\/logo\/image\/"},"sameAs":["https:\/\/www.facebook.com\/weinfreunde.de"]},{"@type":"Person","@id":"https:\/\/www.weinfreunde.de\/magazin\/#\/schema\/person\/559ebf66114e1f3015099c8edb732aaa","name":"Sven Reinbold","image":{"@type":"ImageObject","inLanguage":"de","@id":"https:\/\/secure.gravatar.com\/avatar\/442a281fe8a3265d34c1f3076a16936b837aeea8e50d42d2b246ca51142bd634?s=96&d=mm&r=g","url":"https:\/\/secure.gravatar.com\/avatar\/442a281fe8a3265d34c1f3076a16936b837aeea8e50d42d2b246ca51142bd634?s=96&d=mm&r=g","contentUrl":"https:\/\/secure.gravatar.com\/avatar\/442a281fe8a3265d34c1f3076a16936b837aeea8e50d42d2b246ca51142bd634?s=96&d=mm&r=g","caption":"Sven Reinbold"},"description":"Bei Sven geh\u00f6rt Wein zur DNA. Unser Chef-Eink\u00e4ufer stammt aus einer Winzerfamilie vom Kaiserstuhl und hat Weinbetriebswirtschaft studiert: von Herkunft und Profession ein ganzer Weinversteher. Pers\u00f6nlich schw\u00e4rmt er f\u00fcr Wei\u00dfweine aus Italien, seine rote Liebe gilt jedoch der Rh\u00f4ne und dem Burgund.","sameAs":["https:\/\/www.weinfreunde.de"],"url":"https:\/\/www.weinfreunde.de\/magazin\/author\/sreinbold\/"}]}},"_links":{"self":[{"href":"https:\/\/www.weinfreunde.de\/magazin\/wp-json\/wp\/v2\/posts\/5795","targetHints":{"allow":["GET"]}}],"collection":[{"href":"https:\/\/www.weinfreunde.de\/magazin\/wp-json\/wp\/v2\/posts"}],"about":[{"href":"https:\/\/www.weinfreunde.de\/magazin\/wp-json\/wp\/v2\/types\/post"}],"author":[{"embeddable":true,"href":"https:\/\/www.weinfreunde.de\/magazin\/wp-json\/wp\/v2\/users\/51"}],"replies":[{"embeddable":true,"href":"https:\/\/www.weinfreunde.de\/magazin\/wp-json\/wp\/v2\/comments?post=5795"}],"version-history":[{"count":4,"href":"https:\/\/www.weinfreunde.de\/magazin\/wp-json\/wp\/v2\/posts\/5795\/revisions"}],"predecessor-version":[{"id":11725,"href":"https:\/\/www.weinfreunde.de\/magazin\/wp-json\/wp\/v2\/posts\/5795\/revisions\/11725"}],"wp:featuredmedia":[{"embeddable":true,"href":"https:\/\/www.weinfreunde.de\/magazin\/wp-json\/wp\/v2\/media\/5797"}],"wp:attachment":[{"href":"https:\/\/www.weinfreunde.de\/magazin\/wp-json\/wp\/v2\/media?parent=5795"}],"wp:term":[{"taxonomy":"category","embeddable":true,"href":"https:\/\/www.weinfreunde.de\/magazin\/wp-json\/wp\/v2\/categories?post=5795"},{"taxonomy":"post_tag","embeddable":true,"href":"https:\/\/www.weinfreunde.de\/magazin\/wp-json\/wp\/v2\/tags?post=5795"}],"curies":[{"name":"wp","href":"https:\/\/api.w.org\/{rel}","templated":true}]}}