{"id":5425,"date":"2021-07-23T15:50:55","date_gmt":"2021-07-23T13:50:55","guid":{"rendered":"https:\/\/www.weinfreunde.de\/magazin\/?post_type=cp_frag_weinfreunde&#038;p=5425"},"modified":"2024-10-30T15:50:18","modified_gmt":"2024-10-30T14:50:18","slug":"wodurch-entsteht-weinstein","status":"publish","type":"post","link":"https:\/\/www.weinfreunde.de\/magazin\/frag-die-weinfreunde\/wodurch-entsteht-weinstein\/","title":{"rendered":"Wodurch entsteht Weinstein?"},"content":{"rendered":"<p><strong>Wein enth\u00e4lt von Natur aus Mineralstoffe wie Kalzium oder Kalium. In gel\u00f6ster Form spielen sie beim Weingenuss keine Rolle, doch k\u00f6nnen gewisse Umst\u00e4nde \u2013 vor allem niedrige Temperaturen \u2013 daf\u00fcr sorgen, dass sich die Mineralien mit Weins\u00e4ure verbinden und zu Kristallen ausf\u00e4llen &#8211; dem Weinstein.<\/strong><\/p>\n<p>Den letzten Rest eines Wei\u00dfweins sch\u00fcttete sich Sarah W. aus Aachen ein, um sich dann \u00fcber kleine, wei\u00dfe Kristalle zu wundern, die sich am Glasboden sammelten. \u201eIst das Weinstein und kann man den Wein noch trinken?\u201c, lautete die Frage, die sie an unsere Frag die Weinfreunde Redaktion sendete.<\/p>\n<p>Zun\u00e4chst: Ja, Sarah hatte es mit Weinstein zu tun. Dabei handelt es sich um Kristalle, die aus Weins\u00e4ure und Kalzium oder Kalium bestehen. Inhaltsstoffe, die in gel\u00f6ster Form von Anfang im Wein enthalten sind. Dass sich die Mineralstoffe mit der Weins\u00e4ure verbinden wird von verschiedenen Faktoren beeinflusst, doch spielen niedrige Temperaturen bei der Weinherstellung eine zentrale Rolle.<\/p>\n<p>Durch Filtrierung und Stabilisierung kann Weinstein vor der Flaschenabf\u00fcllung aber ganz einfach entfernt werden. Dass er sich trotzdem in manchen Weinflaschen findet, liegt meistens an einer zu <a href=\"\/magazin\/weinwissen\/korrekte-weinlagerung-einfacher-als-gedacht\/\">k\u00fchlen Lagerung<\/a> oder zu tiefen Temperaturen w\u00e4hrend des Transportwegs. L\u00e4ngere Zeit bei Temperaturen unter dem Gefrierpunkt ist geradezu ein Weinstein-Garant.<\/p>\n<p>Weinstein-Kristalle erinnern an kleine Glassplitter, sind bei <a href=\"\/rotwein\/\">Rotwein<\/a> r\u00f6tlich bis braun und bei Wei\u00dfweinen wei\u00dflich bis graugelb. Weinstein werden auch als Weinsterne oder Weindiamanten bezeichnet.<\/p>\n<p>Da Weinstein in Wasser schwer l\u00f6slich ist, setzt er sich am Flaschenboden ab, aber auch an der Unterseite des Korkens findet er sich. Gesundheitlich ist er v\u00f6llig unbedenklich, doch ist sein sandartiges Mundgef\u00fchl f\u00fcr viele Weinfreunde unangenehm.<\/p>\n<p>\u00dcbrigens: Im Mittelalter wurde aus Weinstein \u00d6l produziert, das als Heilmittel eingesetzt wurde.<\/p>\n","protected":false},"excerpt":{"rendered":"<p>Wein enth\u00e4lt von Natur aus Mineralstoffe wie Kalzium oder Kalium. In gel\u00f6ster Form spielen sie beim Weingenuss keine Rolle, doch k\u00f6nnen gewisse Umst\u00e4nde \u2013 vor allem niedrige Temperaturen \u2013 daf\u00fcr sorgen, dass sich die Mineralien mit Weins\u00e4ure verbinden und zu&#8230; <a class=\"moretag\" href=\"https:\/\/www.weinfreunde.de\/magazin\/frag-die-weinfreunde\/wodurch-entsteht-weinstein\/\">weiterlesen<\/a><\/p>\n","protected":false},"author":51,"featured_media":5426,"comment_status":"closed","ping_status":"closed","sticky":false,"template":"","format":"standard","meta":{"footnotes":""},"categories":[47,57],"tags":[],"class_list":["post-5425","post","type-post","status-publish","format-standard","has-post-thumbnail","hentry","category-frag-die-weinfreunde","category-rund-um-wein"],"yoast_head":"<!-- This site is optimized with the Yoast SEO plugin v27.5 - https:\/\/yoast.com\/product\/yoast-seo-wordpress\/ -->\n<title>Wodurch entsteht Weinstein? &#187; Weinfreunde Magazin<\/title>\n<meta name=\"description\" content=\"Viele haben schon einmal von Weinstein geh\u00f6rt. Doch wie entsteht er und hat Weinstein einen negativen Einfluss auf den Wein? Wir geben Antworten.\" \/>\n<meta name=\"robots\" content=\"index, follow, max-snippet:-1, max-image-preview:large, max-video-preview:-1\" \/>\n<link rel=\"canonical\" href=\"https:\/\/www.weinfreunde.de\/magazin\/frag-die-weinfreunde\/wodurch-entsteht-weinstein\/\" \/>\n<meta property=\"og:locale\" content=\"de_DE\" \/>\n<meta property=\"og:type\" content=\"article\" \/>\n<meta property=\"og:title\" content=\"Wodurch entsteht Weinstein? &#187; Weinfreunde Magazin\" \/>\n<meta property=\"og:description\" content=\"Viele haben schon einmal von Weinstein geh\u00f6rt. Doch wie entsteht er und hat Weinstein einen negativen Einfluss auf den Wein? Wir geben Antworten.\" \/>\n<meta property=\"og:url\" content=\"https:\/\/www.weinfreunde.de\/magazin\/frag-die-weinfreunde\/wodurch-entsteht-weinstein\/\" \/>\n<meta property=\"og:site_name\" content=\"Weinfreunde Magazin\" \/>\n<meta property=\"article:publisher\" content=\"https:\/\/www.facebook.com\/weinfreunde.de\" \/>\n<meta property=\"article:published_time\" content=\"2021-07-23T13:50:55+00:00\" \/>\n<meta property=\"article:modified_time\" content=\"2024-10-30T14:50:18+00:00\" \/>\n<meta property=\"og:image\" content=\"https:\/\/www.weinfreunde.de\/magazin\/wp-content\/uploads\/2021\/07\/shutterstock_345336629_LZ-1-scaled.jpg.webp\" \/>\n\t<meta property=\"og:image:width\" content=\"2048\" \/>\n\t<meta property=\"og:image:height\" content=\"400\" \/>\n\t<meta property=\"og:image:type\" content=\"image\/jpeg\" \/>\n<meta name=\"author\" content=\"Sven Reinbold\" \/>\n<meta name=\"twitter:card\" content=\"summary_large_image\" \/>\n<meta name=\"twitter:label1\" content=\"Written by\" \/>\n\t<meta name=\"twitter:data1\" content=\"Sven Reinbold\" \/>\n\t<meta name=\"twitter:label2\" content=\"Est. reading time\" \/>\n\t<meta name=\"twitter:data2\" content=\"2\u00a0Minuten\" \/>\n<script type=\"application\/ld+json\" class=\"yoast-schema-graph\">{\"@context\":\"https:\\\/\\\/schema.org\",\"@graph\":[{\"@type\":\"Article\",\"@id\":\"https:\\\/\\\/www.weinfreunde.de\\\/magazin\\\/frag-die-weinfreunde\\\/wodurch-entsteht-weinstein\\\/#article\",\"isPartOf\":{\"@id\":\"https:\\\/\\\/www.weinfreunde.de\\\/magazin\\\/frag-die-weinfreunde\\\/wodurch-entsteht-weinstein\\\/\"},\"author\":{\"name\":\"Sven Reinbold\",\"@id\":\"https:\\\/\\\/www.weinfreunde.de\\\/magazin\\\/#\\\/schema\\\/person\\\/559ebf66114e1f3015099c8edb732aaa\"},\"headline\":\"Wodurch entsteht Weinstein?\",\"datePublished\":\"2021-07-23T13:50:55+00:00\",\"dateModified\":\"2024-10-30T14:50:18+00:00\",\"mainEntityOfPage\":{\"@id\":\"https:\\\/\\\/www.weinfreunde.de\\\/magazin\\\/frag-die-weinfreunde\\\/wodurch-entsteht-weinstein\\\/\"},\"wordCount\":298,\"publisher\":{\"@id\":\"https:\\\/\\\/www.weinfreunde.de\\\/magazin\\\/#organization\"},\"image\":{\"@id\":\"https:\\\/\\\/www.weinfreunde.de\\\/magazin\\\/frag-die-weinfreunde\\\/wodurch-entsteht-weinstein\\\/#primaryimage\"},\"thumbnailUrl\":\"https:\\\/\\\/www.weinfreunde.de\\\/magazin\\\/wp-content\\\/uploads\\\/2021\\\/07\\\/shutterstock_345336629_LZ-1-scaled.jpg.webp\",\"articleSection\":[\"Frag Die Weinfreunde\",\"Rund um Wein\"],\"inLanguage\":\"de\"},{\"@type\":\"WebPage\",\"@id\":\"https:\\\/\\\/www.weinfreunde.de\\\/magazin\\\/frag-die-weinfreunde\\\/wodurch-entsteht-weinstein\\\/\",\"url\":\"https:\\\/\\\/www.weinfreunde.de\\\/magazin\\\/frag-die-weinfreunde\\\/wodurch-entsteht-weinstein\\\/\",\"name\":\"Wodurch entsteht Weinstein? &#187; Weinfreunde Magazin\",\"isPartOf\":{\"@id\":\"https:\\\/\\\/www.weinfreunde.de\\\/magazin\\\/#website\"},\"primaryImageOfPage\":{\"@id\":\"https:\\\/\\\/www.weinfreunde.de\\\/magazin\\\/frag-die-weinfreunde\\\/wodurch-entsteht-weinstein\\\/#primaryimage\"},\"image\":{\"@id\":\"https:\\\/\\\/www.weinfreunde.de\\\/magazin\\\/frag-die-weinfreunde\\\/wodurch-entsteht-weinstein\\\/#primaryimage\"},\"thumbnailUrl\":\"https:\\\/\\\/www.weinfreunde.de\\\/magazin\\\/wp-content\\\/uploads\\\/2021\\\/07\\\/shutterstock_345336629_LZ-1-scaled.jpg.webp\",\"datePublished\":\"2021-07-23T13:50:55+00:00\",\"dateModified\":\"2024-10-30T14:50:18+00:00\",\"description\":\"Viele haben schon einmal von Weinstein geh\u00f6rt. Doch wie entsteht er und hat Weinstein einen negativen Einfluss auf den Wein? Wir geben Antworten.\",\"breadcrumb\":{\"@id\":\"https:\\\/\\\/www.weinfreunde.de\\\/magazin\\\/frag-die-weinfreunde\\\/wodurch-entsteht-weinstein\\\/#breadcrumb\"},\"inLanguage\":\"de\",\"potentialAction\":[{\"@type\":\"ReadAction\",\"target\":[\"https:\\\/\\\/www.weinfreunde.de\\\/magazin\\\/frag-die-weinfreunde\\\/wodurch-entsteht-weinstein\\\/\"]}]},{\"@type\":\"ImageObject\",\"inLanguage\":\"de\",\"@id\":\"https:\\\/\\\/www.weinfreunde.de\\\/magazin\\\/frag-die-weinfreunde\\\/wodurch-entsteht-weinstein\\\/#primaryimage\",\"url\":\"https:\\\/\\\/www.weinfreunde.de\\\/magazin\\\/wp-content\\\/uploads\\\/2021\\\/07\\\/shutterstock_345336629_LZ-1-scaled.jpg.webp\",\"contentUrl\":\"https:\\\/\\\/www.weinfreunde.de\\\/magazin\\\/wp-content\\\/uploads\\\/2021\\\/07\\\/shutterstock_345336629_LZ-1-scaled.jpg.webp\",\"width\":2048,\"height\":400,\"caption\":\"Weinflaschen\"},{\"@type\":\"BreadcrumbList\",\"@id\":\"https:\\\/\\\/www.weinfreunde.de\\\/magazin\\\/frag-die-weinfreunde\\\/wodurch-entsteht-weinstein\\\/#breadcrumb\",\"itemListElement\":[{\"@type\":\"ListItem\",\"position\":1,\"name\":\"Magazin\",\"item\":\"https:\\\/\\\/www.weinfreunde.de\\\/magazin\\\/\"},{\"@type\":\"ListItem\",\"position\":2,\"name\":\"Frag Die Weinfreunde\",\"item\":\"https:\\\/\\\/www.weinfreunde.de\\\/magazin\\\/frag-die-weinfreunde\\\/\"},{\"@type\":\"ListItem\",\"position\":3,\"name\":\"Wodurch entsteht Weinstein?\"}]},{\"@type\":\"WebSite\",\"@id\":\"https:\\\/\\\/www.weinfreunde.de\\\/magazin\\\/#website\",\"url\":\"https:\\\/\\\/www.weinfreunde.de\\\/magazin\\\/\",\"name\":\"Weinfreunde Magazin\",\"description\":\"Dein Weinfreunde Magazin\",\"publisher\":{\"@id\":\"https:\\\/\\\/www.weinfreunde.de\\\/magazin\\\/#organization\"},\"potentialAction\":[{\"@type\":\"SearchAction\",\"target\":{\"@type\":\"EntryPoint\",\"urlTemplate\":\"https:\\\/\\\/www.weinfreunde.de\\\/magazin\\\/?s={search_term_string}\"},\"query-input\":{\"@type\":\"PropertyValueSpecification\",\"valueRequired\":true,\"valueName\":\"search_term_string\"}}],\"inLanguage\":\"de\"},{\"@type\":\"Organization\",\"@id\":\"https:\\\/\\\/www.weinfreunde.de\\\/magazin\\\/#organization\",\"name\":\"REWE Wein online GmbH | Weinfreunde\",\"url\":\"https:\\\/\\\/www.weinfreunde.de\\\/magazin\\\/\",\"logo\":{\"@type\":\"ImageObject\",\"inLanguage\":\"de\",\"@id\":\"https:\\\/\\\/www.weinfreunde.de\\\/magazin\\\/#\\\/schema\\\/logo\\\/image\\\/\",\"url\":\"https:\\\/\\\/www.weinfreunde.de\\\/magazin\\\/wp-content\\\/uploads\\\/2019\\\/08\\\/WF_Logo_Vertikal_Claim_Schwarz-scaled.jpg.webp\",\"contentUrl\":\"https:\\\/\\\/www.weinfreunde.de\\\/magazin\\\/wp-content\\\/uploads\\\/2019\\\/08\\\/WF_Logo_Vertikal_Claim_Schwarz-scaled.jpg.webp\",\"width\":2048,\"height\":1241,\"caption\":\"REWE Wein online GmbH | Weinfreunde\"},\"image\":{\"@id\":\"https:\\\/\\\/www.weinfreunde.de\\\/magazin\\\/#\\\/schema\\\/logo\\\/image\\\/\"},\"sameAs\":[\"https:\\\/\\\/www.facebook.com\\\/weinfreunde.de\"]},{\"@type\":\"Person\",\"@id\":\"https:\\\/\\\/www.weinfreunde.de\\\/magazin\\\/#\\\/schema\\\/person\\\/559ebf66114e1f3015099c8edb732aaa\",\"name\":\"Sven Reinbold\",\"image\":{\"@type\":\"ImageObject\",\"inLanguage\":\"de\",\"@id\":\"https:\\\/\\\/secure.gravatar.com\\\/avatar\\\/442a281fe8a3265d34c1f3076a16936b837aeea8e50d42d2b246ca51142bd634?s=96&d=mm&r=g\",\"url\":\"https:\\\/\\\/secure.gravatar.com\\\/avatar\\\/442a281fe8a3265d34c1f3076a16936b837aeea8e50d42d2b246ca51142bd634?s=96&d=mm&r=g\",\"contentUrl\":\"https:\\\/\\\/secure.gravatar.com\\\/avatar\\\/442a281fe8a3265d34c1f3076a16936b837aeea8e50d42d2b246ca51142bd634?s=96&d=mm&r=g\",\"caption\":\"Sven Reinbold\"},\"description\":\"Bei Sven geh\u00f6rt Wein zur DNA. Unser Chef-Eink\u00e4ufer stammt aus einer Winzerfamilie vom Kaiserstuhl und hat Weinbetriebswirtschaft studiert: von Herkunft und Profession ein ganzer Weinversteher. Pers\u00f6nlich schw\u00e4rmt er f\u00fcr Wei\u00dfweine aus Italien, seine rote Liebe gilt jedoch der Rh\u00f4ne und dem Burgund.\",\"sameAs\":[\"https:\\\/\\\/www.weinfreunde.de\"],\"url\":\"https:\\\/\\\/www.weinfreunde.de\\\/magazin\\\/author\\\/sreinbold\\\/\"}]}<\/script>\n<!-- \/ Yoast SEO plugin. -->","yoast_head_json":{"title":"Wodurch entsteht Weinstein? &#187; Weinfreunde Magazin","description":"Viele haben schon einmal von Weinstein geh\u00f6rt. Doch wie entsteht er und hat Weinstein einen negativen Einfluss auf den Wein? Wir geben Antworten.","robots":{"index":"index","follow":"follow","max-snippet":"max-snippet:-1","max-image-preview":"max-image-preview:large","max-video-preview":"max-video-preview:-1"},"canonical":"https:\/\/www.weinfreunde.de\/magazin\/frag-die-weinfreunde\/wodurch-entsteht-weinstein\/","og_locale":"de_DE","og_type":"article","og_title":"Wodurch entsteht Weinstein? &#187; Weinfreunde Magazin","og_description":"Viele haben schon einmal von Weinstein geh\u00f6rt. Doch wie entsteht er und hat Weinstein einen negativen Einfluss auf den Wein? Wir geben Antworten.","og_url":"https:\/\/www.weinfreunde.de\/magazin\/frag-die-weinfreunde\/wodurch-entsteht-weinstein\/","og_site_name":"Weinfreunde Magazin","article_publisher":"https:\/\/www.facebook.com\/weinfreunde.de","article_published_time":"2021-07-23T13:50:55+00:00","article_modified_time":"2024-10-30T14:50:18+00:00","og_image":[{"width":2048,"height":400,"url":"https:\/\/www.weinfreunde.de\/magazin\/wp-content\/uploads\/2021\/07\/shutterstock_345336629_LZ-1-scaled.jpg.webp","type":"image\/jpeg"}],"author":"Sven Reinbold","twitter_card":"summary_large_image","twitter_misc":{"Written by":"Sven Reinbold","Est. reading time":"2\u00a0Minuten"},"schema":{"@context":"https:\/\/schema.org","@graph":[{"@type":"Article","@id":"https:\/\/www.weinfreunde.de\/magazin\/frag-die-weinfreunde\/wodurch-entsteht-weinstein\/#article","isPartOf":{"@id":"https:\/\/www.weinfreunde.de\/magazin\/frag-die-weinfreunde\/wodurch-entsteht-weinstein\/"},"author":{"name":"Sven Reinbold","@id":"https:\/\/www.weinfreunde.de\/magazin\/#\/schema\/person\/559ebf66114e1f3015099c8edb732aaa"},"headline":"Wodurch entsteht Weinstein?","datePublished":"2021-07-23T13:50:55+00:00","dateModified":"2024-10-30T14:50:18+00:00","mainEntityOfPage":{"@id":"https:\/\/www.weinfreunde.de\/magazin\/frag-die-weinfreunde\/wodurch-entsteht-weinstein\/"},"wordCount":298,"publisher":{"@id":"https:\/\/www.weinfreunde.de\/magazin\/#organization"},"image":{"@id":"https:\/\/www.weinfreunde.de\/magazin\/frag-die-weinfreunde\/wodurch-entsteht-weinstein\/#primaryimage"},"thumbnailUrl":"https:\/\/www.weinfreunde.de\/magazin\/wp-content\/uploads\/2021\/07\/shutterstock_345336629_LZ-1-scaled.jpg.webp","articleSection":["Frag Die Weinfreunde","Rund um Wein"],"inLanguage":"de"},{"@type":"WebPage","@id":"https:\/\/www.weinfreunde.de\/magazin\/frag-die-weinfreunde\/wodurch-entsteht-weinstein\/","url":"https:\/\/www.weinfreunde.de\/magazin\/frag-die-weinfreunde\/wodurch-entsteht-weinstein\/","name":"Wodurch entsteht Weinstein? &#187; Weinfreunde Magazin","isPartOf":{"@id":"https:\/\/www.weinfreunde.de\/magazin\/#website"},"primaryImageOfPage":{"@id":"https:\/\/www.weinfreunde.de\/magazin\/frag-die-weinfreunde\/wodurch-entsteht-weinstein\/#primaryimage"},"image":{"@id":"https:\/\/www.weinfreunde.de\/magazin\/frag-die-weinfreunde\/wodurch-entsteht-weinstein\/#primaryimage"},"thumbnailUrl":"https:\/\/www.weinfreunde.de\/magazin\/wp-content\/uploads\/2021\/07\/shutterstock_345336629_LZ-1-scaled.jpg.webp","datePublished":"2021-07-23T13:50:55+00:00","dateModified":"2024-10-30T14:50:18+00:00","description":"Viele haben schon einmal von Weinstein geh\u00f6rt. Doch wie entsteht er und hat Weinstein einen negativen Einfluss auf den Wein? Wir geben Antworten.","breadcrumb":{"@id":"https:\/\/www.weinfreunde.de\/magazin\/frag-die-weinfreunde\/wodurch-entsteht-weinstein\/#breadcrumb"},"inLanguage":"de","potentialAction":[{"@type":"ReadAction","target":["https:\/\/www.weinfreunde.de\/magazin\/frag-die-weinfreunde\/wodurch-entsteht-weinstein\/"]}]},{"@type":"ImageObject","inLanguage":"de","@id":"https:\/\/www.weinfreunde.de\/magazin\/frag-die-weinfreunde\/wodurch-entsteht-weinstein\/#primaryimage","url":"https:\/\/www.weinfreunde.de\/magazin\/wp-content\/uploads\/2021\/07\/shutterstock_345336629_LZ-1-scaled.jpg.webp","contentUrl":"https:\/\/www.weinfreunde.de\/magazin\/wp-content\/uploads\/2021\/07\/shutterstock_345336629_LZ-1-scaled.jpg.webp","width":2048,"height":400,"caption":"Weinflaschen"},{"@type":"BreadcrumbList","@id":"https:\/\/www.weinfreunde.de\/magazin\/frag-die-weinfreunde\/wodurch-entsteht-weinstein\/#breadcrumb","itemListElement":[{"@type":"ListItem","position":1,"name":"Magazin","item":"https:\/\/www.weinfreunde.de\/magazin\/"},{"@type":"ListItem","position":2,"name":"Frag Die Weinfreunde","item":"https:\/\/www.weinfreunde.de\/magazin\/frag-die-weinfreunde\/"},{"@type":"ListItem","position":3,"name":"Wodurch entsteht Weinstein?"}]},{"@type":"WebSite","@id":"https:\/\/www.weinfreunde.de\/magazin\/#website","url":"https:\/\/www.weinfreunde.de\/magazin\/","name":"Weinfreunde Magazin","description":"Dein Weinfreunde Magazin","publisher":{"@id":"https:\/\/www.weinfreunde.de\/magazin\/#organization"},"potentialAction":[{"@type":"SearchAction","target":{"@type":"EntryPoint","urlTemplate":"https:\/\/www.weinfreunde.de\/magazin\/?s={search_term_string}"},"query-input":{"@type":"PropertyValueSpecification","valueRequired":true,"valueName":"search_term_string"}}],"inLanguage":"de"},{"@type":"Organization","@id":"https:\/\/www.weinfreunde.de\/magazin\/#organization","name":"REWE Wein online GmbH | Weinfreunde","url":"https:\/\/www.weinfreunde.de\/magazin\/","logo":{"@type":"ImageObject","inLanguage":"de","@id":"https:\/\/www.weinfreunde.de\/magazin\/#\/schema\/logo\/image\/","url":"https:\/\/www.weinfreunde.de\/magazin\/wp-content\/uploads\/2019\/08\/WF_Logo_Vertikal_Claim_Schwarz-scaled.jpg.webp","contentUrl":"https:\/\/www.weinfreunde.de\/magazin\/wp-content\/uploads\/2019\/08\/WF_Logo_Vertikal_Claim_Schwarz-scaled.jpg.webp","width":2048,"height":1241,"caption":"REWE Wein online GmbH | Weinfreunde"},"image":{"@id":"https:\/\/www.weinfreunde.de\/magazin\/#\/schema\/logo\/image\/"},"sameAs":["https:\/\/www.facebook.com\/weinfreunde.de"]},{"@type":"Person","@id":"https:\/\/www.weinfreunde.de\/magazin\/#\/schema\/person\/559ebf66114e1f3015099c8edb732aaa","name":"Sven Reinbold","image":{"@type":"ImageObject","inLanguage":"de","@id":"https:\/\/secure.gravatar.com\/avatar\/442a281fe8a3265d34c1f3076a16936b837aeea8e50d42d2b246ca51142bd634?s=96&d=mm&r=g","url":"https:\/\/secure.gravatar.com\/avatar\/442a281fe8a3265d34c1f3076a16936b837aeea8e50d42d2b246ca51142bd634?s=96&d=mm&r=g","contentUrl":"https:\/\/secure.gravatar.com\/avatar\/442a281fe8a3265d34c1f3076a16936b837aeea8e50d42d2b246ca51142bd634?s=96&d=mm&r=g","caption":"Sven Reinbold"},"description":"Bei Sven geh\u00f6rt Wein zur DNA. Unser Chef-Eink\u00e4ufer stammt aus einer Winzerfamilie vom Kaiserstuhl und hat Weinbetriebswirtschaft studiert: von Herkunft und Profession ein ganzer Weinversteher. Pers\u00f6nlich schw\u00e4rmt er f\u00fcr Wei\u00dfweine aus Italien, seine rote Liebe gilt jedoch der Rh\u00f4ne und dem Burgund.","sameAs":["https:\/\/www.weinfreunde.de"],"url":"https:\/\/www.weinfreunde.de\/magazin\/author\/sreinbold\/"}]}},"_links":{"self":[{"href":"https:\/\/www.weinfreunde.de\/magazin\/wp-json\/wp\/v2\/posts\/5425","targetHints":{"allow":["GET"]}}],"collection":[{"href":"https:\/\/www.weinfreunde.de\/magazin\/wp-json\/wp\/v2\/posts"}],"about":[{"href":"https:\/\/www.weinfreunde.de\/magazin\/wp-json\/wp\/v2\/types\/post"}],"author":[{"embeddable":true,"href":"https:\/\/www.weinfreunde.de\/magazin\/wp-json\/wp\/v2\/users\/51"}],"replies":[{"embeddable":true,"href":"https:\/\/www.weinfreunde.de\/magazin\/wp-json\/wp\/v2\/comments?post=5425"}],"version-history":[{"count":3,"href":"https:\/\/www.weinfreunde.de\/magazin\/wp-json\/wp\/v2\/posts\/5425\/revisions"}],"predecessor-version":[{"id":11828,"href":"https:\/\/www.weinfreunde.de\/magazin\/wp-json\/wp\/v2\/posts\/5425\/revisions\/11828"}],"wp:featuredmedia":[{"embeddable":true,"href":"https:\/\/www.weinfreunde.de\/magazin\/wp-json\/wp\/v2\/media\/5426"}],"wp:attachment":[{"href":"https:\/\/www.weinfreunde.de\/magazin\/wp-json\/wp\/v2\/media?parent=5425"}],"wp:term":[{"taxonomy":"category","embeddable":true,"href":"https:\/\/www.weinfreunde.de\/magazin\/wp-json\/wp\/v2\/categories?post=5425"},{"taxonomy":"post_tag","embeddable":true,"href":"https:\/\/www.weinfreunde.de\/magazin\/wp-json\/wp\/v2\/tags?post=5425"}],"curies":[{"name":"wp","href":"https:\/\/api.w.org\/{rel}","templated":true}]}}