{"id":4814,"date":"2020-05-22T12:19:35","date_gmt":"2020-05-22T10:19:35","guid":{"rendered":"https:\/\/www.weinfreunde.de\/magazin\/?post_type=cp_weinwissen&#038;p=4814"},"modified":"2025-09-02T15:35:53","modified_gmt":"2025-09-02T13:35:53","slug":"bukettsorten-aromen-im-ueberfluss","status":"publish","type":"post","link":"https:\/\/www.weinfreunde.de\/magazin\/weinwissen\/bukettsorten-aromen-im-ueberfluss\/","title":{"rendered":"Bukettsorten: Aromen im \u00dcberfluss"},"content":{"rendered":"<p><strong>Unter dem sperrigen Namen \u201eBukettsorten\u201c verbirgt sich eine Gruppe von wei\u00dfen Rebsorten, die sich durch ihren hohen Grad an Aromen von anderen Rebsorten absetzen. Unser Kollege Daniel M\u00fcnster hat sich mit dieser besonderen Gruppe im Folgenden besch\u00e4ftigt. Seine erste Diensthandlung war es, eine gef\u00e4lligere Bezeichnung f\u00fcr diese Rebsorten-Familie zu w\u00e4hlen.<\/strong><\/p>\n<p>Klassischerweise geh\u00f6ren Scheurebe, Gew\u00fcrztraminer, Muskateller und M\u00fcller-Thurgau (Rivaner) zu dem wohl duftenden Kreis der Bukettsorten. Manche Quellen sprechen auch von \u201eAroma-Rebsorten\u201c \u2013 ein f\u00fcr mich deutlich gef\u00e4lligerer Begriff. Auch <a href=\"\/magazin\/weinwissen\/sauvignon-blanc\/\">Sauvignon Blanc<\/a>, <a href=\"\/magazin\/weinwissen\/riesling\/\">Riesling<\/a> und <a href=\"\/magazin\/weinwissen\/silvaner\/\">Silvaner<\/a> liest man in diesem Zusammenhang nicht selten, doch konzentriere ich mich in diesem Artikel auf die vier anfangs genannten Rebsorten.<\/p>\n<h2>Was unterscheidet Aroma-Rebsorten von normalen Rebsorten?<\/h2>\n<p>Dazu muss zun\u00e4chst gesagt werden, dass Aroma-Rebsorten oder eben Bukettsorten nicht auf wissenschaftlicher oder gar rechtlicher Grundlage definiert wurden. Vielmehr ist es eine eher zuf\u00e4llig entstandene Kategorisierung f\u00fcr Rebsorten, die sich durch ein besonders intensives Frucht-, Blumen- oder W\u00fcrzaroma auszeichnen. Also echte Riechweine!<\/p>\n<p>F\u00fcr die gro\u00dfe Geruchintensit\u00e4t sorgen vor allem sogenannte Prim\u00e4raromen \u2013 also Aromen, die durch die Beeren und deren alkoholischem G\u00e4rprozess entstehen und nicht etwa durch Reife in <a href=\"\/magazin\/weinwissen\/wein-im-holzfass-eine-holzige-angelegenheit\/\">Holzf\u00e4ssern<\/a> (Sekund\u00e4raromen) oder T\u00f6ne nach l\u00e4ngerer Reifezeit (Terti\u00e4raromen).<\/p>\n<div id=\"attachment_4822\" style=\"width: 1510px\" class=\"wp-caption alignnone\"><img loading=\"lazy\" decoding=\"async\" aria-describedby=\"caption-attachment-4822\" class=\"wp-image-4822 size-full\" src=\"https:\/\/www.weinfreunde.de\/magazin\/wp-content\/uploads\/2020\/05\/Gelber-Muskateller_shutterstock_154623695_LZ-web-1.jpg\" alt=\"Bukettrebsorte\" width=\"1500\" height=\"800\" srcset=\"https:\/\/www.weinfreunde.de\/magazin\/wp-content\/uploads\/2020\/05\/Gelber-Muskateller_shutterstock_154623695_LZ-web-1.jpg 1500w, https:\/\/www.weinfreunde.de\/magazin\/wp-content\/uploads\/2020\/05\/Gelber-Muskateller_shutterstock_154623695_LZ-web-1-300x160.jpg 300w, https:\/\/www.weinfreunde.de\/magazin\/wp-content\/uploads\/2020\/05\/Gelber-Muskateller_shutterstock_154623695_LZ-web-1-1024x546.jpg 1024w, https:\/\/www.weinfreunde.de\/magazin\/wp-content\/uploads\/2020\/05\/Gelber-Muskateller_shutterstock_154623695_LZ-web-1-768x410.jpg 768w, https:\/\/www.weinfreunde.de\/magazin\/wp-content\/uploads\/2020\/05\/Gelber-Muskateller_shutterstock_154623695_LZ-web-1-749x399.jpg 749w, https:\/\/www.weinfreunde.de\/magazin\/wp-content\/uploads\/2020\/05\/Gelber-Muskateller_shutterstock_154623695_LZ-web-1-150x80.jpg 150w, https:\/\/www.weinfreunde.de\/magazin\/wp-content\/uploads\/2020\/05\/Gelber-Muskateller_shutterstock_154623695_LZ-web-1-390x208.jpg 390w, https:\/\/www.weinfreunde.de\/magazin\/wp-content\/uploads\/2020\/05\/Gelber-Muskateller_shutterstock_154623695_LZ-web-1-750x400.jpg 750w, https:\/\/www.weinfreunde.de\/magazin\/wp-content\/uploads\/2020\/05\/Gelber-Muskateller_shutterstock_154623695_LZ-web-1-1140x608.jpg 1140w\" sizes=\"auto, (max-width: 1500px) 100vw, 1500px\" \/><p id=\"caption-attachment-4822\" class=\"wp-caption-text\">Bukettsorten zeichnen sich durch die gro\u00dfe Aromenvielfalt aus.<\/p><\/div>\n<p>Auf chemischer Ebene betrachtet sind diese Aromen vor allem organische Kohlenwasserstoffverbindungen, die nichts anderes als farblose Aromastoffe sind. Bei Trauben sind dies vor allem Terpene, Thiolen und Pyrazinen. Aber diese trockene Materie f\u00fchrt an dieser Stelle zu weit und wir widmen uns besser der praktischen Veranschaulichung der einzelnen Rebsorten.<\/p>\n<h2>Scheurebe<\/h2>\n<p>Georg Scheu kreuzte 1916 die beiden Rebsorten Riesling und Buketttraube: die aromatische <a href=\"\/magazin\/weinwissen\/scheurebe\/\">Scheurebe<\/a> war geboren. Mit 1.400 Hektar Rebfl\u00e4che in <a href=\"\/magazin\/weinwissen\/weinland-deutschland\/\">Deutschland<\/a> ist sie mit die wichtigste Aroma-Rebsorte des Landes. \u00dcber die H\u00e4lfte der Reben gedeihen in <a href=\"\/magazin\/weinwissen\/rheinhessen\/\">Rheinhessen<\/a>.<\/p>\n<p>Weine aus Scheurebe \u00fcberraschen nicht selten mit einem intensiven Duft, der an schwarze Johannisbeeren erinnert. Ungew\u00f6hnlich bei einer wei\u00dfen Rebsorte. Aber auch exotische Fr\u00fcchte wie Mango und Passionsfrucht lassen sich entdecken.<\/p>\n<div class=\"product-slider\" id=\"_prodSlider69f53d0ecac8f\">\n\t\t\t<h2>Scheurebe bei Weinfreunde<\/h2>\n\t\t\n\t<div class=\"slide-area\">\n\t\t<div class=\"slides\">\n\t\t\t\t\t\t\t<div class=\"slide\">\n\t\t\t\t\t\t\t\t\t\t\t<a class=\"product\" href=\"https:\/\/www.weinfreunde.de\/p\/scheurebe-spaetlese-hauck\/?ecid=int_magazin_nn_nn_nn_nn_nn_nn\" target=\"_blank\">\n\t\t\t\t\t\t\t\t\t\t\t<div class=\"image\">\n\t\t\t\t\t\t\t<div\n                                    class=\"bg\"\n                                    style=\"background-image: url(https:\/\/10b644692e76ab15cf59-eaadbe2afc1f47d8740ca8f676f7fe70.ssl.cf3.rackcdn.com\/2000011913_900v-pXitq-WZ.png);\"\n                            ><\/div>\n\t\t\t\t\t\t<\/div>\n\t\t\t\t\t\t<div class=\"c\">\n\t\t\t\t\t\t\t<div class=\"title\">Scheurebe Sp\u00e4tlese 2023<\/div>\n\t\t\t\t\t\t\t<div class=\"brand\">Hauck<\/div>\n\t\t\t\t\t\t\t\t\t\t\t\t\t\t\t<div class=\"details\">\n\t\t\t\t\t\t\t\t\t\t\t\t\t\t\t\t\t\t\t<div>Wei\u00dfwein<\/div>\n\t\t\t\t\t\t\t\t\t\t\t\t\t\t\t\t\t\t\t<div>Scheurebe<\/div>\n\t\t\t\t\t\t\t\t\t\t\t\t\t\t\t\t\t<\/div>\n\t\t\t\t\t\t\t\t\t\t\t\t\t<\/div>\n\t\t\t\t\t<\/a>\n\t\t\t\t<\/div>\n\t\t\t\t\t\t\t<div class=\"slide\">\n\t\t\t\t\t\t\t\t\t\t\t<a class=\"product\" href=\"https:\/\/www.weinfreunde.de\/p\/scheurebe-steinmeer-trocken-fogt\/?ecid=int_magazin_nn_nn_nn_nn_nn_nn\" target=\"_blank\">\n\t\t\t\t\t\t\t\t\t\t\t<div class=\"image\">\n\t\t\t\t\t\t\t<div\n                                    class=\"bg\"\n                                    style=\"background-image: url(https:\/\/10b644692e76ab15cf59-eaadbe2afc1f47d8740ca8f676f7fe70.ssl.cf3.rackcdn.com\/2000012450_900v-X245mZoK.png);\"\n                            ><\/div>\n\t\t\t\t\t\t<\/div>\n\t\t\t\t\t\t<div class=\"c\">\n\t\t\t\t\t\t\t<div class=\"title\">Scheurebe Steinmeer trocken 2025<\/div>\n\t\t\t\t\t\t\t<div class=\"brand\">Fogt<\/div>\n\t\t\t\t\t\t\t\t\t\t\t\t\t\t\t<div class=\"details\">\n\t\t\t\t\t\t\t\t\t\t\t\t\t\t\t\t\t\t\t<div>Wei\u00dfwein<\/div>\n\t\t\t\t\t\t\t\t\t\t\t\t\t\t\t\t\t\t\t<div>Scheurebe<\/div>\n\t\t\t\t\t\t\t\t\t\t\t\t\t\t\t\t\t\t\t<div>Rheinhessen<\/div>\n\t\t\t\t\t\t\t\t\t\t\t\t\t\t\t\t\t<\/div>\n\t\t\t\t\t\t\t\t\t\t\t\t\t<\/div>\n\t\t\t\t\t<\/a>\n\t\t\t\t<\/div>\n\t\t\t\t\t\t\t<div class=\"slide\">\n\t\t\t\t\t\t\t\t\t\t\t<a class=\"product\" href=\"https:\/\/www.weinfreunde.de\/p\/scheurebe-trocken-scheffer\/?ecid=int_magazin_nn_nn_nn_nn_nn_nn\" target=\"_blank\">\n\t\t\t\t\t\t\t\t\t\t\t<div class=\"image\">\n\t\t\t\t\t\t\t<div\n                                    class=\"bg\"\n                                    style=\"background-image: url(https:\/\/10b644692e76ab15cf59-eaadbe2afc1f47d8740ca8f676f7fe70.ssl.cf3.rackcdn.com\/2000012951_900v-pTvFboDV.png);\"\n                            ><\/div>\n\t\t\t\t\t\t<\/div>\n\t\t\t\t\t\t<div class=\"c\">\n\t\t\t\t\t\t\t<div class=\"title\">Scheurebe trocken 2024<\/div>\n\t\t\t\t\t\t\t<div class=\"brand\">Scheffer<\/div>\n\t\t\t\t\t\t\t\t\t\t\t\t\t\t\t<div class=\"details\">\n\t\t\t\t\t\t\t\t\t\t\t\t\t\t\t\t\t\t\t<div>Wei\u00dfwein<\/div>\n\t\t\t\t\t\t\t\t\t\t\t\t\t\t\t\t\t\t\t<div>Scheurebe<\/div>\n\t\t\t\t\t\t\t\t\t\t\t\t\t\t\t\t\t<\/div>\n\t\t\t\t\t\t\t\t\t\t\t\t\t<\/div>\n\t\t\t\t\t<\/a>\n\t\t\t\t<\/div>\n\t\t\t\t\t\t\t<div class=\"slide\">\n\t\t\t\t\t\t\t\t\t\t\t<a class=\"product\" href=\"https:\/\/www.weinfreunde.de\/p\/scheurebe-halbtrocken-juliusspital\/?ecid=int_magazin_nn_nn_nn_nn_nn_nn\" target=\"_blank\">\n\t\t\t\t\t\t\t\t\t\t\t<div class=\"image\">\n\t\t\t\t\t\t\t<div\n                                    class=\"bg\"\n                                    style=\"background-image: url(https:\/\/10b644692e76ab15cf59-eaadbe2afc1f47d8740ca8f676f7fe70.ssl.cf3.rackcdn.com\/2000014151_900v-YQI7hKq7.png);\"\n                            ><\/div>\n\t\t\t\t\t\t<\/div>\n\t\t\t\t\t\t<div class=\"c\">\n\t\t\t\t\t\t\t<div class=\"title\">Scheurebe halbtrocken 2025<\/div>\n\t\t\t\t\t\t\t<div class=\"brand\">Juliusspital<\/div>\n\t\t\t\t\t\t\t\t\t\t\t\t\t\t\t<div class=\"details\">\n\t\t\t\t\t\t\t\t\t\t\t\t\t\t\t\t\t\t\t<div>Wei\u00dfwein<\/div>\n\t\t\t\t\t\t\t\t\t\t\t\t\t\t\t\t\t\t\t<div>Scheurebe<\/div>\n\t\t\t\t\t\t\t\t\t\t\t\t\t\t\t\t\t<\/div>\n\t\t\t\t\t\t\t\t\t\t\t\t\t<\/div>\n\t\t\t\t\t<\/a>\n\t\t\t\t<\/div>\n\t\t\t\t\t\t\t<div class=\"slide\">\n\t\t\t\t\t\t\t\t\t\t\t<a class=\"product\" href=\"https:\/\/www.weinfreunde.de\/p\/scheurebe-trocken-fuerstlich-castell-sche-domaene\/?ecid=int_magazin_nn_nn_nn_nn_nn_nn\" target=\"_blank\">\n\t\t\t\t\t\t\t\t\t\t\t<div class=\"image\">\n\t\t\t\t\t\t\t<div\n                                    class=\"bg\"\n                                    style=\"background-image: url(https:\/\/images.cdn.europe-west1.gcp.commercetools.com\/c465d296-b9b4-4e2d-afd0-6980caa08886\/2000015196_900v-ZXcW1joL.png);\"\n                            ><\/div>\n\t\t\t\t\t\t<\/div>\n\t\t\t\t\t\t<div class=\"c\">\n\t\t\t\t\t\t\t<div class=\"title\">Scheurebe trocken 2024<\/div>\n\t\t\t\t\t\t\t<div class=\"brand\">F\u00fcrstlich Castell\u2019sche Dom\u00e4ne<\/div>\n\t\t\t\t\t\t\t\t\t\t\t\t\t\t\t<div class=\"details\">\n\t\t\t\t\t\t\t\t\t\t\t\t\t\t\t\t\t\t\t<div>Wei\u00dfwein<\/div>\n\t\t\t\t\t\t\t\t\t\t\t\t\t\t\t\t\t\t\t<div>Scheurebe<\/div>\n\t\t\t\t\t\t\t\t\t\t\t\t\t\t\t\t\t\t\t<div>Franken<\/div>\n\t\t\t\t\t\t\t\t\t\t\t\t\t\t\t\t\t<\/div>\n\t\t\t\t\t\t\t\t\t\t\t\t\t<\/div>\n\t\t\t\t\t<\/a>\n\t\t\t\t<\/div>\n\t\t\t\t\t\t\t<div class=\"slide\">\n\t\t\t\t\t\t\t\t\t\t\t<a class=\"product\" href=\"https:\/\/www.weinfreunde.de\/p\/scheu-aber-geil-trocken-emil-bauer\/?ecid=int_magazin_nn_nn_nn_nn_nn_nn\" target=\"_blank\">\n\t\t\t\t\t\t\t\t\t\t\t<div class=\"image\">\n\t\t\t\t\t\t\t<div\n                                    class=\"bg\"\n                                    style=\"background-image: url(https:\/\/images.cdn.europe-west1.gcp.commercetools.com\/c465d296-b9b4-4e2d-afd0-6980caa08886\/2000015459_900v-kU8KVhMA.png);\"\n                            ><\/div>\n\t\t\t\t\t\t<\/div>\n\t\t\t\t\t\t<div class=\"c\">\n\t\t\t\t\t\t\t<div class=\"title\">Scheu aber Geil! trocken 2024<\/div>\n\t\t\t\t\t\t\t<div class=\"brand\">Emil Bauer<\/div>\n\t\t\t\t\t\t\t\t\t\t\t\t\t\t\t<div class=\"details\">\n\t\t\t\t\t\t\t\t\t\t\t\t\t\t\t\t\t\t\t<div>Wei\u00dfwein<\/div>\n\t\t\t\t\t\t\t\t\t\t\t\t\t\t\t\t\t\t\t<div>Scheurebe<\/div>\n\t\t\t\t\t\t\t\t\t\t\t\t\t\t\t\t\t<\/div>\n\t\t\t\t\t\t\t\t\t\t\t\t\t<\/div>\n\t\t\t\t\t<\/a>\n\t\t\t\t<\/div>\n\t\t\t\t\t\t\t<div class=\"slide\">\n\t\t\t\t\t\t\t\t\t\t\t<a class=\"product\" href=\"https:\/\/www.weinfreunde.de\/p\/von-buhl-lion-lite-alkoholfrei-reichsrat-von-buhl\/?ecid=int_magazin_nn_nn_nn_nn_nn_nn\" target=\"_blank\">\n\t\t\t\t\t\t\t\t\t\t\t<div class=\"image\">\n\t\t\t\t\t\t\t<div\n                                    class=\"bg\"\n                                    style=\"background-image: url(https:\/\/images.cdn.europe-west1.gcp.commercetools.com\/c465d296-b9b4-4e2d-afd0-6980caa08886\/2000015551_900v-dlXvODKc.png);\"\n                            ><\/div>\n\t\t\t\t\t\t<\/div>\n\t\t\t\t\t\t<div class=\"c\">\n\t\t\t\t\t\t\t<div class=\"title\">Von Buhl Lion Lite alkoholfrei<\/div>\n\t\t\t\t\t\t\t<div class=\"brand\">Reichsrat von Buhl<\/div>\n\t\t\t\t\t\t\t\t\t\t\t\t\t\t\t<div class=\"details\">\n\t\t\t\t\t\t\t\t\t\t\t\t\t\t\t\t\t\t\t<div>Prickelndes<\/div>\n\t\t\t\t\t\t\t\t\t\t\t\t\t\t\t\t\t\t\t<div>Auxerrois, Scheurebe<\/div>\n\t\t\t\t\t\t\t\t\t\t\t\t\t\t\t\t\t\t\t<div>Schaumwein<\/div>\n\t\t\t\t\t\t\t\t\t\t\t\t\t\t\t\t\t<\/div>\n\t\t\t\t\t\t\t\t\t\t\t\t\t<\/div>\n\t\t\t\t\t<\/a>\n\t\t\t\t<\/div>\n\t\t\t\t\t<\/div>\n\t<\/div>\n<\/div>\n<script>_w(() => new WF.Magazin.ProductSlider('#_prodSlider69f53d0ecac8f'));<\/script>\n\n<h2>Gew\u00fcrztraminer<\/h2>\n<p>Bereits im 16. Jahrhundert wurde <a href=\"\/magazin\/weinwissen\/gewuerztraminer\/\">Gew\u00fcrztraminer<\/a> in Deutschland angebaut und heute kennt man die Rebsorte vor allem auch aus dem <a href=\"\/magazin\/weinwissen\/elsass-vielfaeltige-weissweine-aus-dem-nordwesten-frankreichs\/\">Elsass<\/a>.<\/p>\n<p>Die Rebfl\u00e4che ist hierzulande in den letzten 10 Jahren stark gestiegen und liegt derzeit bei knapp 1.000 Hektar \u2013 besonders beliebt ist diese Aroma-Rebsorte bei Winzern in der <a href=\"\/magazin\/weinwissen\/pfalz-deutsche-weinqualitaet\/\">Pfalz<\/a>.<\/p>\n<p>Gew\u00fcrztraminer besitzt einen unverkennbaren Duft, der an Litschis, Rosen, Veilchen, Grapefruit und Ingwer erinnert. Eine Rebsorte, die sich durch ihren eigenen Charakter selbst in Blindverkostungen gut identifizieren l\u00e4sst.<\/p>\n<div class=\"product-slider\" id=\"_prodSlider69f53d0ecb8a3\">\n\t\t\t<h2>Gew\u00fcrztraminer bei Weinfreunde<\/h2>\n\t\t\n\t<div class=\"slide-area\">\n\t\t<div class=\"slides\">\n\t\t\t\t\t\t\t<div class=\"slide\">\n\t\t\t\t\t\t\t\t\t\t\t<a class=\"product\" href=\"https:\/\/www.weinfreunde.de\/p\/vina-esmeralda-miguel-torres\/?ecid=int_magazin_nn_nn_nn_nn_nn_nn\" target=\"_blank\">\n\t\t\t\t\t\t\t\t\t\t\t<div class=\"image\">\n\t\t\t\t\t\t\t<div\n                                    class=\"bg\"\n                                    style=\"background-image: url(https:\/\/images.cdn.europe-west1.gcp.commercetools.com\/c465d296-b9b4-4e2d-afd0-6980caa08886\/2000011980_900v-_bpk-Dfa.png);\"\n                            ><\/div>\n\t\t\t\t\t\t<\/div>\n\t\t\t\t\t\t<div class=\"c\">\n\t\t\t\t\t\t\t<div class=\"title\">Vi\u00f1a Esmeralda 2024<\/div>\n\t\t\t\t\t\t\t<div class=\"brand\">Miguel Torres<\/div>\n\t\t\t\t\t\t\t\t\t\t\t\t\t\t\t<div class=\"details\">\n\t\t\t\t\t\t\t\t\t\t\t\t\t\t\t\t\t\t\t<div>Wei\u00dfwein<\/div>\n\t\t\t\t\t\t\t\t\t\t\t\t\t\t\t\t\t\t\t<div>Gew\u00fcrztraminer, Muscat d&#039;Alexandrie<\/div>\n\t\t\t\t\t\t\t\t\t\t\t\t\t\t\t\t\t\t\t<div>Catalunya<\/div>\n\t\t\t\t\t\t\t\t\t\t\t\t\t\t\t\t\t<\/div>\n\t\t\t\t\t\t\t\t\t\t\t\t\t<\/div>\n\t\t\t\t\t<\/a>\n\t\t\t\t<\/div>\n\t\t\t\t\t\t\t<div class=\"slide\">\n\t\t\t\t\t\t\t\t\t\t\t<a class=\"product\" href=\"https:\/\/www.weinfreunde.de\/p\/gewuerztraminer-w-lieblich-meinhard\/?ecid=int_magazin_nn_nn_nn_nn_nn_nn\" target=\"_blank\">\n\t\t\t\t\t\t\t\t\t\t\t<div class=\"image\">\n\t\t\t\t\t\t\t<div\n                                    class=\"bg\"\n                                    style=\"background-image: url(https:\/\/10b644692e76ab15cf59-eaadbe2afc1f47d8740ca8f676f7fe70.ssl.cf3.rackcdn.com\/2000012937_900v-MBaaiev2.png);\"\n                            ><\/div>\n\t\t\t\t\t\t<\/div>\n\t\t\t\t\t\t<div class=\"c\">\n\t\t\t\t\t\t\t<div class=\"title\">Gew\u00fcrztraminer -W- lieblich 2024<\/div>\n\t\t\t\t\t\t\t<div class=\"brand\">Meinhard<\/div>\n\t\t\t\t\t\t\t\t\t\t\t\t\t\t\t<div class=\"details\">\n\t\t\t\t\t\t\t\t\t\t\t\t\t\t\t\t\t\t\t<div>Wei\u00dfwein<\/div>\n\t\t\t\t\t\t\t\t\t\t\t\t\t\t\t\t\t\t\t<div>Gew\u00fcrztraminer<\/div>\n\t\t\t\t\t\t\t\t\t\t\t\t\t\t\t\t\t\t\t<div>Nahe<\/div>\n\t\t\t\t\t\t\t\t\t\t\t\t\t\t\t\t\t<\/div>\n\t\t\t\t\t\t\t\t\t\t\t\t\t<\/div>\n\t\t\t\t\t<\/a>\n\t\t\t\t<\/div>\n\t\t\t\t\t<\/div>\n\t<\/div>\n<\/div>\n<script>_w(() => new WF.Magazin.ProductSlider('#_prodSlider69f53d0ecb8a3'));<\/script>\n\n<h2>Muskateller<\/h2>\n<p>Der <a href=\"\/magazin\/weinwissen\/muskateller\/\">Muskateller<\/a> ist eine der \u00e4ltesten Wei\u00dfwein-Rebsorten, die wir kennen. Genau genommen handelt es sich um eine Sortenfamilie zu der weltweit etwa 200 Spielarten geh\u00f6ren. In Deutschland bezeichnet man mit Muskateller in aller Regel die Aroma-Rebsorte <a href=\"\/magazin\/weinwissen\/gelber-muskateller\/\">Gelber Muskateller<\/a>. Sie wird auf etwas \u00fcber 300 Hektar vor allem in den s\u00fcddeutschen Anbaugebieten kultiviert.<\/p>\n<p>Wie der Name schon vermuten l\u00e4sst, ist das Aroma von einer feinen <a href=\"\/magazin\/weinwissen\/muskat-uralt-unverwechselbar-aromatisch\/\">Muskat-Note<\/a> gepr\u00e4gt. Dazu kommen blumige Aromen und auch nicht selten der Duft von exotischen Fr\u00fcchten.<\/p>\n<div class=\"product-slider\" id=\"_prodSlider69f53d0ecc009\">\n\t\t\t<h2>Muskateller bei Weinfreunde bestellen<\/h2>\n\t\t\n\t<div class=\"slide-area\">\n\t\t<div class=\"slides\">\n\t\t\t\t\t\t\t<div class=\"slide\">\n\t\t\t\t\t\t\t\t\t\t\t<a class=\"product\" href=\"https:\/\/www.weinfreunde.de\/p\/gelber-muskateller-suedsteiermark-tschermonegg\/?ecid=int_magazin_nn_nn_nn_nn_nn_nn\" target=\"_blank\">\n\t\t\t\t\t\t\t\t\t\t\t<div class=\"image\">\n\t\t\t\t\t\t\t<div\n                                    class=\"bg\"\n                                    style=\"background-image: url(https:\/\/images.cdn.europe-west1.gcp.commercetools.com\/c465d296-b9b4-4e2d-afd0-6980caa08886\/2000010504_900v-TjDiBlQg.png);\"\n                            ><\/div>\n\t\t\t\t\t\t<\/div>\n\t\t\t\t\t\t<div class=\"c\">\n\t\t\t\t\t\t\t<div class=\"title\">Gelber Muskateller S\u00fcdsteiermark 2024<\/div>\n\t\t\t\t\t\t\t<div class=\"brand\">Tschermonegg<\/div>\n\t\t\t\t\t\t\t\t\t\t\t\t\t\t\t<div class=\"details\">\n\t\t\t\t\t\t\t\t\t\t\t\t\t\t\t\t\t\t\t<div>Wei\u00dfwein<\/div>\n\t\t\t\t\t\t\t\t\t\t\t\t\t\t\t\t\t\t\t<div>Gelber Muskateller<\/div>\n\t\t\t\t\t\t\t\t\t\t\t\t\t\t\t\t\t\t\t<div>S\u00fcdsteiermark<\/div>\n\t\t\t\t\t\t\t\t\t\t\t\t\t\t\t\t\t<\/div>\n\t\t\t\t\t\t\t\t\t\t\t\t\t<\/div>\n\t\t\t\t\t<\/a>\n\t\t\t\t<\/div>\n\t\t\t\t\t\t\t<div class=\"slide\">\n\t\t\t\t\t\t\t\t\t\t\t<a class=\"product\" href=\"https:\/\/www.weinfreunde.de\/p\/gelber-muskateller-bio-artner\/?ecid=int_magazin_nn_nn_nn_nn_nn_nn\" target=\"_blank\">\n\t\t\t\t\t\t\t\t\t\t\t<div class=\"image\">\n\t\t\t\t\t\t\t<div\n                                    class=\"bg\"\n                                    style=\"background-image: url(https:\/\/10b644692e76ab15cf59-eaadbe2afc1f47d8740ca8f676f7fe70.ssl.cf3.rackcdn.com\/2000012503_900v-ag4w0lT0.png);\"\n                            ><\/div>\n\t\t\t\t\t\t<\/div>\n\t\t\t\t\t\t<div class=\"c\">\n\t\t\t\t\t\t\t<div class=\"title\">Gelber Muskateller (Bio) 2024<\/div>\n\t\t\t\t\t\t\t<div class=\"brand\">Artner<\/div>\n\t\t\t\t\t\t\t\t\t\t\t\t\t\t\t<div class=\"details\">\n\t\t\t\t\t\t\t\t\t\t\t\t\t\t\t\t\t\t\t<div>Wei\u00dfwein<\/div>\n\t\t\t\t\t\t\t\t\t\t\t\t\t\t\t\t\t\t\t<div>Gelber Muskateller<\/div>\n\t\t\t\t\t\t\t\t\t\t\t\t\t\t\t\t\t\t\t<div>Carnuntum<\/div>\n\t\t\t\t\t\t\t\t\t\t\t\t\t\t\t\t\t<\/div>\n\t\t\t\t\t\t\t\t\t\t\t\t\t<\/div>\n\t\t\t\t\t<\/a>\n\t\t\t\t<\/div>\n\t\t\t\t\t\t\t<div class=\"slide\">\n\t\t\t\t\t\t\t\t\t\t\t<a class=\"product\" href=\"https:\/\/www.weinfreunde.de\/p\/young-fresh-gelber-muskateller-niederoesterreich-bio-leth\/?ecid=int_magazin_nn_nn_nn_nn_nn_nn\" target=\"_blank\">\n\t\t\t\t\t\t\t\t\t\t\t<div class=\"image\">\n\t\t\t\t\t\t\t<div\n                                    class=\"bg\"\n                                    style=\"background-image: url(https:\/\/images.cdn.europe-west1.gcp.commercetools.com\/c465d296-b9b4-4e2d-afd0-6980caa08886\/2000012511_900v-kafStxPO.png);\"\n                            ><\/div>\n\t\t\t\t\t\t<\/div>\n\t\t\t\t\t\t<div class=\"c\">\n\t\t\t\t\t\t\t<div class=\"title\">young &amp; fresh Gelber Muskateller Niede\u2026<\/div>\n\t\t\t\t\t\t\t<div class=\"brand\">Leth<\/div>\n\t\t\t\t\t\t\t\t\t\t\t\t\t\t\t<div class=\"details\">\n\t\t\t\t\t\t\t\t\t\t\t\t\t\t\t\t\t\t\t<div>Wei\u00dfwein<\/div>\n\t\t\t\t\t\t\t\t\t\t\t\t\t\t\t\t\t\t\t<div>Gelber Muskateller<\/div>\n\t\t\t\t\t\t\t\t\t\t\t\t\t\t\t\t\t<\/div>\n\t\t\t\t\t\t\t\t\t\t\t\t\t<\/div>\n\t\t\t\t\t<\/a>\n\t\t\t\t<\/div>\n\t\t\t\t\t\t\t<div class=\"slide\">\n\t\t\t\t\t\t\t\t\t\t\t<a class=\"product\" href=\"https:\/\/www.weinfreunde.de\/p\/neustifter-roter-muskateller-trocken-fuhrgassl-huber\/?ecid=int_magazin_nn_nn_nn_nn_nn_nn\" target=\"_blank\">\n\t\t\t\t\t\t\t\t\t\t\t<div class=\"image\">\n\t\t\t\t\t\t\t<div\n                                    class=\"bg\"\n                                    style=\"background-image: url(https:\/\/10b644692e76ab15cf59-eaadbe2afc1f47d8740ca8f676f7fe70.ssl.cf3.rackcdn.com\/2000012860_900v-X7oGA1A8.png);\"\n                            ><\/div>\n\t\t\t\t\t\t<\/div>\n\t\t\t\t\t\t<div class=\"c\">\n\t\t\t\t\t\t\t<div class=\"title\">Neustifter Roter Muskateller trocken 2\u2026<\/div>\n\t\t\t\t\t\t\t<div class=\"brand\">Fuhrgassl-Huber<\/div>\n\t\t\t\t\t\t\t\t\t\t\t\t\t\t\t<div class=\"details\">\n\t\t\t\t\t\t\t\t\t\t\t\t\t\t\t\t\t\t\t<div>Wei\u00dfwein<\/div>\n\t\t\t\t\t\t\t\t\t\t\t\t\t\t\t\t\t\t\t<div>Roter Muskateller<\/div>\n\t\t\t\t\t\t\t\t\t\t\t\t\t\t\t\t\t<\/div>\n\t\t\t\t\t\t\t\t\t\t\t\t\t<\/div>\n\t\t\t\t\t<\/a>\n\t\t\t\t<\/div>\n\t\t\t\t\t\t\t<div class=\"slide\">\n\t\t\t\t\t\t\t\t\t\t\t<a class=\"product\" href=\"https:\/\/www.weinfreunde.de\/p\/gelber-muskateller-bisamberg-bio-cobenzl\/?ecid=int_magazin_nn_nn_nn_nn_nn_nn\" target=\"_blank\">\n\t\t\t\t\t\t\t\t\t\t\t<div class=\"image\">\n\t\t\t\t\t\t\t<div\n                                    class=\"bg\"\n                                    style=\"background-image: url(https:\/\/10b644692e76ab15cf59-eaadbe2afc1f47d8740ca8f676f7fe70.ssl.cf3.rackcdn.com\/2000012948_900v-v1I_Yd6V.png);\"\n                            ><\/div>\n\t\t\t\t\t\t<\/div>\n\t\t\t\t\t\t<div class=\"c\">\n\t\t\t\t\t\t\t<div class=\"title\">Gelber Muskateller Bisamberg (Bio) 202\u2026<\/div>\n\t\t\t\t\t\t\t<div class=\"brand\">Cobenzl<\/div>\n\t\t\t\t\t\t\t\t\t\t\t\t\t\t\t<div class=\"details\">\n\t\t\t\t\t\t\t\t\t\t\t\t\t\t\t\t\t\t\t<div>Wei\u00dfwein<\/div>\n\t\t\t\t\t\t\t\t\t\t\t\t\t\t\t\t\t\t\t<div>Gelber Muskateller<\/div>\n\t\t\t\t\t\t\t\t\t\t\t\t\t\t\t\t\t<\/div>\n\t\t\t\t\t\t\t\t\t\t\t\t\t<\/div>\n\t\t\t\t\t<\/a>\n\t\t\t\t<\/div>\n\t\t\t\t\t\t\t<div class=\"slide\">\n\t\t\t\t\t\t\t\t\t\t\t<a class=\"product\" href=\"https:\/\/www.weinfreunde.de\/p\/natureo-free-blanco-muscat-alkoholfrei-miguel-torres\/?ecid=int_magazin_nn_nn_nn_nn_nn_nn\" target=\"_blank\">\n\t\t\t\t\t\t\t\t\t\t\t<div class=\"image\">\n\t\t\t\t\t\t\t<div\n                                    class=\"bg\"\n                                    style=\"background-image: url(https:\/\/10b644692e76ab15cf59-eaadbe2afc1f47d8740ca8f676f7fe70.ssl.cf3.rackcdn.com\/2000013072_900v-oUetqOYT.png);\"\n                            ><\/div>\n\t\t\t\t\t\t<\/div>\n\t\t\t\t\t\t<div class=\"c\">\n\t\t\t\t\t\t\t<div class=\"title\">Natureo Free Blanco Muscat alkoholfrei\u2026<\/div>\n\t\t\t\t\t\t\t<div class=\"brand\">Miguel Torres<\/div>\n\t\t\t\t\t\t\t\t\t\t\t\t\t\t\t<div class=\"details\">\n\t\t\t\t\t\t\t\t\t\t\t\t\t\t\t\t\t\t\t<div>Wei\u00dfwein<\/div>\n\t\t\t\t\t\t\t\t\t\t\t\t\t\t\t\t\t\t\t<div>Muskateller<\/div>\n\t\t\t\t\t\t\t\t\t\t\t\t\t\t\t\t\t<\/div>\n\t\t\t\t\t\t\t\t\t\t\t\t\t<\/div>\n\t\t\t\t\t<\/a>\n\t\t\t\t<\/div>\n\t\t\t\t\t\t\t<div class=\"slide\">\n\t\t\t\t\t\t\t\t\t\t\t<a class=\"product\" href=\"https:\/\/www.weinfreunde.de\/p\/muskateller-lieblich-loeffler\/?ecid=int_magazin_nn_nn_nn_nn_nn_nn\" target=\"_blank\">\n\t\t\t\t\t\t\t\t\t\t\t<div class=\"image\">\n\t\t\t\t\t\t\t<div\n                                    class=\"bg\"\n                                    style=\"background-image: url(https:\/\/10b644692e76ab15cf59-eaadbe2afc1f47d8740ca8f676f7fe70.ssl.cf3.rackcdn.com\/2000014415_900v-IyLPy7Vr.png);\"\n                            ><\/div>\n\t\t\t\t\t\t<\/div>\n\t\t\t\t\t\t<div class=\"c\">\n\t\t\t\t\t\t\t<div class=\"title\">Muskateller lieblich 2024<\/div>\n\t\t\t\t\t\t\t<div class=\"brand\">L\u00f6ffler<\/div>\n\t\t\t\t\t\t\t\t\t\t\t\t\t\t\t<div class=\"details\">\n\t\t\t\t\t\t\t\t\t\t\t\t\t\t\t\t\t\t\t<div>Wei\u00dfwein<\/div>\n\t\t\t\t\t\t\t\t\t\t\t\t\t\t\t\t\t\t\t<div>Muskateller<\/div>\n\t\t\t\t\t\t\t\t\t\t\t\t\t\t\t\t\t<\/div>\n\t\t\t\t\t\t\t\t\t\t\t\t\t<\/div>\n\t\t\t\t\t<\/a>\n\t\t\t\t<\/div>\n\t\t\t\t\t\t\t<div class=\"slide\">\n\t\t\t\t\t\t\t\t\t\t\t<a class=\"product\" href=\"https:\/\/www.weinfreunde.de\/p\/muskateller-feinherb-hiss\/?ecid=int_magazin_nn_nn_nn_nn_nn_nn\" target=\"_blank\">\n\t\t\t\t\t\t\t\t\t\t\t<div class=\"image\">\n\t\t\t\t\t\t\t<div\n                                    class=\"bg\"\n                                    style=\"background-image: url(https:\/\/10b644692e76ab15cf59-eaadbe2afc1f47d8740ca8f676f7fe70.ssl.cf3.rackcdn.com\/2000014976_900v-8USHX203.png);\"\n                            ><\/div>\n\t\t\t\t\t\t<\/div>\n\t\t\t\t\t\t<div class=\"c\">\n\t\t\t\t\t\t\t<div class=\"title\">Muskateller feinherb 2024<\/div>\n\t\t\t\t\t\t\t<div class=\"brand\">Hiss<\/div>\n\t\t\t\t\t\t\t\t\t\t\t\t\t\t\t<div class=\"details\">\n\t\t\t\t\t\t\t\t\t\t\t\t\t\t\t\t\t\t\t<div>Wei\u00dfwein<\/div>\n\t\t\t\t\t\t\t\t\t\t\t\t\t\t\t\t\t\t\t<div>Muskateller<\/div>\n\t\t\t\t\t\t\t\t\t\t\t\t\t\t\t\t\t\t\t<div>Baden<\/div>\n\t\t\t\t\t\t\t\t\t\t\t\t\t\t\t\t\t<\/div>\n\t\t\t\t\t\t\t\t\t\t\t\t\t<\/div>\n\t\t\t\t\t<\/a>\n\t\t\t\t<\/div>\n\t\t\t\t\t\t\t<div class=\"slide\">\n\t\t\t\t\t\t\t\t\t\t\t<a class=\"product\" href=\"https:\/\/www.weinfreunde.de\/p\/secco-weiss-emil-bauer\/?ecid=int_magazin_nn_nn_nn_nn_nn_nn\" target=\"_blank\">\n\t\t\t\t\t\t\t\t\t\t\t<div class=\"image\">\n\t\t\t\t\t\t\t<div\n                                    class=\"bg\"\n                                    style=\"background-image: url(https:\/\/images.cdn.europe-west1.gcp.commercetools.com\/c465d296-b9b4-4e2d-afd0-6980caa08886\/2000015476_900v-j5xd6wWL.png);\"\n                            ><\/div>\n\t\t\t\t\t\t<\/div>\n\t\t\t\t\t\t<div class=\"c\">\n\t\t\t\t\t\t\t<div class=\"title\">Secco Wei\u00df<\/div>\n\t\t\t\t\t\t\t<div class=\"brand\">Emil Bauer<\/div>\n\t\t\t\t\t\t\t\t\t\t\t\t\t\t\t<div class=\"details\">\n\t\t\t\t\t\t\t\t\t\t\t\t\t\t\t\t\t\t\t<div>Prickelndes<\/div>\n\t\t\t\t\t\t\t\t\t\t\t\t\t\t\t\t\t\t\t<div>Pinot Meunier, Muskateller, Riesling<\/div>\n\t\t\t\t\t\t\t\t\t\t\t\t\t\t\t\t\t\t\t<div>Perlwein<\/div>\n\t\t\t\t\t\t\t\t\t\t\t\t\t\t\t\t\t<\/div>\n\t\t\t\t\t\t\t\t\t\t\t\t\t<\/div>\n\t\t\t\t\t<\/a>\n\t\t\t\t<\/div>\n\t\t\t\t\t<\/div>\n\t<\/div>\n<\/div>\n<script>_w(() => new WF.Magazin.ProductSlider('#_prodSlider69f53d0ecc009'));<\/script>\n\n<h2>M\u00fcller-Thurgau (Rivaner)<\/h2>\n<p>Mit \u00fcber 10.000 Hektar Rebfl\u00e4che ist <a href=\"\/magazin\/weinwissen\/rivaner\/\">M\u00fcller-Thurgau<\/a> in Deutschland \u2013 nach Riesling \u2013 die meist angebaute Rebsorte \u00fcberhaupt. Allerdings sind die Zahlen r\u00fcckl\u00e4ufig. Zu lange stand M\u00fcller-Thurgau f\u00fcr rests\u00fc\u00dfe und ausdruckslose Zechweine aus hohen Ertr\u00e4gen.<\/p>\n<p>Vor allem unter der alternativen Bezeichnung Rivaner begeistert diese Aroma-Rebsorte aber aktuell mit \u00e4u\u00dferst fruchtintensiven Weinen, die mit moderater S\u00e4ure daherkommen und nicht selten trocken sind. Der Duft eines M\u00fcller-Thurgaus erinnert in vielen F\u00e4llen an reife Pfirsiche, Rosen, Zitrusfr\u00fcchte und etwas Muskat.<\/p>\n<p>Die Bezeichnung Rivaner gr\u00fcndet \u00fcbrigens auf dem Irrtum, dass die Rebsorte eine Kreuzung aus Riesling und Silvaner ist. In Wahrheit hat sie Hermann M\u00fcller-Thurgau 1882 aus Riesling und Madeleine Royal gez\u00fcchtet.<\/p>\n<div class=\"product-slider\" id=\"_prodSlider69f53d0ecc885\">\n\t\t\t<h2>Rivaner bei Weinfreunde<\/h2>\n\t\t\n\t<div class=\"slide-area\">\n\t\t<div class=\"slides\">\n\t\t\t\t\t\t\t<div class=\"slide\">\n\t\t\t\t\t\t\t\t\t\t\t<a class=\"product\" href=\"https:\/\/www.weinfreunde.de\/p\/rivaner-alte-rebe-trocken-hiss\/?ecid=int_magazin_nn_nn_nn_nn_nn_nn\" target=\"_blank\">\n\t\t\t\t\t\t\t\t\t\t\t<div class=\"image\">\n\t\t\t\t\t\t\t<div\n                                    class=\"bg\"\n                                    style=\"background-image: url(https:\/\/10b644692e76ab15cf59-eaadbe2afc1f47d8740ca8f676f7fe70.ssl.cf3.rackcdn.com\/2000014186_900v-iy-iPG_s.png);\"\n                            ><\/div>\n\t\t\t\t\t\t<\/div>\n\t\t\t\t\t\t<div class=\"c\">\n\t\t\t\t\t\t\t<div class=\"title\">Rivaner Alte Rebe trocken 2023<\/div>\n\t\t\t\t\t\t\t<div class=\"brand\">Hiss<\/div>\n\t\t\t\t\t\t\t\t\t\t\t\t\t\t\t<div class=\"details\">\n\t\t\t\t\t\t\t\t\t\t\t\t\t\t\t\t\t\t\t<div>Wei\u00dfwein<\/div>\n\t\t\t\t\t\t\t\t\t\t\t\t\t\t\t\t\t\t\t<div>Rivaner<\/div>\n\t\t\t\t\t\t\t\t\t\t\t\t\t\t\t\t\t<\/div>\n\t\t\t\t\t\t\t\t\t\t\t\t\t<\/div>\n\t\t\t\t\t<\/a>\n\t\t\t\t<\/div>\n\t\t\t\t\t\t\t<div class=\"slide\">\n\t\t\t\t\t\t\t\t\t\t\t<a class=\"product\" href=\"https:\/\/www.weinfreunde.de\/p\/rivaner-alkoholfrei-loeffler\/?ecid=int_magazin_nn_nn_nn_nn_nn_nn\" target=\"_blank\">\n\t\t\t\t\t\t\t\t\t\t\t<div class=\"image\">\n\t\t\t\t\t\t\t<div\n                                    class=\"bg\"\n                                    style=\"background-image: url(https:\/\/10b644692e76ab15cf59-eaadbe2afc1f47d8740ca8f676f7fe70.ssl.cf3.rackcdn.com\/2000014411_900v-QZoYQpwC.png);\"\n                            ><\/div>\n\t\t\t\t\t\t<\/div>\n\t\t\t\t\t\t<div class=\"c\">\n\t\t\t\t\t\t\t<div class=\"title\">Rivaner alkoholfrei<\/div>\n\t\t\t\t\t\t\t<div class=\"brand\">L\u00f6ffler<\/div>\n\t\t\t\t\t\t\t\t\t\t\t\t\t\t\t<div class=\"details\">\n\t\t\t\t\t\t\t\t\t\t\t\t\t\t\t\t\t\t\t<div>Wei\u00dfwein<\/div>\n\t\t\t\t\t\t\t\t\t\t\t\t\t\t\t\t\t\t\t<div>Rivaner<\/div>\n\t\t\t\t\t\t\t\t\t\t\t\t\t\t\t\t\t<\/div>\n\t\t\t\t\t\t\t\t\t\t\t\t\t<\/div>\n\t\t\t\t\t<\/a>\n\t\t\t\t<\/div>\n\t\t\t\t\t\t\t<div class=\"slide\">\n\t\t\t\t\t\t\t\t\t\t\t<a class=\"product\" href=\"https:\/\/www.weinfreunde.de\/p\/rivaner-vom-porphyr-trocken-fogt\/?ecid=int_magazin_nn_nn_nn_nn_nn_nn\" target=\"_blank\">\n\t\t\t\t\t\t\t\t\t\t\t<div class=\"image\">\n\t\t\t\t\t\t\t<div\n                                    class=\"bg\"\n                                    style=\"background-image: url(https:\/\/images.cdn.europe-west1.gcp.commercetools.com\/c465d296-b9b4-4e2d-afd0-6980caa08886\/2000015123_900v-upOk4DJq.png);\"\n                            ><\/div>\n\t\t\t\t\t\t<\/div>\n\t\t\t\t\t\t<div class=\"c\">\n\t\t\t\t\t\t\t<div class=\"title\">Rivaner vom Porphyr trocken 2023<\/div>\n\t\t\t\t\t\t\t<div class=\"brand\">Fogt<\/div>\n\t\t\t\t\t\t\t\t\t\t\t\t\t\t\t<div class=\"details\">\n\t\t\t\t\t\t\t\t\t\t\t\t\t\t\t\t\t\t\t<div>Wei\u00dfwein<\/div>\n\t\t\t\t\t\t\t\t\t\t\t\t\t\t\t\t\t\t\t<div>Rivaner<\/div>\n\t\t\t\t\t\t\t\t\t\t\t\t\t\t\t\t\t<\/div>\n\t\t\t\t\t\t\t\t\t\t\t\t\t<\/div>\n\t\t\t\t\t<\/a>\n\t\t\t\t<\/div>\n\t\t\t\t\t<\/div>\n\t<\/div>\n<\/div>\n<script>_w(() => new WF.Magazin.ProductSlider('#_prodSlider69f53d0ecc885'));<\/script>\n\n<h2>Mehr \u00fcber Bukettsorten im Weinfreunde Podcast Bei Anruf Wein<\/h2>\n<div><script id=\"letscast-player-5c0fa52d\" src=\"https:\/\/letscast.fm\/podcasts\/bei-anruf-wein-der-weinpodcast-0e704e2e\/episodes\/echt-dufte-aroma-rebsorten\/player.js\"><\/script><\/div>\n","protected":false},"excerpt":{"rendered":"<p>Unter dem sperrigen Namen \u201eBukettsorten\u201c verbirgt sich eine Gruppe von wei\u00dfen Rebsorten, die sich durch ihren hohen Grad an Aromen von anderen Rebsorten absetzen. Unser Kollege Daniel M\u00fcnster hat sich mit dieser besonderen Gruppe im Folgenden besch\u00e4ftigt. Seine erste Diensthandlung&#8230; <a class=\"moretag\" href=\"https:\/\/www.weinfreunde.de\/magazin\/weinwissen\/bukettsorten-aromen-im-ueberfluss\/\">weiterlesen<\/a><\/p>\n","protected":false},"author":50,"featured_media":4818,"comment_status":"closed","ping_status":"closed","sticky":false,"template":"","format":"standard","meta":{"footnotes":""},"categories":[6,10],"tags":[],"class_list":["post-4814","post","type-post","status-publish","format-standard","has-post-thumbnail","hentry","category-weinglossar","category-weinschule"],"yoast_head":"<!-- This site is optimized with the Yoast SEO plugin v27.5 - https:\/\/yoast.com\/product\/yoast-seo-wordpress\/ -->\n<title>Bukettsorten: Aromen im \u00dcberfluss &#187; Weinfreunde Magazin<\/title>\n<meta name=\"description\" content=\"Aroma- bzw. Bukettsorten bezeichnen einige wei\u00dfe Rebsorten mit einem intensiven Aroma. Dadurch unterscheiden sie sich von anderen Rebsorten.\" \/>\n<meta name=\"robots\" content=\"index, follow, max-snippet:-1, max-image-preview:large, max-video-preview:-1\" \/>\n<link rel=\"canonical\" href=\"https:\/\/www.weinfreunde.de\/magazin\/weinwissen\/bukettsorten-aromen-im-ueberfluss\/\" \/>\n<meta property=\"og:locale\" content=\"de_DE\" \/>\n<meta property=\"og:type\" content=\"article\" \/>\n<meta property=\"og:title\" content=\"Bukettsorten: Aromen im \u00dcberfluss &#187; Weinfreunde Magazin\" \/>\n<meta property=\"og:description\" content=\"Aroma- bzw. Bukettsorten bezeichnen einige wei\u00dfe Rebsorten mit einem intensiven Aroma. Dadurch unterscheiden sie sich von anderen Rebsorten.\" \/>\n<meta property=\"og:url\" content=\"https:\/\/www.weinfreunde.de\/magazin\/weinwissen\/bukettsorten-aromen-im-ueberfluss\/\" \/>\n<meta property=\"og:site_name\" content=\"Weinfreunde Magazin\" \/>\n<meta property=\"article:publisher\" content=\"https:\/\/www.facebook.com\/weinfreunde.de\" \/>\n<meta property=\"article:published_time\" content=\"2020-05-22T10:19:35+00:00\" \/>\n<meta property=\"article:modified_time\" content=\"2025-09-02T13:35:53+00:00\" \/>\n<meta property=\"og:image\" content=\"https:\/\/www.weinfreunde.de\/magazin\/wp-content\/uploads\/2020\/05\/shutterstock_324727994_LZ-1-scaled.jpg.webp\" \/>\n\t<meta property=\"og:image:width\" content=\"2048\" \/>\n\t<meta property=\"og:image:height\" content=\"400\" \/>\n\t<meta property=\"og:image:type\" content=\"image\/jpeg\" \/>\n<meta name=\"author\" content=\"Stefan Behr\" \/>\n<meta name=\"twitter:card\" content=\"summary_large_image\" \/>\n<meta name=\"twitter:label1\" content=\"Written by\" \/>\n\t<meta name=\"twitter:data1\" content=\"Stefan Behr\" \/>\n\t<meta name=\"twitter:label2\" content=\"Est. reading time\" \/>\n\t<meta name=\"twitter:data2\" content=\"4\u00a0Minuten\" \/>\n<script type=\"application\/ld+json\" class=\"yoast-schema-graph\">{\"@context\":\"https:\\\/\\\/schema.org\",\"@graph\":[{\"@type\":\"Article\",\"@id\":\"https:\\\/\\\/www.weinfreunde.de\\\/magazin\\\/weinwissen\\\/bukettsorten-aromen-im-ueberfluss\\\/#article\",\"isPartOf\":{\"@id\":\"https:\\\/\\\/www.weinfreunde.de\\\/magazin\\\/weinwissen\\\/bukettsorten-aromen-im-ueberfluss\\\/\"},\"author\":{\"name\":\"Stefan Behr\",\"@id\":\"https:\\\/\\\/www.weinfreunde.de\\\/magazin\\\/#\\\/schema\\\/person\\\/abb07265f2256455a8865af286d4d0e0\"},\"headline\":\"Bukettsorten: Aromen im \u00dcberfluss\",\"datePublished\":\"2020-05-22T10:19:35+00:00\",\"dateModified\":\"2025-09-02T13:35:53+00:00\",\"mainEntityOfPage\":{\"@id\":\"https:\\\/\\\/www.weinfreunde.de\\\/magazin\\\/weinwissen\\\/bukettsorten-aromen-im-ueberfluss\\\/\"},\"wordCount\":680,\"publisher\":{\"@id\":\"https:\\\/\\\/www.weinfreunde.de\\\/magazin\\\/#organization\"},\"image\":{\"@id\":\"https:\\\/\\\/www.weinfreunde.de\\\/magazin\\\/weinwissen\\\/bukettsorten-aromen-im-ueberfluss\\\/#primaryimage\"},\"thumbnailUrl\":\"https:\\\/\\\/www.weinfreunde.de\\\/magazin\\\/wp-content\\\/uploads\\\/2020\\\/05\\\/shutterstock_324727994_LZ-1-scaled.jpg.webp\",\"articleSection\":[\"Weinglossar\",\"Weinschule\"],\"inLanguage\":\"de\"},{\"@type\":\"WebPage\",\"@id\":\"https:\\\/\\\/www.weinfreunde.de\\\/magazin\\\/weinwissen\\\/bukettsorten-aromen-im-ueberfluss\\\/\",\"url\":\"https:\\\/\\\/www.weinfreunde.de\\\/magazin\\\/weinwissen\\\/bukettsorten-aromen-im-ueberfluss\\\/\",\"name\":\"Bukettsorten: Aromen im \u00dcberfluss &#187; Weinfreunde Magazin\",\"isPartOf\":{\"@id\":\"https:\\\/\\\/www.weinfreunde.de\\\/magazin\\\/#website\"},\"primaryImageOfPage\":{\"@id\":\"https:\\\/\\\/www.weinfreunde.de\\\/magazin\\\/weinwissen\\\/bukettsorten-aromen-im-ueberfluss\\\/#primaryimage\"},\"image\":{\"@id\":\"https:\\\/\\\/www.weinfreunde.de\\\/magazin\\\/weinwissen\\\/bukettsorten-aromen-im-ueberfluss\\\/#primaryimage\"},\"thumbnailUrl\":\"https:\\\/\\\/www.weinfreunde.de\\\/magazin\\\/wp-content\\\/uploads\\\/2020\\\/05\\\/shutterstock_324727994_LZ-1-scaled.jpg.webp\",\"datePublished\":\"2020-05-22T10:19:35+00:00\",\"dateModified\":\"2025-09-02T13:35:53+00:00\",\"description\":\"Aroma- bzw. Bukettsorten bezeichnen einige wei\u00dfe Rebsorten mit einem intensiven Aroma. Dadurch unterscheiden sie sich von anderen Rebsorten.\",\"breadcrumb\":{\"@id\":\"https:\\\/\\\/www.weinfreunde.de\\\/magazin\\\/weinwissen\\\/bukettsorten-aromen-im-ueberfluss\\\/#breadcrumb\"},\"inLanguage\":\"de\",\"potentialAction\":[{\"@type\":\"ReadAction\",\"target\":[\"https:\\\/\\\/www.weinfreunde.de\\\/magazin\\\/weinwissen\\\/bukettsorten-aromen-im-ueberfluss\\\/\"]}]},{\"@type\":\"ImageObject\",\"inLanguage\":\"de\",\"@id\":\"https:\\\/\\\/www.weinfreunde.de\\\/magazin\\\/weinwissen\\\/bukettsorten-aromen-im-ueberfluss\\\/#primaryimage\",\"url\":\"https:\\\/\\\/www.weinfreunde.de\\\/magazin\\\/wp-content\\\/uploads\\\/2020\\\/05\\\/shutterstock_324727994_LZ-1-scaled.jpg.webp\",\"contentUrl\":\"https:\\\/\\\/www.weinfreunde.de\\\/magazin\\\/wp-content\\\/uploads\\\/2020\\\/05\\\/shutterstock_324727994_LZ-1-scaled.jpg.webp\",\"width\":2048,\"height\":400,\"caption\":\"Paar trinkt Wei\u00dfwein\"},{\"@type\":\"BreadcrumbList\",\"@id\":\"https:\\\/\\\/www.weinfreunde.de\\\/magazin\\\/weinwissen\\\/bukettsorten-aromen-im-ueberfluss\\\/#breadcrumb\",\"itemListElement\":[{\"@type\":\"ListItem\",\"position\":1,\"name\":\"Magazin\",\"item\":\"https:\\\/\\\/www.weinfreunde.de\\\/magazin\\\/\"},{\"@type\":\"ListItem\",\"position\":2,\"name\":\"Weinwissen\",\"item\":\"https:\\\/\\\/www.weinfreunde.de\\\/magazin\\\/weinwissen\\\/\"},{\"@type\":\"ListItem\",\"position\":3,\"name\":\"Weinglossar\",\"item\":\"https:\\\/\\\/www.weinfreunde.de\\\/magazin\\\/weinwissen\\\/weinglossar\\\/\"},{\"@type\":\"ListItem\",\"position\":4,\"name\":\"Bukettsorten: Aromen im \u00dcberfluss\"}]},{\"@type\":\"WebSite\",\"@id\":\"https:\\\/\\\/www.weinfreunde.de\\\/magazin\\\/#website\",\"url\":\"https:\\\/\\\/www.weinfreunde.de\\\/magazin\\\/\",\"name\":\"Weinfreunde Magazin\",\"description\":\"Dein Weinfreunde Magazin\",\"publisher\":{\"@id\":\"https:\\\/\\\/www.weinfreunde.de\\\/magazin\\\/#organization\"},\"potentialAction\":[{\"@type\":\"SearchAction\",\"target\":{\"@type\":\"EntryPoint\",\"urlTemplate\":\"https:\\\/\\\/www.weinfreunde.de\\\/magazin\\\/?s={search_term_string}\"},\"query-input\":{\"@type\":\"PropertyValueSpecification\",\"valueRequired\":true,\"valueName\":\"search_term_string\"}}],\"inLanguage\":\"de\"},{\"@type\":\"Organization\",\"@id\":\"https:\\\/\\\/www.weinfreunde.de\\\/magazin\\\/#organization\",\"name\":\"REWE Wein online GmbH | Weinfreunde\",\"url\":\"https:\\\/\\\/www.weinfreunde.de\\\/magazin\\\/\",\"logo\":{\"@type\":\"ImageObject\",\"inLanguage\":\"de\",\"@id\":\"https:\\\/\\\/www.weinfreunde.de\\\/magazin\\\/#\\\/schema\\\/logo\\\/image\\\/\",\"url\":\"https:\\\/\\\/www.weinfreunde.de\\\/magazin\\\/wp-content\\\/uploads\\\/2019\\\/08\\\/WF_Logo_Vertikal_Claim_Schwarz-scaled.jpg.webp\",\"contentUrl\":\"https:\\\/\\\/www.weinfreunde.de\\\/magazin\\\/wp-content\\\/uploads\\\/2019\\\/08\\\/WF_Logo_Vertikal_Claim_Schwarz-scaled.jpg.webp\",\"width\":2048,\"height\":1241,\"caption\":\"REWE Wein online GmbH | Weinfreunde\"},\"image\":{\"@id\":\"https:\\\/\\\/www.weinfreunde.de\\\/magazin\\\/#\\\/schema\\\/logo\\\/image\\\/\"},\"sameAs\":[\"https:\\\/\\\/www.facebook.com\\\/weinfreunde.de\"]},{\"@type\":\"Person\",\"@id\":\"https:\\\/\\\/www.weinfreunde.de\\\/magazin\\\/#\\\/schema\\\/person\\\/abb07265f2256455a8865af286d4d0e0\",\"name\":\"Stefan Behr\",\"image\":{\"@type\":\"ImageObject\",\"inLanguage\":\"de\",\"@id\":\"https:\\\/\\\/secure.gravatar.com\\\/avatar\\\/84cc92f6b941bf67f1a71865b8fe2adac9b7c0a349fcb9f8ed7ff16a9f47afb3?s=96&d=mm&r=g\",\"url\":\"https:\\\/\\\/secure.gravatar.com\\\/avatar\\\/84cc92f6b941bf67f1a71865b8fe2adac9b7c0a349fcb9f8ed7ff16a9f47afb3?s=96&d=mm&r=g\",\"contentUrl\":\"https:\\\/\\\/secure.gravatar.com\\\/avatar\\\/84cc92f6b941bf67f1a71865b8fe2adac9b7c0a349fcb9f8ed7ff16a9f47afb3?s=96&d=mm&r=g\",\"caption\":\"Stefan Behr\"},\"description\":\"Eink\u00e4ufer Stefan hat stets den richtigen Riecher f\u00fcr neue Weine. An der Nahe geboren, im Rheingau studiert, hat er besonders eine Schw\u00e4che f\u00fcr die Weine aus Bella Italia.\",\"sameAs\":[\"https:\\\/\\\/www.weinfreunde.de\"],\"url\":\"https:\\\/\\\/www.weinfreunde.de\\\/magazin\\\/author\\\/sbehr\\\/\"}]}<\/script>\n<!-- \/ Yoast SEO plugin. -->","yoast_head_json":{"title":"Bukettsorten: Aromen im \u00dcberfluss &#187; Weinfreunde Magazin","description":"Aroma- bzw. Bukettsorten bezeichnen einige wei\u00dfe Rebsorten mit einem intensiven Aroma. Dadurch unterscheiden sie sich von anderen Rebsorten.","robots":{"index":"index","follow":"follow","max-snippet":"max-snippet:-1","max-image-preview":"max-image-preview:large","max-video-preview":"max-video-preview:-1"},"canonical":"https:\/\/www.weinfreunde.de\/magazin\/weinwissen\/bukettsorten-aromen-im-ueberfluss\/","og_locale":"de_DE","og_type":"article","og_title":"Bukettsorten: Aromen im \u00dcberfluss &#187; Weinfreunde Magazin","og_description":"Aroma- bzw. Bukettsorten bezeichnen einige wei\u00dfe Rebsorten mit einem intensiven Aroma. Dadurch unterscheiden sie sich von anderen Rebsorten.","og_url":"https:\/\/www.weinfreunde.de\/magazin\/weinwissen\/bukettsorten-aromen-im-ueberfluss\/","og_site_name":"Weinfreunde Magazin","article_publisher":"https:\/\/www.facebook.com\/weinfreunde.de","article_published_time":"2020-05-22T10:19:35+00:00","article_modified_time":"2025-09-02T13:35:53+00:00","og_image":[{"width":2048,"height":400,"url":"https:\/\/www.weinfreunde.de\/magazin\/wp-content\/uploads\/2020\/05\/shutterstock_324727994_LZ-1-scaled.jpg.webp","type":"image\/jpeg"}],"author":"Stefan Behr","twitter_card":"summary_large_image","twitter_misc":{"Written by":"Stefan Behr","Est. reading time":"4\u00a0Minuten"},"schema":{"@context":"https:\/\/schema.org","@graph":[{"@type":"Article","@id":"https:\/\/www.weinfreunde.de\/magazin\/weinwissen\/bukettsorten-aromen-im-ueberfluss\/#article","isPartOf":{"@id":"https:\/\/www.weinfreunde.de\/magazin\/weinwissen\/bukettsorten-aromen-im-ueberfluss\/"},"author":{"name":"Stefan Behr","@id":"https:\/\/www.weinfreunde.de\/magazin\/#\/schema\/person\/abb07265f2256455a8865af286d4d0e0"},"headline":"Bukettsorten: Aromen im \u00dcberfluss","datePublished":"2020-05-22T10:19:35+00:00","dateModified":"2025-09-02T13:35:53+00:00","mainEntityOfPage":{"@id":"https:\/\/www.weinfreunde.de\/magazin\/weinwissen\/bukettsorten-aromen-im-ueberfluss\/"},"wordCount":680,"publisher":{"@id":"https:\/\/www.weinfreunde.de\/magazin\/#organization"},"image":{"@id":"https:\/\/www.weinfreunde.de\/magazin\/weinwissen\/bukettsorten-aromen-im-ueberfluss\/#primaryimage"},"thumbnailUrl":"https:\/\/www.weinfreunde.de\/magazin\/wp-content\/uploads\/2020\/05\/shutterstock_324727994_LZ-1-scaled.jpg.webp","articleSection":["Weinglossar","Weinschule"],"inLanguage":"de"},{"@type":"WebPage","@id":"https:\/\/www.weinfreunde.de\/magazin\/weinwissen\/bukettsorten-aromen-im-ueberfluss\/","url":"https:\/\/www.weinfreunde.de\/magazin\/weinwissen\/bukettsorten-aromen-im-ueberfluss\/","name":"Bukettsorten: Aromen im \u00dcberfluss &#187; Weinfreunde Magazin","isPartOf":{"@id":"https:\/\/www.weinfreunde.de\/magazin\/#website"},"primaryImageOfPage":{"@id":"https:\/\/www.weinfreunde.de\/magazin\/weinwissen\/bukettsorten-aromen-im-ueberfluss\/#primaryimage"},"image":{"@id":"https:\/\/www.weinfreunde.de\/magazin\/weinwissen\/bukettsorten-aromen-im-ueberfluss\/#primaryimage"},"thumbnailUrl":"https:\/\/www.weinfreunde.de\/magazin\/wp-content\/uploads\/2020\/05\/shutterstock_324727994_LZ-1-scaled.jpg.webp","datePublished":"2020-05-22T10:19:35+00:00","dateModified":"2025-09-02T13:35:53+00:00","description":"Aroma- bzw. Bukettsorten bezeichnen einige wei\u00dfe Rebsorten mit einem intensiven Aroma. Dadurch unterscheiden sie sich von anderen Rebsorten.","breadcrumb":{"@id":"https:\/\/www.weinfreunde.de\/magazin\/weinwissen\/bukettsorten-aromen-im-ueberfluss\/#breadcrumb"},"inLanguage":"de","potentialAction":[{"@type":"ReadAction","target":["https:\/\/www.weinfreunde.de\/magazin\/weinwissen\/bukettsorten-aromen-im-ueberfluss\/"]}]},{"@type":"ImageObject","inLanguage":"de","@id":"https:\/\/www.weinfreunde.de\/magazin\/weinwissen\/bukettsorten-aromen-im-ueberfluss\/#primaryimage","url":"https:\/\/www.weinfreunde.de\/magazin\/wp-content\/uploads\/2020\/05\/shutterstock_324727994_LZ-1-scaled.jpg.webp","contentUrl":"https:\/\/www.weinfreunde.de\/magazin\/wp-content\/uploads\/2020\/05\/shutterstock_324727994_LZ-1-scaled.jpg.webp","width":2048,"height":400,"caption":"Paar trinkt Wei\u00dfwein"},{"@type":"BreadcrumbList","@id":"https:\/\/www.weinfreunde.de\/magazin\/weinwissen\/bukettsorten-aromen-im-ueberfluss\/#breadcrumb","itemListElement":[{"@type":"ListItem","position":1,"name":"Magazin","item":"https:\/\/www.weinfreunde.de\/magazin\/"},{"@type":"ListItem","position":2,"name":"Weinwissen","item":"https:\/\/www.weinfreunde.de\/magazin\/weinwissen\/"},{"@type":"ListItem","position":3,"name":"Weinglossar","item":"https:\/\/www.weinfreunde.de\/magazin\/weinwissen\/weinglossar\/"},{"@type":"ListItem","position":4,"name":"Bukettsorten: Aromen im \u00dcberfluss"}]},{"@type":"WebSite","@id":"https:\/\/www.weinfreunde.de\/magazin\/#website","url":"https:\/\/www.weinfreunde.de\/magazin\/","name":"Weinfreunde Magazin","description":"Dein Weinfreunde Magazin","publisher":{"@id":"https:\/\/www.weinfreunde.de\/magazin\/#organization"},"potentialAction":[{"@type":"SearchAction","target":{"@type":"EntryPoint","urlTemplate":"https:\/\/www.weinfreunde.de\/magazin\/?s={search_term_string}"},"query-input":{"@type":"PropertyValueSpecification","valueRequired":true,"valueName":"search_term_string"}}],"inLanguage":"de"},{"@type":"Organization","@id":"https:\/\/www.weinfreunde.de\/magazin\/#organization","name":"REWE Wein online GmbH | Weinfreunde","url":"https:\/\/www.weinfreunde.de\/magazin\/","logo":{"@type":"ImageObject","inLanguage":"de","@id":"https:\/\/www.weinfreunde.de\/magazin\/#\/schema\/logo\/image\/","url":"https:\/\/www.weinfreunde.de\/magazin\/wp-content\/uploads\/2019\/08\/WF_Logo_Vertikal_Claim_Schwarz-scaled.jpg.webp","contentUrl":"https:\/\/www.weinfreunde.de\/magazin\/wp-content\/uploads\/2019\/08\/WF_Logo_Vertikal_Claim_Schwarz-scaled.jpg.webp","width":2048,"height":1241,"caption":"REWE Wein online GmbH | Weinfreunde"},"image":{"@id":"https:\/\/www.weinfreunde.de\/magazin\/#\/schema\/logo\/image\/"},"sameAs":["https:\/\/www.facebook.com\/weinfreunde.de"]},{"@type":"Person","@id":"https:\/\/www.weinfreunde.de\/magazin\/#\/schema\/person\/abb07265f2256455a8865af286d4d0e0","name":"Stefan Behr","image":{"@type":"ImageObject","inLanguage":"de","@id":"https:\/\/secure.gravatar.com\/avatar\/84cc92f6b941bf67f1a71865b8fe2adac9b7c0a349fcb9f8ed7ff16a9f47afb3?s=96&d=mm&r=g","url":"https:\/\/secure.gravatar.com\/avatar\/84cc92f6b941bf67f1a71865b8fe2adac9b7c0a349fcb9f8ed7ff16a9f47afb3?s=96&d=mm&r=g","contentUrl":"https:\/\/secure.gravatar.com\/avatar\/84cc92f6b941bf67f1a71865b8fe2adac9b7c0a349fcb9f8ed7ff16a9f47afb3?s=96&d=mm&r=g","caption":"Stefan Behr"},"description":"Eink\u00e4ufer Stefan hat stets den richtigen Riecher f\u00fcr neue Weine. An der Nahe geboren, im Rheingau studiert, hat er besonders eine Schw\u00e4che f\u00fcr die Weine aus Bella Italia.","sameAs":["https:\/\/www.weinfreunde.de"],"url":"https:\/\/www.weinfreunde.de\/magazin\/author\/sbehr\/"}]}},"_links":{"self":[{"href":"https:\/\/www.weinfreunde.de\/magazin\/wp-json\/wp\/v2\/posts\/4814","targetHints":{"allow":["GET"]}}],"collection":[{"href":"https:\/\/www.weinfreunde.de\/magazin\/wp-json\/wp\/v2\/posts"}],"about":[{"href":"https:\/\/www.weinfreunde.de\/magazin\/wp-json\/wp\/v2\/types\/post"}],"author":[{"embeddable":true,"href":"https:\/\/www.weinfreunde.de\/magazin\/wp-json\/wp\/v2\/users\/50"}],"replies":[{"embeddable":true,"href":"https:\/\/www.weinfreunde.de\/magazin\/wp-json\/wp\/v2\/comments?post=4814"}],"version-history":[{"count":4,"href":"https:\/\/www.weinfreunde.de\/magazin\/wp-json\/wp\/v2\/posts\/4814\/revisions"}],"predecessor-version":[{"id":12610,"href":"https:\/\/www.weinfreunde.de\/magazin\/wp-json\/wp\/v2\/posts\/4814\/revisions\/12610"}],"wp:featuredmedia":[{"embeddable":true,"href":"https:\/\/www.weinfreunde.de\/magazin\/wp-json\/wp\/v2\/media\/4818"}],"wp:attachment":[{"href":"https:\/\/www.weinfreunde.de\/magazin\/wp-json\/wp\/v2\/media?parent=4814"}],"wp:term":[{"taxonomy":"category","embeddable":true,"href":"https:\/\/www.weinfreunde.de\/magazin\/wp-json\/wp\/v2\/categories?post=4814"},{"taxonomy":"post_tag","embeddable":true,"href":"https:\/\/www.weinfreunde.de\/magazin\/wp-json\/wp\/v2\/tags?post=4814"}],"curies":[{"name":"wp","href":"https:\/\/api.w.org\/{rel}","templated":true}]}}