{"id":4765,"date":"2020-05-08T14:12:52","date_gmt":"2020-05-08T12:12:52","guid":{"rendered":"https:\/\/www.weinfreunde.de\/magazin\/?post_type=cp_frag_weinfreunde&#038;p=4765"},"modified":"2024-11-27T09:29:09","modified_gmt":"2024-11-27T08:29:09","slug":"wann-schneidet-man-wein-reben","status":"publish","type":"post","link":"https:\/\/www.weinfreunde.de\/magazin\/frag-die-weinfreunde\/wann-schneidet-man-wein-reben\/","title":{"rendered":"Wann schneidet man Wein-Reben?"},"content":{"rendered":"<p><strong>Nicht nur zur Ernte ist im Weinberg viel zu tun. Das wei\u00df auch Cornelia T. aus Wiesbaden und fragt sich, wann eigentlich Rebst\u00f6cke geschnitten werden. Unser Weinfreund und Winzerkind Sven Reinbold gibt einen \u00dcberblick.<\/strong><\/p>\n<p>Zun\u00e4chst einmal vorausgeschickt: Der Rebschnitt dient daf\u00fcr \u00fcbersch\u00fcssige Bl\u00e4tter, Triebe und mehrj\u00e4hriges Holz zu entfernen. Er gibt der Rebe Form und begrenzt sie auch in ihrer Gr\u00f6\u00dfe. W\u00fcrde man die Rebe einfach unkontrolliert weiterwachsen lassen, h\u00e4tte dies einen negativen Einfluss auf die Qualit\u00e4t der Trauben und den daraus gewonnenen Wein \u2013 zu viel Energie w\u00fcrde in das Wachstum der gesamten Pflanze gehen.<\/p>\n<h3>Richtungsweisend: Der Winterschnitt<\/h3>\n<p>Aber der Reihe nach: Winzer schneiden sowohl im Winter als auch im Sommer ihre Reben. Der Winterschnitt wird auf der n\u00f6rdlichen Erdhalbkugel an frostfreien Tagen im Januar und Februar durchgef\u00fchrt und ist der wichtigere der beiden Termine. Denn mit dem Winterschnitt wird die Anzahl und Anordnung der Knospen an der Rebe bestimmt. Und aus diesen entstehen wiederum die Triebe f\u00fcr die Trauben der folgenden Wachstumsperiode. Es werden im Winter also Ma\u00dfnahmen getroffen, die richtungsweisend f\u00fcr den kommenden Jahrgang sind.<\/p>\n<h3>Wachstumsbremsend: der Sommerschnitt<\/h3>\n<p>Beim Sommerschnitt geht es vor allem um die Ausd\u00fcnnung des Laubdachs, also um die Reduzierung des Wachstums der Rebe als solches. Nur so wird die Zuckerproduktion der Pflanze in die Beeren gelenkt und nicht f\u00fcr die Bildung von neuen Trieben und Bl\u00e4ttern \u201everschwendet\u201c. Auch werden im Sommer gezielt Bl\u00e4tter entfernt, um einzelne Trauben optimaler der Sonneneinstrahlung auszusetzen.<\/p>\n<p>Meine Beitragsreihe zu den Jahreszeiten im Weinberg f\u00fchrt die ganzj\u00e4hrigen Arbeiten eines Winzers nochmals detaillierter zusammen. Hier sind die Artikel nachzulesen:<\/p>\n<ul>\n<li><a href=\"\/magazin\/weinwissen\/winter-im-weinberg\/\">Winter im Weinberg<\/a><\/li>\n<li><a href=\"\/magazin\/weinwissen\/fruhjahr-im-weinberg\/\">Fr\u00fchjahr im Weinberg<\/a><\/li>\n<li><a href=\"\/magazin\/weinwissen\/sommer-im-weinberg-laubarbeit-und-gruene-lese\/\">Sommer im Weinberg<\/a><\/li>\n<li><a href=\"\/magazin\/weinwissen\/weinlese-das-finale-im-weinberg\/\">Weinlese: Das Finale im Weinberg<\/a><\/li>\n<\/ul>\n","protected":false},"excerpt":{"rendered":"<p>Nicht nur zur Ernte ist im Weinberg viel zu tun. Das wei\u00df auch Cornelia T. aus Wiesbaden und fragt sich, wann eigentlich Rebst\u00f6cke geschnitten werden. Unser Weinfreund und Winzerkind Sven Reinbold gibt einen \u00dcberblick. Zun\u00e4chst einmal vorausgeschickt: Der Rebschnitt dient&#8230; <a class=\"moretag\" href=\"https:\/\/www.weinfreunde.de\/magazin\/frag-die-weinfreunde\/wann-schneidet-man-wein-reben\/\">weiterlesen<\/a><\/p>\n","protected":false},"author":51,"featured_media":4766,"comment_status":"closed","ping_status":"closed","sticky":false,"template":"","format":"standard","meta":{"footnotes":""},"categories":[47],"tags":[],"class_list":["post-4765","post","type-post","status-publish","format-standard","has-post-thumbnail","hentry","category-frag-die-weinfreunde"],"yoast_head":"<!-- This site is optimized with the Yoast SEO plugin v27.5 - https:\/\/yoast.com\/product\/yoast-seo-wordpress\/ -->\n<title>Wann schneidet man Wein-Reben? &#187; Weinfreunde Magazin<\/title>\n<meta name=\"description\" content=\"Wann schneidet man am besten Wein-Reben? Alle Hobby-Winzer finden hier die kurze und knackige Antwort. Frag die Weinfreunde und wir geben Antworten.\" \/>\n<meta name=\"robots\" content=\"index, follow, max-snippet:-1, max-image-preview:large, max-video-preview:-1\" \/>\n<link rel=\"canonical\" href=\"https:\/\/www.weinfreunde.de\/magazin\/frag-die-weinfreunde\/wann-schneidet-man-wein-reben\/\" \/>\n<meta property=\"og:locale\" content=\"de_DE\" \/>\n<meta property=\"og:type\" content=\"article\" \/>\n<meta property=\"og:title\" content=\"Wann schneidet man Wein-Reben? &#187; Weinfreunde Magazin\" \/>\n<meta property=\"og:description\" content=\"Wann schneidet man am besten Wein-Reben? Alle Hobby-Winzer finden hier die kurze und knackige Antwort. Frag die Weinfreunde und wir geben Antworten.\" \/>\n<meta property=\"og:url\" content=\"https:\/\/www.weinfreunde.de\/magazin\/frag-die-weinfreunde\/wann-schneidet-man-wein-reben\/\" \/>\n<meta property=\"og:site_name\" content=\"Weinfreunde Magazin\" \/>\n<meta property=\"article:publisher\" content=\"https:\/\/www.facebook.com\/weinfreunde.de\" \/>\n<meta property=\"article:published_time\" content=\"2020-05-08T12:12:52+00:00\" \/>\n<meta property=\"article:modified_time\" content=\"2024-11-27T08:29:09+00:00\" \/>\n<meta property=\"og:image\" content=\"https:\/\/www.weinfreunde.de\/magazin\/wp-content\/uploads\/2020\/05\/shutterstock_595174130_LZ-web-1-scaled.jpg.webp\" \/>\n\t<meta property=\"og:image:width\" content=\"2048\" \/>\n\t<meta property=\"og:image:height\" content=\"400\" \/>\n\t<meta property=\"og:image:type\" content=\"image\/jpeg\" \/>\n<meta name=\"author\" content=\"Sven Reinbold\" \/>\n<meta name=\"twitter:card\" content=\"summary_large_image\" \/>\n<meta name=\"twitter:label1\" content=\"Written by\" \/>\n\t<meta name=\"twitter:data1\" content=\"Sven Reinbold\" \/>\n\t<meta name=\"twitter:label2\" content=\"Est. reading time\" \/>\n\t<meta name=\"twitter:data2\" content=\"2\u00a0Minuten\" \/>\n<script type=\"application\/ld+json\" class=\"yoast-schema-graph\">{\"@context\":\"https:\\\/\\\/schema.org\",\"@graph\":[{\"@type\":\"Article\",\"@id\":\"https:\\\/\\\/www.weinfreunde.de\\\/magazin\\\/frag-die-weinfreunde\\\/wann-schneidet-man-wein-reben\\\/#article\",\"isPartOf\":{\"@id\":\"https:\\\/\\\/www.weinfreunde.de\\\/magazin\\\/frag-die-weinfreunde\\\/wann-schneidet-man-wein-reben\\\/\"},\"author\":{\"name\":\"Sven Reinbold\",\"@id\":\"https:\\\/\\\/www.weinfreunde.de\\\/magazin\\\/#\\\/schema\\\/person\\\/559ebf66114e1f3015099c8edb732aaa\"},\"headline\":\"Wann schneidet man Wein-Reben?\",\"datePublished\":\"2020-05-08T12:12:52+00:00\",\"dateModified\":\"2024-11-27T08:29:09+00:00\",\"mainEntityOfPage\":{\"@id\":\"https:\\\/\\\/www.weinfreunde.de\\\/magazin\\\/frag-die-weinfreunde\\\/wann-schneidet-man-wein-reben\\\/\"},\"wordCount\":299,\"publisher\":{\"@id\":\"https:\\\/\\\/www.weinfreunde.de\\\/magazin\\\/#organization\"},\"image\":{\"@id\":\"https:\\\/\\\/www.weinfreunde.de\\\/magazin\\\/frag-die-weinfreunde\\\/wann-schneidet-man-wein-reben\\\/#primaryimage\"},\"thumbnailUrl\":\"https:\\\/\\\/www.weinfreunde.de\\\/magazin\\\/wp-content\\\/uploads\\\/2020\\\/05\\\/shutterstock_595174130_LZ-web-1-scaled.jpg.webp\",\"articleSection\":[\"Frag Die Weinfreunde\"],\"inLanguage\":\"de\"},{\"@type\":\"WebPage\",\"@id\":\"https:\\\/\\\/www.weinfreunde.de\\\/magazin\\\/frag-die-weinfreunde\\\/wann-schneidet-man-wein-reben\\\/\",\"url\":\"https:\\\/\\\/www.weinfreunde.de\\\/magazin\\\/frag-die-weinfreunde\\\/wann-schneidet-man-wein-reben\\\/\",\"name\":\"Wann schneidet man Wein-Reben? &#187; Weinfreunde Magazin\",\"isPartOf\":{\"@id\":\"https:\\\/\\\/www.weinfreunde.de\\\/magazin\\\/#website\"},\"primaryImageOfPage\":{\"@id\":\"https:\\\/\\\/www.weinfreunde.de\\\/magazin\\\/frag-die-weinfreunde\\\/wann-schneidet-man-wein-reben\\\/#primaryimage\"},\"image\":{\"@id\":\"https:\\\/\\\/www.weinfreunde.de\\\/magazin\\\/frag-die-weinfreunde\\\/wann-schneidet-man-wein-reben\\\/#primaryimage\"},\"thumbnailUrl\":\"https:\\\/\\\/www.weinfreunde.de\\\/magazin\\\/wp-content\\\/uploads\\\/2020\\\/05\\\/shutterstock_595174130_LZ-web-1-scaled.jpg.webp\",\"datePublished\":\"2020-05-08T12:12:52+00:00\",\"dateModified\":\"2024-11-27T08:29:09+00:00\",\"description\":\"Wann schneidet man am besten Wein-Reben? Alle Hobby-Winzer finden hier die kurze und knackige Antwort. Frag die Weinfreunde und wir geben Antworten.\",\"breadcrumb\":{\"@id\":\"https:\\\/\\\/www.weinfreunde.de\\\/magazin\\\/frag-die-weinfreunde\\\/wann-schneidet-man-wein-reben\\\/#breadcrumb\"},\"inLanguage\":\"de\",\"potentialAction\":[{\"@type\":\"ReadAction\",\"target\":[\"https:\\\/\\\/www.weinfreunde.de\\\/magazin\\\/frag-die-weinfreunde\\\/wann-schneidet-man-wein-reben\\\/\"]}]},{\"@type\":\"ImageObject\",\"inLanguage\":\"de\",\"@id\":\"https:\\\/\\\/www.weinfreunde.de\\\/magazin\\\/frag-die-weinfreunde\\\/wann-schneidet-man-wein-reben\\\/#primaryimage\",\"url\":\"https:\\\/\\\/www.weinfreunde.de\\\/magazin\\\/wp-content\\\/uploads\\\/2020\\\/05\\\/shutterstock_595174130_LZ-web-1-scaled.jpg.webp\",\"contentUrl\":\"https:\\\/\\\/www.weinfreunde.de\\\/magazin\\\/wp-content\\\/uploads\\\/2020\\\/05\\\/shutterstock_595174130_LZ-web-1-scaled.jpg.webp\",\"width\":2048,\"height\":400,\"caption\":\"Junge Weinrebe\"},{\"@type\":\"BreadcrumbList\",\"@id\":\"https:\\\/\\\/www.weinfreunde.de\\\/magazin\\\/frag-die-weinfreunde\\\/wann-schneidet-man-wein-reben\\\/#breadcrumb\",\"itemListElement\":[{\"@type\":\"ListItem\",\"position\":1,\"name\":\"Magazin\",\"item\":\"https:\\\/\\\/www.weinfreunde.de\\\/magazin\\\/\"},{\"@type\":\"ListItem\",\"position\":2,\"name\":\"Frag Die Weinfreunde\",\"item\":\"https:\\\/\\\/www.weinfreunde.de\\\/magazin\\\/frag-die-weinfreunde\\\/\"},{\"@type\":\"ListItem\",\"position\":3,\"name\":\"Wann schneidet man Wein-Reben?\"}]},{\"@type\":\"WebSite\",\"@id\":\"https:\\\/\\\/www.weinfreunde.de\\\/magazin\\\/#website\",\"url\":\"https:\\\/\\\/www.weinfreunde.de\\\/magazin\\\/\",\"name\":\"Weinfreunde Magazin\",\"description\":\"Dein Weinfreunde Magazin\",\"publisher\":{\"@id\":\"https:\\\/\\\/www.weinfreunde.de\\\/magazin\\\/#organization\"},\"potentialAction\":[{\"@type\":\"SearchAction\",\"target\":{\"@type\":\"EntryPoint\",\"urlTemplate\":\"https:\\\/\\\/www.weinfreunde.de\\\/magazin\\\/?s={search_term_string}\"},\"query-input\":{\"@type\":\"PropertyValueSpecification\",\"valueRequired\":true,\"valueName\":\"search_term_string\"}}],\"inLanguage\":\"de\"},{\"@type\":\"Organization\",\"@id\":\"https:\\\/\\\/www.weinfreunde.de\\\/magazin\\\/#organization\",\"name\":\"REWE Wein online GmbH | Weinfreunde\",\"url\":\"https:\\\/\\\/www.weinfreunde.de\\\/magazin\\\/\",\"logo\":{\"@type\":\"ImageObject\",\"inLanguage\":\"de\",\"@id\":\"https:\\\/\\\/www.weinfreunde.de\\\/magazin\\\/#\\\/schema\\\/logo\\\/image\\\/\",\"url\":\"https:\\\/\\\/www.weinfreunde.de\\\/magazin\\\/wp-content\\\/uploads\\\/2019\\\/08\\\/WF_Logo_Vertikal_Claim_Schwarz-scaled.jpg.webp\",\"contentUrl\":\"https:\\\/\\\/www.weinfreunde.de\\\/magazin\\\/wp-content\\\/uploads\\\/2019\\\/08\\\/WF_Logo_Vertikal_Claim_Schwarz-scaled.jpg.webp\",\"width\":2048,\"height\":1241,\"caption\":\"REWE Wein online GmbH | Weinfreunde\"},\"image\":{\"@id\":\"https:\\\/\\\/www.weinfreunde.de\\\/magazin\\\/#\\\/schema\\\/logo\\\/image\\\/\"},\"sameAs\":[\"https:\\\/\\\/www.facebook.com\\\/weinfreunde.de\"]},{\"@type\":\"Person\",\"@id\":\"https:\\\/\\\/www.weinfreunde.de\\\/magazin\\\/#\\\/schema\\\/person\\\/559ebf66114e1f3015099c8edb732aaa\",\"name\":\"Sven Reinbold\",\"image\":{\"@type\":\"ImageObject\",\"inLanguage\":\"de\",\"@id\":\"https:\\\/\\\/secure.gravatar.com\\\/avatar\\\/442a281fe8a3265d34c1f3076a16936b837aeea8e50d42d2b246ca51142bd634?s=96&d=mm&r=g\",\"url\":\"https:\\\/\\\/secure.gravatar.com\\\/avatar\\\/442a281fe8a3265d34c1f3076a16936b837aeea8e50d42d2b246ca51142bd634?s=96&d=mm&r=g\",\"contentUrl\":\"https:\\\/\\\/secure.gravatar.com\\\/avatar\\\/442a281fe8a3265d34c1f3076a16936b837aeea8e50d42d2b246ca51142bd634?s=96&d=mm&r=g\",\"caption\":\"Sven Reinbold\"},\"description\":\"Bei Sven geh\u00f6rt Wein zur DNA. Unser Chef-Eink\u00e4ufer stammt aus einer Winzerfamilie vom Kaiserstuhl und hat Weinbetriebswirtschaft studiert: von Herkunft und Profession ein ganzer Weinversteher. Pers\u00f6nlich schw\u00e4rmt er f\u00fcr Wei\u00dfweine aus Italien, seine rote Liebe gilt jedoch der Rh\u00f4ne und dem Burgund.\",\"sameAs\":[\"https:\\\/\\\/www.weinfreunde.de\"],\"url\":\"https:\\\/\\\/www.weinfreunde.de\\\/magazin\\\/author\\\/sreinbold\\\/\"}]}<\/script>\n<!-- \/ Yoast SEO plugin. -->","yoast_head_json":{"title":"Wann schneidet man Wein-Reben? &#187; Weinfreunde Magazin","description":"Wann schneidet man am besten Wein-Reben? Alle Hobby-Winzer finden hier die kurze und knackige Antwort. Frag die Weinfreunde und wir geben Antworten.","robots":{"index":"index","follow":"follow","max-snippet":"max-snippet:-1","max-image-preview":"max-image-preview:large","max-video-preview":"max-video-preview:-1"},"canonical":"https:\/\/www.weinfreunde.de\/magazin\/frag-die-weinfreunde\/wann-schneidet-man-wein-reben\/","og_locale":"de_DE","og_type":"article","og_title":"Wann schneidet man Wein-Reben? &#187; Weinfreunde Magazin","og_description":"Wann schneidet man am besten Wein-Reben? Alle Hobby-Winzer finden hier die kurze und knackige Antwort. Frag die Weinfreunde und wir geben Antworten.","og_url":"https:\/\/www.weinfreunde.de\/magazin\/frag-die-weinfreunde\/wann-schneidet-man-wein-reben\/","og_site_name":"Weinfreunde Magazin","article_publisher":"https:\/\/www.facebook.com\/weinfreunde.de","article_published_time":"2020-05-08T12:12:52+00:00","article_modified_time":"2024-11-27T08:29:09+00:00","og_image":[{"width":2048,"height":400,"url":"https:\/\/www.weinfreunde.de\/magazin\/wp-content\/uploads\/2020\/05\/shutterstock_595174130_LZ-web-1-scaled.jpg.webp","type":"image\/jpeg"}],"author":"Sven Reinbold","twitter_card":"summary_large_image","twitter_misc":{"Written by":"Sven Reinbold","Est. reading time":"2\u00a0Minuten"},"schema":{"@context":"https:\/\/schema.org","@graph":[{"@type":"Article","@id":"https:\/\/www.weinfreunde.de\/magazin\/frag-die-weinfreunde\/wann-schneidet-man-wein-reben\/#article","isPartOf":{"@id":"https:\/\/www.weinfreunde.de\/magazin\/frag-die-weinfreunde\/wann-schneidet-man-wein-reben\/"},"author":{"name":"Sven Reinbold","@id":"https:\/\/www.weinfreunde.de\/magazin\/#\/schema\/person\/559ebf66114e1f3015099c8edb732aaa"},"headline":"Wann schneidet man Wein-Reben?","datePublished":"2020-05-08T12:12:52+00:00","dateModified":"2024-11-27T08:29:09+00:00","mainEntityOfPage":{"@id":"https:\/\/www.weinfreunde.de\/magazin\/frag-die-weinfreunde\/wann-schneidet-man-wein-reben\/"},"wordCount":299,"publisher":{"@id":"https:\/\/www.weinfreunde.de\/magazin\/#organization"},"image":{"@id":"https:\/\/www.weinfreunde.de\/magazin\/frag-die-weinfreunde\/wann-schneidet-man-wein-reben\/#primaryimage"},"thumbnailUrl":"https:\/\/www.weinfreunde.de\/magazin\/wp-content\/uploads\/2020\/05\/shutterstock_595174130_LZ-web-1-scaled.jpg.webp","articleSection":["Frag Die Weinfreunde"],"inLanguage":"de"},{"@type":"WebPage","@id":"https:\/\/www.weinfreunde.de\/magazin\/frag-die-weinfreunde\/wann-schneidet-man-wein-reben\/","url":"https:\/\/www.weinfreunde.de\/magazin\/frag-die-weinfreunde\/wann-schneidet-man-wein-reben\/","name":"Wann schneidet man Wein-Reben? &#187; Weinfreunde Magazin","isPartOf":{"@id":"https:\/\/www.weinfreunde.de\/magazin\/#website"},"primaryImageOfPage":{"@id":"https:\/\/www.weinfreunde.de\/magazin\/frag-die-weinfreunde\/wann-schneidet-man-wein-reben\/#primaryimage"},"image":{"@id":"https:\/\/www.weinfreunde.de\/magazin\/frag-die-weinfreunde\/wann-schneidet-man-wein-reben\/#primaryimage"},"thumbnailUrl":"https:\/\/www.weinfreunde.de\/magazin\/wp-content\/uploads\/2020\/05\/shutterstock_595174130_LZ-web-1-scaled.jpg.webp","datePublished":"2020-05-08T12:12:52+00:00","dateModified":"2024-11-27T08:29:09+00:00","description":"Wann schneidet man am besten Wein-Reben? Alle Hobby-Winzer finden hier die kurze und knackige Antwort. Frag die Weinfreunde und wir geben Antworten.","breadcrumb":{"@id":"https:\/\/www.weinfreunde.de\/magazin\/frag-die-weinfreunde\/wann-schneidet-man-wein-reben\/#breadcrumb"},"inLanguage":"de","potentialAction":[{"@type":"ReadAction","target":["https:\/\/www.weinfreunde.de\/magazin\/frag-die-weinfreunde\/wann-schneidet-man-wein-reben\/"]}]},{"@type":"ImageObject","inLanguage":"de","@id":"https:\/\/www.weinfreunde.de\/magazin\/frag-die-weinfreunde\/wann-schneidet-man-wein-reben\/#primaryimage","url":"https:\/\/www.weinfreunde.de\/magazin\/wp-content\/uploads\/2020\/05\/shutterstock_595174130_LZ-web-1-scaled.jpg.webp","contentUrl":"https:\/\/www.weinfreunde.de\/magazin\/wp-content\/uploads\/2020\/05\/shutterstock_595174130_LZ-web-1-scaled.jpg.webp","width":2048,"height":400,"caption":"Junge Weinrebe"},{"@type":"BreadcrumbList","@id":"https:\/\/www.weinfreunde.de\/magazin\/frag-die-weinfreunde\/wann-schneidet-man-wein-reben\/#breadcrumb","itemListElement":[{"@type":"ListItem","position":1,"name":"Magazin","item":"https:\/\/www.weinfreunde.de\/magazin\/"},{"@type":"ListItem","position":2,"name":"Frag Die Weinfreunde","item":"https:\/\/www.weinfreunde.de\/magazin\/frag-die-weinfreunde\/"},{"@type":"ListItem","position":3,"name":"Wann schneidet man Wein-Reben?"}]},{"@type":"WebSite","@id":"https:\/\/www.weinfreunde.de\/magazin\/#website","url":"https:\/\/www.weinfreunde.de\/magazin\/","name":"Weinfreunde Magazin","description":"Dein Weinfreunde Magazin","publisher":{"@id":"https:\/\/www.weinfreunde.de\/magazin\/#organization"},"potentialAction":[{"@type":"SearchAction","target":{"@type":"EntryPoint","urlTemplate":"https:\/\/www.weinfreunde.de\/magazin\/?s={search_term_string}"},"query-input":{"@type":"PropertyValueSpecification","valueRequired":true,"valueName":"search_term_string"}}],"inLanguage":"de"},{"@type":"Organization","@id":"https:\/\/www.weinfreunde.de\/magazin\/#organization","name":"REWE Wein online GmbH | Weinfreunde","url":"https:\/\/www.weinfreunde.de\/magazin\/","logo":{"@type":"ImageObject","inLanguage":"de","@id":"https:\/\/www.weinfreunde.de\/magazin\/#\/schema\/logo\/image\/","url":"https:\/\/www.weinfreunde.de\/magazin\/wp-content\/uploads\/2019\/08\/WF_Logo_Vertikal_Claim_Schwarz-scaled.jpg.webp","contentUrl":"https:\/\/www.weinfreunde.de\/magazin\/wp-content\/uploads\/2019\/08\/WF_Logo_Vertikal_Claim_Schwarz-scaled.jpg.webp","width":2048,"height":1241,"caption":"REWE Wein online GmbH | Weinfreunde"},"image":{"@id":"https:\/\/www.weinfreunde.de\/magazin\/#\/schema\/logo\/image\/"},"sameAs":["https:\/\/www.facebook.com\/weinfreunde.de"]},{"@type":"Person","@id":"https:\/\/www.weinfreunde.de\/magazin\/#\/schema\/person\/559ebf66114e1f3015099c8edb732aaa","name":"Sven Reinbold","image":{"@type":"ImageObject","inLanguage":"de","@id":"https:\/\/secure.gravatar.com\/avatar\/442a281fe8a3265d34c1f3076a16936b837aeea8e50d42d2b246ca51142bd634?s=96&d=mm&r=g","url":"https:\/\/secure.gravatar.com\/avatar\/442a281fe8a3265d34c1f3076a16936b837aeea8e50d42d2b246ca51142bd634?s=96&d=mm&r=g","contentUrl":"https:\/\/secure.gravatar.com\/avatar\/442a281fe8a3265d34c1f3076a16936b837aeea8e50d42d2b246ca51142bd634?s=96&d=mm&r=g","caption":"Sven Reinbold"},"description":"Bei Sven geh\u00f6rt Wein zur DNA. Unser Chef-Eink\u00e4ufer stammt aus einer Winzerfamilie vom Kaiserstuhl und hat Weinbetriebswirtschaft studiert: von Herkunft und Profession ein ganzer Weinversteher. Pers\u00f6nlich schw\u00e4rmt er f\u00fcr Wei\u00dfweine aus Italien, seine rote Liebe gilt jedoch der Rh\u00f4ne und dem Burgund.","sameAs":["https:\/\/www.weinfreunde.de"],"url":"https:\/\/www.weinfreunde.de\/magazin\/author\/sreinbold\/"}]}},"_links":{"self":[{"href":"https:\/\/www.weinfreunde.de\/magazin\/wp-json\/wp\/v2\/posts\/4765","targetHints":{"allow":["GET"]}}],"collection":[{"href":"https:\/\/www.weinfreunde.de\/magazin\/wp-json\/wp\/v2\/posts"}],"about":[{"href":"https:\/\/www.weinfreunde.de\/magazin\/wp-json\/wp\/v2\/types\/post"}],"author":[{"embeddable":true,"href":"https:\/\/www.weinfreunde.de\/magazin\/wp-json\/wp\/v2\/users\/51"}],"replies":[{"embeddable":true,"href":"https:\/\/www.weinfreunde.de\/magazin\/wp-json\/wp\/v2\/comments?post=4765"}],"version-history":[{"count":2,"href":"https:\/\/www.weinfreunde.de\/magazin\/wp-json\/wp\/v2\/posts\/4765\/revisions"}],"predecessor-version":[{"id":12626,"href":"https:\/\/www.weinfreunde.de\/magazin\/wp-json\/wp\/v2\/posts\/4765\/revisions\/12626"}],"wp:featuredmedia":[{"embeddable":true,"href":"https:\/\/www.weinfreunde.de\/magazin\/wp-json\/wp\/v2\/media\/4766"}],"wp:attachment":[{"href":"https:\/\/www.weinfreunde.de\/magazin\/wp-json\/wp\/v2\/media?parent=4765"}],"wp:term":[{"taxonomy":"category","embeddable":true,"href":"https:\/\/www.weinfreunde.de\/magazin\/wp-json\/wp\/v2\/categories?post=4765"},{"taxonomy":"post_tag","embeddable":true,"href":"https:\/\/www.weinfreunde.de\/magazin\/wp-json\/wp\/v2\/tags?post=4765"}],"curies":[{"name":"wp","href":"https:\/\/api.w.org\/{rel}","templated":true}]}}