{"id":1662,"date":"2023-04-26T13:04:44","date_gmt":"2023-04-26T11:04:44","guid":{"rendered":"http:\/\/www.weinfreunde.de\/magazin\/?post_type=cp_weinwissen&#038;p=1662"},"modified":"2026-03-31T13:49:56","modified_gmt":"2026-03-31T11:49:56","slug":"vdp-verband-deutscher-praedikatsweingueter","status":"publish","type":"post","link":"https:\/\/www.weinfreunde.de\/magazin\/weinwissen\/vdp-verband-deutscher-praedikatsweingueter\/","title":{"rendered":"VDP &#8211; Verband Deutscher Pr\u00e4dikatsweing\u00fcter"},"content":{"rendered":"<p><strong>Der Prophet gilt im eigenen Lande nichts. Das galt nach den s\u00fc\u00dfen Weinen der 1960er und dem Glykolskandal in den 1980er Jahren lange auch f\u00fcr deutschen Wein. Dass dies mittlerweile nicht mehr so ist, daran hat der VDP seine unbestrittenen Verdienste. Hier erf\u00e4hrst du alles \u00fcber den Verband der Verb\u00e4nde in der deutschen Weinlandschaft.<\/strong><\/p>\n<p>Vielen gilt er als Stellvertreter deutschen Spitzenweins auf Erden: der <a href=\"https:\/\/www.vdp.de\/de\/\">Verband Deutscher Pr\u00e4dikatsweing\u00fcter<\/a>, kurz VDP. Tats\u00e4chlich sind die Weine der rund 200 Mitglieder nicht nur in <a href=\"\/magazin\/weinlaender\/wein-aus-deutschland\/\">Deutschland<\/a> als Aush\u00e4ngeschild herkunftsorientierter Weine aus streng ausgew\u00e4hlten Lagen und von bestem Winzerhandwerk anerkannt. Das hat seine Gr\u00fcnde und seine Geschichte.\u00a0Da sind zum einen die strengen <a href=\"\/magazin\/weinwissen\/was-bedeutet-qualitaet-beim-wein\/\">Qualit\u00e4tsvorgaben<\/a>, die \u00fcber die Standards des deutschen Weingesetzes deutlich hinausgehen: Es beginnt mit der exakten Bestimmung der einzelnen Lagen und ihrer besonderen B\u00f6den, setzt sich in der Arbeit mit den in Deutschland traditionellen Rebsorten wie <a href=\"\/magazin\/weinwissen\/riesling\/\">Riesling<\/a>, <a href=\"\/magazin\/weinwissen\/silvaner\/\">Silvaner<\/a> und den <a href=\"\/magazin\/weinwissen\/eine-handvoll-burgunder-rebsorten-trend-in-deutschland\/\">Burgundersorten<\/a> fort und zieht sich bis in die Festlegung des maximalen Ertrags pro Hektar sowie des Oechslegrades der eingesetzten Trauben.<\/p>\n<p>Auf Grundlage dieser Kriterien hat der VDP 2002 seine vierstufige Klassifikation entwickelt. Dabei hat er sowohl die Einteilung der Weing\u00fcter im <a href=\"\/magazin\/weinwissen\/bordeaux-weinanbau-auf-hoechstem-niveau\/\">Bordeaux<\/a>\u00a0als auch die Lagenklassifikation des <a href=\"\/magazin\/weinwissen\/die-weinregion-burgund\/\">Burgunds<\/a> im Blick. Ein direkter Hinweis auf den Selbstanspruch des VDP, in der ersten Liga der internationalen Weinwelt ganz oben mitzuspielen.<\/p>\n<div id=\"attachment_1665\" style=\"width: 1510px\" class=\"wp-caption alignnone\"><img loading=\"lazy\" decoding=\"async\" aria-describedby=\"caption-attachment-1665\" class=\"wp-image-1665 size-full\" src=\"https:\/\/www.weinfreunde.de\/magazin\/wp-content\/uploads\/2017\/03\/20170320_Infografik_VDP.jpg\" alt=\"VDP Pyramide\" width=\"1500\" height=\"960\" srcset=\"https:\/\/www.weinfreunde.de\/magazin\/wp-content\/uploads\/2017\/03\/20170320_Infografik_VDP.jpg 1500w, https:\/\/www.weinfreunde.de\/magazin\/wp-content\/uploads\/2017\/03\/20170320_Infografik_VDP-300x192.jpg 300w, https:\/\/www.weinfreunde.de\/magazin\/wp-content\/uploads\/2017\/03\/20170320_Infografik_VDP-1024x655.jpg 1024w, https:\/\/www.weinfreunde.de\/magazin\/wp-content\/uploads\/2017\/03\/20170320_Infografik_VDP-768x492.jpg 768w, https:\/\/www.weinfreunde.de\/magazin\/wp-content\/uploads\/2017\/03\/20170320_Infografik_VDP-749x479.jpg 749w, https:\/\/www.weinfreunde.de\/magazin\/wp-content\/uploads\/2017\/03\/20170320_Infografik_VDP-150x96.jpg 150w, https:\/\/www.weinfreunde.de\/magazin\/wp-content\/uploads\/2017\/03\/20170320_Infografik_VDP-390x250.jpg 390w, https:\/\/www.weinfreunde.de\/magazin\/wp-content\/uploads\/2017\/03\/20170320_Infografik_VDP-750x480.jpg 750w, https:\/\/www.weinfreunde.de\/magazin\/wp-content\/uploads\/2017\/03\/20170320_Infografik_VDP-1140x730.jpg 1140w\" sizes=\"auto, (max-width: 1500px) 100vw, 1500px\" \/><p id=\"caption-attachment-1665\" class=\"wp-caption-text\">Die Qualit\u00e4tsstufen in Deutschland<\/p><\/div>\n<h2>VDP.Gutsweine<\/h2>\n<p>Die Basis der Qualit\u00e4tspyramide bilden die<a href=\"\/vdp-weine\/vdp-gutswein\/\" target=\"_blank\" rel=\"noopener\"> VDP.Gutsweine<\/a>. Sie stammen aus gutseigenen Lagen, die den Verbandsvorgaben entsprechen, wozu beispielsweise der Anbau von f\u00fcr die Region typischen Rebsorten zu mindestens 80 Prozent z\u00e4hlt. In dieser Kategorie bezeichnen die klassischen Pr\u00e4dikate \u201eKabinett\u201c und \u201eSp\u00e4tlese\u201c auch die trockenen Weine. In allen anderen drei Qualit\u00e4ten sind diese Bezeichnungen ebenso wie \u201eAuslese\u201c, \u201eBeerenauslese\u201c, \u201eTrockenbeerenauslese\u201c und \u201e<a href=\"\/magazin\/frag-die-weinfreunde\/was-ist-eiswein\/\">Eiswein<\/a>\u201c allein den frucht- und edels\u00fc\u00dfen Weinen vorbehalten. Auf dem Etikett der Gutsweine sind das Weingut, die Region sowie die Rebsorte zu finden. Ein gutes und empfehlenswertes Beispiel bietet der\u00a0Kruger Rumpf Wei\u00dfer Burgunder Quarzit trocken<\/p>\n<h2>VDP.Ortsweine<\/h2>\n<p>Die n\u00e4chste Qualit\u00e4tsstufe bilden die <a href=\"\/vdp-weine\/vdp-ortswein\/\" target=\"_blank\" rel=\"noopener\">VDP.Ortsweine<\/a>. Sie unterscheiden sich von den VDP.Gutsweinen durch die strengere Auswahl der Lagen, die das Terroir der Gemeinde hochwertig und charaktervoll wiedergeben sollen. \u00dcberschreitet der besondere <a href=\"\/magazin\/weinwissen\/eine-frage-des-bodens-geologie-und-wein\/\">Boden<\/a> eines Weinbergs die Gemeindegrenzen, kann er als \u201eTerroirwein\u201c gesondert gekennzeichnet werden. Generell nennen die Etiketten der VDP.Ortsweine das Weingut, den Namen des Ortes sowie die Rebsorte.<\/p>\n<h2>VDP.Erste Lage<\/h2>\n<p>Nicht umsonst erinnert der Begriff \u201e<a href=\"\/vdp-weine\/vdp-erste-lage\/\" target=\"_blank\" rel=\"noopener\">VDP.Erste Lage<\/a>\u201c an einen Premier Cru aus dem Burgund. Darunter fallen besonders gute Lagen, die nachweislich und nahezu traditionell f\u00fcr Spitzenweine stehen. F\u00fcr deren Auswahl haben die Regionalverb\u00e4nde des VDP besonders strenge Anforderungen festgelegt. Mit 60 Hektoliter pro Hektar f\u00e4llt der maximale Ertrag nochmals geringer als bei den Guts- und den Ortsweinen mit 75 Hektolitern pro Hektar aus. Dar\u00fcber hinaus m\u00fcssen die Trauben bei der Lese mindestens 85\u00b0 Oechsle aufweisen. Entsprechend genau fallen die Angaben auf dem Etikett aus, das neben dem Weingut und der Rebsorte auch eine Kombination aus Lage und Ortsnamen f\u00fchrt. Als Beispiel eignet sich der\u00a0M\u00fcller-Catoir Riesling trocken Erste Lage.<\/p>\n<h2>VDP.Gro\u00dfe Lage<\/h2>\n<p>An der Spitze der Qualit\u00e4tspyramide steht die \u201e<a href=\"\/vdp-weine\/vdp-grosse-lage-grosses-gewaechs\/\" target=\"_blank\" rel=\"noopener\">VDP.Gro\u00dfe Lage<\/a>\u201c \u2013 und erneut denke man an die Grands Crus aus dem Burgund. Ein maximaler Ertrag von 50 Hektolitern pro Hektar, die Lese per Hand, aber auch eine Mindestreifezeit beschreiben diese Klassifikation. Die Gro\u00dfe Lage steht f\u00fcr Weine von ausgesprochener Komplexit\u00e4t, die expressiv und mit h\u00f6chster Qualit\u00e4t die besten Lagen des jeweiligen Anbaugebiets repr\u00e4sentieren. Auf dem Etikett werden neben dem Weingut und der Rebsorte auch der Name der einzelnen Lage angegeben. Wichtig: Wenn der Wein aus einer Gro\u00dfen Lage trocken ausgebaut wurde, wird er als <a href=\"\/magazin\/weinwissen\/was-ist-ein-grosses-gewaechs-wir-klaeren-auf\/\">Gro\u00dfes Gew\u00e4chs<\/a> oder schlicht GG bezeichnet. Erkennbar auch durch Relief der beiden Buchstaben am Flaschenhals.<\/p>\n<h2>VDP.Sekt und VDP.Sekt.Prestige<\/h2>\n<div id=\"attachment_6956\" style=\"width: 1510px\" class=\"wp-caption alignnone\"><img loading=\"lazy\" decoding=\"async\" aria-describedby=\"caption-attachment-6956\" class=\"wp-image-6956 size-full\" src=\"https:\/\/www.weinfreunde.de\/magazin\/wp-content\/uploads\/2020\/09\/magazin_1-1-image-gross1_sekt_1500x800px.jpg\" alt=\"Sekt\" width=\"1500\" height=\"800\" srcset=\"https:\/\/www.weinfreunde.de\/magazin\/wp-content\/uploads\/2020\/09\/magazin_1-1-image-gross1_sekt_1500x800px.jpg 1500w, https:\/\/www.weinfreunde.de\/magazin\/wp-content\/uploads\/2020\/09\/magazin_1-1-image-gross1_sekt_1500x800px-300x160.jpg 300w, https:\/\/www.weinfreunde.de\/magazin\/wp-content\/uploads\/2020\/09\/magazin_1-1-image-gross1_sekt_1500x800px-1024x546.jpg 1024w, https:\/\/www.weinfreunde.de\/magazin\/wp-content\/uploads\/2020\/09\/magazin_1-1-image-gross1_sekt_1500x800px-768x410.jpg 768w, https:\/\/www.weinfreunde.de\/magazin\/wp-content\/uploads\/2020\/09\/magazin_1-1-image-gross1_sekt_1500x800px-749x399.jpg 749w, https:\/\/www.weinfreunde.de\/magazin\/wp-content\/uploads\/2020\/09\/magazin_1-1-image-gross1_sekt_1500x800px-150x80.jpg 150w, https:\/\/www.weinfreunde.de\/magazin\/wp-content\/uploads\/2020\/09\/magazin_1-1-image-gross1_sekt_1500x800px-390x208.jpg 390w, https:\/\/www.weinfreunde.de\/magazin\/wp-content\/uploads\/2020\/09\/magazin_1-1-image-gross1_sekt_1500x800px-750x400.jpg 750w, https:\/\/www.weinfreunde.de\/magazin\/wp-content\/uploads\/2020\/09\/magazin_1-1-image-gross1_sekt_1500x800px-1140x608.jpg 1140w\" sizes=\"auto, (max-width: 1500px) 100vw, 1500px\" \/><p id=\"caption-attachment-6956\" class=\"wp-caption-text\">Seit Ende 2020 gibt es eine neue, eigene Klassifikation f\u00fcr Schaumweine<\/p><\/div>\n<p>Die h\u00f6chste <a href=\"\/magazin\/weinwissen\/schaumweine-champagner-sekt-cremant-cava-co\/\">Schaumwein-Klassifikation<\/a> nach deutschem Weinrecht ist der Winzersekt. Hierbei ist lediglich geregelt, dass dieser im Flascheng\u00e4rverfahren hergestellt werden muss und die Trauben vom erzeugenden Betrieb stammen. F\u00fcr den VDP und seine Mitglieder eher eine Selbstverst\u00e4ndlichkeit als ein Zeichen f\u00fcr Spitzenqualit\u00e4t.<\/p>\n<p>Daher existiert beim VDP seit Dezember 2020 eine eigene Klassifikation f\u00fcr die Schaumweine der Verbandsmitglieder \u2013 das sogenannte VDP.Sekt.Statut. Lange wurde dieses vorbereitet, denn man wollte unbedingt Kriterien festlegen, die den Schaumwein unmissverst\u00e4ndlich als Spitzenprodukt kennzeichnen.<\/p>\n<p>Daher hat man sich f\u00fcr zwei Siegel entschieden, die f\u00fcr allerh\u00f6chste G\u00fcte und Handwerkskunst stehen: VDP.Sekt und VDP.Sekt Prestige. Bei beiden Varianten ist die traditionelle Flascheng\u00e4rung eine Grundvoraussetzung. Aber mehr noch: Um die Bezeichnung VDP.Sekt tragen zu d\u00fcrfen, muss der Sekt mindestens 15 Monate in der Flasche mit seinem Hefelager in Kontakt gewesen sein. Wenn es sich um ein Jahrgangssekt handelt, muss die Zeit auf der Hefe f\u00fcr einen VDP.Sekt sogar 24 Monate betragen.<\/p>\n<p>Es geht aber noch besser: Ein als VDP.Sekt Prestige bezeichneter Sekt muss zum einen immer den Jahrgang ausweisen. Und zum anderen wird diese h\u00f6chste Qualit\u00e4tsstufe durch ein Hefelager gepr\u00e4gt, das mindestens 36 Monate betragen muss.<\/p>\n<p>Das VDP.Sekt.Statut macht einmal mehr deutlich, wie wichtig dem Verband der deutschen Pr\u00e4dikatsweing\u00fcter hohe Qualit\u00e4t ist und dass Weinfreunde diese anhand klar verst\u00e4ndlicher Bezeichnungen auf dem Etikett identifizieren k\u00f6nnen.<\/p>\n<h2>Von VDNV zu VDP<\/h2>\n<div id=\"attachment_1666\" style=\"width: 1510px\" class=\"wp-caption alignnone\"><img loading=\"lazy\" decoding=\"async\" aria-describedby=\"caption-attachment-1666\" class=\"wp-image-1666 size-full\" src=\"https:\/\/www.weinfreunde.de\/magazin\/wp-content\/uploads\/2017\/03\/161214_Bild_1-1-Desktop_1500x800px_Retina_6.jpg\" alt=\"VDP Flaschen\" width=\"1500\" height=\"800\" srcset=\"https:\/\/www.weinfreunde.de\/magazin\/wp-content\/uploads\/2017\/03\/161214_Bild_1-1-Desktop_1500x800px_Retina_6.jpg 1500w, https:\/\/www.weinfreunde.de\/magazin\/wp-content\/uploads\/2017\/03\/161214_Bild_1-1-Desktop_1500x800px_Retina_6-300x160.jpg 300w, https:\/\/www.weinfreunde.de\/magazin\/wp-content\/uploads\/2017\/03\/161214_Bild_1-1-Desktop_1500x800px_Retina_6-1024x546.jpg 1024w, https:\/\/www.weinfreunde.de\/magazin\/wp-content\/uploads\/2017\/03\/161214_Bild_1-1-Desktop_1500x800px_Retina_6-768x410.jpg 768w, https:\/\/www.weinfreunde.de\/magazin\/wp-content\/uploads\/2017\/03\/161214_Bild_1-1-Desktop_1500x800px_Retina_6-749x399.jpg 749w, https:\/\/www.weinfreunde.de\/magazin\/wp-content\/uploads\/2017\/03\/161214_Bild_1-1-Desktop_1500x800px_Retina_6-150x80.jpg 150w, https:\/\/www.weinfreunde.de\/magazin\/wp-content\/uploads\/2017\/03\/161214_Bild_1-1-Desktop_1500x800px_Retina_6-390x208.jpg 390w, https:\/\/www.weinfreunde.de\/magazin\/wp-content\/uploads\/2017\/03\/161214_Bild_1-1-Desktop_1500x800px_Retina_6-750x400.jpg 750w, https:\/\/www.weinfreunde.de\/magazin\/wp-content\/uploads\/2017\/03\/161214_Bild_1-1-Desktop_1500x800px_Retina_6-1140x608.jpg 1140w\" sizes=\"auto, (max-width: 1500px) 100vw, 1500px\" \/><p id=\"caption-attachment-1666\" class=\"wp-caption-text\">Der typische VDP Traubenadler kennzeichnet das Logo des Verbands<\/p><\/div>\n<p>Obgleich der VDP sich gern etwas ver\u00e4chtlich gegen\u00fcber dem deutschen Weingesetz zeigt, da man deren Anforderung deutlich \u00fcberschreitet, verdankt sich sein Name letztlich doch dem \u201eneuen\u201c Weingesetz von 1969\/1971. Dieses schaffte n\u00e4mlich den weinrechtlichen Begriff des \u201eNaturweins\u201c ab und machte damit auch eine Umbenennung des bis dato als \u201eVerband Deutscher Naturweinversteigerer\u201c (VDNV) firmierenden Zusammenschlusses notwendig. Da bestand der VDNV knapp 60 Jahre und der ber\u00fchmte \u201eTraubenadler\u201c, der bis heute \u2013 inzwischen in modernisierter Version \u2013 den Verband und seine Mitglieder kennzeichnet, war bereits in Gebrauch.<\/p>\n<h2>VDP: Deutschlandweit vertreten<\/h2>\n<p>Die VDP-Weing\u00fcter sitzen in allen deutschen Weinbaugebieten, denn im Gegensatz zu den namhaften Kollegen im Burgund und in Bordeaux, pr\u00e4gt die Qualit\u00e4tsphilosphie des VDP nicht nur eine Region. So steht der VDP nach eigenem Anspruch f\u00fcr beste Weine aus insgesamt zehn Regionen: Baden, Franken, Mittelrhein, Nahe-Ahr,\u00a0Mosel-Saar-Ruwer, Pfalz, Rheingau, Rheinhessen, Sachsen-Saale-Unstrut und W\u00fcrttemberg. Eine sch\u00f6nere <a href=\"\/magazin\/weinwissen\/weinwanderung-tipps-der-wein-ist-das-ziel\/\">Deutschlandreise<\/a> kann sich ein Weinfreund nicht w\u00fcnschen.<\/p>\n<h3>Der Video-Clip des VDP erkl\u00e4rt auch nochmal die vierstufige Klassifikation:<\/h3>\n<h3><span class=\"iframe-container\"><span class=\"iframe-wrapper\"><iframe loading=\"lazy\" src=\"https:\/\/www.youtube.com\/embed\/QZnU7WftoZY?rel=0&amp;showinfo=0\" width=\"560\" height=\"315\" frameborder=\"0\" allowfullscreen=\"allowfullscreen\"><\/iframe><\/span><\/span><\/h3>\n<h2>Noch mehr zum Thema im Weinfreunde Podcast Bei Anruf Wein<\/h2>\n<div><script id=\"letscast-player-2d53710d\" src=\"https:\/\/letscast.fm\/podcasts\/bei-anruf-wein-der-weinpodcast-0e704e2e\/episodes\/der-vdp-club-der-besten-weingueter\/player.js\"><\/script><\/div>\n<div class=\"product-slider\" id=\"_prodSlider69f170f445cd6\">\n\t\t\t<h2>VDP-Weine bei Weinfreunde bestellen<\/h2>\n\t\t\n\t<div class=\"slide-area\">\n\t\t<div class=\"slides\">\n\t\t\t\t\t\t\t<div class=\"slide\">\n\t\t\t\t\t\t\t\t\t\t\t<a class=\"product\" href=\"https:\/\/www.weinfreunde.de\/p\/kiedricher-graefenberg-riesling-grosses-gewaechs-trocken-robert-weil\/?ecid=int_magazin_nn_nn_nn_nn_nn_nn\" target=\"_blank\">\n\t\t\t\t\t\t\t\t\t\t\t<div class=\"image\">\n\t\t\t\t\t\t\t<div\n                                    class=\"bg\"\n                                    style=\"background-image: url(https:\/\/10b644692e76ab15cf59-eaadbe2afc1f47d8740ca8f676f7fe70.ssl.cf3.rackcdn.com\/2000013761_900v-i8OYZO3R.png);\"\n                            ><\/div>\n\t\t\t\t\t\t<\/div>\n\t\t\t\t\t\t<div class=\"c\">\n\t\t\t\t\t\t\t<div class=\"title\">Kiedricher Gr\u00e4fenberg Riesling Gro\u00dfe\u2026<\/div>\n\t\t\t\t\t\t\t<div class=\"brand\">Robert Weil<\/div>\n\t\t\t\t\t\t\t\t\t\t\t\t\t\t\t<div class=\"details\">\n\t\t\t\t\t\t\t\t\t\t\t\t\t\t\t\t\t\t\t<div>Wei\u00dfwein<\/div>\n\t\t\t\t\t\t\t\t\t\t\t\t\t\t\t\t\t\t\t<div>Riesling<\/div>\n\t\t\t\t\t\t\t\t\t\t\t\t\t\t\t\t\t\t\t<div>Rheingau<\/div>\n\t\t\t\t\t\t\t\t\t\t\t\t\t\t\t\t\t<\/div>\n\t\t\t\t\t\t\t\t\t\t\t\t\t<\/div>\n\t\t\t\t\t<\/a>\n\t\t\t\t<\/div>\n\t\t\t\t\t\t\t<div class=\"slide\">\n\t\t\t\t\t\t\t\t\t\t\t<a class=\"product\" href=\"https:\/\/www.weinfreunde.de\/p\/heydenreich-pinot-noir-grosses-gewaechs-trocken-friedrich-becker\/?ecid=int_magazin_nn_nn_nn_nn_nn_nn\" target=\"_blank\">\n\t\t\t\t\t\t\t\t\t\t\t<div class=\"image\">\n\t\t\t\t\t\t\t<div\n                                    class=\"bg\"\n                                    style=\"background-image: url(https:\/\/10b644692e76ab15cf59-eaadbe2afc1f47d8740ca8f676f7fe70.ssl.cf3.rackcdn.com\/2000014224_900v-TEZA0dD0.png);\"\n                            ><\/div>\n\t\t\t\t\t\t<\/div>\n\t\t\t\t\t\t<div class=\"c\">\n\t\t\t\t\t\t\t<div class=\"title\">Heydenreich Pinot Noir Gro\u00dfes Gew\u00e4ch\u2026<\/div>\n\t\t\t\t\t\t\t<div class=\"brand\">Friedrich Becker<\/div>\n\t\t\t\t\t\t\t\t\t\t\t\t\t\t\t<div class=\"details\">\n\t\t\t\t\t\t\t\t\t\t\t\t\t\t\t\t\t\t\t<div>Rotwein<\/div>\n\t\t\t\t\t\t\t\t\t\t\t\t\t\t\t\t\t\t\t<div>Pinot Noir<\/div>\n\t\t\t\t\t\t\t\t\t\t\t\t\t\t\t\t\t\t\t<div>Pfalz<\/div>\n\t\t\t\t\t\t\t\t\t\t\t\t\t\t\t\t\t<\/div>\n\t\t\t\t\t\t\t\t\t\t\t\t\t<\/div>\n\t\t\t\t\t<\/a>\n\t\t\t\t<\/div>\n\t\t\t\t\t\t\t<div class=\"slide\">\n\t\t\t\t\t\t\t\t\t\t\t<a class=\"product\" href=\"https:\/\/www.weinfreunde.de\/p\/bone-dry-riesling-trocken-reichsrat-von-buhl\/?ecid=int_magazin_nn_nn_nn_nn_nn_nn\" target=\"_blank\">\n\t\t\t\t\t\t\t\t\t\t\t<div class=\"image\">\n\t\t\t\t\t\t\t<div\n                                    class=\"bg\"\n                                    style=\"background-image: url(https:\/\/10b644692e76ab15cf59-eaadbe2afc1f47d8740ca8f676f7fe70.ssl.cf3.rackcdn.com\/2000013834_900v-sXQBTEr6.png);\"\n                            ><\/div>\n\t\t\t\t\t\t<\/div>\n\t\t\t\t\t\t<div class=\"c\">\n\t\t\t\t\t\t\t<div class=\"title\">Bone Dry Riesling trocken 2024<\/div>\n\t\t\t\t\t\t\t<div class=\"brand\">Reichsrat von Buhl<\/div>\n\t\t\t\t\t\t\t\t\t\t\t\t\t\t\t<div class=\"details\">\n\t\t\t\t\t\t\t\t\t\t\t\t\t\t\t\t\t\t\t<div>Wei\u00dfwein<\/div>\n\t\t\t\t\t\t\t\t\t\t\t\t\t\t\t\t\t\t\t<div>Riesling<\/div>\n\t\t\t\t\t\t\t\t\t\t\t\t\t\t\t\t\t<\/div>\n\t\t\t\t\t\t\t\t\t\t\t\t\t<\/div>\n\t\t\t\t\t<\/a>\n\t\t\t\t<\/div>\n\t\t\t\t\t\t\t<div class=\"slide\">\n\t\t\t\t\t\t\t\t\t\t\t<a class=\"product\" href=\"https:\/\/www.weinfreunde.de\/p\/schweigen-pinot-noir-trocken-friedrich-becker\/?ecid=int_magazin_nn_nn_nn_nn_nn_nn\" target=\"_blank\">\n\t\t\t\t\t\t\t\t\t\t\t<div class=\"image\">\n\t\t\t\t\t\t\t<div\n                                    class=\"bg\"\n                                    style=\"background-image: url(https:\/\/10b644692e76ab15cf59-eaadbe2afc1f47d8740ca8f676f7fe70.ssl.cf3.rackcdn.com\/2000013969_900v-xLJohH8p.png);\"\n                            ><\/div>\n\t\t\t\t\t\t<\/div>\n\t\t\t\t\t\t<div class=\"c\">\n\t\t\t\t\t\t\t<div class=\"title\">Schweigen Pinot Noir trocken 2019<\/div>\n\t\t\t\t\t\t\t<div class=\"brand\">Friedrich Becker<\/div>\n\t\t\t\t\t\t\t\t\t\t\t\t\t\t\t<div class=\"details\">\n\t\t\t\t\t\t\t\t\t\t\t\t\t\t\t\t\t\t\t<div>Rotwein<\/div>\n\t\t\t\t\t\t\t\t\t\t\t\t\t\t\t\t\t\t\t<div>Sp\u00e4tburgunder<\/div>\n\t\t\t\t\t\t\t\t\t\t\t\t\t\t\t\t\t<\/div>\n\t\t\t\t\t\t\t\t\t\t\t\t\t<\/div>\n\t\t\t\t\t<\/a>\n\t\t\t\t<\/div>\n\t\t\t\t\t\t\t<div class=\"slide\">\n\t\t\t\t\t\t\t\t\t\t\t<a class=\"product\" href=\"https:\/\/www.weinfreunde.de\/p\/wuerzburger-silvaner-trocken-juliusspital\/?ecid=int_magazin_nn_nn_nn_nn_nn_nn\" target=\"_blank\">\n\t\t\t\t\t\t\t\t\t\t\t<div class=\"image\">\n\t\t\t\t\t\t\t<div\n                                    class=\"bg\"\n                                    style=\"background-image: url(https:\/\/10b644692e76ab15cf59-eaadbe2afc1f47d8740ca8f676f7fe70.ssl.cf3.rackcdn.com\/2000013781_900v-EJ08W6Vq.png);\"\n                            ><\/div>\n\t\t\t\t\t\t<\/div>\n\t\t\t\t\t\t<div class=\"c\">\n\t\t\t\t\t\t\t<div class=\"title\">W\u00fcrzburger Silvaner trocken 2024<\/div>\n\t\t\t\t\t\t\t<div class=\"brand\">Juliusspital<\/div>\n\t\t\t\t\t\t\t\t\t\t\t\t\t\t\t<div class=\"details\">\n\t\t\t\t\t\t\t\t\t\t\t\t\t\t\t\t\t\t\t<div>Wei\u00dfwein<\/div>\n\t\t\t\t\t\t\t\t\t\t\t\t\t\t\t\t\t\t\t<div>Silvaner<\/div>\n\t\t\t\t\t\t\t\t\t\t\t\t\t\t\t\t\t<\/div>\n\t\t\t\t\t\t\t\t\t\t\t\t\t<\/div>\n\t\t\t\t\t<\/a>\n\t\t\t\t<\/div>\n\t\t\t\t\t\t\t<div class=\"slide\">\n\t\t\t\t\t\t\t\t\t\t\t<a class=\"product\" href=\"https:\/\/www.weinfreunde.de\/p\/kreuznacher-kahlenberg-riesling-erstes-lage-trocken-doennhoff\/?ecid=int_magazin_nn_nn_nn_nn_nn_nn\" target=\"_blank\">\n\t\t\t\t\t\t\t\t\t\t\t<div class=\"image\">\n\t\t\t\t\t\t\t<div\n                                    class=\"bg\"\n                                    style=\"background-image: url(https:\/\/10b644692e76ab15cf59-eaadbe2afc1f47d8740ca8f676f7fe70.ssl.cf3.rackcdn.com\/2000014835_900v-KFU8Fkrr.png);\"\n                            ><\/div>\n\t\t\t\t\t\t<\/div>\n\t\t\t\t\t\t<div class=\"c\">\n\t\t\t\t\t\t\t<div class=\"title\">Kreuznacher Kahlenberg Riesling Erstes\u2026<\/div>\n\t\t\t\t\t\t\t<div class=\"brand\">D\u00f6nnhoff<\/div>\n\t\t\t\t\t\t\t\t\t\t\t\t\t\t\t<div class=\"details\">\n\t\t\t\t\t\t\t\t\t\t\t\t\t\t\t\t\t\t\t<div>Wei\u00dfwein<\/div>\n\t\t\t\t\t\t\t\t\t\t\t\t\t\t\t\t\t\t\t<div>Riesling<\/div>\n\t\t\t\t\t\t\t\t\t\t\t\t\t\t\t\t\t<\/div>\n\t\t\t\t\t\t\t\t\t\t\t\t\t<\/div>\n\t\t\t\t\t<\/a>\n\t\t\t\t<\/div>\n\t\t\t\t\t\t\t<div class=\"slide\">\n\t\t\t\t\t\t\t\t\t\t\t<a class=\"product\" href=\"https:\/\/www.weinfreunde.de\/p\/ihringer-winklerberg-mimus-spaetburgunder-erste-lage-trocken-heger\/?ecid=int_magazin_nn_nn_nn_nn_nn_nn\" target=\"_blank\">\n\t\t\t\t\t\t\t\t\t\t\t<div class=\"image\">\n\t\t\t\t\t\t\t<div\n                                    class=\"bg\"\n                                    style=\"background-image: url(https:\/\/10b644692e76ab15cf59-eaadbe2afc1f47d8740ca8f676f7fe70.ssl.cf3.rackcdn.com\/2000014311_900v-ubjbJ7JU.png);\"\n                            ><\/div>\n\t\t\t\t\t\t<\/div>\n\t\t\t\t\t\t<div class=\"c\">\n\t\t\t\t\t\t\t<div class=\"title\">Ihringer Winklerberg Mimus Sp\u00e4tburgun\u2026<\/div>\n\t\t\t\t\t\t\t<div class=\"brand\">Heger<\/div>\n\t\t\t\t\t\t\t\t\t\t\t\t\t\t\t<div class=\"details\">\n\t\t\t\t\t\t\t\t\t\t\t\t\t\t\t\t\t\t\t<div>Rotwein<\/div>\n\t\t\t\t\t\t\t\t\t\t\t\t\t\t\t\t\t\t\t<div>Sp\u00e4tburgunder<\/div>\n\t\t\t\t\t\t\t\t\t\t\t\t\t\t\t\t\t\t\t<div>Baden<\/div>\n\t\t\t\t\t\t\t\t\t\t\t\t\t\t\t\t\t<\/div>\n\t\t\t\t\t\t\t\t\t\t\t\t\t<\/div>\n\t\t\t\t\t<\/a>\n\t\t\t\t<\/div>\n\t\t\t\t\t<\/div>\n\t<\/div>\n<\/div>\n<script>_w(() => new WF.Magazin.ProductSlider('#_prodSlider69f170f445cd6'));<\/script>\n\n","protected":false},"excerpt":{"rendered":"<p>Der Prophet gilt im eigenen Lande nichts. Das galt nach den s\u00fc\u00dfen Weinen der 1960er und dem Glykolskandal in den 1980er Jahren lange auch f\u00fcr deutschen Wein. Dass dies mittlerweile nicht mehr so ist, daran hat der VDP seine unbestrittenen&#8230; <a class=\"moretag\" href=\"https:\/\/www.weinfreunde.de\/magazin\/weinwissen\/vdp-verband-deutscher-praedikatsweingueter\/\">weiterlesen<\/a><\/p>\n","protected":false},"author":9,"featured_media":1663,"comment_status":"closed","ping_status":"closed","sticky":false,"template":"","format":"standard","meta":{"footnotes":""},"categories":[58,10],"tags":[],"class_list":["post-1662","post","type-post","status-publish","format-standard","has-post-thumbnail","hentry","category-appellationen","category-weinschule"],"yoast_head":"<!-- This site is optimized with the Yoast SEO plugin v27.2 - https:\/\/yoast.com\/product\/yoast-seo-wordpress\/ -->\n<title>VDP - Verband Deutscher Pr\u00e4dikatsweing\u00fcter &#187; Weinfreunde Magazin<\/title>\n<meta name=\"description\" content=\"VDP - der Verband Deutscher Pr\u00e4dikatsweing\u00fcter gilt nicht nur in Deutschland als Aush\u00e4ngeschild f\u00fcr qualitativ hochwertige Weine. Mehr Infos.\" \/>\n<meta name=\"robots\" content=\"index, follow, max-snippet:-1, max-image-preview:large, max-video-preview:-1\" \/>\n<link rel=\"canonical\" href=\"https:\/\/www.weinfreunde.de\/magazin\/weinwissen\/vdp-verband-deutscher-praedikatsweingueter\/\" \/>\n<meta property=\"og:locale\" content=\"de_DE\" \/>\n<meta property=\"og:type\" content=\"article\" \/>\n<meta property=\"og:title\" content=\"VDP - Verband Deutscher Pr\u00e4dikatsweing\u00fcter &#187; Weinfreunde Magazin\" \/>\n<meta property=\"og:description\" content=\"VDP - der Verband Deutscher Pr\u00e4dikatsweing\u00fcter gilt nicht nur in Deutschland als Aush\u00e4ngeschild f\u00fcr qualitativ hochwertige Weine. Mehr Infos.\" \/>\n<meta property=\"og:url\" content=\"https:\/\/www.weinfreunde.de\/magazin\/weinwissen\/vdp-verband-deutscher-praedikatsweingueter\/\" \/>\n<meta property=\"og:site_name\" content=\"Weinfreunde Magazin\" \/>\n<meta property=\"article:publisher\" content=\"https:\/\/www.facebook.com\/weinfreunde.de\" \/>\n<meta property=\"article:published_time\" content=\"2023-04-26T11:04:44+00:00\" \/>\n<meta property=\"article:modified_time\" content=\"2026-03-31T11:49:56+00:00\" \/>\n<meta property=\"og:image\" content=\"https:\/\/www.weinfreunde.de\/magazin\/wp-content\/uploads\/2017\/03\/161214_Header_Desktop_2560x500px_Retina-2-scaled.jpg\" \/>\n\t<meta property=\"og:image:width\" content=\"2048\" \/>\n\t<meta property=\"og:image:height\" content=\"400\" \/>\n\t<meta property=\"og:image:type\" content=\"image\/jpeg\" \/>\n<meta name=\"author\" content=\"Weinfreunde\" \/>\n<meta name=\"twitter:card\" content=\"summary_large_image\" \/>\n<meta name=\"twitter:label1\" content=\"Written by\" \/>\n\t<meta name=\"twitter:data1\" content=\"Weinfreunde\" \/>\n\t<meta name=\"twitter:label2\" content=\"Est. reading time\" \/>\n\t<meta name=\"twitter:data2\" content=\"7\u00a0Minuten\" \/>\n<script type=\"application\/ld+json\" class=\"yoast-schema-graph\">{\"@context\":\"https:\/\/schema.org\",\"@graph\":[{\"@type\":\"Article\",\"@id\":\"https:\/\/www.weinfreunde.de\/magazin\/weinwissen\/vdp-verband-deutscher-praedikatsweingueter\/#article\",\"isPartOf\":{\"@id\":\"https:\/\/www.weinfreunde.de\/magazin\/weinwissen\/vdp-verband-deutscher-praedikatsweingueter\/\"},\"author\":{\"name\":\"Weinfreunde\",\"@id\":\"https:\/\/www.weinfreunde.de\/magazin\/#\/schema\/person\/93b87bb4b527d8b3565e13ffb48a716f\"},\"headline\":\"VDP &#8211; Verband Deutscher Pr\u00e4dikatsweing\u00fcter\",\"datePublished\":\"2023-04-26T11:04:44+00:00\",\"dateModified\":\"2026-03-31T11:49:56+00:00\",\"mainEntityOfPage\":{\"@id\":\"https:\/\/www.weinfreunde.de\/magazin\/weinwissen\/vdp-verband-deutscher-praedikatsweingueter\/\"},\"wordCount\":1125,\"publisher\":{\"@id\":\"https:\/\/www.weinfreunde.de\/magazin\/#organization\"},\"image\":{\"@id\":\"https:\/\/www.weinfreunde.de\/magazin\/weinwissen\/vdp-verband-deutscher-praedikatsweingueter\/#primaryimage\"},\"thumbnailUrl\":\"https:\/\/www.weinfreunde.de\/magazin\/wp-content\/uploads\/2017\/03\/161214_Header_Desktop_2560x500px_Retina-2-scaled.jpg\",\"articleSection\":[\"Appellationen\",\"Weinschule\"],\"inLanguage\":\"de\"},{\"@type\":\"WebPage\",\"@id\":\"https:\/\/www.weinfreunde.de\/magazin\/weinwissen\/vdp-verband-deutscher-praedikatsweingueter\/\",\"url\":\"https:\/\/www.weinfreunde.de\/magazin\/weinwissen\/vdp-verband-deutscher-praedikatsweingueter\/\",\"name\":\"VDP - Verband Deutscher Pr\u00e4dikatsweing\u00fcter &#187; Weinfreunde Magazin\",\"isPartOf\":{\"@id\":\"https:\/\/www.weinfreunde.de\/magazin\/#website\"},\"primaryImageOfPage\":{\"@id\":\"https:\/\/www.weinfreunde.de\/magazin\/weinwissen\/vdp-verband-deutscher-praedikatsweingueter\/#primaryimage\"},\"image\":{\"@id\":\"https:\/\/www.weinfreunde.de\/magazin\/weinwissen\/vdp-verband-deutscher-praedikatsweingueter\/#primaryimage\"},\"thumbnailUrl\":\"https:\/\/www.weinfreunde.de\/magazin\/wp-content\/uploads\/2017\/03\/161214_Header_Desktop_2560x500px_Retina-2-scaled.jpg\",\"datePublished\":\"2023-04-26T11:04:44+00:00\",\"dateModified\":\"2026-03-31T11:49:56+00:00\",\"description\":\"VDP - der Verband Deutscher Pr\u00e4dikatsweing\u00fcter gilt nicht nur in Deutschland als Aush\u00e4ngeschild f\u00fcr qualitativ hochwertige Weine. Mehr Infos.\",\"breadcrumb\":{\"@id\":\"https:\/\/www.weinfreunde.de\/magazin\/weinwissen\/vdp-verband-deutscher-praedikatsweingueter\/#breadcrumb\"},\"inLanguage\":\"de\",\"potentialAction\":[{\"@type\":\"ReadAction\",\"target\":[\"https:\/\/www.weinfreunde.de\/magazin\/weinwissen\/vdp-verband-deutscher-praedikatsweingueter\/\"]}]},{\"@type\":\"ImageObject\",\"inLanguage\":\"de\",\"@id\":\"https:\/\/www.weinfreunde.de\/magazin\/weinwissen\/vdp-verband-deutscher-praedikatsweingueter\/#primaryimage\",\"url\":\"https:\/\/www.weinfreunde.de\/magazin\/wp-content\/uploads\/2017\/03\/161214_Header_Desktop_2560x500px_Retina-2-scaled.jpg\",\"contentUrl\":\"https:\/\/www.weinfreunde.de\/magazin\/wp-content\/uploads\/2017\/03\/161214_Header_Desktop_2560x500px_Retina-2-scaled.jpg\",\"width\":2048,\"height\":400,\"caption\":\"VDP\"},{\"@type\":\"BreadcrumbList\",\"@id\":\"https:\/\/www.weinfreunde.de\/magazin\/weinwissen\/vdp-verband-deutscher-praedikatsweingueter\/#breadcrumb\",\"itemListElement\":[{\"@type\":\"ListItem\",\"position\":1,\"name\":\"Magazin\",\"item\":\"https:\/\/www.weinfreunde.de\/magazin\/\"},{\"@type\":\"ListItem\",\"position\":2,\"name\":\"Weinwissen\",\"item\":\"https:\/\/www.weinfreunde.de\/magazin\/weinwissen\/\"},{\"@type\":\"ListItem\",\"position\":3,\"name\":\"Weinschule\",\"item\":\"https:\/\/www.weinfreunde.de\/magazin\/weinwissen\/weinschule\/\"},{\"@type\":\"ListItem\",\"position\":4,\"name\":\"VDP &#8211; Verband Deutscher Pr\u00e4dikatsweing\u00fcter\"}]},{\"@type\":\"WebSite\",\"@id\":\"https:\/\/www.weinfreunde.de\/magazin\/#website\",\"url\":\"https:\/\/www.weinfreunde.de\/magazin\/\",\"name\":\"Weinfreunde Magazin\",\"description\":\"Dein Weinfreunde Magazin\",\"publisher\":{\"@id\":\"https:\/\/www.weinfreunde.de\/magazin\/#organization\"},\"potentialAction\":[{\"@type\":\"SearchAction\",\"target\":{\"@type\":\"EntryPoint\",\"urlTemplate\":\"https:\/\/www.weinfreunde.de\/magazin\/?s={search_term_string}\"},\"query-input\":{\"@type\":\"PropertyValueSpecification\",\"valueRequired\":true,\"valueName\":\"search_term_string\"}}],\"inLanguage\":\"de\"},{\"@type\":\"Organization\",\"@id\":\"https:\/\/www.weinfreunde.de\/magazin\/#organization\",\"name\":\"REWE Wein online GmbH | Weinfreunde\",\"url\":\"https:\/\/www.weinfreunde.de\/magazin\/\",\"logo\":{\"@type\":\"ImageObject\",\"inLanguage\":\"de\",\"@id\":\"https:\/\/www.weinfreunde.de\/magazin\/#\/schema\/logo\/image\/\",\"url\":\"https:\/\/www.weinfreunde.de\/magazin\/wp-content\/uploads\/2019\/08\/WF_Logo_Vertikal_Claim_Schwarz-scaled.jpg.webp\",\"contentUrl\":\"https:\/\/www.weinfreunde.de\/magazin\/wp-content\/uploads\/2019\/08\/WF_Logo_Vertikal_Claim_Schwarz-scaled.jpg.webp\",\"width\":2048,\"height\":1241,\"caption\":\"REWE Wein online GmbH | Weinfreunde\"},\"image\":{\"@id\":\"https:\/\/www.weinfreunde.de\/magazin\/#\/schema\/logo\/image\/\"},\"sameAs\":[\"https:\/\/www.facebook.com\/weinfreunde.de\"]},{\"@type\":\"Person\",\"@id\":\"https:\/\/www.weinfreunde.de\/magazin\/#\/schema\/person\/93b87bb4b527d8b3565e13ffb48a716f\",\"name\":\"Weinfreunde\",\"image\":{\"@type\":\"ImageObject\",\"inLanguage\":\"de\",\"@id\":\"https:\/\/secure.gravatar.com\/avatar\/f1b5b85b944209ac3ac3c901beb9253274dde1ad6680bf2a11de75a278852265?s=96&d=mm&r=g\",\"url\":\"https:\/\/secure.gravatar.com\/avatar\/f1b5b85b944209ac3ac3c901beb9253274dde1ad6680bf2a11de75a278852265?s=96&d=mm&r=g\",\"contentUrl\":\"https:\/\/secure.gravatar.com\/avatar\/f1b5b85b944209ac3ac3c901beb9253274dde1ad6680bf2a11de75a278852265?s=96&d=mm&r=g\",\"caption\":\"Weinfreunde\"},\"description\":\"Wir stehen f\u00fcr guten Wein f\u00fcr gute Freunde. Mit \u00fcber 800 ausgew\u00e4hlten und besonderen Weinen, tollen Winzerfreundschaften und spannenden Neuentdeckungen bringen wir unsere Leidenschaft an unsere Kunden.\",\"url\":\"https:\/\/www.weinfreunde.de\/magazin\/author\/weinfreunde\/\"}]}<\/script>\n<!-- \/ Yoast SEO plugin. -->","yoast_head_json":{"title":"VDP - Verband Deutscher Pr\u00e4dikatsweing\u00fcter &#187; Weinfreunde Magazin","description":"VDP - der Verband Deutscher Pr\u00e4dikatsweing\u00fcter gilt nicht nur in Deutschland als Aush\u00e4ngeschild f\u00fcr qualitativ hochwertige Weine. Mehr Infos.","robots":{"index":"index","follow":"follow","max-snippet":"max-snippet:-1","max-image-preview":"max-image-preview:large","max-video-preview":"max-video-preview:-1"},"canonical":"https:\/\/www.weinfreunde.de\/magazin\/weinwissen\/vdp-verband-deutscher-praedikatsweingueter\/","og_locale":"de_DE","og_type":"article","og_title":"VDP - Verband Deutscher Pr\u00e4dikatsweing\u00fcter &#187; Weinfreunde Magazin","og_description":"VDP - der Verband Deutscher Pr\u00e4dikatsweing\u00fcter gilt nicht nur in Deutschland als Aush\u00e4ngeschild f\u00fcr qualitativ hochwertige Weine. Mehr Infos.","og_url":"https:\/\/www.weinfreunde.de\/magazin\/weinwissen\/vdp-verband-deutscher-praedikatsweingueter\/","og_site_name":"Weinfreunde Magazin","article_publisher":"https:\/\/www.facebook.com\/weinfreunde.de","article_published_time":"2023-04-26T11:04:44+00:00","article_modified_time":"2026-03-31T11:49:56+00:00","og_image":[{"width":2048,"height":400,"url":"https:\/\/www.weinfreunde.de\/magazin\/wp-content\/uploads\/2017\/03\/161214_Header_Desktop_2560x500px_Retina-2-scaled.jpg","type":"image\/jpeg"}],"author":"Weinfreunde","twitter_card":"summary_large_image","twitter_misc":{"Written by":"Weinfreunde","Est. reading time":"7\u00a0Minuten"},"schema":{"@context":"https:\/\/schema.org","@graph":[{"@type":"Article","@id":"https:\/\/www.weinfreunde.de\/magazin\/weinwissen\/vdp-verband-deutscher-praedikatsweingueter\/#article","isPartOf":{"@id":"https:\/\/www.weinfreunde.de\/magazin\/weinwissen\/vdp-verband-deutscher-praedikatsweingueter\/"},"author":{"name":"Weinfreunde","@id":"https:\/\/www.weinfreunde.de\/magazin\/#\/schema\/person\/93b87bb4b527d8b3565e13ffb48a716f"},"headline":"VDP &#8211; Verband Deutscher Pr\u00e4dikatsweing\u00fcter","datePublished":"2023-04-26T11:04:44+00:00","dateModified":"2026-03-31T11:49:56+00:00","mainEntityOfPage":{"@id":"https:\/\/www.weinfreunde.de\/magazin\/weinwissen\/vdp-verband-deutscher-praedikatsweingueter\/"},"wordCount":1125,"publisher":{"@id":"https:\/\/www.weinfreunde.de\/magazin\/#organization"},"image":{"@id":"https:\/\/www.weinfreunde.de\/magazin\/weinwissen\/vdp-verband-deutscher-praedikatsweingueter\/#primaryimage"},"thumbnailUrl":"https:\/\/www.weinfreunde.de\/magazin\/wp-content\/uploads\/2017\/03\/161214_Header_Desktop_2560x500px_Retina-2-scaled.jpg","articleSection":["Appellationen","Weinschule"],"inLanguage":"de"},{"@type":"WebPage","@id":"https:\/\/www.weinfreunde.de\/magazin\/weinwissen\/vdp-verband-deutscher-praedikatsweingueter\/","url":"https:\/\/www.weinfreunde.de\/magazin\/weinwissen\/vdp-verband-deutscher-praedikatsweingueter\/","name":"VDP - Verband Deutscher Pr\u00e4dikatsweing\u00fcter &#187; Weinfreunde Magazin","isPartOf":{"@id":"https:\/\/www.weinfreunde.de\/magazin\/#website"},"primaryImageOfPage":{"@id":"https:\/\/www.weinfreunde.de\/magazin\/weinwissen\/vdp-verband-deutscher-praedikatsweingueter\/#primaryimage"},"image":{"@id":"https:\/\/www.weinfreunde.de\/magazin\/weinwissen\/vdp-verband-deutscher-praedikatsweingueter\/#primaryimage"},"thumbnailUrl":"https:\/\/www.weinfreunde.de\/magazin\/wp-content\/uploads\/2017\/03\/161214_Header_Desktop_2560x500px_Retina-2-scaled.jpg","datePublished":"2023-04-26T11:04:44+00:00","dateModified":"2026-03-31T11:49:56+00:00","description":"VDP - der Verband Deutscher Pr\u00e4dikatsweing\u00fcter gilt nicht nur in Deutschland als Aush\u00e4ngeschild f\u00fcr qualitativ hochwertige Weine. Mehr Infos.","breadcrumb":{"@id":"https:\/\/www.weinfreunde.de\/magazin\/weinwissen\/vdp-verband-deutscher-praedikatsweingueter\/#breadcrumb"},"inLanguage":"de","potentialAction":[{"@type":"ReadAction","target":["https:\/\/www.weinfreunde.de\/magazin\/weinwissen\/vdp-verband-deutscher-praedikatsweingueter\/"]}]},{"@type":"ImageObject","inLanguage":"de","@id":"https:\/\/www.weinfreunde.de\/magazin\/weinwissen\/vdp-verband-deutscher-praedikatsweingueter\/#primaryimage","url":"https:\/\/www.weinfreunde.de\/magazin\/wp-content\/uploads\/2017\/03\/161214_Header_Desktop_2560x500px_Retina-2-scaled.jpg","contentUrl":"https:\/\/www.weinfreunde.de\/magazin\/wp-content\/uploads\/2017\/03\/161214_Header_Desktop_2560x500px_Retina-2-scaled.jpg","width":2048,"height":400,"caption":"VDP"},{"@type":"BreadcrumbList","@id":"https:\/\/www.weinfreunde.de\/magazin\/weinwissen\/vdp-verband-deutscher-praedikatsweingueter\/#breadcrumb","itemListElement":[{"@type":"ListItem","position":1,"name":"Magazin","item":"https:\/\/www.weinfreunde.de\/magazin\/"},{"@type":"ListItem","position":2,"name":"Weinwissen","item":"https:\/\/www.weinfreunde.de\/magazin\/weinwissen\/"},{"@type":"ListItem","position":3,"name":"Weinschule","item":"https:\/\/www.weinfreunde.de\/magazin\/weinwissen\/weinschule\/"},{"@type":"ListItem","position":4,"name":"VDP &#8211; Verband Deutscher Pr\u00e4dikatsweing\u00fcter"}]},{"@type":"WebSite","@id":"https:\/\/www.weinfreunde.de\/magazin\/#website","url":"https:\/\/www.weinfreunde.de\/magazin\/","name":"Weinfreunde Magazin","description":"Dein Weinfreunde Magazin","publisher":{"@id":"https:\/\/www.weinfreunde.de\/magazin\/#organization"},"potentialAction":[{"@type":"SearchAction","target":{"@type":"EntryPoint","urlTemplate":"https:\/\/www.weinfreunde.de\/magazin\/?s={search_term_string}"},"query-input":{"@type":"PropertyValueSpecification","valueRequired":true,"valueName":"search_term_string"}}],"inLanguage":"de"},{"@type":"Organization","@id":"https:\/\/www.weinfreunde.de\/magazin\/#organization","name":"REWE Wein online GmbH | Weinfreunde","url":"https:\/\/www.weinfreunde.de\/magazin\/","logo":{"@type":"ImageObject","inLanguage":"de","@id":"https:\/\/www.weinfreunde.de\/magazin\/#\/schema\/logo\/image\/","url":"https:\/\/www.weinfreunde.de\/magazin\/wp-content\/uploads\/2019\/08\/WF_Logo_Vertikal_Claim_Schwarz-scaled.jpg.webp","contentUrl":"https:\/\/www.weinfreunde.de\/magazin\/wp-content\/uploads\/2019\/08\/WF_Logo_Vertikal_Claim_Schwarz-scaled.jpg.webp","width":2048,"height":1241,"caption":"REWE Wein online GmbH | Weinfreunde"},"image":{"@id":"https:\/\/www.weinfreunde.de\/magazin\/#\/schema\/logo\/image\/"},"sameAs":["https:\/\/www.facebook.com\/weinfreunde.de"]},{"@type":"Person","@id":"https:\/\/www.weinfreunde.de\/magazin\/#\/schema\/person\/93b87bb4b527d8b3565e13ffb48a716f","name":"Weinfreunde","image":{"@type":"ImageObject","inLanguage":"de","@id":"https:\/\/secure.gravatar.com\/avatar\/f1b5b85b944209ac3ac3c901beb9253274dde1ad6680bf2a11de75a278852265?s=96&d=mm&r=g","url":"https:\/\/secure.gravatar.com\/avatar\/f1b5b85b944209ac3ac3c901beb9253274dde1ad6680bf2a11de75a278852265?s=96&d=mm&r=g","contentUrl":"https:\/\/secure.gravatar.com\/avatar\/f1b5b85b944209ac3ac3c901beb9253274dde1ad6680bf2a11de75a278852265?s=96&d=mm&r=g","caption":"Weinfreunde"},"description":"Wir stehen f\u00fcr guten Wein f\u00fcr gute Freunde. Mit \u00fcber 800 ausgew\u00e4hlten und besonderen Weinen, tollen Winzerfreundschaften und spannenden Neuentdeckungen bringen wir unsere Leidenschaft an unsere Kunden.","url":"https:\/\/www.weinfreunde.de\/magazin\/author\/weinfreunde\/"}]}},"_links":{"self":[{"href":"https:\/\/www.weinfreunde.de\/magazin\/wp-json\/wp\/v2\/posts\/1662","targetHints":{"allow":["GET"]}}],"collection":[{"href":"https:\/\/www.weinfreunde.de\/magazin\/wp-json\/wp\/v2\/posts"}],"about":[{"href":"https:\/\/www.weinfreunde.de\/magazin\/wp-json\/wp\/v2\/types\/post"}],"author":[{"embeddable":true,"href":"https:\/\/www.weinfreunde.de\/magazin\/wp-json\/wp\/v2\/users\/9"}],"replies":[{"embeddable":true,"href":"https:\/\/www.weinfreunde.de\/magazin\/wp-json\/wp\/v2\/comments?post=1662"}],"version-history":[{"count":9,"href":"https:\/\/www.weinfreunde.de\/magazin\/wp-json\/wp\/v2\/posts\/1662\/revisions"}],"predecessor-version":[{"id":13921,"href":"https:\/\/www.weinfreunde.de\/magazin\/wp-json\/wp\/v2\/posts\/1662\/revisions\/13921"}],"wp:featuredmedia":[{"embeddable":true,"href":"https:\/\/www.weinfreunde.de\/magazin\/wp-json\/wp\/v2\/media\/1663"}],"wp:attachment":[{"href":"https:\/\/www.weinfreunde.de\/magazin\/wp-json\/wp\/v2\/media?parent=1662"}],"wp:term":[{"taxonomy":"category","embeddable":true,"href":"https:\/\/www.weinfreunde.de\/magazin\/wp-json\/wp\/v2\/categories?post=1662"},{"taxonomy":"post_tag","embeddable":true,"href":"https:\/\/www.weinfreunde.de\/magazin\/wp-json\/wp\/v2\/tags?post=1662"}],"curies":[{"name":"wp","href":"https:\/\/api.w.org\/{rel}","templated":true}]}}