{"id":1638,"date":"2022-10-30T13:39:22","date_gmt":"2022-10-30T12:39:22","guid":{"rendered":"http:\/\/www.weinfreunde.de\/magazin\/?post_type=cp_weinwissen&#038;p=1638"},"modified":"2024-10-29T15:04:44","modified_gmt":"2024-10-29T14:04:44","slug":"weinland-oesterreich-teil-1","status":"publish","type":"post","link":"https:\/\/www.weinfreunde.de\/magazin\/weinwissen\/weinland-oesterreich-teil-1\/","title":{"rendered":"Weinland \u00d6sterreich und seine Regionen"},"content":{"rendered":"<h2 style=\"text-align: left;\">Grunds\u00e4tzliches und die Region Nieder\u00f6sterreich<\/h2>\n<p><strong>Wer sich bei Weinfreunde schon etwas genauer umgeschaut hat, wird feststellen, dass in den virtuellen Regalen recht viele Weine aus \u00d6sterreich zu finden sind, die mit einer hohen Qualit\u00e4t begeistern. Grund genug, unseren Kollegen Sven Reinbold darum zu bitten, sich dem Nachbarland \u00d6sterreich zu widmen.<\/strong><\/p>\n<p>Obwohl noch nicht alle Weinfreunde \u00d6sterreich als spannendes Weinland betrachten, die internationale Weinpresse hat schon l\u00e4ngst die au\u00dfergew\u00f6hnlich gute und vielf\u00e4ltige Weinqualit\u00e4t unseres Nachbarlandes erkannt.\u00a0Im Folgenden m\u00f6chte ich nun einen m\u00f6glichst guten \u00dcberblick zu \u00d6sterreich geben. Ganz in der Machart, in der wir es auch f\u00fcr weitere Teile unserer Serie \u201eWeinl\u00e4nder\u201c geplant haben.<\/p>\n<h3><strong>Weinland \u00d6sterreich, die \u201eBasics\u201c<\/strong><\/h3>\n<p>In \u00d6sterreich werden auf etwas \u00fcber 48.000 Hektar Wein angebaut (Stand 2020). Zum Vergleich: In Deutschland sind es etwas mehr als 105.00 Hektar. 65% davon sind in \u00d6sterreich mit wei\u00dfen Rebsorten bepflanzt und die \u00fcbrigen 35% mit roten. Von gut 14.000 Betrieben f\u00fcllen nur 6.500 ihren Wein auf eigene Flaschen ab, die \u00fcbrigen Winzer beliefern mit ihrem Traubenmaterial andere produzierende Betriebe. Auf diese Weise entstehen in \u00d6sterreich jedes Jahr rund 2,4 Millionen Hektoliter Wein.<\/p>\n<p><img loading=\"lazy\" decoding=\"async\" class=\"alignnone wp-image-5317 size-full\" src=\"https:\/\/www.weinfreunde.de\/magazin\/wp-content\/uploads\/2021\/04\/20210422_Infografik_Oesterreich-v01.png\" alt=\"Weinland \u00d6sterreich\" width=\"3125\" height=\"2208\" srcset=\"https:\/\/www.weinfreunde.de\/magazin\/wp-content\/uploads\/2021\/04\/20210422_Infografik_Oesterreich-v01.png 2048w, https:\/\/www.weinfreunde.de\/magazin\/wp-content\/uploads\/2021\/04\/20210422_Infografik_Oesterreich-v01-300x212.png 300w, https:\/\/www.weinfreunde.de\/magazin\/wp-content\/uploads\/2021\/04\/20210422_Infografik_Oesterreich-v01-1024x724.png 1024w, https:\/\/www.weinfreunde.de\/magazin\/wp-content\/uploads\/2021\/04\/20210422_Infografik_Oesterreich-v01-768x543.png 768w, https:\/\/www.weinfreunde.de\/magazin\/wp-content\/uploads\/2021\/04\/20210422_Infografik_Oesterreich-v01-708x500.png 708w, https:\/\/www.weinfreunde.de\/magazin\/wp-content\/uploads\/2021\/04\/20210422_Infografik_Oesterreich-v01-1536x1085.png 1536w, https:\/\/www.weinfreunde.de\/magazin\/wp-content\/uploads\/2021\/04\/20210422_Infografik_Oesterreich-v01-150x106.png 150w, https:\/\/www.weinfreunde.de\/magazin\/wp-content\/uploads\/2021\/04\/20210422_Infografik_Oesterreich-v01-390x276.png 390w, https:\/\/www.weinfreunde.de\/magazin\/wp-content\/uploads\/2021\/04\/20210422_Infografik_Oesterreich-v01-750x530.png 750w, https:\/\/www.weinfreunde.de\/magazin\/wp-content\/uploads\/2021\/04\/20210422_Infografik_Oesterreich-v01-1140x805.png 1140w\" sizes=\"auto, (max-width: 3125px) 100vw, 3125px\" \/><\/p>\n<h3><strong>\u00d6sterreichische Weinklassifikation nach EU Recht<\/strong><\/h3>\n<ul>\n<li>Wein ohne n\u00e4here Herkunftsbezeichnung: Auf der Flasche steht \u201eWein aus \u00d6sterreich\u201c<\/li>\n<li>Weine mit gesch\u00fctzter geografischer Angabe hei\u00dfen in \u00d6sterreich \u201eLandwein\u201c und m\u00fcssen zu 100% aus der angegebenen Region stammen.<\/li>\n<li>Wein mit gesch\u00fctzter Ursprungsbezeichnung nennt man \u201eQualit\u00e4tswein\u201c und hier ist der Ertrag beschr\u00e4nkt (max. 6750 l Wein\/ha) sowie die Qualit\u00e4tsanforderungen erh\u00f6ht.<\/li>\n<li>Seit 1999 existiert zudem die Klassifikation DAC (\u201eDistrictus Austriae Controllatus\u201c): Hierbei handelt es sich um herkunftstypische Qualit\u00e4tsweine, die eine besondere Kategorie bilden, um die Typizit\u00e4t der jeweiligen Region und Rebsorte besonders gut zum Ausdruck zu bringen.<\/li>\n<li>Bei den Qualit\u00e4ts- und DAC-Weinen kann wiederum \u201eReserve\u201c als Kennzeichnung verwendet werden, sofern der Wein mindestens 13% Alkohol Volumen besitzt. Diese Weine sind zudem meist von besonderer Qualit\u00e4t.<\/li>\n<li>Zudem gibt es \u2013 wie auch in Deutschland \u2013 eine Reihe von Pr\u00e4dikatsweinen, wie Sp\u00e4tlese, Auslese, Eiswein und so weiter.<\/li>\n<\/ul>\n<h3><strong>Die meistangebauten Rebsorten \u00d6sterreichs<\/strong><\/h3>\n<h4>Gr\u00fcner Veltliner | wei\u00df<\/h4>\n<p>Diese Rebsorte ist die wichtigste und meistangebaute Rebsorte des Landes.\u00a0Sie gibt sich meist w\u00fcrzig, kr\u00e4uterig, aber auch an Honigmelone erinnernd mit vergleichsweise schlankem K\u00f6rper und einer frischen S\u00e4ure. Hochwertige Weine aus dieser Rebsorte k\u00f6nnen im Holz ausgebaut sogar Parallelen mit feinen Chardonnay aus dem Burgund aufweisen.<\/p>\n<h4>Welschriesling | wei\u00df<\/h4>\n<p>Aromatische Rebsorte, die an der Nase an frischem Apfel und Zitrusfr\u00fcchten erinnert. Trocken ausgebaut bringen sie durch ihre S\u00e4ure kr\u00e4ftige Frische mit. Doch wirklich bekannt ist Welschriesling durch den Einsatz in Pr\u00e4dikatsweinen. Beerenauslesen und Trockenbeerenauslesen aus der Rebsorte verf\u00fcgen \u00fcber eine beeindruckende Aromakomplexit\u00e4t, die durch eine wohltuende S\u00e4ure gest\u00fctzt wird.<\/p>\n<h4>Gemischter Satz (Rebsorten-Verschnitt) | wei\u00df<\/h4>\n<p>Der Gemischte Satz aus der Weinbauregion Wien ist vor allem durch die \u201eHeurigen\u201c genannten Weinstuben der Stadt bekannt. Auf den Rebfl\u00e4chen f\u00fcr den Gemischten Satz wachsen die Rebsorten in der Regel bereits vermischt und die Regularien schreiben vor, dass es sich um mindestens drei verschiedene handeln muss. Den gr\u00f6\u00dften Rebsorten-Anteil haben typischerweise Gr\u00fcner Veltliner, Riesling, und Wei\u00dfburgunder.<\/p>\n<h4>Zweigelt | rot<\/h4>\n<p>Rotweine mit recht leichtem K\u00f6rper sowie intensiver Frucht von roten Beeren und Kirschen. Geringer Tanningehalt und frische S\u00e4ure. In warmen Jahrg\u00e4ngen auch mit viel Gew\u00fcrznoten, die an Pfeffer und Zimt erinnern. Ein sehr guter Wein f\u00fcr \u201ejeden Tag\u201c.<\/p>\n<h4>Blaufr\u00e4nkisch | rot<\/h4>\n<p>Rotweine mit mittlerem K\u00f6rper und einem Aroma, das an Blaubeeren und Gew\u00fcrz-Nuancen erinnert. Seine Tanninstruktur und die teils erdigen T\u00f6ne machen die Charakteristik des Blaufr\u00e4nkisch sehr ernsthaft. Gute Exemplare k\u00f6nnen sehr gut reifen.<\/p>\n<p><img loading=\"lazy\" decoding=\"async\" class=\"alignnone wp-image-5312 size-full\" src=\"https:\/\/www.weinfreunde.de\/magazin\/wp-content\/uploads\/2017\/03\/20210422_Infografik_Oesterreich-v012.png\" alt=\"Nieder\u00f6sterreich\" width=\"3125\" height=\"2208\" srcset=\"https:\/\/www.weinfreunde.de\/magazin\/wp-content\/uploads\/2017\/03\/20210422_Infografik_Oesterreich-v012.png 2048w, https:\/\/www.weinfreunde.de\/magazin\/wp-content\/uploads\/2017\/03\/20210422_Infografik_Oesterreich-v012-300x212.png 300w, https:\/\/www.weinfreunde.de\/magazin\/wp-content\/uploads\/2017\/03\/20210422_Infografik_Oesterreich-v012-1024x724.png 1024w, https:\/\/www.weinfreunde.de\/magazin\/wp-content\/uploads\/2017\/03\/20210422_Infografik_Oesterreich-v012-768x543.png 768w, https:\/\/www.weinfreunde.de\/magazin\/wp-content\/uploads\/2017\/03\/20210422_Infografik_Oesterreich-v012-708x500.png 708w, https:\/\/www.weinfreunde.de\/magazin\/wp-content\/uploads\/2017\/03\/20210422_Infografik_Oesterreich-v012-1536x1085.png 1536w, https:\/\/www.weinfreunde.de\/magazin\/wp-content\/uploads\/2017\/03\/20210422_Infografik_Oesterreich-v012-150x106.png 150w, https:\/\/www.weinfreunde.de\/magazin\/wp-content\/uploads\/2017\/03\/20210422_Infografik_Oesterreich-v012-390x276.png 390w, https:\/\/www.weinfreunde.de\/magazin\/wp-content\/uploads\/2017\/03\/20210422_Infografik_Oesterreich-v012-750x530.png 750w, https:\/\/www.weinfreunde.de\/magazin\/wp-content\/uploads\/2017\/03\/20210422_Infografik_Oesterreich-v012-1140x805.png 1140w\" sizes=\"auto, (max-width: 3125px) 100vw, 3125px\" \/><\/p>\n<h3><strong>Die Weinbauregion Nieder\u00f6sterreich<\/strong><\/h3>\n<p>Nieder\u00f6sterreich ist mit \u00fcber 28.000 Hektar Rebfl\u00e4che \u00d6sterreichs gr\u00f6\u00dftes Weinbaugebiet. So ist es nicht erstaunlich, dass sich hier viele verschiedene Weinstile, Klimabedingungen und Bodenbeschaffenheiten versammeln. Insgesamt sind acht Weinbaugebiete in Nieder\u00f6sterreich beheimatet, auf die ich im Folgenden eingehen m\u00f6chte.<\/p>\n<h4>Carnuntum<\/h4>\n<p><img loading=\"lazy\" decoding=\"async\" class=\"alignnone size-full wp-image-1651\" src=\"\/magazin\/wp-content\/uploads\/2017\/03\/carnuntum.jpg\" alt=\"Carnuntum\" width=\"1500\" height=\"480\" srcset=\"https:\/\/www.weinfreunde.de\/magazin\/wp-content\/uploads\/2017\/03\/carnuntum.jpg 1500w, https:\/\/www.weinfreunde.de\/magazin\/wp-content\/uploads\/2017\/03\/carnuntum-300x96.jpg 300w, https:\/\/www.weinfreunde.de\/magazin\/wp-content\/uploads\/2017\/03\/carnuntum-1024x328.jpg 1024w, https:\/\/www.weinfreunde.de\/magazin\/wp-content\/uploads\/2017\/03\/carnuntum-768x246.jpg 768w, https:\/\/www.weinfreunde.de\/magazin\/wp-content\/uploads\/2017\/03\/carnuntum-749x240.jpg 749w, https:\/\/www.weinfreunde.de\/magazin\/wp-content\/uploads\/2017\/03\/carnuntum-150x48.jpg 150w, https:\/\/www.weinfreunde.de\/magazin\/wp-content\/uploads\/2017\/03\/carnuntum-390x125.jpg 390w, https:\/\/www.weinfreunde.de\/magazin\/wp-content\/uploads\/2017\/03\/carnuntum-750x240.jpg 750w, https:\/\/www.weinfreunde.de\/magazin\/wp-content\/uploads\/2017\/03\/carnuntum-1140x365.jpg 1140w\" sizes=\"auto, (max-width: 1500px) 100vw, 1500px\" \/><\/p>\n<p>Diese Region zieht sich \u00f6stlich von Wien bis an die Landesgrenze zur Slowakei.\u00a0Die B\u00f6den hier sind sehr reichhaltig und durch Lehm und L\u00f6ss gepr\u00e4gt. Besonders f\u00fcr Rotweine findet man hier ideale Bedingungen.\u00a0Das Klima ist von hei\u00dfen Sommern und kalten Wintern gepr\u00e4gt. Die N\u00e4he der Donau und des Neusiedlersees sorgen zur Erntezeit f\u00fcr ein optimales Mikroklima zur Ausreifung der Beeren.\u00a0Die Rotweine verf\u00fcgen \u00fcber eine vergleichsweise moderne Stilistik und die Wei\u00dfweine \u00fcber eine kraftvolle Struktur.<\/p>\n<p><strong>Weinbaufl\u00e4che: 906 ha<\/strong><\/p>\n<p><strong>Wichtigsten Rebsorten: Zweigelt, Blaufr\u00e4nkisch<\/strong><\/p>\n<p>&nbsp;<\/p>\n<h4>Kamptal, DAC f\u00fcr Gr\u00fcner Veltliner, Riesling<\/h4>\n<p><img loading=\"lazy\" decoding=\"async\" class=\"alignnone size-full wp-image-1652\" src=\"\/magazin\/wp-content\/uploads\/2017\/03\/kamptal.jpg\" alt=\"Kamptal\" width=\"1500\" height=\"480\" srcset=\"https:\/\/www.weinfreunde.de\/magazin\/wp-content\/uploads\/2017\/03\/kamptal.jpg 1500w, https:\/\/www.weinfreunde.de\/magazin\/wp-content\/uploads\/2017\/03\/kamptal-300x96.jpg 300w, https:\/\/www.weinfreunde.de\/magazin\/wp-content\/uploads\/2017\/03\/kamptal-1024x328.jpg 1024w, https:\/\/www.weinfreunde.de\/magazin\/wp-content\/uploads\/2017\/03\/kamptal-768x246.jpg 768w, https:\/\/www.weinfreunde.de\/magazin\/wp-content\/uploads\/2017\/03\/kamptal-749x240.jpg 749w, https:\/\/www.weinfreunde.de\/magazin\/wp-content\/uploads\/2017\/03\/kamptal-150x48.jpg 150w, https:\/\/www.weinfreunde.de\/magazin\/wp-content\/uploads\/2017\/03\/kamptal-390x125.jpg 390w, https:\/\/www.weinfreunde.de\/magazin\/wp-content\/uploads\/2017\/03\/kamptal-750x240.jpg 750w, https:\/\/www.weinfreunde.de\/magazin\/wp-content\/uploads\/2017\/03\/kamptal-1140x365.jpg 1140w\" sizes=\"auto, (max-width: 1500px) 100vw, 1500px\" \/><\/p>\n<p>Im Kamptal trifft man auf sehr unterschiedliche Bodenstrukturen, die wiederum f\u00fcr sehr abwechslungsreiche Weine sorgen. Die Sommer in der Region sind sehr sonnenreich und vergleichsweise trocken. Die DAC-Weine aus dem Kamptal sind entweder recht klassisch gepr\u00e4gt, mit mittlerem K\u00f6rper oder als Reserve-Weine deutlich kraftvoller.<\/p>\n<p><strong>Weinbaufl\u00e4che: 3.907 ha<\/strong><\/p>\n<p><strong>Wichtigsten Rebsorten: Gr\u00fcner Veltliner, Riesling<\/strong><\/p>\n<p>&nbsp;<\/p>\n<h4>Kremstal, DAC f\u00fcr Gr\u00fcner Veltliner, Riesling<\/h4>\n<p><img loading=\"lazy\" decoding=\"async\" class=\"alignnone size-full wp-image-1653\" src=\"\/magazin\/wp-content\/uploads\/2017\/03\/kremstal.jpg\" alt=\"Kremstal\" width=\"1500\" height=\"480\" srcset=\"https:\/\/www.weinfreunde.de\/magazin\/wp-content\/uploads\/2017\/03\/kremstal.jpg 1500w, https:\/\/www.weinfreunde.de\/magazin\/wp-content\/uploads\/2017\/03\/kremstal-300x96.jpg 300w, https:\/\/www.weinfreunde.de\/magazin\/wp-content\/uploads\/2017\/03\/kremstal-1024x328.jpg 1024w, https:\/\/www.weinfreunde.de\/magazin\/wp-content\/uploads\/2017\/03\/kremstal-768x246.jpg 768w, https:\/\/www.weinfreunde.de\/magazin\/wp-content\/uploads\/2017\/03\/kremstal-749x240.jpg 749w, https:\/\/www.weinfreunde.de\/magazin\/wp-content\/uploads\/2017\/03\/kremstal-150x48.jpg 150w, https:\/\/www.weinfreunde.de\/magazin\/wp-content\/uploads\/2017\/03\/kremstal-390x125.jpg 390w, https:\/\/www.weinfreunde.de\/magazin\/wp-content\/uploads\/2017\/03\/kremstal-750x240.jpg 750w, https:\/\/www.weinfreunde.de\/magazin\/wp-content\/uploads\/2017\/03\/kremstal-1140x365.jpg 1140w\" sizes=\"auto, (max-width: 1500px) 100vw, 1500px\" \/><\/p>\n<p>Im Kremstal trifft man am h\u00e4ufigsten auf Urgesteinsverwitterungsb\u00f6den, die sich besonders gut f\u00fcr Wei\u00dfweine eignen. Klimatisch betrachtet, lassen sich feuchte Einfl\u00fcsse aus dem Waldviertel beobachten, die auf warme Str\u00f6me aus dem Osten treffen. Die DAC-Weine aus dem Kremstal sind Gr\u00fcne Veltliner mit ausgepr\u00e4gter W\u00fcrzigkeit sowie besonders elegante und mineralische Rieslinge.<\/p>\n<p><strong>Weinbaufl\u00e4che: 2.368 ha<\/strong><\/p>\n<p><strong>Wichtigste Rebsorten: Gr\u00fcner Veltliner, Riesling<\/strong><\/p>\n<p>&nbsp;<\/p>\n<h4>\u00a0Thermenregion<\/h4>\n<p><img loading=\"lazy\" decoding=\"async\" class=\"alignnone size-full wp-image-1654\" src=\"\/magazin\/wp-content\/uploads\/2017\/03\/thermenregion.jpg\" alt=\"Thermenregion\" width=\"1500\" height=\"480\" srcset=\"https:\/\/www.weinfreunde.de\/magazin\/wp-content\/uploads\/2017\/03\/thermenregion.jpg 1500w, https:\/\/www.weinfreunde.de\/magazin\/wp-content\/uploads\/2017\/03\/thermenregion-300x96.jpg 300w, https:\/\/www.weinfreunde.de\/magazin\/wp-content\/uploads\/2017\/03\/thermenregion-1024x328.jpg 1024w, https:\/\/www.weinfreunde.de\/magazin\/wp-content\/uploads\/2017\/03\/thermenregion-768x246.jpg 768w, https:\/\/www.weinfreunde.de\/magazin\/wp-content\/uploads\/2017\/03\/thermenregion-749x240.jpg 749w, https:\/\/www.weinfreunde.de\/magazin\/wp-content\/uploads\/2017\/03\/thermenregion-150x48.jpg 150w, https:\/\/www.weinfreunde.de\/magazin\/wp-content\/uploads\/2017\/03\/thermenregion-390x125.jpg 390w, https:\/\/www.weinfreunde.de\/magazin\/wp-content\/uploads\/2017\/03\/thermenregion-750x240.jpg 750w, https:\/\/www.weinfreunde.de\/magazin\/wp-content\/uploads\/2017\/03\/thermenregion-1140x365.jpg 1140w\" sizes=\"auto, (max-width: 1500px) 100vw, 1500px\" \/><\/p>\n<p>Auch wenn Lehmb\u00f6den \u00fcberwiegen, sorgen oft lockere Kiese und Sande f\u00fcr eine gute Entw\u00e4sserung. Zudem bieten karge Schotterb\u00f6den den Rotweinsorten besonders gute Voraussetzungen. Das Klima ist von hei\u00dfen Sommern und trockenen Herbsten gepr\u00e4gt. Durch eine kontinuierliche Luftzirkulation trocknen die Trauben nach Tau oder Regen schnell wieder \u2013 besonders in der Erntezeit ein wichtiger Vorteil.<\/p>\n<p><strong>Weinbaufl\u00e4che: 2.181 ha<\/strong><\/p>\n<p><strong>Wichtigsten Rebsorten: Zierfandler, Rotgipfler, St. Laurent, Pinot Noir<\/strong><\/p>\n<p>&nbsp;<\/p>\n<h4>Traisental, DAC f\u00fcr Gr\u00fcner Veltliner, Riesling<\/h4>\n<p><img loading=\"lazy\" decoding=\"async\" class=\"alignnone size-full wp-image-1655\" src=\"\/magazin\/wp-content\/uploads\/2017\/03\/traisental.jpg\" alt=\"Traisental\" width=\"1500\" height=\"480\" srcset=\"https:\/\/www.weinfreunde.de\/magazin\/wp-content\/uploads\/2017\/03\/traisental.jpg 1500w, https:\/\/www.weinfreunde.de\/magazin\/wp-content\/uploads\/2017\/03\/traisental-300x96.jpg 300w, https:\/\/www.weinfreunde.de\/magazin\/wp-content\/uploads\/2017\/03\/traisental-1024x328.jpg 1024w, https:\/\/www.weinfreunde.de\/magazin\/wp-content\/uploads\/2017\/03\/traisental-768x246.jpg 768w, https:\/\/www.weinfreunde.de\/magazin\/wp-content\/uploads\/2017\/03\/traisental-749x240.jpg 749w, https:\/\/www.weinfreunde.de\/magazin\/wp-content\/uploads\/2017\/03\/traisental-150x48.jpg 150w, https:\/\/www.weinfreunde.de\/magazin\/wp-content\/uploads\/2017\/03\/traisental-390x125.jpg 390w, https:\/\/www.weinfreunde.de\/magazin\/wp-content\/uploads\/2017\/03\/traisental-750x240.jpg 750w, https:\/\/www.weinfreunde.de\/magazin\/wp-content\/uploads\/2017\/03\/traisental-1140x365.jpg 1140w\" sizes=\"auto, (max-width: 1500px) 100vw, 1500px\" \/><\/p>\n<p>Das Traisental wird durch viele Terrassenlagen gepr\u00e4gt. Hier stehen die Reben auf sehr kalkhaltigen B\u00f6den mit viel Schotter. Dadurch wirken die Weine sehr eigenst\u00e4ndig und mit sehr kr\u00e4ftigem K\u00f6rper ausgestattet. Sie verleihen den Weinen ein sehr eigenst\u00e4ndiges Profil, mit kr\u00e4ftigem K\u00f6rper und festem R\u00fcckgrat. Auch hier ist es im Sommer sehr warm, doch sorgt Kaltluft aus dem Alpenvorland f\u00fcr eine Abk\u00fchlung in den N\u00e4chten. Beste Voraussetzungen f\u00fcr Weine mit feiner Aromatik und einer gewissen W\u00fcrzigkeit.<\/p>\n<p><strong>Weinbaufl\u00e4che: 815 ha<\/strong><\/p>\n<p><strong>Wichtigsten Rebsorten: Gr\u00fcner Veltliner, Riesling<\/strong><\/p>\n<p>&nbsp;<\/p>\n<h4>Wachau<\/h4>\n<p><img loading=\"lazy\" decoding=\"async\" class=\"alignnone size-full wp-image-1656\" src=\"\/magazin\/wp-content\/uploads\/2017\/03\/wachau.jpg\" alt=\"wachau\" width=\"1500\" height=\"480\" srcset=\"https:\/\/www.weinfreunde.de\/magazin\/wp-content\/uploads\/2017\/03\/wachau.jpg 1500w, https:\/\/www.weinfreunde.de\/magazin\/wp-content\/uploads\/2017\/03\/wachau-300x96.jpg 300w, https:\/\/www.weinfreunde.de\/magazin\/wp-content\/uploads\/2017\/03\/wachau-1024x328.jpg 1024w, https:\/\/www.weinfreunde.de\/magazin\/wp-content\/uploads\/2017\/03\/wachau-768x246.jpg 768w, https:\/\/www.weinfreunde.de\/magazin\/wp-content\/uploads\/2017\/03\/wachau-749x240.jpg 749w, https:\/\/www.weinfreunde.de\/magazin\/wp-content\/uploads\/2017\/03\/wachau-150x48.jpg 150w, https:\/\/www.weinfreunde.de\/magazin\/wp-content\/uploads\/2017\/03\/wachau-390x125.jpg 390w, https:\/\/www.weinfreunde.de\/magazin\/wp-content\/uploads\/2017\/03\/wachau-750x240.jpg 750w, https:\/\/www.weinfreunde.de\/magazin\/wp-content\/uploads\/2017\/03\/wachau-1140x365.jpg 1140w\" sizes=\"auto, (max-width: 1500px) 100vw, 1500px\" \/><\/p>\n<p>Die Wachau liegt im Weinland \u00d6sterreich im Donautal zwischen Melk und Krems. Hier gedeihen die Reben aus L\u00f6ssb\u00f6den, die auch mit Sand und Schotter versetzt sein k\u00f6nnen und die Hanglagen sind durch Gneis-B\u00f6den gepr\u00e4gt. Der Sommer ist in der Wachau hei\u00df und trocken. Die Winter fallen dagegen sehr streng aus. Fallwinde aus dem Waldviertel sorgen in der Erntezeit f\u00fcr einen wohltuenden Unterschied zwischen Tages- und Nachttemperatur. In den besten Lagen der Wachau entstehen Weine, die es mit den besten Wei\u00dfweinen der Welt aufnehmen k\u00f6nnen.<\/p>\n<p><strong>Weinbaufl\u00e4che: 1.344 ha<\/strong><\/p>\n<p><strong>Wichtigste Rebsorten: Gr\u00fcner Veltliner, Riesling<\/strong><\/p>\n<p>&nbsp;<\/p>\n<h4><u><\/u>Wagram<\/h4>\n<p><img loading=\"lazy\" decoding=\"async\" class=\"alignnone size-full wp-image-1657\" src=\"\/magazin\/wp-content\/uploads\/2017\/03\/wagram.jpg\" alt=\"wagram\" width=\"1500\" height=\"480\" srcset=\"https:\/\/www.weinfreunde.de\/magazin\/wp-content\/uploads\/2017\/03\/wagram.jpg 1500w, https:\/\/www.weinfreunde.de\/magazin\/wp-content\/uploads\/2017\/03\/wagram-300x96.jpg 300w, https:\/\/www.weinfreunde.de\/magazin\/wp-content\/uploads\/2017\/03\/wagram-1024x328.jpg 1024w, https:\/\/www.weinfreunde.de\/magazin\/wp-content\/uploads\/2017\/03\/wagram-768x246.jpg 768w, https:\/\/www.weinfreunde.de\/magazin\/wp-content\/uploads\/2017\/03\/wagram-749x240.jpg 749w, https:\/\/www.weinfreunde.de\/magazin\/wp-content\/uploads\/2017\/03\/wagram-150x48.jpg 150w, https:\/\/www.weinfreunde.de\/magazin\/wp-content\/uploads\/2017\/03\/wagram-390x125.jpg 390w, https:\/\/www.weinfreunde.de\/magazin\/wp-content\/uploads\/2017\/03\/wagram-750x240.jpg 750w, https:\/\/www.weinfreunde.de\/magazin\/wp-content\/uploads\/2017\/03\/wagram-1140x365.jpg 1140w\" sizes=\"auto, (max-width: 1500px) 100vw, 1500px\" \/><\/p>\n<p>Der Boden ist hier durch Schotter und L\u00f6ss gepr\u00e4gt. Beste Bedingungen f\u00fcr Wei\u00dfwein. Und mit dem roten Veltliner besitzt Wagram eine ganz besondere, autochthone Wei\u00dfwein-Spezialit\u00e4t. Aber auch der Gr\u00fcne Veltliner ist hier zuhause und liefert besonders w\u00fcrzige, als Reserve-Wein, auch \u00e4u\u00dferst kraftvolle Weine.<\/p>\n<p><strong>Weinbaufl\u00e4che: 2.720 ha<\/strong><\/p>\n<p><strong>Wichtigsten Rebsorten: Gr\u00fcner Veltliner, Riesling, Roter Veltliner<\/strong><\/p>\n<p>&nbsp;<\/p>\n<h4>Weinviertel, DAC f\u00fcr Gr\u00fcner Veltliner<\/h4>\n<p><img loading=\"lazy\" decoding=\"async\" class=\"alignnone size-full wp-image-1658\" src=\"\/magazin\/wp-content\/uploads\/2017\/03\/weinviertel.jpg\" alt=\"weinviertel\" width=\"1500\" height=\"480\" srcset=\"https:\/\/www.weinfreunde.de\/magazin\/wp-content\/uploads\/2017\/03\/weinviertel.jpg 1500w, https:\/\/www.weinfreunde.de\/magazin\/wp-content\/uploads\/2017\/03\/weinviertel-300x96.jpg 300w, https:\/\/www.weinfreunde.de\/magazin\/wp-content\/uploads\/2017\/03\/weinviertel-1024x328.jpg 1024w, https:\/\/www.weinfreunde.de\/magazin\/wp-content\/uploads\/2017\/03\/weinviertel-768x246.jpg 768w, https:\/\/www.weinfreunde.de\/magazin\/wp-content\/uploads\/2017\/03\/weinviertel-749x240.jpg 749w, https:\/\/www.weinfreunde.de\/magazin\/wp-content\/uploads\/2017\/03\/weinviertel-150x48.jpg 150w, https:\/\/www.weinfreunde.de\/magazin\/wp-content\/uploads\/2017\/03\/weinviertel-390x125.jpg 390w, https:\/\/www.weinfreunde.de\/magazin\/wp-content\/uploads\/2017\/03\/weinviertel-750x240.jpg 750w, https:\/\/www.weinfreunde.de\/magazin\/wp-content\/uploads\/2017\/03\/weinviertel-1140x365.jpg 1140w\" sizes=\"auto, (max-width: 1500px) 100vw, 1500px\" \/><\/p>\n<p>Das Weinviertel erstreckt sich von der Donau im S\u00fcden bis hin zur tschechischen Grenze im Norden. Es ist damit das gr\u00f6\u00dfte Weinbaugebiet in Nieder\u00f6sterreich. Entsprechend vielschichtig zeigt sich die Region auch in punkto Klima und Bodenbeschaffenheit. Und auch wenn hier viele verschiedene Rebsorten angebaut werden, steht im Weinviertel der Gr\u00fcne Veltliner im Vordergrund. Dieser zeichnet sich hier durch seine gute S\u00e4ure, eine sch\u00f6ne Frucht und die markante \u201ePfeffrigkeit\u201c aus.<\/p>\n<p><strong>Weinbaufl\u00e4che: 13.858 ha<\/strong><\/p>\n<p><strong>Wichtigsten Rebsorten: Gr\u00fcner Veltliner<\/strong><\/p>\n<div class=\"product-slider\" id=\"_prodSlider69f268841cc3e\">\n\t\t\t<h2>Weine aus \u00d6sterreich<\/h2>\n\t\t\n\t<div class=\"slide-area\">\n\t\t<div class=\"slides\">\n\t\t\t\t\t\t\t<div class=\"slide\">\n\t\t\t\t\t\t\t\t\t\t\t<a class=\"product\" href=\"https:\/\/www.weinfreunde.de\/p\/rubin-carnuntum-bio-grassl\/?ecid=int_magazin_nn_nn_nn_nn_nn_nn\" target=\"_blank\">\n\t\t\t\t\t\t\t\t\t\t\t<div class=\"image\">\n\t\t\t\t\t\t\t<div\n                                    class=\"bg\"\n                                    style=\"background-image: url(https:\/\/10b644692e76ab15cf59-eaadbe2afc1f47d8740ca8f676f7fe70.ssl.cf3.rackcdn.com\/2000010049_900v-D1s79AQO.png);\"\n                            ><\/div>\n\t\t\t\t\t\t<\/div>\n\t\t\t\t\t\t<div class=\"c\">\n\t\t\t\t\t\t\t<div class=\"title\">Rubin Carnuntum (Bio) 2022<\/div>\n\t\t\t\t\t\t\t<div class=\"brand\">Grassl<\/div>\n\t\t\t\t\t\t\t\t\t\t\t\t\t\t\t<div class=\"details\">\n\t\t\t\t\t\t\t\t\t\t\t\t\t\t\t\t\t\t\t<div>Rotwein<\/div>\n\t\t\t\t\t\t\t\t\t\t\t\t\t\t\t\t\t\t\t<div>Zweigelt<\/div>\n\t\t\t\t\t\t\t\t\t\t\t\t\t\t\t\t\t<\/div>\n\t\t\t\t\t\t\t\t\t\t\t\t\t<\/div>\n\t\t\t\t\t<\/a>\n\t\t\t\t<\/div>\n\t\t\t\t\t\t\t<div class=\"slide\">\n\t\t\t\t\t\t\t\t\t\t\t<a class=\"product\" href=\"https:\/\/www.weinfreunde.de\/p\/blaufraenkisch-hochaecker-paul-kerschbaum\/?ecid=int_magazin_nn_nn_nn_nn_nn_nn\" target=\"_blank\">\n\t\t\t\t\t\t\t\t\t\t\t<div class=\"image\">\n\t\t\t\t\t\t\t<div\n                                    class=\"bg\"\n                                    style=\"background-image: url(https:\/\/images.cdn.europe-west1.gcp.commercetools.com\/c465d296-b9b4-4e2d-afd0-6980caa08886\/2000010100_900v-CFHWsgZg.png);\"\n                            ><\/div>\n\t\t\t\t\t\t<\/div>\n\t\t\t\t\t\t<div class=\"c\">\n\t\t\t\t\t\t\t<div class=\"title\">Blaufr\u00e4nkisch Hoch\u00e4cker 2021<\/div>\n\t\t\t\t\t\t\t<div class=\"brand\">Paul Kerschbaum<\/div>\n\t\t\t\t\t\t\t\t\t\t\t\t\t\t\t<div class=\"details\">\n\t\t\t\t\t\t\t\t\t\t\t\t\t\t\t\t\t\t\t<div>Rotwein<\/div>\n\t\t\t\t\t\t\t\t\t\t\t\t\t\t\t\t\t\t\t<div>Blaufr\u00e4nkisch<\/div>\n\t\t\t\t\t\t\t\t\t\t\t\t\t\t\t\t\t\t\t<div>Burgenland<\/div>\n\t\t\t\t\t\t\t\t\t\t\t\t\t\t\t\t\t<\/div>\n\t\t\t\t\t\t\t\t\t\t\t\t\t<\/div>\n\t\t\t\t\t<\/a>\n\t\t\t\t<\/div>\n\t\t\t\t\t\t\t<div class=\"slide\">\n\t\t\t\t\t\t\t\t\t\t\t<a class=\"product\" href=\"https:\/\/www.weinfreunde.de\/p\/legends-scheiblhofer\/?ecid=int_magazin_nn_nn_nn_nn_nn_nn\" target=\"_blank\">\n\t\t\t\t\t\t\t\t\t\t\t<div class=\"image\">\n\t\t\t\t\t\t\t<div\n                                    class=\"bg\"\n                                    style=\"background-image: url(https:\/\/10b644692e76ab15cf59-eaadbe2afc1f47d8740ca8f676f7fe70.ssl.cf3.rackcdn.com\/2000010271_900v-JDFmU5_-.png);\"\n                            ><\/div>\n\t\t\t\t\t\t<\/div>\n\t\t\t\t\t\t<div class=\"c\">\n\t\t\t\t\t\t\t<div class=\"title\">Legends 2023<\/div>\n\t\t\t\t\t\t\t<div class=\"brand\">Scheiblhofer<\/div>\n\t\t\t\t\t\t\t\t\t\t\t\t\t\t\t<div class=\"details\">\n\t\t\t\t\t\t\t\t\t\t\t\t\t\t\t\t\t\t\t<div>Rotwein<\/div>\n\t\t\t\t\t\t\t\t\t\t\t\t\t\t\t\t\t\t\t<div>Cabernet Sauvignon, Merlot<\/div>\n\t\t\t\t\t\t\t\t\t\t\t\t\t\t\t\t\t<\/div>\n\t\t\t\t\t\t\t\t\t\t\t\t\t<\/div>\n\t\t\t\t\t<\/a>\n\t\t\t\t<\/div>\n\t\t\t\t\t\t\t<div class=\"slide\">\n\t\t\t\t\t\t\t\t\t\t\t<a class=\"product\" href=\"https:\/\/www.weinfreunde.de\/p\/zweigelt-neusiedlersee-scheiblhofer\/?ecid=int_magazin_nn_nn_nn_nn_nn_nn\" target=\"_blank\">\n\t\t\t\t\t\t\t\t\t\t\t<div class=\"image\">\n\t\t\t\t\t\t\t<div\n                                    class=\"bg\"\n                                    style=\"background-image: url(https:\/\/10b644692e76ab15cf59-eaadbe2afc1f47d8740ca8f676f7fe70.ssl.cf3.rackcdn.com\/2000010415_900v-Zg_Up8U-.png);\"\n                            ><\/div>\n\t\t\t\t\t\t<\/div>\n\t\t\t\t\t\t<div class=\"c\">\n\t\t\t\t\t\t\t<div class=\"title\">Zweigelt Neusiedlersee 2024<\/div>\n\t\t\t\t\t\t\t<div class=\"brand\">Scheiblhofer<\/div>\n\t\t\t\t\t\t\t\t\t\t\t\t\t\t\t<div class=\"details\">\n\t\t\t\t\t\t\t\t\t\t\t\t\t\t\t\t\t\t\t<div>Rotwein<\/div>\n\t\t\t\t\t\t\t\t\t\t\t\t\t\t\t\t\t\t\t<div>Zweigelt<\/div>\n\t\t\t\t\t\t\t\t\t\t\t\t\t\t\t\t\t\t\t<div>Neusiedlersee<\/div>\n\t\t\t\t\t\t\t\t\t\t\t\t\t\t\t\t\t<\/div>\n\t\t\t\t\t\t\t\t\t\t\t\t\t<\/div>\n\t\t\t\t\t<\/a>\n\t\t\t\t<\/div>\n\t\t\t\t\t\t\t<div class=\"slide\">\n\t\t\t\t\t\t\t\t\t\t\t<a class=\"product\" href=\"https:\/\/www.weinfreunde.de\/p\/gelber-muskateller-suedsteiermark-tschermonegg\/?ecid=int_magazin_nn_nn_nn_nn_nn_nn\" target=\"_blank\">\n\t\t\t\t\t\t\t\t\t\t\t<div class=\"image\">\n\t\t\t\t\t\t\t<div\n                                    class=\"bg\"\n                                    style=\"background-image: url(https:\/\/images.cdn.europe-west1.gcp.commercetools.com\/c465d296-b9b4-4e2d-afd0-6980caa08886\/2000010504_900v-TjDiBlQg.png);\"\n                            ><\/div>\n\t\t\t\t\t\t<\/div>\n\t\t\t\t\t\t<div class=\"c\">\n\t\t\t\t\t\t\t<div class=\"title\">Gelber Muskateller S\u00fcdsteiermark 2024<\/div>\n\t\t\t\t\t\t\t<div class=\"brand\">Tschermonegg<\/div>\n\t\t\t\t\t\t\t\t\t\t\t\t\t\t\t<div class=\"details\">\n\t\t\t\t\t\t\t\t\t\t\t\t\t\t\t\t\t\t\t<div>Wei\u00dfwein<\/div>\n\t\t\t\t\t\t\t\t\t\t\t\t\t\t\t\t\t\t\t<div>Gelber Muskateller<\/div>\n\t\t\t\t\t\t\t\t\t\t\t\t\t\t\t\t\t\t\t<div>S\u00fcdsteiermark<\/div>\n\t\t\t\t\t\t\t\t\t\t\t\t\t\t\t\t\t<\/div>\n\t\t\t\t\t\t\t\t\t\t\t\t\t<\/div>\n\t\t\t\t\t<\/a>\n\t\t\t\t<\/div>\n\t\t\t\t\t\t\t<div class=\"slide\">\n\t\t\t\t\t\t\t\t\t\t\t<a class=\"product\" href=\"https:\/\/www.weinfreunde.de\/p\/das-phantom-bio-k-k-kirnbauer\/?ecid=int_magazin_nn_nn_nn_nn_nn_nn\" target=\"_blank\">\n\t\t\t\t\t\t\t\t\t\t\t<div class=\"image\">\n\t\t\t\t\t\t\t<div\n                                    class=\"bg\"\n                                    style=\"background-image: url(https:\/\/10b644692e76ab15cf59-eaadbe2afc1f47d8740ca8f676f7fe70.ssl.cf3.rackcdn.com\/2000010513_900v-3u8nPGkQ.png);\"\n                            ><\/div>\n\t\t\t\t\t\t<\/div>\n\t\t\t\t\t\t<div class=\"c\">\n\t\t\t\t\t\t\t<div class=\"title\">Das Phantom (Bio) 2023<\/div>\n\t\t\t\t\t\t\t<div class=\"brand\">K+K Kirnbauer<\/div>\n\t\t\t\t\t\t\t\t\t\t\t\t\t\t\t<div class=\"details\">\n\t\t\t\t\t\t\t\t\t\t\t\t\t\t\t\t\t\t\t<div>Rotwein<\/div>\n\t\t\t\t\t\t\t\t\t\t\t\t\t\t\t\t\t\t\t<div>Syrah, Merlot, Cabernet Sauvignon, Blaufr\u00e4nkisch<\/div>\n\t\t\t\t\t\t\t\t\t\t\t\t\t\t\t\t\t<\/div>\n\t\t\t\t\t\t\t\t\t\t\t\t\t<\/div>\n\t\t\t\t\t<\/a>\n\t\t\t\t<\/div>\n\t\t\t\t\t\t\t<div class=\"slide\">\n\t\t\t\t\t\t\t\t\t\t\t<a class=\"product\" href=\"https:\/\/www.weinfreunde.de\/p\/wien-2-r-a-pfaffl\/?ecid=int_magazin_nn_nn_nn_nn_nn_nn\" target=\"_blank\">\n\t\t\t\t\t\t\t\t\t\t\t<div class=\"image\">\n\t\t\t\t\t\t\t<div\n                                    class=\"bg\"\n                                    style=\"background-image: url(https:\/\/10b644692e76ab15cf59-eaadbe2afc1f47d8740ca8f676f7fe70.ssl.cf3.rackcdn.com\/2000010706_900v-3m8WTaFW.png);\"\n                            ><\/div>\n\t\t\t\t\t\t<\/div>\n\t\t\t\t\t\t<div class=\"c\">\n\t\t\t\t\t\t\t<div class=\"title\">Wien. 2 2023<\/div>\n\t\t\t\t\t\t\t<div class=\"brand\">R&amp;A Pfaffl<\/div>\n\t\t\t\t\t\t\t\t\t\t\t\t\t\t\t<div class=\"details\">\n\t\t\t\t\t\t\t\t\t\t\t\t\t\t\t\t\t\t\t<div>Rotwein<\/div>\n\t\t\t\t\t\t\t\t\t\t\t\t\t\t\t\t\t\t\t<div>Zweigelt, Pinot Noir<\/div>\n\t\t\t\t\t\t\t\t\t\t\t\t\t\t\t\t\t<\/div>\n\t\t\t\t\t\t\t\t\t\t\t\t\t<\/div>\n\t\t\t\t\t<\/a>\n\t\t\t\t<\/div>\n\t\t\t\t\t\t\t<div class=\"slide\">\n\t\t\t\t\t\t\t\t\t\t\t<a class=\"product\" href=\"https:\/\/www.weinfreunde.de\/p\/zweigelt-woeber\/?ecid=int_magazin_nn_nn_nn_nn_nn_nn\" target=\"_blank\">\n\t\t\t\t\t\t\t\t\t\t\t<div class=\"image\">\n\t\t\t\t\t\t\t<div\n                                    class=\"bg\"\n                                    style=\"background-image: url(https:\/\/10b644692e76ab15cf59-eaadbe2afc1f47d8740ca8f676f7fe70.ssl.cf3.rackcdn.com\/2000010777_900v-QfgVfs6-.png);\"\n                            ><\/div>\n\t\t\t\t\t\t<\/div>\n\t\t\t\t\t\t<div class=\"c\">\n\t\t\t\t\t\t\t<div class=\"title\">Zweigelt 2024<\/div>\n\t\t\t\t\t\t\t<div class=\"brand\">W\u00f6ber<\/div>\n\t\t\t\t\t\t\t\t\t\t\t\t\t\t\t<div class=\"details\">\n\t\t\t\t\t\t\t\t\t\t\t\t\t\t\t\t\t\t\t<div>Rotwein<\/div>\n\t\t\t\t\t\t\t\t\t\t\t\t\t\t\t\t\t\t\t<div>Zweigelt<\/div>\n\t\t\t\t\t\t\t\t\t\t\t\t\t\t\t\t\t<\/div>\n\t\t\t\t\t\t\t\t\t\t\t\t\t<\/div>\n\t\t\t\t\t<\/a>\n\t\t\t\t<\/div>\n\t\t\t\t\t\t\t<div class=\"slide\">\n\t\t\t\t\t\t\t\t\t\t\t<a class=\"product\" href=\"https:\/\/www.weinfreunde.de\/p\/gruener-veltliner-haiden-trocken-r-a-pfaffl\/?ecid=int_magazin_nn_nn_nn_nn_nn_nn\" target=\"_blank\">\n\t\t\t\t\t\t\t\t\t\t\t<div class=\"image\">\n\t\t\t\t\t\t\t<div\n                                    class=\"bg\"\n                                    style=\"background-image: url(https:\/\/images.cdn.europe-west1.gcp.commercetools.com\/c465d296-b9b4-4e2d-afd0-6980caa08886\/2000010913_900v-1xIqrlQz.png);\"\n                            ><\/div>\n\t\t\t\t\t\t<\/div>\n\t\t\t\t\t\t<div class=\"c\">\n\t\t\t\t\t\t\t<div class=\"title\">Gr\u00fcner Veltliner Haiden trocken 2024<\/div>\n\t\t\t\t\t\t\t<div class=\"brand\">R&amp;A Pfaffl<\/div>\n\t\t\t\t\t\t\t\t\t\t\t\t\t\t\t<div class=\"details\">\n\t\t\t\t\t\t\t\t\t\t\t\t\t\t\t\t\t\t\t<div>Wei\u00dfwein<\/div>\n\t\t\t\t\t\t\t\t\t\t\t\t\t\t\t\t\t\t\t<div>Gr\u00fcner Veltliner<\/div>\n\t\t\t\t\t\t\t\t\t\t\t\t\t\t\t\t\t<\/div>\n\t\t\t\t\t\t\t\t\t\t\t\t\t<\/div>\n\t\t\t\t\t<\/a>\n\t\t\t\t<\/div>\n\t\t\t\t\t<\/div>\n\t<\/div>\n<\/div>\n<script>_w(() => new WF.Magazin.ProductSlider('#_prodSlider69f268841cc3e'));<\/script>\n\n<h2 style=\"text-align: left;\">Burgenland, Steiermark und Wien<\/h2>\n<p>Bisher haben wir uns den grunds\u00e4tzlichen Informationen gewidmet und die gr\u00f6\u00dfte Region Nieder\u00f6sterreich und seinen Weinbaugebieten vorgestellt. Nun werden die weiteren Weinbauregionen \u00d6sterreichs portraitiert.<\/p>\n<p><img loading=\"lazy\" decoding=\"async\" class=\"alignnone wp-image-5318 size-full\" src=\"https:\/\/www.weinfreunde.de\/magazin\/wp-content\/uploads\/2021\/04\/20210422_Infografik_Oesterreich-v013.png\" alt=\"Weinregion Burgenland \u00d6sterreich\" width=\"3125\" height=\"2208\" srcset=\"https:\/\/www.weinfreunde.de\/magazin\/wp-content\/uploads\/2021\/04\/20210422_Infografik_Oesterreich-v013.png 2048w, https:\/\/www.weinfreunde.de\/magazin\/wp-content\/uploads\/2021\/04\/20210422_Infografik_Oesterreich-v013-300x212.png 300w, https:\/\/www.weinfreunde.de\/magazin\/wp-content\/uploads\/2021\/04\/20210422_Infografik_Oesterreich-v013-1024x724.png 1024w, https:\/\/www.weinfreunde.de\/magazin\/wp-content\/uploads\/2021\/04\/20210422_Infografik_Oesterreich-v013-768x543.png 768w, https:\/\/www.weinfreunde.de\/magazin\/wp-content\/uploads\/2021\/04\/20210422_Infografik_Oesterreich-v013-708x500.png 708w, https:\/\/www.weinfreunde.de\/magazin\/wp-content\/uploads\/2021\/04\/20210422_Infografik_Oesterreich-v013-1536x1085.png 1536w, https:\/\/www.weinfreunde.de\/magazin\/wp-content\/uploads\/2021\/04\/20210422_Infografik_Oesterreich-v013-150x106.png 150w, https:\/\/www.weinfreunde.de\/magazin\/wp-content\/uploads\/2021\/04\/20210422_Infografik_Oesterreich-v013-390x276.png 390w, https:\/\/www.weinfreunde.de\/magazin\/wp-content\/uploads\/2021\/04\/20210422_Infografik_Oesterreich-v013-750x530.png 750w, https:\/\/www.weinfreunde.de\/magazin\/wp-content\/uploads\/2021\/04\/20210422_Infografik_Oesterreich-v013-1140x805.png 1140w\" sizes=\"auto, (max-width: 3125px) 100vw, 3125px\" \/><\/p>\n<h3>Die Weinbauregion Burgenland<\/h3>\n<p>Ganz im Osten \u00d6sterreichs reifen wohl die kr\u00e4ftigsten und k\u00f6rperreichsten Rotweine des Landes. Hauptgrund daf\u00fcr ist das sehr warme Sommerklima und die lehmige Bodenbeschaffenheit. Aber selbstverst\u00e4ndlich sind in den spezifischen Gebieten nochmals gro\u00dfe Unterschiede zu beobachten \u2013 im Folgenden werde ich diese aufzeigen.<\/p>\n<h4>Eisenberg, DAC f\u00fcr Blaufr\u00e4nkisch<\/h4>\n<p><img loading=\"lazy\" decoding=\"async\" class=\"alignnone size-full wp-image-1722\" src=\"https:\/\/www.weinfreunde.de\/magazin\/wp-content\/uploads\/2017\/04\/Eisenberg.jpg\" alt=\"Eisenberg Weinbauregion \u00d6sterreich\" width=\"1500\" height=\"480\" srcset=\"https:\/\/www.weinfreunde.de\/magazin\/wp-content\/uploads\/2017\/04\/Eisenberg.jpg 1500w, https:\/\/www.weinfreunde.de\/magazin\/wp-content\/uploads\/2017\/04\/Eisenberg-300x96.jpg 300w, https:\/\/www.weinfreunde.de\/magazin\/wp-content\/uploads\/2017\/04\/Eisenberg-1024x328.jpg 1024w, https:\/\/www.weinfreunde.de\/magazin\/wp-content\/uploads\/2017\/04\/Eisenberg-768x246.jpg 768w, https:\/\/www.weinfreunde.de\/magazin\/wp-content\/uploads\/2017\/04\/Eisenberg-749x240.jpg 749w, https:\/\/www.weinfreunde.de\/magazin\/wp-content\/uploads\/2017\/04\/Eisenberg-150x48.jpg 150w, https:\/\/www.weinfreunde.de\/magazin\/wp-content\/uploads\/2017\/04\/Eisenberg-390x125.jpg 390w, https:\/\/www.weinfreunde.de\/magazin\/wp-content\/uploads\/2017\/04\/Eisenberg-750x240.jpg 750w, https:\/\/www.weinfreunde.de\/magazin\/wp-content\/uploads\/2017\/04\/Eisenberg-1140x365.jpg 1140w\" sizes=\"auto, (max-width: 1500px) 100vw, 1500px\" \/><\/p>\n<p>Eisenberg stellte eine bedeutende Region f\u00fcr ausgezeichneten Blaufr\u00e4nkisch dar. Insbesondere die spezifische Bodenstruktur sorgt f\u00fcr einen sehr eleganten und komplexen Weinstil. Denn der Boden ist nicht nur durch Lehm gepr\u00e4gt, sondern wird durch kristallines Gestein aufgelockert. Dieses bringt Frische in den Blaufr\u00e4nkisch und l\u00e4sst ihn bei aller Kraft leichtf\u00fc\u00dfig wirken.<\/p>\n<p><strong>Weinbaufl\u00e4che: 515 ha<\/strong><\/p>\n<p><strong>Wichtigste Rebsorten: Blaufr\u00e4nkisch<\/strong><\/p>\n<p>&nbsp;<\/p>\n<h4>Leithaberg, DAC f\u00fcr Wei\u00dfburgunder, Chardonnay, Neuburger, Gr\u00fcner Veltliner, Blaufr\u00e4nkisch<\/h4>\n<p><img loading=\"lazy\" decoding=\"async\" class=\"alignnone size-full wp-image-1723\" src=\"https:\/\/www.weinfreunde.de\/magazin\/wp-content\/uploads\/2017\/04\/Leithagebirge.jpg\" alt=\"Leithagebirge Weinbauregion \u00d6sterreich\" width=\"1500\" height=\"480\" srcset=\"https:\/\/www.weinfreunde.de\/magazin\/wp-content\/uploads\/2017\/04\/Leithagebirge.jpg 1500w, https:\/\/www.weinfreunde.de\/magazin\/wp-content\/uploads\/2017\/04\/Leithagebirge-300x96.jpg 300w, https:\/\/www.weinfreunde.de\/magazin\/wp-content\/uploads\/2017\/04\/Leithagebirge-1024x328.jpg 1024w, https:\/\/www.weinfreunde.de\/magazin\/wp-content\/uploads\/2017\/04\/Leithagebirge-768x246.jpg 768w, https:\/\/www.weinfreunde.de\/magazin\/wp-content\/uploads\/2017\/04\/Leithagebirge-749x240.jpg 749w, https:\/\/www.weinfreunde.de\/magazin\/wp-content\/uploads\/2017\/04\/Leithagebirge-150x48.jpg 150w, https:\/\/www.weinfreunde.de\/magazin\/wp-content\/uploads\/2017\/04\/Leithagebirge-390x125.jpg 390w, https:\/\/www.weinfreunde.de\/magazin\/wp-content\/uploads\/2017\/04\/Leithagebirge-750x240.jpg 750w, https:\/\/www.weinfreunde.de\/magazin\/wp-content\/uploads\/2017\/04\/Leithagebirge-1140x365.jpg 1140w\" sizes=\"auto, (max-width: 1500px) 100vw, 1500px\" \/><\/p>\n<p>Hier werden die B\u00f6den stark durch das angrenzende Leithagebirges gepr\u00e4gt. So ist auch hier \u2013 \u00e4hnlich wie im Eisenberg \u2013 der an sich lehmige Boden durch mineralische Komponenten durchzogen. In Leithaberg allen voran durch Kalk. Dadurch wird hier die Kraft der Weine durch eine sch\u00f6ne Mineralit\u00e4t erg\u00e4nzt. Diese passt ebenso ausgezeichnet zu Wei\u00dfweinen.<\/p>\n<p><strong>Weinbaufl\u00e4che: 6.675 ha<\/strong><\/p>\n<p><strong>Wichtigste Rebsorten: Wei\u00dfburgunder, Chardonnay, Blaufr\u00e4nkisch<\/strong><\/p>\n<p>&nbsp;<\/p>\n<h4>Mittelburgenland, DAC f\u00fcr Blaufr\u00e4nkisch<\/h4>\n<p><img loading=\"lazy\" decoding=\"async\" class=\"alignnone size-full wp-image-1724\" src=\"https:\/\/www.weinfreunde.de\/magazin\/wp-content\/uploads\/2017\/04\/Mittelburgenland.jpg\" alt=\"Mittelburgenland Weinbauregion \u00d6sterreich\" width=\"1500\" height=\"480\" srcset=\"https:\/\/www.weinfreunde.de\/magazin\/wp-content\/uploads\/2017\/04\/Mittelburgenland.jpg 1500w, https:\/\/www.weinfreunde.de\/magazin\/wp-content\/uploads\/2017\/04\/Mittelburgenland-300x96.jpg 300w, https:\/\/www.weinfreunde.de\/magazin\/wp-content\/uploads\/2017\/04\/Mittelburgenland-1024x328.jpg 1024w, https:\/\/www.weinfreunde.de\/magazin\/wp-content\/uploads\/2017\/04\/Mittelburgenland-768x246.jpg 768w, https:\/\/www.weinfreunde.de\/magazin\/wp-content\/uploads\/2017\/04\/Mittelburgenland-749x240.jpg 749w, https:\/\/www.weinfreunde.de\/magazin\/wp-content\/uploads\/2017\/04\/Mittelburgenland-150x48.jpg 150w, https:\/\/www.weinfreunde.de\/magazin\/wp-content\/uploads\/2017\/04\/Mittelburgenland-390x125.jpg 390w, https:\/\/www.weinfreunde.de\/magazin\/wp-content\/uploads\/2017\/04\/Mittelburgenland-750x240.jpg 750w, https:\/\/www.weinfreunde.de\/magazin\/wp-content\/uploads\/2017\/04\/Mittelburgenland-1140x365.jpg 1140w\" sizes=\"auto, (max-width: 1500px) 100vw, 1500px\" \/><\/p>\n<p>Die Weing\u00e4rten des Mittelburgenlands werden \u2013 klimatisch betrachtet \u2013 sehr gut durch die angrenzenden Gebirgsz\u00fcge vor Kaltluft gesch\u00fctzt. Allerdings kann aus dem Osten Warmluft aus der Tiefebene einziehen. Diese Bedingungen sorgen in Kombination mit sehr schweren Lehmb\u00f6den f\u00fcr Rotweine, die vor Kraft strotzen.<\/p>\n<p><strong>Weinbaufl\u00e4che: 2.104 ha<\/strong><\/p>\n<p><strong>Wichtigste Rebsorte: Blaufr\u00e4nkisch<\/strong><\/p>\n<p>&nbsp;<\/p>\n<h4>Rosalia, DAC f\u00fcr Blaufr\u00e4nkisch, Zweigelt &amp; Ros\u00e9weine<\/h4>\n<p>2018 wurde Rosalia zu einem Weinbaugebiet \u201ebef\u00f6rdert\u201c. Das Gebiet kann eine lange Weinbautradition aufweisen: Schon vor 2500 Jahren bauten Kelten in Rosalia Wein an. Ein pannonisches Klima sorgt in Kombination mit geologisch jungen Ablagerungen eines Urmeeres f\u00fcr besonders gute Voraussetzungen f\u00fcr den Weinbau. Rosalia ist auch DAC-Region f\u00fcr Ros\u00e9-Weine.<\/p>\n<p><strong>Weinbaufl\u00e4che: 297 ha (Stand 2020)<\/strong><\/p>\n<p><strong>Wichtigste Rebsorten: Blaufr\u00e4nkisch, Zweigelt<\/strong><\/p>\n<p>&nbsp;<\/p>\n<h4>Neusiedlersee, DAC f\u00fcr Zweigelt<\/h4>\n<p><img loading=\"lazy\" decoding=\"async\" class=\"alignnone size-full wp-image-1725\" src=\"https:\/\/www.weinfreunde.de\/magazin\/wp-content\/uploads\/2017\/04\/Neusiedlersee.jpg\" alt=\"Neusiedlersee Weinbauregion \u00d6sterreich\" width=\"1500\" height=\"480\" srcset=\"https:\/\/www.weinfreunde.de\/magazin\/wp-content\/uploads\/2017\/04\/Neusiedlersee.jpg 1500w, https:\/\/www.weinfreunde.de\/magazin\/wp-content\/uploads\/2017\/04\/Neusiedlersee-300x96.jpg 300w, https:\/\/www.weinfreunde.de\/magazin\/wp-content\/uploads\/2017\/04\/Neusiedlersee-1024x328.jpg 1024w, https:\/\/www.weinfreunde.de\/magazin\/wp-content\/uploads\/2017\/04\/Neusiedlersee-768x246.jpg 768w, https:\/\/www.weinfreunde.de\/magazin\/wp-content\/uploads\/2017\/04\/Neusiedlersee-749x240.jpg 749w, https:\/\/www.weinfreunde.de\/magazin\/wp-content\/uploads\/2017\/04\/Neusiedlersee-150x48.jpg 150w, https:\/\/www.weinfreunde.de\/magazin\/wp-content\/uploads\/2017\/04\/Neusiedlersee-390x125.jpg 390w, https:\/\/www.weinfreunde.de\/magazin\/wp-content\/uploads\/2017\/04\/Neusiedlersee-750x240.jpg 750w, https:\/\/www.weinfreunde.de\/magazin\/wp-content\/uploads\/2017\/04\/Neusiedlersee-1140x365.jpg 1140w\" sizes=\"auto, (max-width: 1500px) 100vw, 1500px\" \/><\/p>\n<p>Das Weinbaugebiet befindet sich \u00f6stlich des Sees und wird nachhaltig durch das feuchte Seeklima beeinflusst. Der rote Zweigelt reift durch die hei\u00dfen und trockenen Sommer sehr gut, wird aber durch das frische Klima des nahen Sees positiv beeinflusst. Der Zweigelt wirkt in der Regel zwar durchaus kr\u00e4ftig, kann aber auch mit guter Frische \u00fcberzeugen. Durch unterschiedliche Bodenbeschaffenheiten gedeihen am Neusiedlersee auch andere Rebsorten sehr gut \u2013 insbesondere S\u00fc\u00dfweine aus Welschriesling.<\/p>\n<p><strong>Weinbaufl\u00e4che: 6.675 ha<\/strong><\/p>\n<p><strong>Wichtigste Rebsorten: Welschriesling (s\u00fc\u00df), Zweigelt<\/strong><\/p>\n<p><img loading=\"lazy\" decoding=\"async\" class=\"alignnone wp-image-5531 size-full\" src=\"https:\/\/www.weinfreunde.de\/magazin\/wp-content\/uploads\/2021\/04\/20210422_Infografik_Oesterreich-v014_neu.png\" alt=\"Steiermark DAC\" width=\"1500\" height=\"1060\" srcset=\"https:\/\/www.weinfreunde.de\/magazin\/wp-content\/uploads\/2021\/04\/20210422_Infografik_Oesterreich-v014_neu.png 1500w, https:\/\/www.weinfreunde.de\/magazin\/wp-content\/uploads\/2021\/04\/20210422_Infografik_Oesterreich-v014_neu-300x212.png 300w, https:\/\/www.weinfreunde.de\/magazin\/wp-content\/uploads\/2021\/04\/20210422_Infografik_Oesterreich-v014_neu-1024x724.png 1024w, https:\/\/www.weinfreunde.de\/magazin\/wp-content\/uploads\/2021\/04\/20210422_Infografik_Oesterreich-v014_neu-768x543.png 768w, https:\/\/www.weinfreunde.de\/magazin\/wp-content\/uploads\/2021\/04\/20210422_Infografik_Oesterreich-v014_neu-708x500.png 708w, https:\/\/www.weinfreunde.de\/magazin\/wp-content\/uploads\/2021\/04\/20210422_Infografik_Oesterreich-v014_neu-150x106.png 150w, https:\/\/www.weinfreunde.de\/magazin\/wp-content\/uploads\/2021\/04\/20210422_Infografik_Oesterreich-v014_neu-390x276.png 390w, https:\/\/www.weinfreunde.de\/magazin\/wp-content\/uploads\/2021\/04\/20210422_Infografik_Oesterreich-v014_neu-750x530.png 750w, https:\/\/www.weinfreunde.de\/magazin\/wp-content\/uploads\/2021\/04\/20210422_Infografik_Oesterreich-v014_neu-1140x806.png 1140w\" sizes=\"auto, (max-width: 1500px) 100vw, 1500px\" \/><\/p>\n<h3>Die Weinbauregion Steiermark DAC<\/h3>\n<p>Die vergleichsweise kleine Weinbauregion Steiermark hat in den letzten Jahren vor allem durch ihre hervorragenden Sauvignon-Blanc-Weine f\u00fcr positive Aufmerksamkeit gesorgt. Obwohl das Weinbaugebiet in Vulkanland, S\u00fcd- und Weststeiermark DAC unterteilt ist, befindet sich der Weinbau geographisch betrachtet im S\u00fcden des Bundeslandes Steiermark.<\/p>\n<p>&nbsp;<\/p>\n<h4>Vulkanland Steiermark DAC<\/h4>\n<p><img loading=\"lazy\" decoding=\"async\" class=\"alignnone size-full wp-image-1726\" src=\"https:\/\/www.weinfreunde.de\/magazin\/wp-content\/uploads\/2017\/04\/Vulkanland-.jpg\" alt=\"Vulkanland Weinbauregion \u00d6sterreich\" width=\"1500\" height=\"480\" srcset=\"https:\/\/www.weinfreunde.de\/magazin\/wp-content\/uploads\/2017\/04\/Vulkanland-.jpg 1500w, https:\/\/www.weinfreunde.de\/magazin\/wp-content\/uploads\/2017\/04\/Vulkanland--300x96.jpg 300w, https:\/\/www.weinfreunde.de\/magazin\/wp-content\/uploads\/2017\/04\/Vulkanland--1024x328.jpg 1024w, https:\/\/www.weinfreunde.de\/magazin\/wp-content\/uploads\/2017\/04\/Vulkanland--768x246.jpg 768w, https:\/\/www.weinfreunde.de\/magazin\/wp-content\/uploads\/2017\/04\/Vulkanland--749x240.jpg 749w, https:\/\/www.weinfreunde.de\/magazin\/wp-content\/uploads\/2017\/04\/Vulkanland--150x48.jpg 150w, https:\/\/www.weinfreunde.de\/magazin\/wp-content\/uploads\/2017\/04\/Vulkanland--390x125.jpg 390w, https:\/\/www.weinfreunde.de\/magazin\/wp-content\/uploads\/2017\/04\/Vulkanland--750x240.jpg 750w, https:\/\/www.weinfreunde.de\/magazin\/wp-content\/uploads\/2017\/04\/Vulkanland--1140x365.jpg 1140w\" sizes=\"auto, (max-width: 1500px) 100vw, 1500px\" \/><\/p>\n<p>In diese Gegend herrscht eine gro\u00dfe Rebsortenvielfalt. Nicht zuletzt aufgrund der Tatsache, dass hier das Klima bereits vom Mittelmeer beeinflusst wird und dadurch etwas milder ist als beispielsweise im Burgenland. Auch der Boden bietet gute Voraussetzungen f\u00fcr unterschiedliche Rebsorten und wird insbesondere durch Lehm, Basalt, Sand sowie Verwitterungsgestein gepr\u00e4gt.<\/p>\n<p><strong>Weinbaufl\u00e4che: 1.524 ha<\/strong><\/p>\n<p><strong>Wichtigste Rebsorten: Welschriesling, Wei\u00dfburgunder, Sauvignon Blanc, Traminer<\/strong><\/p>\n<p>&nbsp;<\/p>\n<h4>S\u00fcdsteiermark DAC<\/h4>\n<p><img loading=\"lazy\" decoding=\"async\" class=\"alignnone size-full wp-image-1727\" src=\"https:\/\/www.weinfreunde.de\/magazin\/wp-content\/uploads\/2017\/04\/S\u00fcdsteiermark.jpg\" alt=\"S\u00fcdsteiermark Weinbauregion \u00d6sterreich\" width=\"1500\" height=\"480\" srcset=\"https:\/\/www.weinfreunde.de\/magazin\/wp-content\/uploads\/2017\/04\/S\u00fcdsteiermark.jpg 1500w, https:\/\/www.weinfreunde.de\/magazin\/wp-content\/uploads\/2017\/04\/S\u00fcdsteiermark-300x96.jpg 300w, https:\/\/www.weinfreunde.de\/magazin\/wp-content\/uploads\/2017\/04\/S\u00fcdsteiermark-1024x328.jpg 1024w, https:\/\/www.weinfreunde.de\/magazin\/wp-content\/uploads\/2017\/04\/S\u00fcdsteiermark-768x246.jpg 768w, https:\/\/www.weinfreunde.de\/magazin\/wp-content\/uploads\/2017\/04\/S\u00fcdsteiermark-749x240.jpg 749w, https:\/\/www.weinfreunde.de\/magazin\/wp-content\/uploads\/2017\/04\/S\u00fcdsteiermark-150x48.jpg 150w, https:\/\/www.weinfreunde.de\/magazin\/wp-content\/uploads\/2017\/04\/S\u00fcdsteiermark-390x125.jpg 390w, https:\/\/www.weinfreunde.de\/magazin\/wp-content\/uploads\/2017\/04\/S\u00fcdsteiermark-750x240.jpg 750w, https:\/\/www.weinfreunde.de\/magazin\/wp-content\/uploads\/2017\/04\/S\u00fcdsteiermark-1140x365.jpg 1140w\" sizes=\"auto, (max-width: 1500px) 100vw, 1500px\" \/><\/p>\n<p>Auch in der S\u00fcdsteiermark DAC sind die B\u00f6den recht unterschiedlich, aber insgesamt recht gesteinsreich. Das feuchte, warme, mediterran anmutende Klima sorgt f\u00fcr ein sehr gleichm\u00e4\u00dfiges und ausgewogenes Wachstum der Trauben. Die k\u00fchlen Nachttemperaturen beg\u00fcnstigen die Bedingungen f\u00fcr wei\u00dfe Rebsorten. So wundert es nicht, dass vor allem der Sauvignon Blanc aus der S\u00fcdsteiermark DAC mittlerweile zur Weltklasse geh\u00f6rt<\/p>\n<p><strong>Weinbaufl\u00e4che: 2.563 ha<\/strong><\/p>\n<p><strong>Wichtigste Rebsorten: Sauvignon Blanc, Muskateller, Wei\u00dfburgunder, Morillon, Sausal, Riesling<\/strong><\/p>\n<p>&nbsp;<\/p>\n<h4>Weststeiermark<\/h4>\n<p><img loading=\"lazy\" decoding=\"async\" class=\"alignnone size-full wp-image-1728\" src=\"https:\/\/www.weinfreunde.de\/magazin\/wp-content\/uploads\/2017\/04\/Weststeiermark.jpg\" alt=\"Weststeiermark Weinbauregion \u00d6sterreich\" width=\"1500\" height=\"480\" srcset=\"https:\/\/www.weinfreunde.de\/magazin\/wp-content\/uploads\/2017\/04\/Weststeiermark.jpg 1500w, https:\/\/www.weinfreunde.de\/magazin\/wp-content\/uploads\/2017\/04\/Weststeiermark-300x96.jpg 300w, https:\/\/www.weinfreunde.de\/magazin\/wp-content\/uploads\/2017\/04\/Weststeiermark-1024x328.jpg 1024w, https:\/\/www.weinfreunde.de\/magazin\/wp-content\/uploads\/2017\/04\/Weststeiermark-768x246.jpg 768w, https:\/\/www.weinfreunde.de\/magazin\/wp-content\/uploads\/2017\/04\/Weststeiermark-749x240.jpg 749w, https:\/\/www.weinfreunde.de\/magazin\/wp-content\/uploads\/2017\/04\/Weststeiermark-150x48.jpg 150w, https:\/\/www.weinfreunde.de\/magazin\/wp-content\/uploads\/2017\/04\/Weststeiermark-390x125.jpg 390w, https:\/\/www.weinfreunde.de\/magazin\/wp-content\/uploads\/2017\/04\/Weststeiermark-750x240.jpg 750w, https:\/\/www.weinfreunde.de\/magazin\/wp-content\/uploads\/2017\/04\/Weststeiermark-1140x365.jpg 1140w\" sizes=\"auto, (max-width: 1500px) 100vw, 1500px\" \/><\/p>\n<p>Die Weststeiermark liegt direkt an der slowenischen Grenze auf einer H\u00f6he bis zu 600 Metern. Die Gegend steht vor allem f\u00fcr die Rebsorte \u201eBlauer Wildbacher\u201c. Die Herkunft dieser autochthonen Rebsorte ist zwar unbekannt, doch bildet sie Grundlage f\u00fcr viele Weine der Region. Vom s\u00e4urebetonten \u201eSchilcher\u201c bis hin zu sehr tanninreichen Rotweinen und eleganten Schaumweinen.<\/p>\n<p><strong>Weinbaufl\u00e4che: 546 ha<\/strong><\/p>\n<p><strong>Wichtigste Rebsorten: Blauer Wildbacher, Sauvignon Blanc, Wei\u00dfburgunder<\/strong><\/p>\n<p><img loading=\"lazy\" decoding=\"async\" class=\"alignnone wp-image-5314 size-full\" src=\"https:\/\/www.weinfreunde.de\/magazin\/wp-content\/uploads\/2017\/03\/20210422_Infografik_Oesterreich-v015.png\" alt=\"Wien Weinbauregion\" width=\"3125\" height=\"2208\" srcset=\"https:\/\/www.weinfreunde.de\/magazin\/wp-content\/uploads\/2017\/03\/20210422_Infografik_Oesterreich-v015.png 2048w, https:\/\/www.weinfreunde.de\/magazin\/wp-content\/uploads\/2017\/03\/20210422_Infografik_Oesterreich-v015-300x212.png 300w, https:\/\/www.weinfreunde.de\/magazin\/wp-content\/uploads\/2017\/03\/20210422_Infografik_Oesterreich-v015-1024x724.png 1024w, https:\/\/www.weinfreunde.de\/magazin\/wp-content\/uploads\/2017\/03\/20210422_Infografik_Oesterreich-v015-768x543.png 768w, https:\/\/www.weinfreunde.de\/magazin\/wp-content\/uploads\/2017\/03\/20210422_Infografik_Oesterreich-v015-708x500.png 708w, https:\/\/www.weinfreunde.de\/magazin\/wp-content\/uploads\/2017\/03\/20210422_Infografik_Oesterreich-v015-1536x1085.png 1536w, https:\/\/www.weinfreunde.de\/magazin\/wp-content\/uploads\/2017\/03\/20210422_Infografik_Oesterreich-v015-150x106.png 150w, https:\/\/www.weinfreunde.de\/magazin\/wp-content\/uploads\/2017\/03\/20210422_Infografik_Oesterreich-v015-390x276.png 390w, https:\/\/www.weinfreunde.de\/magazin\/wp-content\/uploads\/2017\/03\/20210422_Infografik_Oesterreich-v015-750x530.png 750w, https:\/\/www.weinfreunde.de\/magazin\/wp-content\/uploads\/2017\/03\/20210422_Infografik_Oesterreich-v015-1140x805.png 1140w\" sizes=\"auto, (max-width: 3125px) 100vw, 3125px\" \/><\/p>\n<h3>Die Weinbauregion Wien, DAC f\u00fcr Gemischter Satz<\/h3>\n<p><img loading=\"lazy\" decoding=\"async\" class=\"alignnone size-full wp-image-1729\" src=\"https:\/\/www.weinfreunde.de\/magazin\/wp-content\/uploads\/2017\/04\/Wien.jpg\" alt=\"Wien Weinbauregion \u00d6sterreich\" width=\"1500\" height=\"480\" srcset=\"https:\/\/www.weinfreunde.de\/magazin\/wp-content\/uploads\/2017\/04\/Wien.jpg 1500w, https:\/\/www.weinfreunde.de\/magazin\/wp-content\/uploads\/2017\/04\/Wien-300x96.jpg 300w, https:\/\/www.weinfreunde.de\/magazin\/wp-content\/uploads\/2017\/04\/Wien-1024x328.jpg 1024w, https:\/\/www.weinfreunde.de\/magazin\/wp-content\/uploads\/2017\/04\/Wien-768x246.jpg 768w, https:\/\/www.weinfreunde.de\/magazin\/wp-content\/uploads\/2017\/04\/Wien-749x240.jpg 749w, https:\/\/www.weinfreunde.de\/magazin\/wp-content\/uploads\/2017\/04\/Wien-150x48.jpg 150w, https:\/\/www.weinfreunde.de\/magazin\/wp-content\/uploads\/2017\/04\/Wien-390x125.jpg 390w, https:\/\/www.weinfreunde.de\/magazin\/wp-content\/uploads\/2017\/04\/Wien-750x240.jpg 750w, https:\/\/www.weinfreunde.de\/magazin\/wp-content\/uploads\/2017\/04\/Wien-1140x365.jpg 1140w\" sizes=\"auto, (max-width: 1500px) 100vw, 1500px\" \/><\/p>\n<p>Weinanbau in einer gro\u00dfen Stadt wie Wien mutet zun\u00e4chst einmal etwas befremdlich an. Doch bilden die Weing\u00e4rten den Gr\u00fcng\u00fcrtel der Stadt und mittlerweile hat sich Wein zu einem wichtigen Bestandteil der st\u00e4dtischen Wirtschaft entwickelt. Der Weinbau geht in Wien interessanterweise bis ins Mittelalter zur\u00fcck, wo Wein sogar innerhalb der Stadtmauern angepflanzt wurden. Aktuell wachsen in den Vororten Wiens haupts\u00e4chlich die Rebsorten Riesling, Gr\u00fcner Veltliner sowie Wei\u00dfburgunder und sie finden auf den meist kalkreichen B\u00f6den beste Bedingungen. Im S\u00fcden der Stadtgrenze sind die B\u00f6den etwas fetter, so dass hier auch Rotweine oder auch k\u00f6rperreichere Wei\u00dfweine gedeihen. Der traditionelle \u201eGemischte Satz\u201c ist ein besonderes Kuriosum Wiens: Es handelt sich um einen Verschnitt aus verschiedenen, wei\u00dfen Rebsorten, die gemeinsam auf einer Rebfl\u00e4che wachsen, geerntet und verarbeitet werden. Der \u201eGemischte Satz\u201c wurde 2013 unter Ursprungsschutz gestellt und mittlerweile werden extrem hochwertige Weine dieser Machart produziert. Die Wiener \u201eHeurigen\u201c tragen als \u2013 auch durch Touristen \u2013 viel besuchte Weinwirtschaften ma\u00dfgeblich zu dieser Erfolgsgeschichte bei.<\/p>\n<p><strong>Weinbaufl\u00e4che: 640 ha<\/strong><\/p>\n<p><strong>Wichtigste Rebsorten: Gemischter Satz (Verschnitt)<\/strong><\/p>\n<p><img loading=\"lazy\" decoding=\"async\" class=\"alignnone wp-image-5315 size-full\" src=\"https:\/\/www.weinfreunde.de\/magazin\/wp-content\/uploads\/2017\/03\/20210422_Infografik_Oesterreich-v016.png\" alt=\"Bergland Weinbauregion\" width=\"3125\" height=\"2208\" srcset=\"https:\/\/www.weinfreunde.de\/magazin\/wp-content\/uploads\/2017\/03\/20210422_Infografik_Oesterreich-v016.png 2048w, https:\/\/www.weinfreunde.de\/magazin\/wp-content\/uploads\/2017\/03\/20210422_Infografik_Oesterreich-v016-300x212.png 300w, https:\/\/www.weinfreunde.de\/magazin\/wp-content\/uploads\/2017\/03\/20210422_Infografik_Oesterreich-v016-1024x724.png 1024w, https:\/\/www.weinfreunde.de\/magazin\/wp-content\/uploads\/2017\/03\/20210422_Infografik_Oesterreich-v016-768x543.png 768w, https:\/\/www.weinfreunde.de\/magazin\/wp-content\/uploads\/2017\/03\/20210422_Infografik_Oesterreich-v016-708x500.png 708w, https:\/\/www.weinfreunde.de\/magazin\/wp-content\/uploads\/2017\/03\/20210422_Infografik_Oesterreich-v016-1536x1085.png 1536w, https:\/\/www.weinfreunde.de\/magazin\/wp-content\/uploads\/2017\/03\/20210422_Infografik_Oesterreich-v016-150x106.png 150w, https:\/\/www.weinfreunde.de\/magazin\/wp-content\/uploads\/2017\/03\/20210422_Infografik_Oesterreich-v016-390x276.png 390w, https:\/\/www.weinfreunde.de\/magazin\/wp-content\/uploads\/2017\/03\/20210422_Infografik_Oesterreich-v016-750x530.png 750w, https:\/\/www.weinfreunde.de\/magazin\/wp-content\/uploads\/2017\/03\/20210422_Infografik_Oesterreich-v016-1140x805.png 1140w\" sizes=\"auto, (max-width: 3125px) 100vw, 3125px\" \/><\/p>\n<h3>Die Weinbauregion Bergland<\/h3>\n<p>Das Bergland \u00d6sterreichs sollte bei der Betrachtung der Weinbauregionen \u00d6sterreichs keinesfalls vergessen werden. Die Rebfl\u00e4chen sind zwar extrem klein, doch entwickelt sich hier die Weinqualit\u00e4t sehr positiv. Die Produktionsmengen sind nat\u00fcrlich sehr klein, so dass es schwierig ist die Weine in Deutschland zu erhalten. Am ehesten gelingt dies noch mit Weinen aus K\u00e4rnten. Generell dominieren im Bergland wei\u00dfe Rebsorten.<\/p>\n<p><em>K\u00e4rnten (170 ha), <\/em><em>Ober\u00f6sterreich (45 ha), <\/em><em>Salzburg (7 ha), <\/em><em>Tirol (5 ha), <\/em><em>Vorarlberg (10 ha)<\/em><\/p>\n<div class=\"product-slider\" id=\"_prodSlider69f268841cde4\">\n\t\t\t<h2>Weine aus \u00d6sterreich<\/h2>\n\t\t\n\t<div class=\"slide-area\">\n\t\t<div class=\"slides\">\n\t\t\t\t\t\t\t<div class=\"slide\">\n\t\t\t\t\t\t\t\t\t\t\t<a class=\"product\" href=\"https:\/\/www.weinfreunde.de\/p\/rubin-carnuntum-bio-grassl\/?ecid=int_magazin_nn_nn_nn_nn_nn_nn\" target=\"_blank\">\n\t\t\t\t\t\t\t\t\t\t\t<div class=\"image\">\n\t\t\t\t\t\t\t<div\n                                    class=\"bg\"\n                                    style=\"background-image: url(https:\/\/10b644692e76ab15cf59-eaadbe2afc1f47d8740ca8f676f7fe70.ssl.cf3.rackcdn.com\/2000010049_900v-D1s79AQO.png);\"\n                            ><\/div>\n\t\t\t\t\t\t<\/div>\n\t\t\t\t\t\t<div class=\"c\">\n\t\t\t\t\t\t\t<div class=\"title\">Rubin Carnuntum (Bio) 2022<\/div>\n\t\t\t\t\t\t\t<div class=\"brand\">Grassl<\/div>\n\t\t\t\t\t\t\t\t\t\t\t\t\t\t\t<div class=\"details\">\n\t\t\t\t\t\t\t\t\t\t\t\t\t\t\t\t\t\t\t<div>Rotwein<\/div>\n\t\t\t\t\t\t\t\t\t\t\t\t\t\t\t\t\t\t\t<div>Zweigelt<\/div>\n\t\t\t\t\t\t\t\t\t\t\t\t\t\t\t\t\t<\/div>\n\t\t\t\t\t\t\t\t\t\t\t\t\t<\/div>\n\t\t\t\t\t<\/a>\n\t\t\t\t<\/div>\n\t\t\t\t\t\t\t<div class=\"slide\">\n\t\t\t\t\t\t\t\t\t\t\t<a class=\"product\" href=\"https:\/\/www.weinfreunde.de\/p\/blaufraenkisch-hochaecker-paul-kerschbaum\/?ecid=int_magazin_nn_nn_nn_nn_nn_nn\" target=\"_blank\">\n\t\t\t\t\t\t\t\t\t\t\t<div class=\"image\">\n\t\t\t\t\t\t\t<div\n                                    class=\"bg\"\n                                    style=\"background-image: url(https:\/\/images.cdn.europe-west1.gcp.commercetools.com\/c465d296-b9b4-4e2d-afd0-6980caa08886\/2000010100_900v-CFHWsgZg.png);\"\n                            ><\/div>\n\t\t\t\t\t\t<\/div>\n\t\t\t\t\t\t<div class=\"c\">\n\t\t\t\t\t\t\t<div class=\"title\">Blaufr\u00e4nkisch Hoch\u00e4cker 2021<\/div>\n\t\t\t\t\t\t\t<div class=\"brand\">Paul Kerschbaum<\/div>\n\t\t\t\t\t\t\t\t\t\t\t\t\t\t\t<div class=\"details\">\n\t\t\t\t\t\t\t\t\t\t\t\t\t\t\t\t\t\t\t<div>Rotwein<\/div>\n\t\t\t\t\t\t\t\t\t\t\t\t\t\t\t\t\t\t\t<div>Blaufr\u00e4nkisch<\/div>\n\t\t\t\t\t\t\t\t\t\t\t\t\t\t\t\t\t\t\t<div>Burgenland<\/div>\n\t\t\t\t\t\t\t\t\t\t\t\t\t\t\t\t\t<\/div>\n\t\t\t\t\t\t\t\t\t\t\t\t\t<\/div>\n\t\t\t\t\t<\/a>\n\t\t\t\t<\/div>\n\t\t\t\t\t\t\t<div class=\"slide\">\n\t\t\t\t\t\t\t\t\t\t\t<a class=\"product\" href=\"https:\/\/www.weinfreunde.de\/p\/legends-scheiblhofer\/?ecid=int_magazin_nn_nn_nn_nn_nn_nn\" target=\"_blank\">\n\t\t\t\t\t\t\t\t\t\t\t<div class=\"image\">\n\t\t\t\t\t\t\t<div\n                                    class=\"bg\"\n                                    style=\"background-image: url(https:\/\/10b644692e76ab15cf59-eaadbe2afc1f47d8740ca8f676f7fe70.ssl.cf3.rackcdn.com\/2000010271_900v-JDFmU5_-.png);\"\n                            ><\/div>\n\t\t\t\t\t\t<\/div>\n\t\t\t\t\t\t<div class=\"c\">\n\t\t\t\t\t\t\t<div class=\"title\">Legends 2023<\/div>\n\t\t\t\t\t\t\t<div class=\"brand\">Scheiblhofer<\/div>\n\t\t\t\t\t\t\t\t\t\t\t\t\t\t\t<div class=\"details\">\n\t\t\t\t\t\t\t\t\t\t\t\t\t\t\t\t\t\t\t<div>Rotwein<\/div>\n\t\t\t\t\t\t\t\t\t\t\t\t\t\t\t\t\t\t\t<div>Cabernet Sauvignon, Merlot<\/div>\n\t\t\t\t\t\t\t\t\t\t\t\t\t\t\t\t\t<\/div>\n\t\t\t\t\t\t\t\t\t\t\t\t\t<\/div>\n\t\t\t\t\t<\/a>\n\t\t\t\t<\/div>\n\t\t\t\t\t\t\t<div class=\"slide\">\n\t\t\t\t\t\t\t\t\t\t\t<a class=\"product\" href=\"https:\/\/www.weinfreunde.de\/p\/zweigelt-neusiedlersee-scheiblhofer\/?ecid=int_magazin_nn_nn_nn_nn_nn_nn\" target=\"_blank\">\n\t\t\t\t\t\t\t\t\t\t\t<div class=\"image\">\n\t\t\t\t\t\t\t<div\n                                    class=\"bg\"\n                                    style=\"background-image: url(https:\/\/10b644692e76ab15cf59-eaadbe2afc1f47d8740ca8f676f7fe70.ssl.cf3.rackcdn.com\/2000010415_900v-Zg_Up8U-.png);\"\n                            ><\/div>\n\t\t\t\t\t\t<\/div>\n\t\t\t\t\t\t<div class=\"c\">\n\t\t\t\t\t\t\t<div class=\"title\">Zweigelt Neusiedlersee 2024<\/div>\n\t\t\t\t\t\t\t<div class=\"brand\">Scheiblhofer<\/div>\n\t\t\t\t\t\t\t\t\t\t\t\t\t\t\t<div class=\"details\">\n\t\t\t\t\t\t\t\t\t\t\t\t\t\t\t\t\t\t\t<div>Rotwein<\/div>\n\t\t\t\t\t\t\t\t\t\t\t\t\t\t\t\t\t\t\t<div>Zweigelt<\/div>\n\t\t\t\t\t\t\t\t\t\t\t\t\t\t\t\t\t\t\t<div>Neusiedlersee<\/div>\n\t\t\t\t\t\t\t\t\t\t\t\t\t\t\t\t\t<\/div>\n\t\t\t\t\t\t\t\t\t\t\t\t\t<\/div>\n\t\t\t\t\t<\/a>\n\t\t\t\t<\/div>\n\t\t\t\t\t\t\t<div class=\"slide\">\n\t\t\t\t\t\t\t\t\t\t\t<a class=\"product\" href=\"https:\/\/www.weinfreunde.de\/p\/gelber-muskateller-suedsteiermark-tschermonegg\/?ecid=int_magazin_nn_nn_nn_nn_nn_nn\" target=\"_blank\">\n\t\t\t\t\t\t\t\t\t\t\t<div class=\"image\">\n\t\t\t\t\t\t\t<div\n                                    class=\"bg\"\n                                    style=\"background-image: url(https:\/\/images.cdn.europe-west1.gcp.commercetools.com\/c465d296-b9b4-4e2d-afd0-6980caa08886\/2000010504_900v-TjDiBlQg.png);\"\n                            ><\/div>\n\t\t\t\t\t\t<\/div>\n\t\t\t\t\t\t<div class=\"c\">\n\t\t\t\t\t\t\t<div class=\"title\">Gelber Muskateller S\u00fcdsteiermark 2024<\/div>\n\t\t\t\t\t\t\t<div class=\"brand\">Tschermonegg<\/div>\n\t\t\t\t\t\t\t\t\t\t\t\t\t\t\t<div class=\"details\">\n\t\t\t\t\t\t\t\t\t\t\t\t\t\t\t\t\t\t\t<div>Wei\u00dfwein<\/div>\n\t\t\t\t\t\t\t\t\t\t\t\t\t\t\t\t\t\t\t<div>Gelber Muskateller<\/div>\n\t\t\t\t\t\t\t\t\t\t\t\t\t\t\t\t\t\t\t<div>S\u00fcdsteiermark<\/div>\n\t\t\t\t\t\t\t\t\t\t\t\t\t\t\t\t\t<\/div>\n\t\t\t\t\t\t\t\t\t\t\t\t\t<\/div>\n\t\t\t\t\t<\/a>\n\t\t\t\t<\/div>\n\t\t\t\t\t\t\t<div class=\"slide\">\n\t\t\t\t\t\t\t\t\t\t\t<a class=\"product\" href=\"https:\/\/www.weinfreunde.de\/p\/das-phantom-bio-k-k-kirnbauer\/?ecid=int_magazin_nn_nn_nn_nn_nn_nn\" target=\"_blank\">\n\t\t\t\t\t\t\t\t\t\t\t<div class=\"image\">\n\t\t\t\t\t\t\t<div\n                                    class=\"bg\"\n                                    style=\"background-image: url(https:\/\/10b644692e76ab15cf59-eaadbe2afc1f47d8740ca8f676f7fe70.ssl.cf3.rackcdn.com\/2000010513_900v-3u8nPGkQ.png);\"\n                            ><\/div>\n\t\t\t\t\t\t<\/div>\n\t\t\t\t\t\t<div class=\"c\">\n\t\t\t\t\t\t\t<div class=\"title\">Das Phantom (Bio) 2023<\/div>\n\t\t\t\t\t\t\t<div class=\"brand\">K+K Kirnbauer<\/div>\n\t\t\t\t\t\t\t\t\t\t\t\t\t\t\t<div class=\"details\">\n\t\t\t\t\t\t\t\t\t\t\t\t\t\t\t\t\t\t\t<div>Rotwein<\/div>\n\t\t\t\t\t\t\t\t\t\t\t\t\t\t\t\t\t\t\t<div>Syrah, Merlot, Cabernet Sauvignon, Blaufr\u00e4nkisch<\/div>\n\t\t\t\t\t\t\t\t\t\t\t\t\t\t\t\t\t<\/div>\n\t\t\t\t\t\t\t\t\t\t\t\t\t<\/div>\n\t\t\t\t\t<\/a>\n\t\t\t\t<\/div>\n\t\t\t\t\t\t\t<div class=\"slide\">\n\t\t\t\t\t\t\t\t\t\t\t<a class=\"product\" href=\"https:\/\/www.weinfreunde.de\/p\/wien-2-r-a-pfaffl\/?ecid=int_magazin_nn_nn_nn_nn_nn_nn\" target=\"_blank\">\n\t\t\t\t\t\t\t\t\t\t\t<div class=\"image\">\n\t\t\t\t\t\t\t<div\n                                    class=\"bg\"\n                                    style=\"background-image: url(https:\/\/10b644692e76ab15cf59-eaadbe2afc1f47d8740ca8f676f7fe70.ssl.cf3.rackcdn.com\/2000010706_900v-3m8WTaFW.png);\"\n                            ><\/div>\n\t\t\t\t\t\t<\/div>\n\t\t\t\t\t\t<div class=\"c\">\n\t\t\t\t\t\t\t<div class=\"title\">Wien. 2 2023<\/div>\n\t\t\t\t\t\t\t<div class=\"brand\">R&amp;A Pfaffl<\/div>\n\t\t\t\t\t\t\t\t\t\t\t\t\t\t\t<div class=\"details\">\n\t\t\t\t\t\t\t\t\t\t\t\t\t\t\t\t\t\t\t<div>Rotwein<\/div>\n\t\t\t\t\t\t\t\t\t\t\t\t\t\t\t\t\t\t\t<div>Zweigelt, Pinot Noir<\/div>\n\t\t\t\t\t\t\t\t\t\t\t\t\t\t\t\t\t<\/div>\n\t\t\t\t\t\t\t\t\t\t\t\t\t<\/div>\n\t\t\t\t\t<\/a>\n\t\t\t\t<\/div>\n\t\t\t\t\t\t\t<div class=\"slide\">\n\t\t\t\t\t\t\t\t\t\t\t<a class=\"product\" href=\"https:\/\/www.weinfreunde.de\/p\/zweigelt-woeber\/?ecid=int_magazin_nn_nn_nn_nn_nn_nn\" target=\"_blank\">\n\t\t\t\t\t\t\t\t\t\t\t<div class=\"image\">\n\t\t\t\t\t\t\t<div\n                                    class=\"bg\"\n                                    style=\"background-image: url(https:\/\/10b644692e76ab15cf59-eaadbe2afc1f47d8740ca8f676f7fe70.ssl.cf3.rackcdn.com\/2000010777_900v-QfgVfs6-.png);\"\n                            ><\/div>\n\t\t\t\t\t\t<\/div>\n\t\t\t\t\t\t<div class=\"c\">\n\t\t\t\t\t\t\t<div class=\"title\">Zweigelt 2024<\/div>\n\t\t\t\t\t\t\t<div class=\"brand\">W\u00f6ber<\/div>\n\t\t\t\t\t\t\t\t\t\t\t\t\t\t\t<div class=\"details\">\n\t\t\t\t\t\t\t\t\t\t\t\t\t\t\t\t\t\t\t<div>Rotwein<\/div>\n\t\t\t\t\t\t\t\t\t\t\t\t\t\t\t\t\t\t\t<div>Zweigelt<\/div>\n\t\t\t\t\t\t\t\t\t\t\t\t\t\t\t\t\t<\/div>\n\t\t\t\t\t\t\t\t\t\t\t\t\t<\/div>\n\t\t\t\t\t<\/a>\n\t\t\t\t<\/div>\n\t\t\t\t\t\t\t<div class=\"slide\">\n\t\t\t\t\t\t\t\t\t\t\t<a class=\"product\" href=\"https:\/\/www.weinfreunde.de\/p\/gruener-veltliner-haiden-trocken-r-a-pfaffl\/?ecid=int_magazin_nn_nn_nn_nn_nn_nn\" target=\"_blank\">\n\t\t\t\t\t\t\t\t\t\t\t<div class=\"image\">\n\t\t\t\t\t\t\t<div\n                                    class=\"bg\"\n                                    style=\"background-image: url(https:\/\/images.cdn.europe-west1.gcp.commercetools.com\/c465d296-b9b4-4e2d-afd0-6980caa08886\/2000010913_900v-1xIqrlQz.png);\"\n                            ><\/div>\n\t\t\t\t\t\t<\/div>\n\t\t\t\t\t\t<div class=\"c\">\n\t\t\t\t\t\t\t<div class=\"title\">Gr\u00fcner Veltliner Haiden trocken 2024<\/div>\n\t\t\t\t\t\t\t<div class=\"brand\">R&amp;A Pfaffl<\/div>\n\t\t\t\t\t\t\t\t\t\t\t\t\t\t\t<div class=\"details\">\n\t\t\t\t\t\t\t\t\t\t\t\t\t\t\t\t\t\t\t<div>Wei\u00dfwein<\/div>\n\t\t\t\t\t\t\t\t\t\t\t\t\t\t\t\t\t\t\t<div>Gr\u00fcner Veltliner<\/div>\n\t\t\t\t\t\t\t\t\t\t\t\t\t\t\t\t\t<\/div>\n\t\t\t\t\t\t\t\t\t\t\t\t\t<\/div>\n\t\t\t\t\t<\/a>\n\t\t\t\t<\/div>\n\t\t\t\t\t<\/div>\n\t<\/div>\n<\/div>\n<script>_w(() => new WF.Magazin.ProductSlider('#_prodSlider69f268841cde4'));<\/script>\n\n<p>&nbsp;<\/p>\n","protected":false},"excerpt":{"rendered":"<p>Grunds\u00e4tzliches und die Region Nieder\u00f6sterreich Wer sich bei Weinfreunde schon etwas genauer umgeschaut hat, wird feststellen, dass in den virtuellen Regalen recht viele Weine aus \u00d6sterreich zu finden sind, die mit einer hohen Qualit\u00e4t begeistern. Grund genug, unseren Kollegen Sven&#8230; <a class=\"moretag\" href=\"https:\/\/www.weinfreunde.de\/magazin\/weinwissen\/weinland-oesterreich-teil-1\/\">weiterlesen<\/a><\/p>\n","protected":false},"author":51,"featured_media":1643,"comment_status":"closed","ping_status":"closed","sticky":false,"template":"","format":"standard","meta":{"footnotes":""},"categories":[67,10],"tags":[],"class_list":["post-1638","post","type-post","status-publish","format-standard","has-post-thumbnail","hentry","category-oesterreich","category-weinschule"],"yoast_head":"<!-- This site is optimized with the Yoast SEO plugin v27.5 - https:\/\/yoast.com\/product\/yoast-seo-wordpress\/ -->\n<title>Weinland \u00d6sterreich - Die Basics &amp; die Region Nieder\u00f6sterreich<\/title>\n<meta name=\"description\" content=\"Wir blicken in unserer Weinl\u00e4nder-Serie auf das Weinland \u00d6sterreich, hier finden sich au\u00dfergew\u00f6hnlich gute und vielf\u00e4ltige Weinqualit\u00e4ten.\" \/>\n<meta name=\"robots\" content=\"index, follow, max-snippet:-1, max-image-preview:large, max-video-preview:-1\" \/>\n<link rel=\"canonical\" href=\"https:\/\/www.weinfreunde.de\/magazin\/weinwissen\/weinland-oesterreich-teil-1\/\" \/>\n<meta property=\"og:locale\" content=\"de_DE\" \/>\n<meta property=\"og:type\" content=\"article\" \/>\n<meta property=\"og:title\" content=\"Weinland \u00d6sterreich - Die Basics &amp; die Region Nieder\u00f6sterreich\" \/>\n<meta property=\"og:description\" content=\"Wir blicken in unserer Weinl\u00e4nder-Serie auf das Weinland \u00d6sterreich, hier finden sich au\u00dfergew\u00f6hnlich gute und vielf\u00e4ltige Weinqualit\u00e4ten.\" \/>\n<meta property=\"og:url\" content=\"https:\/\/www.weinfreunde.de\/magazin\/weinwissen\/weinland-oesterreich-teil-1\/\" \/>\n<meta property=\"og:site_name\" content=\"Weinfreunde Magazin\" \/>\n<meta property=\"article:publisher\" content=\"https:\/\/www.facebook.com\/weinfreunde.de\" \/>\n<meta property=\"article:published_time\" content=\"2022-10-30T12:39:22+00:00\" \/>\n<meta property=\"article:modified_time\" content=\"2024-10-29T14:04:44+00:00\" \/>\n<meta property=\"og:image\" content=\"https:\/\/www.weinfreunde.de\/magazin\/wp-content\/uploads\/2017\/03\/161214_Header_Desktop_2560x500px_Retina-1-scaled.jpg\" \/>\n\t<meta property=\"og:image:width\" content=\"2048\" \/>\n\t<meta property=\"og:image:height\" content=\"400\" \/>\n\t<meta property=\"og:image:type\" content=\"image\/jpeg\" \/>\n<meta name=\"author\" content=\"Sven Reinbold\" \/>\n<meta name=\"twitter:card\" content=\"summary_large_image\" \/>\n<meta name=\"twitter:label1\" content=\"Written by\" \/>\n\t<meta name=\"twitter:data1\" content=\"Sven Reinbold\" \/>\n\t<meta name=\"twitter:label2\" content=\"Est. reading time\" \/>\n\t<meta name=\"twitter:data2\" content=\"17\u00a0Minuten\" \/>\n<script type=\"application\/ld+json\" class=\"yoast-schema-graph\">{\"@context\":\"https:\\\/\\\/schema.org\",\"@graph\":[{\"@type\":\"Article\",\"@id\":\"https:\\\/\\\/www.weinfreunde.de\\\/magazin\\\/weinwissen\\\/weinland-oesterreich-teil-1\\\/#article\",\"isPartOf\":{\"@id\":\"https:\\\/\\\/www.weinfreunde.de\\\/magazin\\\/weinwissen\\\/weinland-oesterreich-teil-1\\\/\"},\"author\":{\"name\":\"Sven Reinbold\",\"@id\":\"https:\\\/\\\/www.weinfreunde.de\\\/magazin\\\/#\\\/schema\\\/person\\\/559ebf66114e1f3015099c8edb732aaa\"},\"headline\":\"Weinland \u00d6sterreich und seine Regionen\",\"datePublished\":\"2022-10-30T12:39:22+00:00\",\"dateModified\":\"2024-10-29T14:04:44+00:00\",\"mainEntityOfPage\":{\"@id\":\"https:\\\/\\\/www.weinfreunde.de\\\/magazin\\\/weinwissen\\\/weinland-oesterreich-teil-1\\\/\"},\"wordCount\":2340,\"publisher\":{\"@id\":\"https:\\\/\\\/www.weinfreunde.de\\\/magazin\\\/#organization\"},\"image\":{\"@id\":\"https:\\\/\\\/www.weinfreunde.de\\\/magazin\\\/weinwissen\\\/weinland-oesterreich-teil-1\\\/#primaryimage\"},\"thumbnailUrl\":\"https:\\\/\\\/www.weinfreunde.de\\\/magazin\\\/wp-content\\\/uploads\\\/2017\\\/03\\\/161214_Header_Desktop_2560x500px_Retina-1-scaled.jpg\",\"articleSection\":[\"\u00d6sterreich\",\"Weinschule\"],\"inLanguage\":\"de\"},{\"@type\":\"WebPage\",\"@id\":\"https:\\\/\\\/www.weinfreunde.de\\\/magazin\\\/weinwissen\\\/weinland-oesterreich-teil-1\\\/\",\"url\":\"https:\\\/\\\/www.weinfreunde.de\\\/magazin\\\/weinwissen\\\/weinland-oesterreich-teil-1\\\/\",\"name\":\"Weinland \u00d6sterreich - Die Basics & die Region Nieder\u00f6sterreich\",\"isPartOf\":{\"@id\":\"https:\\\/\\\/www.weinfreunde.de\\\/magazin\\\/#website\"},\"primaryImageOfPage\":{\"@id\":\"https:\\\/\\\/www.weinfreunde.de\\\/magazin\\\/weinwissen\\\/weinland-oesterreich-teil-1\\\/#primaryimage\"},\"image\":{\"@id\":\"https:\\\/\\\/www.weinfreunde.de\\\/magazin\\\/weinwissen\\\/weinland-oesterreich-teil-1\\\/#primaryimage\"},\"thumbnailUrl\":\"https:\\\/\\\/www.weinfreunde.de\\\/magazin\\\/wp-content\\\/uploads\\\/2017\\\/03\\\/161214_Header_Desktop_2560x500px_Retina-1-scaled.jpg\",\"datePublished\":\"2022-10-30T12:39:22+00:00\",\"dateModified\":\"2024-10-29T14:04:44+00:00\",\"description\":\"Wir blicken in unserer Weinl\u00e4nder-Serie auf das Weinland \u00d6sterreich, hier finden sich au\u00dfergew\u00f6hnlich gute und vielf\u00e4ltige Weinqualit\u00e4ten.\",\"breadcrumb\":{\"@id\":\"https:\\\/\\\/www.weinfreunde.de\\\/magazin\\\/weinwissen\\\/weinland-oesterreich-teil-1\\\/#breadcrumb\"},\"inLanguage\":\"de\",\"potentialAction\":[{\"@type\":\"ReadAction\",\"target\":[\"https:\\\/\\\/www.weinfreunde.de\\\/magazin\\\/weinwissen\\\/weinland-oesterreich-teil-1\\\/\"]}]},{\"@type\":\"ImageObject\",\"inLanguage\":\"de\",\"@id\":\"https:\\\/\\\/www.weinfreunde.de\\\/magazin\\\/weinwissen\\\/weinland-oesterreich-teil-1\\\/#primaryimage\",\"url\":\"https:\\\/\\\/www.weinfreunde.de\\\/magazin\\\/wp-content\\\/uploads\\\/2017\\\/03\\\/161214_Header_Desktop_2560x500px_Retina-1-scaled.jpg\",\"contentUrl\":\"https:\\\/\\\/www.weinfreunde.de\\\/magazin\\\/wp-content\\\/uploads\\\/2017\\\/03\\\/161214_Header_Desktop_2560x500px_Retina-1-scaled.jpg\",\"width\":2048,\"height\":400,\"caption\":\"Weinland \u00d6sterreich\"},{\"@type\":\"BreadcrumbList\",\"@id\":\"https:\\\/\\\/www.weinfreunde.de\\\/magazin\\\/weinwissen\\\/weinland-oesterreich-teil-1\\\/#breadcrumb\",\"itemListElement\":[{\"@type\":\"ListItem\",\"position\":1,\"name\":\"Magazin\",\"item\":\"https:\\\/\\\/www.weinfreunde.de\\\/magazin\\\/\"},{\"@type\":\"ListItem\",\"position\":2,\"name\":\"Weinwissen\",\"item\":\"https:\\\/\\\/www.weinfreunde.de\\\/magazin\\\/weinwissen\\\/\"},{\"@type\":\"ListItem\",\"position\":3,\"name\":\"Weinschule\",\"item\":\"https:\\\/\\\/www.weinfreunde.de\\\/magazin\\\/weinwissen\\\/weinschule\\\/\"},{\"@type\":\"ListItem\",\"position\":4,\"name\":\"Weinland \u00d6sterreich und seine Regionen\"}]},{\"@type\":\"WebSite\",\"@id\":\"https:\\\/\\\/www.weinfreunde.de\\\/magazin\\\/#website\",\"url\":\"https:\\\/\\\/www.weinfreunde.de\\\/magazin\\\/\",\"name\":\"Weinfreunde Magazin\",\"description\":\"Dein Weinfreunde Magazin\",\"publisher\":{\"@id\":\"https:\\\/\\\/www.weinfreunde.de\\\/magazin\\\/#organization\"},\"potentialAction\":[{\"@type\":\"SearchAction\",\"target\":{\"@type\":\"EntryPoint\",\"urlTemplate\":\"https:\\\/\\\/www.weinfreunde.de\\\/magazin\\\/?s={search_term_string}\"},\"query-input\":{\"@type\":\"PropertyValueSpecification\",\"valueRequired\":true,\"valueName\":\"search_term_string\"}}],\"inLanguage\":\"de\"},{\"@type\":\"Organization\",\"@id\":\"https:\\\/\\\/www.weinfreunde.de\\\/magazin\\\/#organization\",\"name\":\"REWE Wein online GmbH | Weinfreunde\",\"url\":\"https:\\\/\\\/www.weinfreunde.de\\\/magazin\\\/\",\"logo\":{\"@type\":\"ImageObject\",\"inLanguage\":\"de\",\"@id\":\"https:\\\/\\\/www.weinfreunde.de\\\/magazin\\\/#\\\/schema\\\/logo\\\/image\\\/\",\"url\":\"https:\\\/\\\/www.weinfreunde.de\\\/magazin\\\/wp-content\\\/uploads\\\/2019\\\/08\\\/WF_Logo_Vertikal_Claim_Schwarz-scaled.jpg.webp\",\"contentUrl\":\"https:\\\/\\\/www.weinfreunde.de\\\/magazin\\\/wp-content\\\/uploads\\\/2019\\\/08\\\/WF_Logo_Vertikal_Claim_Schwarz-scaled.jpg.webp\",\"width\":2048,\"height\":1241,\"caption\":\"REWE Wein online GmbH | Weinfreunde\"},\"image\":{\"@id\":\"https:\\\/\\\/www.weinfreunde.de\\\/magazin\\\/#\\\/schema\\\/logo\\\/image\\\/\"},\"sameAs\":[\"https:\\\/\\\/www.facebook.com\\\/weinfreunde.de\"]},{\"@type\":\"Person\",\"@id\":\"https:\\\/\\\/www.weinfreunde.de\\\/magazin\\\/#\\\/schema\\\/person\\\/559ebf66114e1f3015099c8edb732aaa\",\"name\":\"Sven Reinbold\",\"image\":{\"@type\":\"ImageObject\",\"inLanguage\":\"de\",\"@id\":\"https:\\\/\\\/secure.gravatar.com\\\/avatar\\\/442a281fe8a3265d34c1f3076a16936b837aeea8e50d42d2b246ca51142bd634?s=96&d=mm&r=g\",\"url\":\"https:\\\/\\\/secure.gravatar.com\\\/avatar\\\/442a281fe8a3265d34c1f3076a16936b837aeea8e50d42d2b246ca51142bd634?s=96&d=mm&r=g\",\"contentUrl\":\"https:\\\/\\\/secure.gravatar.com\\\/avatar\\\/442a281fe8a3265d34c1f3076a16936b837aeea8e50d42d2b246ca51142bd634?s=96&d=mm&r=g\",\"caption\":\"Sven Reinbold\"},\"description\":\"Bei Sven geh\u00f6rt Wein zur DNA. Unser Chef-Eink\u00e4ufer stammt aus einer Winzerfamilie vom Kaiserstuhl und hat Weinbetriebswirtschaft studiert: von Herkunft und Profession ein ganzer Weinversteher. Pers\u00f6nlich schw\u00e4rmt er f\u00fcr Wei\u00dfweine aus Italien, seine rote Liebe gilt jedoch der Rh\u00f4ne und dem Burgund.\",\"sameAs\":[\"https:\\\/\\\/www.weinfreunde.de\"],\"url\":\"https:\\\/\\\/www.weinfreunde.de\\\/magazin\\\/author\\\/sreinbold\\\/\"}]}<\/script>\n<!-- \/ Yoast SEO plugin. -->","yoast_head_json":{"title":"Weinland \u00d6sterreich - Die Basics & die Region Nieder\u00f6sterreich","description":"Wir blicken in unserer Weinl\u00e4nder-Serie auf das Weinland \u00d6sterreich, hier finden sich au\u00dfergew\u00f6hnlich gute und vielf\u00e4ltige Weinqualit\u00e4ten.","robots":{"index":"index","follow":"follow","max-snippet":"max-snippet:-1","max-image-preview":"max-image-preview:large","max-video-preview":"max-video-preview:-1"},"canonical":"https:\/\/www.weinfreunde.de\/magazin\/weinwissen\/weinland-oesterreich-teil-1\/","og_locale":"de_DE","og_type":"article","og_title":"Weinland \u00d6sterreich - Die Basics & die Region Nieder\u00f6sterreich","og_description":"Wir blicken in unserer Weinl\u00e4nder-Serie auf das Weinland \u00d6sterreich, hier finden sich au\u00dfergew\u00f6hnlich gute und vielf\u00e4ltige Weinqualit\u00e4ten.","og_url":"https:\/\/www.weinfreunde.de\/magazin\/weinwissen\/weinland-oesterreich-teil-1\/","og_site_name":"Weinfreunde Magazin","article_publisher":"https:\/\/www.facebook.com\/weinfreunde.de","article_published_time":"2022-10-30T12:39:22+00:00","article_modified_time":"2024-10-29T14:04:44+00:00","og_image":[{"width":2048,"height":400,"url":"https:\/\/www.weinfreunde.de\/magazin\/wp-content\/uploads\/2017\/03\/161214_Header_Desktop_2560x500px_Retina-1-scaled.jpg","type":"image\/jpeg"}],"author":"Sven Reinbold","twitter_card":"summary_large_image","twitter_misc":{"Written by":"Sven Reinbold","Est. reading time":"17\u00a0Minuten"},"schema":{"@context":"https:\/\/schema.org","@graph":[{"@type":"Article","@id":"https:\/\/www.weinfreunde.de\/magazin\/weinwissen\/weinland-oesterreich-teil-1\/#article","isPartOf":{"@id":"https:\/\/www.weinfreunde.de\/magazin\/weinwissen\/weinland-oesterreich-teil-1\/"},"author":{"name":"Sven Reinbold","@id":"https:\/\/www.weinfreunde.de\/magazin\/#\/schema\/person\/559ebf66114e1f3015099c8edb732aaa"},"headline":"Weinland \u00d6sterreich und seine Regionen","datePublished":"2022-10-30T12:39:22+00:00","dateModified":"2024-10-29T14:04:44+00:00","mainEntityOfPage":{"@id":"https:\/\/www.weinfreunde.de\/magazin\/weinwissen\/weinland-oesterreich-teil-1\/"},"wordCount":2340,"publisher":{"@id":"https:\/\/www.weinfreunde.de\/magazin\/#organization"},"image":{"@id":"https:\/\/www.weinfreunde.de\/magazin\/weinwissen\/weinland-oesterreich-teil-1\/#primaryimage"},"thumbnailUrl":"https:\/\/www.weinfreunde.de\/magazin\/wp-content\/uploads\/2017\/03\/161214_Header_Desktop_2560x500px_Retina-1-scaled.jpg","articleSection":["\u00d6sterreich","Weinschule"],"inLanguage":"de"},{"@type":"WebPage","@id":"https:\/\/www.weinfreunde.de\/magazin\/weinwissen\/weinland-oesterreich-teil-1\/","url":"https:\/\/www.weinfreunde.de\/magazin\/weinwissen\/weinland-oesterreich-teil-1\/","name":"Weinland \u00d6sterreich - Die Basics & die Region Nieder\u00f6sterreich","isPartOf":{"@id":"https:\/\/www.weinfreunde.de\/magazin\/#website"},"primaryImageOfPage":{"@id":"https:\/\/www.weinfreunde.de\/magazin\/weinwissen\/weinland-oesterreich-teil-1\/#primaryimage"},"image":{"@id":"https:\/\/www.weinfreunde.de\/magazin\/weinwissen\/weinland-oesterreich-teil-1\/#primaryimage"},"thumbnailUrl":"https:\/\/www.weinfreunde.de\/magazin\/wp-content\/uploads\/2017\/03\/161214_Header_Desktop_2560x500px_Retina-1-scaled.jpg","datePublished":"2022-10-30T12:39:22+00:00","dateModified":"2024-10-29T14:04:44+00:00","description":"Wir blicken in unserer Weinl\u00e4nder-Serie auf das Weinland \u00d6sterreich, hier finden sich au\u00dfergew\u00f6hnlich gute und vielf\u00e4ltige Weinqualit\u00e4ten.","breadcrumb":{"@id":"https:\/\/www.weinfreunde.de\/magazin\/weinwissen\/weinland-oesterreich-teil-1\/#breadcrumb"},"inLanguage":"de","potentialAction":[{"@type":"ReadAction","target":["https:\/\/www.weinfreunde.de\/magazin\/weinwissen\/weinland-oesterreich-teil-1\/"]}]},{"@type":"ImageObject","inLanguage":"de","@id":"https:\/\/www.weinfreunde.de\/magazin\/weinwissen\/weinland-oesterreich-teil-1\/#primaryimage","url":"https:\/\/www.weinfreunde.de\/magazin\/wp-content\/uploads\/2017\/03\/161214_Header_Desktop_2560x500px_Retina-1-scaled.jpg","contentUrl":"https:\/\/www.weinfreunde.de\/magazin\/wp-content\/uploads\/2017\/03\/161214_Header_Desktop_2560x500px_Retina-1-scaled.jpg","width":2048,"height":400,"caption":"Weinland \u00d6sterreich"},{"@type":"BreadcrumbList","@id":"https:\/\/www.weinfreunde.de\/magazin\/weinwissen\/weinland-oesterreich-teil-1\/#breadcrumb","itemListElement":[{"@type":"ListItem","position":1,"name":"Magazin","item":"https:\/\/www.weinfreunde.de\/magazin\/"},{"@type":"ListItem","position":2,"name":"Weinwissen","item":"https:\/\/www.weinfreunde.de\/magazin\/weinwissen\/"},{"@type":"ListItem","position":3,"name":"Weinschule","item":"https:\/\/www.weinfreunde.de\/magazin\/weinwissen\/weinschule\/"},{"@type":"ListItem","position":4,"name":"Weinland \u00d6sterreich und seine Regionen"}]},{"@type":"WebSite","@id":"https:\/\/www.weinfreunde.de\/magazin\/#website","url":"https:\/\/www.weinfreunde.de\/magazin\/","name":"Weinfreunde Magazin","description":"Dein Weinfreunde Magazin","publisher":{"@id":"https:\/\/www.weinfreunde.de\/magazin\/#organization"},"potentialAction":[{"@type":"SearchAction","target":{"@type":"EntryPoint","urlTemplate":"https:\/\/www.weinfreunde.de\/magazin\/?s={search_term_string}"},"query-input":{"@type":"PropertyValueSpecification","valueRequired":true,"valueName":"search_term_string"}}],"inLanguage":"de"},{"@type":"Organization","@id":"https:\/\/www.weinfreunde.de\/magazin\/#organization","name":"REWE Wein online GmbH | Weinfreunde","url":"https:\/\/www.weinfreunde.de\/magazin\/","logo":{"@type":"ImageObject","inLanguage":"de","@id":"https:\/\/www.weinfreunde.de\/magazin\/#\/schema\/logo\/image\/","url":"https:\/\/www.weinfreunde.de\/magazin\/wp-content\/uploads\/2019\/08\/WF_Logo_Vertikal_Claim_Schwarz-scaled.jpg.webp","contentUrl":"https:\/\/www.weinfreunde.de\/magazin\/wp-content\/uploads\/2019\/08\/WF_Logo_Vertikal_Claim_Schwarz-scaled.jpg.webp","width":2048,"height":1241,"caption":"REWE Wein online GmbH | Weinfreunde"},"image":{"@id":"https:\/\/www.weinfreunde.de\/magazin\/#\/schema\/logo\/image\/"},"sameAs":["https:\/\/www.facebook.com\/weinfreunde.de"]},{"@type":"Person","@id":"https:\/\/www.weinfreunde.de\/magazin\/#\/schema\/person\/559ebf66114e1f3015099c8edb732aaa","name":"Sven Reinbold","image":{"@type":"ImageObject","inLanguage":"de","@id":"https:\/\/secure.gravatar.com\/avatar\/442a281fe8a3265d34c1f3076a16936b837aeea8e50d42d2b246ca51142bd634?s=96&d=mm&r=g","url":"https:\/\/secure.gravatar.com\/avatar\/442a281fe8a3265d34c1f3076a16936b837aeea8e50d42d2b246ca51142bd634?s=96&d=mm&r=g","contentUrl":"https:\/\/secure.gravatar.com\/avatar\/442a281fe8a3265d34c1f3076a16936b837aeea8e50d42d2b246ca51142bd634?s=96&d=mm&r=g","caption":"Sven Reinbold"},"description":"Bei Sven geh\u00f6rt Wein zur DNA. Unser Chef-Eink\u00e4ufer stammt aus einer Winzerfamilie vom Kaiserstuhl und hat Weinbetriebswirtschaft studiert: von Herkunft und Profession ein ganzer Weinversteher. Pers\u00f6nlich schw\u00e4rmt er f\u00fcr Wei\u00dfweine aus Italien, seine rote Liebe gilt jedoch der Rh\u00f4ne und dem Burgund.","sameAs":["https:\/\/www.weinfreunde.de"],"url":"https:\/\/www.weinfreunde.de\/magazin\/author\/sreinbold\/"}]}},"_links":{"self":[{"href":"https:\/\/www.weinfreunde.de\/magazin\/wp-json\/wp\/v2\/posts\/1638","targetHints":{"allow":["GET"]}}],"collection":[{"href":"https:\/\/www.weinfreunde.de\/magazin\/wp-json\/wp\/v2\/posts"}],"about":[{"href":"https:\/\/www.weinfreunde.de\/magazin\/wp-json\/wp\/v2\/types\/post"}],"author":[{"embeddable":true,"href":"https:\/\/www.weinfreunde.de\/magazin\/wp-json\/wp\/v2\/users\/51"}],"replies":[{"embeddable":true,"href":"https:\/\/www.weinfreunde.de\/magazin\/wp-json\/wp\/v2\/comments?post=1638"}],"version-history":[{"count":2,"href":"https:\/\/www.weinfreunde.de\/magazin\/wp-json\/wp\/v2\/posts\/1638\/revisions"}],"predecessor-version":[{"id":7607,"href":"https:\/\/www.weinfreunde.de\/magazin\/wp-json\/wp\/v2\/posts\/1638\/revisions\/7607"}],"wp:featuredmedia":[{"embeddable":true,"href":"https:\/\/www.weinfreunde.de\/magazin\/wp-json\/wp\/v2\/media\/1643"}],"wp:attachment":[{"href":"https:\/\/www.weinfreunde.de\/magazin\/wp-json\/wp\/v2\/media?parent=1638"}],"wp:term":[{"taxonomy":"category","embeddable":true,"href":"https:\/\/www.weinfreunde.de\/magazin\/wp-json\/wp\/v2\/categories?post=1638"},{"taxonomy":"post_tag","embeddable":true,"href":"https:\/\/www.weinfreunde.de\/magazin\/wp-json\/wp\/v2\/tags?post=1638"}],"curies":[{"name":"wp","href":"https:\/\/api.w.org\/{rel}","templated":true}]}}