{"id":13755,"date":"2025-09-09T14:52:48","date_gmt":"2025-09-09T12:52:48","guid":{"rendered":"https:\/\/www.weinfreunde.de\/magazin\/?p=13755"},"modified":"2025-09-09T14:52:48","modified_gmt":"2025-09-09T12:52:48","slug":"pfalz-at-its-best-ortstermin-bei-emil-bauer","status":"publish","type":"post","link":"https:\/\/www.weinfreunde.de\/magazin\/winzer\/pfalz-at-its-best-ortstermin-bei-emil-bauer\/","title":{"rendered":"Pfalz at its best: Ortstermin bei Emil Bauer"},"content":{"rendered":"<p><strong>Die Pfalz geh\u00f6rt zu den geschichtstr\u00e4chtigsten Weinregionen Deutschlands \u2013 inzwischen auch zu den dynamischsten. Vielerorts macht eine neue, progressive Winzergeneration von sich reden und besticht mit gro\u00dfem handwerklichem K\u00f6nnen wie mit viel Kreativit\u00e4t. So auch in Nussdorf bei Landau, wo die Br\u00fcder Alexander und Martin Bauer das Traditionsweingut Emil Bauer geradezu revolutioniert haben.<\/strong><\/p>\n<p>Seit den 1920er-Jahren widmet sich die <a href=\"\/emil-bauer-wein-onlineshop\">Familie Bauer<\/a> mit ihrer ganzen Leidenschaft dem Weinbau. Nach Gr\u00fcnder und Namenspaten Emil trieben zun\u00e4chst die S\u00f6hne Arno und Norbert das Weingut voran, bevor 2011 schlie\u00dflich Norberts S\u00f6hne Alexander und Martin das Zepter \u00fcbernahmen. War es in der Vergangenheit in vielen Winzerfamilien so, dass bei der Weitergabe des Betriebs oft nur ein Nachkomme die Nachfolge \u00fcbernehmen konnte, setzten die Bauers auch bei der dritten Generation wieder auf eine br\u00fcderliche Doppelbesetzung. Im Falle von Alexander, dem versierten \u00d6nologen, und Martin, dem kreativen Marketing-Kopf, kann ohne \u00dcbertreibung von einem kongenialen Duo gesprochen werden. Mit ihren jeweils eigenen Talenten ziehen sie seit Jahren gemeinsam an einem Strang und kennen dabei nur ein Ziel: gro\u00dfartige Weine herzustellen, die nicht nur geschmacklich \u00fcberzeugen, sondern auch optisch gefallen \u2013 und auffallen.<\/p>\n<h2>Die Pfalz<\/h2>\n<p>Mit seiner mehr als einhundertj\u00e4hrigen Geschichte z\u00e4hlt das Weingut zu den bedeutenden Traditionserzeugern der <a href=\"\/magazin\/weinwissen\/pfalz-deutsche-weinqualitaet\/\">Pfalz<\/a>. In der zweitgr\u00f6\u00dften Weinregion <a href=\"\/magazin\/weinwissen\/weinland-deutschland\/\">Deutschlands<\/a> kultivieren beachtliche 3.600 Winzerbetriebe in 144 Ortschaften \u00fcber 100 Millionen Rebst\u00f6cke und produzieren j\u00e4hrlich etwa 2,5 Millionen Hektoliter Wein. Dabei muss jedoch klargestellt werden, dass weniger als die H\u00e4lfte der Betriebe dem Weinbau als Haupterwerb nachgeht. Allein das unterstreicht, dass die Weinwirtschaft in der Pfalz gr\u00f6\u00dftenteils immer noch in traditionellen und kleinteiligen Strukturen verhaftet ist. Nach wie vor zeigt sich die Mehrheit der Pf\u00e4lzer Weinerzeuger in Gestalt landwirtschaftlicher Mischbetriebe mit zumeist genossenschaftlicher Anbindung. Und doch hat die Weinregion Pfalz, mithin ihre besten Winzer, in den zur\u00fcckliegenden Jahren eine bemerkenswerte Innovationskraft und Dynamik entfalten k\u00f6nnen und erfreut sich darum auch einer immer gr\u00f6\u00dfer werdenden Beliebtheit und Wertsch\u00e4tzung.<\/p>\n<div id=\"attachment_13759\" style=\"width: 1290px\" class=\"wp-caption alignnone\"><img loading=\"lazy\" decoding=\"async\" aria-describedby=\"caption-attachment-13759\" class=\"wp-image-13759 size-full\" src=\"https:\/\/www.weinfreunde.de\/magazin\/wp-content\/uploads\/2025\/09\/Magazin-Header_1280x650px.png\" alt=\"Pfalz\" width=\"1280\" height=\"650\" srcset=\"https:\/\/www.weinfreunde.de\/magazin\/wp-content\/uploads\/2025\/09\/Magazin-Header_1280x650px.png 1280w, https:\/\/www.weinfreunde.de\/magazin\/wp-content\/uploads\/2025\/09\/Magazin-Header_1280x650px-300x152.png 300w, https:\/\/www.weinfreunde.de\/magazin\/wp-content\/uploads\/2025\/09\/Magazin-Header_1280x650px-1024x520.png 1024w, https:\/\/www.weinfreunde.de\/magazin\/wp-content\/uploads\/2025\/09\/Magazin-Header_1280x650px-768x390.png 768w, https:\/\/www.weinfreunde.de\/magazin\/wp-content\/uploads\/2025\/09\/Magazin-Header_1280x650px-749x380.png 749w, https:\/\/www.weinfreunde.de\/magazin\/wp-content\/uploads\/2025\/09\/Magazin-Header_1280x650px-150x76.png 150w, https:\/\/www.weinfreunde.de\/magazin\/wp-content\/uploads\/2025\/09\/Magazin-Header_1280x650px-390x198.png 390w, https:\/\/www.weinfreunde.de\/magazin\/wp-content\/uploads\/2025\/09\/Magazin-Header_1280x650px-750x381.png 750w, https:\/\/www.weinfreunde.de\/magazin\/wp-content\/uploads\/2025\/09\/Magazin-Header_1280x650px-1140x579.png 1140w\" sizes=\"auto, (max-width: 1280px) 100vw, 1280px\" \/><p id=\"caption-attachment-13759\" class=\"wp-caption-text\">In der Pfalz bauen die beiden Br\u00fcder auf 66 Hektar, verteilt auf elf Lagen, rund 22 verschiedene Rebsorten an.<\/p><\/div>\n<h2>Die Pfalz \u2013 eine Weinregion im Trend<\/h2>\n<p>Landschaftlich begeistert die Pfalz ohnehin und r\u00fchmt sich in der Tourismuswerbung nicht ohne Grund als die \u201eToskana Deutschlands\u201c. Auch kulinarisch hat die Region inzwischen weit mehr zu bieten als nur des Kanzlers legend\u00e4ren Saumagen, was zahlreiche Michelin-Stern-gekr\u00f6nte Restaurants eindr\u00fccklich unterstreichen. Doch sind es auch und nicht zuletzt die aufstrebenden Winzerpers\u00f6nlichkeiten der Pfalz, die zu weithin beachteten Genussbotschaftern ihrer Heimat avanciert sind. Der Charakterkopf <a href=\"\/markus-schneider\/\">Markus Schneider<\/a> ist daf\u00fcr ein anschauliches Beispiel, nicht minder das ebenfalls kongeniale <a href=\"\/rings\/\">Br\u00fcderpaar Rings<\/a> oder auch <a href=\"\/magazin\/weinwissen\/chardonnay\/\">Chardonnay<\/a>-Experte <a href=\"\/friedrich-becker\/\">Fritz Becker<\/a>. Alexander und Martin Bauer stehen diesen Kollegen in nichts nach \u2013 im Gegenteil, haben die beiden das Weingut ihrer Vorfahren doch so gr\u00fcndlich auf den Kopf gestellt, dass man getrost von einer Revolution sprechen kann.<\/p>\n<h2>Die Emil Bauer Power-Br\u00fcder<\/h2>\n<p>Nach der \u00dcbernahme im Jahr 2011 sollten die beiden Bauer-Br\u00fcder das <a href=\"\/magazin\/weinwissen\/terroir-die-dna-eines-weines\/\">Terroir<\/a> des Familienweinguts zun\u00e4chst einer genauen Inspektion unterziehen, um sich ein Bild davon zu machen, welche Rebsorten am besten zu welchen <a href=\"\/magazin\/weinwissen\/eine-frage-des-bodens-geologie-und-wein\/\">B\u00f6den<\/a> und Parzellen passten. In der Folge entschieden die beiden Revoluzzer, dass das Weingut k\u00fcnftig nicht mehr nur f\u00fcr pf\u00e4lzische Klassiker stehen sollte. Da geht weit mehr, musste die Schlussfolgerung gelautet haben, denn blickt man auf den heutigen Rebsortenspiegel, ger\u00e4t man ins Staunen. Neben den traditionellen wei\u00dfen Sorten, namentlich <a href=\"\/magazin\/weinwissen\/riesling\/\">Riesling<\/a>, <a href=\"\/magazin\/weinwissen\/grauburgunder\/\">Grauburgunder<\/a>, <a href=\"\/magazin\/weinwissen\/weissburgunder\/\">Wei\u00dfburgunder<\/a> und <a href=\"\/magazin\/weinwissen\/scheurebe\/\">Scheurebe<\/a>, finden sich nunmehr auch <a href=\"\/magazin\/weinwissen\/sauvignon-blanc\/\">Sauvignon Blanc<\/a>, <a href=\"\/magazin\/weinwissen\/semillon\/\">S\u00e9millon<\/a> und <a href=\"\/magazin\/weinwissen\/chenin-blanc\/\">Chenin Blanc<\/a> auf den Weinbergen der Familie. Und auch beim <a href=\"\/rotwein\/\">Rotwein<\/a> ging der selbstbewusste Blick \u00fcber Grenzen hinweg, nach <a href=\"\/land\/frankreich\/\">Frankreich<\/a>, mit <a href=\"\/magazin\/weinwissen\/cabernet-sauvignon\/\">Cabernet Sauvignon<\/a>, <a href=\"\/magazin\/weinwissen\/merlot\/\">Merlot<\/a>, <a href=\"\/magazin\/weinwissen\/petit-verdot\/\">Petit Verdot<\/a>, <a href=\"\/magazin\/weinwissen\/malbec\/\">Malbec<\/a> und <a href=\"\/magazin\/weinwissen\/carmenere\/\">Carm\u00e9n\u00e8re<\/a>, sowie auch nach S\u00fcden, mit <a href=\"\/magazin\/weinwissen\/nebbiolo\/\">Nebbiolo<\/a> und <a href=\"\/magazin\/weinwissen\/sangiovese\/\">Sangiovese<\/a>.<\/p>\n<div id=\"attachment_13760\" style=\"width: 1290px\" class=\"wp-caption alignnone\"><img loading=\"lazy\" decoding=\"async\" aria-describedby=\"caption-attachment-13760\" class=\"size-full wp-image-13760\" src=\"https:\/\/www.weinfreunde.de\/magazin\/wp-content\/uploads\/2025\/09\/Zeichenflaeche-1.png\" alt=\"Emil Bauer\" width=\"1280\" height=\"650\" srcset=\"https:\/\/www.weinfreunde.de\/magazin\/wp-content\/uploads\/2025\/09\/Zeichenflaeche-1.png 1280w, https:\/\/www.weinfreunde.de\/magazin\/wp-content\/uploads\/2025\/09\/Zeichenflaeche-1-300x152.png 300w, https:\/\/www.weinfreunde.de\/magazin\/wp-content\/uploads\/2025\/09\/Zeichenflaeche-1-1024x520.png 1024w, https:\/\/www.weinfreunde.de\/magazin\/wp-content\/uploads\/2025\/09\/Zeichenflaeche-1-768x390.png 768w, https:\/\/www.weinfreunde.de\/magazin\/wp-content\/uploads\/2025\/09\/Zeichenflaeche-1-749x380.png 749w, https:\/\/www.weinfreunde.de\/magazin\/wp-content\/uploads\/2025\/09\/Zeichenflaeche-1-150x76.png 150w, https:\/\/www.weinfreunde.de\/magazin\/wp-content\/uploads\/2025\/09\/Zeichenflaeche-1-390x198.png 390w, https:\/\/www.weinfreunde.de\/magazin\/wp-content\/uploads\/2025\/09\/Zeichenflaeche-1-750x381.png 750w, https:\/\/www.weinfreunde.de\/magazin\/wp-content\/uploads\/2025\/09\/Zeichenflaeche-1-1140x579.png 1140w\" sizes=\"auto, (max-width: 1280px) 100vw, 1280px\" \/><p id=\"caption-attachment-13760\" class=\"wp-caption-text\">Die Br\u00fcder Alexander und Martin Bauer betreiben das Weingut in dritter Generation.<\/p><\/div>\n<h2>Gro\u00dfe Weinauswahl mit Bedacht pr\u00e4sentiert<\/h2>\n<p>Ein derart gro\u00dfes und vielf\u00e4ltiges Weinsortiment mit inzwischen ann\u00e4hernd f\u00fcnfzig Einzelpositionen verlangt jedoch nicht nur gesteigerte Aufmerksamkeit im Weinberg und im Keller, sondern auch im B\u00fcro des Marketing-Verantwortlichen. Sp\u00e4testens an dieser Stelle r\u00fcckt der Einfluss von Martin Bauer ins Schlaglicht. Als strategischer und kreativer Vordenker hat er der Winzermarke Emil Bauer eine klare Identit\u00e4t verliehen und zugleich f\u00fcr Ordnung und nachvollziehbare Struktur gesorgt. Das Sortiment gliedert sich heute \u2013 die Qualit\u00e4tspyramide aufsteigend \u2013 in Gutsweine, Ortsweine und Selektionsweine, mit jeweils eigenst\u00e4ndigem, zugleich aber auch selbst\u00e4hnlichem Etiketten-Design. Hinzu kommen Sekt und Perlwein (Secco) und die sogenannten Labelweine \u2013 nicht zuletzt diese sind einer gesonderten Erw\u00e4hnung wert.<\/p>\n<h2>Emil Bauer Labelweine: provokante Flaschenpost<\/h2>\n<p><a href=\"\/i-wanna-have-riesling-se-x-kt-with-you-trocken-emil-bauer.html\">In wanna have sex with you!<\/a> Es bedarf schon einer guten Portion Mut, einen Riesling-Sekt auf diese Weise sprechen zu lassen. Kaum weniger aufreizend gibt sich die <a href=\"\/magazin\/weinwissen\/scheurebe\/\">Scheurebe<\/a> des Hauses als <a href=\"\/scheu-aber-geil-trocken-emil-bauer.html\">Scheu aber geil<\/a> zu verstehen. Auch f\u00fcr politische Statements ist auf den Etiketten der Labelweine bisweilen Platz: <a href=\"\/if-you-are-racist-a-terrorist-or-just-an-asshole-don-t-drink-my-sauvignon-blanc-trocken-emil-bauer.html\">If you are a racist, a terrorist or just an asshole, don\u2019t drink my Sauvignon Blanc!<\/a> Neben dem schon angef\u00fchrten Mut darf wohl auch eine gewisse Freude an der Provokation unterstellt werden, und nat\u00fcrlich kalkuliert diese ein, so manch konservativen Weinfreund vor den Kopf zu sto\u00dfen. Aber dar\u00fcber kann man im s\u00fcdpf\u00e4lzischen Nussdorf mit einem L\u00e4cheln (wom\u00f6glich auch mit diebischer Freude) hinwegsehen, denn genau so lassen sich schlie\u00dflich Kundengruppen, j\u00fcngere vor allem, ansprechen, die auf vermeintlich gute Traditionen heutzutage pfeifen. Dass die Labelweine l\u00e4ngst Kult und \u00fcberdies ein gro\u00dfer Erfolg geworden sind, ist jedoch nicht das Resultat von Etikettenschwindel, sondern findet seine Erkl\u00e4rung in handwerklich exzellenten, zug\u00e4nglichen und wunderbar trinkigen Weinen. Somit geht es auch bei den Labelweinen immer und zuvorderst um die Message in a bottle.<\/p>\n<h2>Nachhaltigkeit: CO\u2082-Neutralit\u00e4t und Biodiversit\u00e4t im Blick<\/h2>\n<p>Auf den Weinbergen in Nussdorf stehen, den Aussagen des Weinguts zufolge, 66 Hektar unter Bewirtschaftung, werden heute 22 unterschiedliche Rebsorten kultiviert. Die Rebfl\u00e4chen verteilen sich auf 11 Lagen, deren Untergr\u00fcnde von Kalkgestein, Bundsandstein, L\u00f6ss-Lehm und Muschelkalk durchzogen sind. Die Arbeit im Weinberg erfolgt laut Alexander Bauer unter Ber\u00fccksichtigung aller Aspekte eines nachhaltigen Weinbaus. Mittelfristig strebt er eine vollst\u00e4ndig CO\u2082-neutrale Produktionskette an und will \u00fcberdies die Biodiversit\u00e4t im Weinberg stetig verbessern. In diesem Kontext steht auch die Partnerschaft mit Fair n\u2019 Green, deren Nachhaltigkeitssiegel das Weingut tr\u00e4gt.<\/p>\n<h2>Emil Bauer Weine online kaufen<\/h2>\n<p>Die Pfalz ist immer eine Reise wert, doch lassen sich die Weine der Familie auch problemlos online bestellen. Und das geht nur bei Weinfreunde.de, denn kein anderer Shop darf Emil Bauer-Weine anbieten \u2013 und das hat seinen Grund. Es ist ein Zeichen des gro\u00dfen Vertrauens und Ausdruck einer besonderen Partnerschaft, dass das Weingut seine Produkte exklusiv durch Weinfreunde.de vermarktet. Das bedeutet: Bei Weinfreunde.de gibt es nicht nur die meisten Weine der Familie, sondern schlicht alle! Es bedarf nur weniger Klicks, um etwa einen g\u00e4nzlich unpr\u00e4tenti\u00f6sen Grauburgunder aus der Reihe der Labelweine in K\u00fcrze bis an die Haust\u00fcr geliefert zu bekommen. <a href=\"\/bullshit-drink-a-real-grauburgunder-trocken-emil-bauer.html\">No Grigio. No Gris. Bullshit! Drink a real Grauburgunder!<\/a><\/p>\n<div class=\"product-slider\" id=\"_prodSlider69f2bcad476c7\">\n\t\t\t<h2>Weine von Emil Bauer bei Weinfreunde.de bestellen<\/h2>\n\t\t\n\t<div class=\"slide-area\">\n\t\t<div class=\"slides\">\n\t\t\t\t\t\t\t<div class=\"slide\">\n\t\t\t\t\t\t\t\t\t\t\t<a class=\"product\" href=\"https:\/\/www.weinfreunde.de\/p\/das-schoenste-schenken-ist-das-einschenken-von-grauburgunder-trocken-emil-bauer\/?ecid=int_magazin_nn_nn_nn_nn_nn_nn\" target=\"_blank\">\n\t\t\t\t\t\t\t\t\t\t\t<div class=\"image\">\n\t\t\t\t\t\t\t<div\n                                    class=\"bg\"\n                                    style=\"background-image: url(https:\/\/images.cdn.europe-west1.gcp.commercetools.com\/c465d296-b9b4-4e2d-afd0-6980caa08886\/2000015454_900v-u32457ph.png);\"\n                            ><\/div>\n\t\t\t\t\t\t<\/div>\n\t\t\t\t\t\t<div class=\"c\">\n\t\t\t\t\t\t\t<div class=\"title\">Das sch\u00f6nste Schenken ist das Einsche\u2026<\/div>\n\t\t\t\t\t\t\t<div class=\"brand\">Emil Bauer<\/div>\n\t\t\t\t\t\t\t\t\t\t\t\t\t\t\t<div class=\"details\">\n\t\t\t\t\t\t\t\t\t\t\t\t\t\t\t\t\t\t\t<div>Wei\u00dfwein<\/div>\n\t\t\t\t\t\t\t\t\t\t\t\t\t\t\t\t\t\t\t<div>Grauburgunder<\/div>\n\t\t\t\t\t\t\t\t\t\t\t\t\t\t\t\t\t<\/div>\n\t\t\t\t\t\t\t\t\t\t\t\t\t<\/div>\n\t\t\t\t\t<\/a>\n\t\t\t\t<\/div>\n\t\t\t\t\t\t\t<div class=\"slide\">\n\t\t\t\t\t\t\t\t\t\t\t<a class=\"product\" href=\"https:\/\/www.weinfreunde.de\/p\/bullshit-drink-a-real-grauburgunder-trocken-emil-bauer\/?ecid=int_magazin_nn_nn_nn_nn_nn_nn\" target=\"_blank\">\n\t\t\t\t\t\t\t\t\t\t\t<div class=\"image\">\n\t\t\t\t\t\t\t<div\n                                    class=\"bg\"\n                                    style=\"background-image: url(https:\/\/images.cdn.europe-west1.gcp.commercetools.com\/c465d296-b9b4-4e2d-afd0-6980caa08886\/2000015456_900v-0zOT-yiZ.png);\"\n                            ><\/div>\n\t\t\t\t\t\t<\/div>\n\t\t\t\t\t\t<div class=\"c\">\n\t\t\t\t\t\t\t<div class=\"title\">Bullshit! Drink a real Grauburgunder t\u2026<\/div>\n\t\t\t\t\t\t\t<div class=\"brand\">Emil Bauer<\/div>\n\t\t\t\t\t\t\t\t\t\t\t\t\t\t\t<div class=\"details\">\n\t\t\t\t\t\t\t\t\t\t\t\t\t\t\t\t\t\t\t<div>Wei\u00dfwein<\/div>\n\t\t\t\t\t\t\t\t\t\t\t\t\t\t\t\t\t\t\t<div>Grauburgunder<\/div>\n\t\t\t\t\t\t\t\t\t\t\t\t\t\t\t\t\t\t\t<div>Pfalz<\/div>\n\t\t\t\t\t\t\t\t\t\t\t\t\t\t\t\t\t<\/div>\n\t\t\t\t\t\t\t\t\t\t\t\t\t<\/div>\n\t\t\t\t\t<\/a>\n\t\t\t\t<\/div>\n\t\t\t\t\t\t\t<div class=\"slide\">\n\t\t\t\t\t\t\t\t\t\t\t<a class=\"product\" href=\"https:\/\/www.weinfreunde.de\/p\/if-you-are-racist-a-terrorist-or-just-an-asshole-don-t-drink-my-sauvignon-blanc-trocken-emil-bauer\/?ecid=int_magazin_nn_nn_nn_nn_nn_nn\" target=\"_blank\">\n\t\t\t\t\t\t\t\t\t\t\t<div class=\"image\">\n\t\t\t\t\t\t\t<div\n                                    class=\"bg\"\n                                    style=\"background-image: url(https:\/\/images.cdn.europe-west1.gcp.commercetools.com\/c465d296-b9b4-4e2d-afd0-6980caa08886\/2000015457_900v-TLsNIoje.png);\"\n                            ><\/div>\n\t\t\t\t\t\t<\/div>\n\t\t\t\t\t\t<div class=\"c\">\n\t\t\t\t\t\t\t<div class=\"title\">If you are racist, a terrorist or just\u2026<\/div>\n\t\t\t\t\t\t\t<div class=\"brand\">Emil Bauer<\/div>\n\t\t\t\t\t\t\t\t\t\t\t\t\t\t\t<div class=\"details\">\n\t\t\t\t\t\t\t\t\t\t\t\t\t\t\t\t\t\t\t<div>Wei\u00dfwein<\/div>\n\t\t\t\t\t\t\t\t\t\t\t\t\t\t\t\t\t\t\t<div>Sauvignon Blanc<\/div>\n\t\t\t\t\t\t\t\t\t\t\t\t\t\t\t\t\t\t\t<div>Pfalz<\/div>\n\t\t\t\t\t\t\t\t\t\t\t\t\t\t\t\t\t<\/div>\n\t\t\t\t\t\t\t\t\t\t\t\t\t<\/div>\n\t\t\t\t\t<\/a>\n\t\t\t\t<\/div>\n\t\t\t\t\t\t\t<div class=\"slide\">\n\t\t\t\t\t\t\t\t\t\t\t<a class=\"product\" href=\"https:\/\/www.weinfreunde.de\/p\/no-sex-drugs-rock-n-roll-just-riesling-trocken-emil-bauer\/?ecid=int_magazin_nn_nn_nn_nn_nn_nn\" target=\"_blank\">\n\t\t\t\t\t\t\t\t\t\t\t<div class=\"image\">\n\t\t\t\t\t\t\t<div\n                                    class=\"bg\"\n                                    style=\"background-image: url(https:\/\/images.cdn.europe-west1.gcp.commercetools.com\/c465d296-b9b4-4e2d-afd0-6980caa08886\/2000015458_900v-pwVv2dD2.png);\"\n                            ><\/div>\n\t\t\t\t\t\t<\/div>\n\t\t\t\t\t\t<div class=\"c\">\n\t\t\t\t\t\t\t<div class=\"title\">No Sex, Drugs &amp; Rock&#039;n Roll just Riesl\u2026<\/div>\n\t\t\t\t\t\t\t<div class=\"brand\">Emil Bauer<\/div>\n\t\t\t\t\t\t\t\t\t\t\t\t\t\t\t<div class=\"details\">\n\t\t\t\t\t\t\t\t\t\t\t\t\t\t\t\t\t\t\t<div>Wei\u00dfwein<\/div>\n\t\t\t\t\t\t\t\t\t\t\t\t\t\t\t\t\t\t\t<div>Riesling<\/div>\n\t\t\t\t\t\t\t\t\t\t\t\t\t\t\t\t\t\t\t<div>Pfalz<\/div>\n\t\t\t\t\t\t\t\t\t\t\t\t\t\t\t\t\t<\/div>\n\t\t\t\t\t\t\t\t\t\t\t\t\t<\/div>\n\t\t\t\t\t<\/a>\n\t\t\t\t<\/div>\n\t\t\t\t\t\t\t<div class=\"slide\">\n\t\t\t\t\t\t\t\t\t\t\t<a class=\"product\" href=\"https:\/\/www.weinfreunde.de\/p\/scheu-aber-geil-trocken-emil-bauer\/?ecid=int_magazin_nn_nn_nn_nn_nn_nn\" target=\"_blank\">\n\t\t\t\t\t\t\t\t\t\t\t<div class=\"image\">\n\t\t\t\t\t\t\t<div\n                                    class=\"bg\"\n                                    style=\"background-image: url(https:\/\/images.cdn.europe-west1.gcp.commercetools.com\/c465d296-b9b4-4e2d-afd0-6980caa08886\/2000015459_900v-kU8KVhMA.png);\"\n                            ><\/div>\n\t\t\t\t\t\t<\/div>\n\t\t\t\t\t\t<div class=\"c\">\n\t\t\t\t\t\t\t<div class=\"title\">Scheu aber Geil! trocken 2024<\/div>\n\t\t\t\t\t\t\t<div class=\"brand\">Emil Bauer<\/div>\n\t\t\t\t\t\t\t\t\t\t\t\t\t\t\t<div class=\"details\">\n\t\t\t\t\t\t\t\t\t\t\t\t\t\t\t\t\t\t\t<div>Wei\u00dfwein<\/div>\n\t\t\t\t\t\t\t\t\t\t\t\t\t\t\t\t\t\t\t<div>Scheurebe<\/div>\n\t\t\t\t\t\t\t\t\t\t\t\t\t\t\t\t\t<\/div>\n\t\t\t\t\t\t\t\t\t\t\t\t\t<\/div>\n\t\t\t\t\t<\/a>\n\t\t\t\t<\/div>\n\t\t\t\t\t\t\t<div class=\"slide\">\n\t\t\t\t\t\t\t\t\t\t\t<a class=\"product\" href=\"https:\/\/www.weinfreunde.de\/p\/make-mueller-great-again-trocken-emil-bauer\/?ecid=int_magazin_nn_nn_nn_nn_nn_nn\" target=\"_blank\">\n\t\t\t\t\t\t\t\t\t\t\t<div class=\"image\">\n\t\t\t\t\t\t\t<div\n                                    class=\"bg\"\n                                    style=\"background-image: url(https:\/\/images.cdn.europe-west1.gcp.commercetools.com\/c465d296-b9b4-4e2d-afd0-6980caa08886\/2000015460_900v-zp9QK8pK.png);\"\n                            ><\/div>\n\t\t\t\t\t\t<\/div>\n\t\t\t\t\t\t<div class=\"c\">\n\t\t\t\t\t\t\t<div class=\"title\">Make M\u00fcller Great Again! trocken 2024<\/div>\n\t\t\t\t\t\t\t<div class=\"brand\">Emil Bauer<\/div>\n\t\t\t\t\t\t\t\t\t\t\t\t\t\t\t<div class=\"details\">\n\t\t\t\t\t\t\t\t\t\t\t\t\t\t\t\t\t\t\t<div>Wei\u00dfwein<\/div>\n\t\t\t\t\t\t\t\t\t\t\t\t\t\t\t\t\t\t\t<div>M\u00fcller-Thurgau<\/div>\n\t\t\t\t\t\t\t\t\t\t\t\t\t\t\t\t\t<\/div>\n\t\t\t\t\t\t\t\t\t\t\t\t\t<\/div>\n\t\t\t\t\t<\/a>\n\t\t\t\t<\/div>\n\t\t\t\t\t\t\t<div class=\"slide\">\n\t\t\t\t\t\t\t\t\t\t\t<a class=\"product\" href=\"https:\/\/www.weinfreunde.de\/p\/always-enjoy-life-you-are-longer-dead-than-alive-start-now-with-my-rose-trocken-emil-bauer\/?ecid=int_magazin_nn_nn_nn_nn_nn_nn\" target=\"_blank\">\n\t\t\t\t\t\t\t\t\t\t\t<div class=\"image\">\n\t\t\t\t\t\t\t<div\n                                    class=\"bg\"\n                                    style=\"background-image: url(https:\/\/images.cdn.europe-west1.gcp.commercetools.com\/c465d296-b9b4-4e2d-afd0-6980caa08886\/2000015461_900v-aIyUe9Z6.png);\"\n                            ><\/div>\n\t\t\t\t\t\t<\/div>\n\t\t\t\t\t\t<div class=\"c\">\n\t\t\t\t\t\t\t<div class=\"title\">Always enjoy life. You are longer dead\u2026<\/div>\n\t\t\t\t\t\t\t<div class=\"brand\">Emil Bauer<\/div>\n\t\t\t\t\t\t\t\t\t\t\t\t\t\t\t<div class=\"details\">\n\t\t\t\t\t\t\t\t\t\t\t\t\t\t\t\t\t\t\t<div>Ros\u00e9wein<\/div>\n\t\t\t\t\t\t\t\t\t\t\t\t\t\t\t\t\t\t\t<div>Cuv\u00e9e<\/div>\n\t\t\t\t\t\t\t\t\t\t\t\t\t\t\t\t\t\t\t<div>Pfalz<\/div>\n\t\t\t\t\t\t\t\t\t\t\t\t\t\t\t\t\t<\/div>\n\t\t\t\t\t\t\t\t\t\t\t\t\t<\/div>\n\t\t\t\t\t<\/a>\n\t\t\t\t<\/div>\n\t\t\t\t\t\t\t<div class=\"slide\">\n\t\t\t\t\t\t\t\t\t\t\t<a class=\"product\" href=\"https:\/\/www.weinfreunde.de\/p\/you-can-t-buy-happiness-but-you-can-drink-my-pinot-blanc-trocken-emil-bauer\/?ecid=int_magazin_nn_nn_nn_nn_nn_nn\" target=\"_blank\">\n\t\t\t\t\t\t\t\t\t\t\t<div class=\"image\">\n\t\t\t\t\t\t\t<div\n                                    class=\"bg\"\n                                    style=\"background-image: url(https:\/\/images.cdn.europe-west1.gcp.commercetools.com\/c465d296-b9b4-4e2d-afd0-6980caa08886\/2000015462_900v-42sJsJD8.png);\"\n                            ><\/div>\n\t\t\t\t\t\t<\/div>\n\t\t\t\t\t\t<div class=\"c\">\n\t\t\t\t\t\t\t<div class=\"title\">You can&#039;t buy Happiness. But you can d\u2026<\/div>\n\t\t\t\t\t\t\t<div class=\"brand\">Emil Bauer<\/div>\n\t\t\t\t\t\t\t\t\t\t\t\t\t\t\t<div class=\"details\">\n\t\t\t\t\t\t\t\t\t\t\t\t\t\t\t\t\t\t\t<div>Wei\u00dfwein<\/div>\n\t\t\t\t\t\t\t\t\t\t\t\t\t\t\t\t\t\t\t<div>Wei\u00dfburgunder<\/div>\n\t\t\t\t\t\t\t\t\t\t\t\t\t\t\t\t\t<\/div>\n\t\t\t\t\t\t\t\t\t\t\t\t\t<\/div>\n\t\t\t\t\t<\/a>\n\t\t\t\t<\/div>\n\t\t\t\t\t\t\t<div class=\"slide\">\n\t\t\t\t\t\t\t\t\t\t\t<a class=\"product\" href=\"https:\/\/www.weinfreunde.de\/p\/my-merlot-is-not-the-answer-it-just-makes-you-forget-the-question-trocken-emil-bauer\/?ecid=int_magazin_nn_nn_nn_nn_nn_nn\" target=\"_blank\">\n\t\t\t\t\t\t\t\t\t\t\t<div class=\"image\">\n\t\t\t\t\t\t\t<div\n                                    class=\"bg\"\n                                    style=\"background-image: url(https:\/\/images.cdn.europe-west1.gcp.commercetools.com\/c465d296-b9b4-4e2d-afd0-6980caa08886\/2000015463_900v-NrJQVOO8.png);\"\n                            ><\/div>\n\t\t\t\t\t\t<\/div>\n\t\t\t\t\t\t<div class=\"c\">\n\t\t\t\t\t\t\t<div class=\"title\">My Merlot is not the answer, it just m\u2026<\/div>\n\t\t\t\t\t\t\t<div class=\"brand\">Emil Bauer<\/div>\n\t\t\t\t\t\t\t\t\t\t\t\t\t\t\t<div class=\"details\">\n\t\t\t\t\t\t\t\t\t\t\t\t\t\t\t\t\t\t\t<div>Rotwein<\/div>\n\t\t\t\t\t\t\t\t\t\t\t\t\t\t\t\t\t\t\t<div>Merlot<\/div>\n\t\t\t\t\t\t\t\t\t\t\t\t\t\t\t\t\t<\/div>\n\t\t\t\t\t\t\t\t\t\t\t\t\t<\/div>\n\t\t\t\t\t<\/a>\n\t\t\t\t<\/div>\n\t\t\t\t\t\t\t<div class=\"slide\">\n\t\t\t\t\t\t\t\t\t\t\t<a class=\"product\" href=\"https:\/\/www.weinfreunde.de\/p\/if-you-can-t-be-happy-at-least-you-can-be-drunk-with-my-noir-trocken-emil-bauer\/?ecid=int_magazin_nn_nn_nn_nn_nn_nn\" target=\"_blank\">\n\t\t\t\t\t\t\t\t\t\t\t<div class=\"image\">\n\t\t\t\t\t\t\t<div\n                                    class=\"bg\"\n                                    style=\"background-image: url(https:\/\/images.cdn.europe-west1.gcp.commercetools.com\/c465d296-b9b4-4e2d-afd0-6980caa08886\/2000015464_900v-o-6j2jlr.png);\"\n                            ><\/div>\n\t\t\t\t\t\t<\/div>\n\t\t\t\t\t\t<div class=\"c\">\n\t\t\t\t\t\t\t<div class=\"title\">If you can&#039;t be happy at least you can\u2026<\/div>\n\t\t\t\t\t\t\t<div class=\"brand\">Emil Bauer<\/div>\n\t\t\t\t\t\t\t\t\t\t\t\t\t\t\t<div class=\"details\">\n\t\t\t\t\t\t\t\t\t\t\t\t\t\t\t\t\t\t\t<div>Rotwein<\/div>\n\t\t\t\t\t\t\t\t\t\t\t\t\t\t\t\t\t\t\t<div>Merlot, Pinot Noir, Nebbiolo<\/div>\n\t\t\t\t\t\t\t\t\t\t\t\t\t\t\t\t\t\t\t<div>Pfalz<\/div>\n\t\t\t\t\t\t\t\t\t\t\t\t\t\t\t\t\t<\/div>\n\t\t\t\t\t\t\t\t\t\t\t\t\t<\/div>\n\t\t\t\t\t<\/a>\n\t\t\t\t<\/div>\n\t\t\t\t\t\t\t<div class=\"slide\">\n\t\t\t\t\t\t\t\t\t\t\t<a class=\"product\" href=\"https:\/\/www.weinfreunde.de\/p\/one-bottle-of-my-cabernet-sauvignon-beats-23-semesters-of-philosophy-trocken-emil-bauer\/?ecid=int_magazin_nn_nn_nn_nn_nn_nn\" target=\"_blank\">\n\t\t\t\t\t\t\t\t\t\t\t<div class=\"image\">\n\t\t\t\t\t\t\t<div\n                                    class=\"bg\"\n                                    style=\"background-image: url(https:\/\/images.cdn.europe-west1.gcp.commercetools.com\/c465d296-b9b4-4e2d-afd0-6980caa08886\/2000015465_900v-0oL4QVq4.png);\"\n                            ><\/div>\n\t\t\t\t\t\t<\/div>\n\t\t\t\t\t\t<div class=\"c\">\n\t\t\t\t\t\t\t<div class=\"title\">One bottle of my Cabernet Sauvignon be\u2026<\/div>\n\t\t\t\t\t\t\t<div class=\"brand\">Emil Bauer<\/div>\n\t\t\t\t\t\t\t\t\t\t\t\t\t\t\t<div class=\"details\">\n\t\t\t\t\t\t\t\t\t\t\t\t\t\t\t\t\t\t\t<div>Rotwein<\/div>\n\t\t\t\t\t\t\t\t\t\t\t\t\t\t\t\t\t\t\t<div>Cabernet Sauvignon<\/div>\n\t\t\t\t\t\t\t\t\t\t\t\t\t\t\t\t\t<\/div>\n\t\t\t\t\t\t\t\t\t\t\t\t\t<\/div>\n\t\t\t\t\t<\/a>\n\t\t\t\t<\/div>\n\t\t\t\t\t\t\t<div class=\"slide\">\n\t\t\t\t\t\t\t\t\t\t\t<a class=\"product\" href=\"https:\/\/www.weinfreunde.de\/p\/bundschuh-riesling-trocken-emil-bauer\/?ecid=int_magazin_nn_nn_nn_nn_nn_nn\" target=\"_blank\">\n\t\t\t\t\t\t\t\t\t\t\t<div class=\"image\">\n\t\t\t\t\t\t\t<div\n                                    class=\"bg\"\n                                    style=\"background-image: url(https:\/\/images.cdn.europe-west1.gcp.commercetools.com\/c465d296-b9b4-4e2d-afd0-6980caa08886\/2000015466_900v-0gbtNj0d.png);\"\n                            ><\/div>\n\t\t\t\t\t\t<\/div>\n\t\t\t\t\t\t<div class=\"c\">\n\t\t\t\t\t\t\t<div class=\"title\">Bundschuh Riesling trocken 2024<\/div>\n\t\t\t\t\t\t\t<div class=\"brand\">Emil Bauer<\/div>\n\t\t\t\t\t\t\t\t\t\t\t\t\t\t\t<div class=\"details\">\n\t\t\t\t\t\t\t\t\t\t\t\t\t\t\t\t\t\t\t<div>Wei\u00dfwein<\/div>\n\t\t\t\t\t\t\t\t\t\t\t\t\t\t\t\t\t\t\t<div>Riesling<\/div>\n\t\t\t\t\t\t\t\t\t\t\t\t\t\t\t\t\t\t\t<div>Pfalz<\/div>\n\t\t\t\t\t\t\t\t\t\t\t\t\t\t\t\t\t<\/div>\n\t\t\t\t\t\t\t\t\t\t\t\t\t<\/div>\n\t\t\t\t\t<\/a>\n\t\t\t\t<\/div>\n\t\t\t\t\t\t\t<div class=\"slide\">\n\t\t\t\t\t\t\t\t\t\t\t<a class=\"product\" href=\"https:\/\/www.weinfreunde.de\/p\/greta-rose-feinherb-emil-bauer\/?ecid=int_magazin_nn_nn_nn_nn_nn_nn\" target=\"_blank\">\n\t\t\t\t\t\t\t\t\t\t\t<div class=\"image\">\n\t\t\t\t\t\t\t<div\n                                    class=\"bg\"\n                                    style=\"background-image: url(https:\/\/images.cdn.europe-west1.gcp.commercetools.com\/c465d296-b9b4-4e2d-afd0-6980caa08886\/2000015467_900v-4APpai8G.png);\"\n                            ><\/div>\n\t\t\t\t\t\t<\/div>\n\t\t\t\t\t\t<div class=\"c\">\n\t\t\t\t\t\t\t<div class=\"title\">Greta Ros\u00e9 feinherb 2025<\/div>\n\t\t\t\t\t\t\t<div class=\"brand\">Emil Bauer<\/div>\n\t\t\t\t\t\t\t\t\t\t\t\t\t\t\t<div class=\"details\">\n\t\t\t\t\t\t\t\t\t\t\t\t\t\t\t\t\t\t\t<div>Ros\u00e9wein<\/div>\n\t\t\t\t\t\t\t\t\t\t\t\t\t\t\t\t\t\t\t<div>Cuv\u00e9e<\/div>\n\t\t\t\t\t\t\t\t\t\t\t\t\t\t\t\t\t\t\t<div>Pfalz<\/div>\n\t\t\t\t\t\t\t\t\t\t\t\t\t\t\t\t\t<\/div>\n\t\t\t\t\t\t\t\t\t\t\t\t\t<\/div>\n\t\t\t\t\t<\/a>\n\t\t\t\t<\/div>\n\t\t\t\t\t\t\t<div class=\"slide\">\n\t\t\t\t\t\t\t\t\t\t\t<a class=\"product\" href=\"https:\/\/www.weinfreunde.de\/p\/halbstueck-cuvee-trocken-emil-bauer\/?ecid=int_magazin_nn_nn_nn_nn_nn_nn\" target=\"_blank\">\n\t\t\t\t\t\t\t\t\t\t\t<div class=\"image\">\n\t\t\t\t\t\t\t<div\n                                    class=\"bg\"\n                                    style=\"background-image: url(https:\/\/images.cdn.europe-west1.gcp.commercetools.com\/c465d296-b9b4-4e2d-afd0-6980caa08886\/2000015468_900v-vvwOL98X.png);\"\n                            ><\/div>\n\t\t\t\t\t\t<\/div>\n\t\t\t\t\t\t<div class=\"c\">\n\t\t\t\t\t\t\t<div class=\"title\">Halbst\u00fcck Cuv\u00e9e trocken 2023<\/div>\n\t\t\t\t\t\t\t<div class=\"brand\">Emil Bauer<\/div>\n\t\t\t\t\t\t\t\t\t\t\t\t\t\t\t<div class=\"details\">\n\t\t\t\t\t\t\t\t\t\t\t\t\t\t\t\t\t\t\t<div>Rotwein<\/div>\n\t\t\t\t\t\t\t\t\t\t\t\t\t\t\t\t\t\t\t<div>Cabernet Sauvignon, Merlot, Barbera<\/div>\n\t\t\t\t\t\t\t\t\t\t\t\t\t\t\t\t\t\t\t<div>Pfalz<\/div>\n\t\t\t\t\t\t\t\t\t\t\t\t\t\t\t\t\t<\/div>\n\t\t\t\t\t\t\t\t\t\t\t\t\t<\/div>\n\t\t\t\t\t<\/a>\n\t\t\t\t<\/div>\n\t\t\t\t\t\t\t<div class=\"slide\">\n\t\t\t\t\t\t\t\t\t\t\t<a class=\"product\" href=\"https:\/\/www.weinfreunde.de\/p\/bundschuh-merlot-trocken-emil-bauer\/?ecid=int_magazin_nn_nn_nn_nn_nn_nn\" target=\"_blank\">\n\t\t\t\t\t\t\t\t\t\t\t<div class=\"image\">\n\t\t\t\t\t\t\t<div\n                                    class=\"bg\"\n                                    style=\"background-image: url(https:\/\/images.cdn.europe-west1.gcp.commercetools.com\/c465d296-b9b4-4e2d-afd0-6980caa08886\/2000015469_900v-AcQsaxC8.png);\"\n                            ><\/div>\n\t\t\t\t\t\t<\/div>\n\t\t\t\t\t\t<div class=\"c\">\n\t\t\t\t\t\t\t<div class=\"title\">Bundschuh Merlot trocken 2023<\/div>\n\t\t\t\t\t\t\t<div class=\"brand\">Emil Bauer<\/div>\n\t\t\t\t\t\t\t\t\t\t\t\t\t\t\t<div class=\"details\">\n\t\t\t\t\t\t\t\t\t\t\t\t\t\t\t\t\t\t\t<div>Rotwein<\/div>\n\t\t\t\t\t\t\t\t\t\t\t\t\t\t\t\t\t\t\t<div>Merlot<\/div>\n\t\t\t\t\t\t\t\t\t\t\t\t\t\t\t\t\t<\/div>\n\t\t\t\t\t\t\t\t\t\t\t\t\t<\/div>\n\t\t\t\t\t<\/a>\n\t\t\t\t<\/div>\n\t\t\t\t\t\t\t<div class=\"slide\">\n\t\t\t\t\t\t\t\t\t\t\t<a class=\"product\" href=\"https:\/\/www.weinfreunde.de\/p\/secco-rose-emil-bauer\/?ecid=int_magazin_nn_nn_nn_nn_nn_nn\" target=\"_blank\">\n\t\t\t\t\t\t\t\t\t\t\t<div class=\"image\">\n\t\t\t\t\t\t\t<div\n                                    class=\"bg\"\n                                    style=\"background-image: url(https:\/\/images.cdn.europe-west1.gcp.commercetools.com\/c465d296-b9b4-4e2d-afd0-6980caa08886\/2000015470_900v-1rkr7sGd.png);\"\n                            ><\/div>\n\t\t\t\t\t\t<\/div>\n\t\t\t\t\t\t<div class=\"c\">\n\t\t\t\t\t\t\t<div class=\"title\">Secco Ros\u00e9<\/div>\n\t\t\t\t\t\t\t<div class=\"brand\">Emil Bauer<\/div>\n\t\t\t\t\t\t\t\t\t\t\t\t\t\t\t<div class=\"details\">\n\t\t\t\t\t\t\t\t\t\t\t\t\t\t\t\t\t\t\t<div>Prickelndes<\/div>\n\t\t\t\t\t\t\t\t\t\t\t\t\t\t\t\t\t\t\t<div>Pinot Meunier, Pinot Madeleine<\/div>\n\t\t\t\t\t\t\t\t\t\t\t\t\t\t\t\t\t\t\t<div>Perlwein<\/div>\n\t\t\t\t\t\t\t\t\t\t\t\t\t\t\t\t\t<\/div>\n\t\t\t\t\t\t\t\t\t\t\t\t\t<\/div>\n\t\t\t\t\t<\/a>\n\t\t\t\t<\/div>\n\t\t\t\t\t\t\t<div class=\"slide\">\n\t\t\t\t\t\t\t\t\t\t\t<a class=\"product\" href=\"https:\/\/www.weinfreunde.de\/p\/wilhelm-rose-trocken-emil-bauer\/?ecid=int_magazin_nn_nn_nn_nn_nn_nn\" target=\"_blank\">\n\t\t\t\t\t\t\t\t\t\t\t<div class=\"image\">\n\t\t\t\t\t\t\t<div\n                                    class=\"bg\"\n                                    style=\"background-image: url(https:\/\/images.cdn.europe-west1.gcp.commercetools.com\/c465d296-b9b4-4e2d-afd0-6980caa08886\/2000015471_900v-VBeusKSK.png);\"\n                            ><\/div>\n\t\t\t\t\t\t<\/div>\n\t\t\t\t\t\t<div class=\"c\">\n\t\t\t\t\t\t\t<div class=\"title\">Wilhelm Ros\u00e9 trocken 2024<\/div>\n\t\t\t\t\t\t\t<div class=\"brand\">Emil Bauer<\/div>\n\t\t\t\t\t\t\t\t\t\t\t\t\t\t\t<div class=\"details\">\n\t\t\t\t\t\t\t\t\t\t\t\t\t\t\t\t\t\t\t<div>Ros\u00e9wein<\/div>\n\t\t\t\t\t\t\t\t\t\t\t\t\t\t\t\t\t\t\t<div>Cuv\u00e9e<\/div>\n\t\t\t\t\t\t\t\t\t\t\t\t\t\t\t\t\t<\/div>\n\t\t\t\t\t\t\t\t\t\t\t\t\t<\/div>\n\t\t\t\t\t<\/a>\n\t\t\t\t<\/div>\n\t\t\t\t\t\t\t<div class=\"slide\">\n\t\t\t\t\t\t\t\t\t\t\t<a class=\"product\" href=\"https:\/\/www.weinfreunde.de\/p\/bundschuh-grauer-burgunder-trocken-emil-bauer\/?ecid=int_magazin_nn_nn_nn_nn_nn_nn\" target=\"_blank\">\n\t\t\t\t\t\t\t\t\t\t\t<div class=\"image\">\n\t\t\t\t\t\t\t<div\n                                    class=\"bg\"\n                                    style=\"background-image: url(https:\/\/images.cdn.europe-west1.gcp.commercetools.com\/c465d296-b9b4-4e2d-afd0-6980caa08886\/2000015472_900v-CRzRIkdv.png);\"\n                            ><\/div>\n\t\t\t\t\t\t<\/div>\n\t\t\t\t\t\t<div class=\"c\">\n\t\t\t\t\t\t\t<div class=\"title\">Bundschuh Grauer Burgunder trocken 202\u2026<\/div>\n\t\t\t\t\t\t\t<div class=\"brand\">Emil Bauer<\/div>\n\t\t\t\t\t\t\t\t\t\t\t\t\t\t\t<div class=\"details\">\n\t\t\t\t\t\t\t\t\t\t\t\t\t\t\t\t\t\t\t<div>Wei\u00dfwein<\/div>\n\t\t\t\t\t\t\t\t\t\t\t\t\t\t\t\t\t\t\t<div>Grauburgunder<\/div>\n\t\t\t\t\t\t\t\t\t\t\t\t\t\t\t\t\t\t\t<div>Pfalz<\/div>\n\t\t\t\t\t\t\t\t\t\t\t\t\t\t\t\t\t<\/div>\n\t\t\t\t\t\t\t\t\t\t\t\t\t<\/div>\n\t\t\t\t\t<\/a>\n\t\t\t\t<\/div>\n\t\t\t\t\t\t\t<div class=\"slide\">\n\t\t\t\t\t\t\t\t\t\t\t<a class=\"product\" href=\"https:\/\/www.weinfreunde.de\/p\/bundschuh-sauvignon-blanc-trocken-emil-bauer\/?ecid=int_magazin_nn_nn_nn_nn_nn_nn\" target=\"_blank\">\n\t\t\t\t\t\t\t\t\t\t\t<div class=\"image\">\n\t\t\t\t\t\t\t<div\n                                    class=\"bg\"\n                                    style=\"background-image: url(https:\/\/images.cdn.europe-west1.gcp.commercetools.com\/c465d296-b9b4-4e2d-afd0-6980caa08886\/2000015473_900v-GiXVmUYC.png);\"\n                            ><\/div>\n\t\t\t\t\t\t<\/div>\n\t\t\t\t\t\t<div class=\"c\">\n\t\t\t\t\t\t\t<div class=\"title\">Bundschuh Sauvignon Blanc trocken 2024<\/div>\n\t\t\t\t\t\t\t<div class=\"brand\">Emil Bauer<\/div>\n\t\t\t\t\t\t\t\t\t\t\t\t\t\t\t<div class=\"details\">\n\t\t\t\t\t\t\t\t\t\t\t\t\t\t\t\t\t\t\t<div>Wei\u00dfwein<\/div>\n\t\t\t\t\t\t\t\t\t\t\t\t\t\t\t\t\t\t\t<div>Sauvignon Blanc<\/div>\n\t\t\t\t\t\t\t\t\t\t\t\t\t\t\t\t\t<\/div>\n\t\t\t\t\t\t\t\t\t\t\t\t\t<\/div>\n\t\t\t\t\t<\/a>\n\t\t\t\t<\/div>\n\t\t\t\t\t\t\t<div class=\"slide\">\n\t\t\t\t\t\t\t\t\t\t\t<a class=\"product\" href=\"https:\/\/www.weinfreunde.de\/p\/secco-weiss-emil-bauer\/?ecid=int_magazin_nn_nn_nn_nn_nn_nn\" target=\"_blank\">\n\t\t\t\t\t\t\t\t\t\t\t<div class=\"image\">\n\t\t\t\t\t\t\t<div\n                                    class=\"bg\"\n                                    style=\"background-image: url(https:\/\/images.cdn.europe-west1.gcp.commercetools.com\/c465d296-b9b4-4e2d-afd0-6980caa08886\/2000015476_900v-j5xd6wWL.png);\"\n                            ><\/div>\n\t\t\t\t\t\t<\/div>\n\t\t\t\t\t\t<div class=\"c\">\n\t\t\t\t\t\t\t<div class=\"title\">Secco Wei\u00df<\/div>\n\t\t\t\t\t\t\t<div class=\"brand\">Emil Bauer<\/div>\n\t\t\t\t\t\t\t\t\t\t\t\t\t\t\t<div class=\"details\">\n\t\t\t\t\t\t\t\t\t\t\t\t\t\t\t\t\t\t\t<div>Prickelndes<\/div>\n\t\t\t\t\t\t\t\t\t\t\t\t\t\t\t\t\t\t\t<div>Pinot Meunier, Muskateller, Riesling<\/div>\n\t\t\t\t\t\t\t\t\t\t\t\t\t\t\t\t\t\t\t<div>Perlwein<\/div>\n\t\t\t\t\t\t\t\t\t\t\t\t\t\t\t\t\t<\/div>\n\t\t\t\t\t\t\t\t\t\t\t\t\t<\/div>\n\t\t\t\t\t<\/a>\n\t\t\t\t<\/div>\n\t\t\t\t\t<\/div>\n\t<\/div>\n<\/div>\n<script>_w(() => new WF.Magazin.ProductSlider('#_prodSlider69f2bcad476c7'));<\/script>\n\n","protected":false},"excerpt":{"rendered":"<p>Die Pfalz geh\u00f6rt zu den geschichtstr\u00e4chtigsten Weinregionen Deutschlands \u2013 inzwischen auch zu den dynamischsten. Vielerorts macht eine neue, progressive Winzergeneration von sich reden und besticht mit gro\u00dfem handwerklichem K\u00f6nnen wie mit viel Kreativit\u00e4t. So auch in Nussdorf bei Landau, wo&#8230; <a class=\"moretag\" href=\"https:\/\/www.weinfreunde.de\/magazin\/winzer\/pfalz-at-its-best-ortstermin-bei-emil-bauer\/\">weiterlesen<\/a><\/p>\n","protected":false},"author":53,"featured_media":13757,"comment_status":"open","ping_status":"open","sticky":false,"template":"","format":"standard","meta":{"footnotes":""},"categories":[1,62,52],"tags":[],"class_list":["post-13755","post","type-post","status-publish","format-standard","has-post-thumbnail","hentry","category-allgemein","category-deutschland","category-winzer"],"yoast_head":"<!-- This site is optimized with the Yoast SEO plugin v27.5 - https:\/\/yoast.com\/product\/yoast-seo-wordpress\/ -->\n<title>Pfalz at its best: Ortstermin bei Emil Bauer &#187; Weinfreunde Magazin<\/title>\n<meta name=\"description\" content=\"Die Br\u00fcder Alexander und Martin Bauer betreiben das Weingut Emil Bauer in dritter Generation. Alles \u00fcber die Br\u00fcder und ihre Weine hier lesen.\" \/>\n<meta name=\"robots\" content=\"index, follow, max-snippet:-1, max-image-preview:large, max-video-preview:-1\" \/>\n<link rel=\"canonical\" href=\"https:\/\/www.weinfreunde.de\/magazin\/winzer\/pfalz-at-its-best-ortstermin-bei-emil-bauer\/\" \/>\n<meta property=\"og:locale\" content=\"de_DE\" \/>\n<meta property=\"og:type\" content=\"article\" \/>\n<meta property=\"og:title\" content=\"Pfalz at its best: Ortstermin bei Emil Bauer &#187; Weinfreunde Magazin\" \/>\n<meta property=\"og:description\" content=\"Die Br\u00fcder Alexander und Martin Bauer betreiben das Weingut Emil Bauer in dritter Generation. Alles \u00fcber die Br\u00fcder und ihre Weine hier lesen.\" \/>\n<meta property=\"og:url\" content=\"https:\/\/www.weinfreunde.de\/magazin\/winzer\/pfalz-at-its-best-ortstermin-bei-emil-bauer\/\" \/>\n<meta property=\"og:site_name\" content=\"Weinfreunde Magazin\" \/>\n<meta property=\"article:publisher\" content=\"https:\/\/www.facebook.com\/weinfreunde.de\" \/>\n<meta property=\"article:published_time\" content=\"2025-09-09T12:52:48+00:00\" \/>\n<meta property=\"og:image\" content=\"https:\/\/www.weinfreunde.de\/magazin\/wp-content\/uploads\/2025\/09\/Magazin-Header_-1-1024x520.png\" \/>\n\t<meta property=\"og:image:width\" content=\"1024\" \/>\n\t<meta property=\"og:image:height\" content=\"520\" \/>\n\t<meta property=\"og:image:type\" content=\"image\/png\" \/>\n<meta name=\"author\" content=\"Theresa Weber\" \/>\n<meta name=\"twitter:card\" content=\"summary_large_image\" \/>\n<meta name=\"twitter:label1\" content=\"Written by\" \/>\n\t<meta name=\"twitter:data1\" content=\"Theresa Weber\" \/>\n\t<meta name=\"twitter:label2\" content=\"Est. reading time\" \/>\n\t<meta name=\"twitter:data2\" content=\"7\u00a0Minuten\" \/>\n<script type=\"application\/ld+json\" class=\"yoast-schema-graph\">{\"@context\":\"https:\\\/\\\/schema.org\",\"@graph\":[{\"@type\":\"Article\",\"@id\":\"https:\\\/\\\/www.weinfreunde.de\\\/magazin\\\/winzer\\\/pfalz-at-its-best-ortstermin-bei-emil-bauer\\\/#article\",\"isPartOf\":{\"@id\":\"https:\\\/\\\/www.weinfreunde.de\\\/magazin\\\/winzer\\\/pfalz-at-its-best-ortstermin-bei-emil-bauer\\\/\"},\"author\":{\"name\":\"Theresa Weber\",\"@id\":\"https:\\\/\\\/www.weinfreunde.de\\\/magazin\\\/#\\\/schema\\\/person\\\/2cf9755c05e64a2f23ee78404efa9acb\"},\"headline\":\"Pfalz at its best: Ortstermin bei Emil Bauer\",\"datePublished\":\"2025-09-09T12:52:48+00:00\",\"mainEntityOfPage\":{\"@id\":\"https:\\\/\\\/www.weinfreunde.de\\\/magazin\\\/winzer\\\/pfalz-at-its-best-ortstermin-bei-emil-bauer\\\/\"},\"wordCount\":1215,\"commentCount\":0,\"publisher\":{\"@id\":\"https:\\\/\\\/www.weinfreunde.de\\\/magazin\\\/#organization\"},\"image\":{\"@id\":\"https:\\\/\\\/www.weinfreunde.de\\\/magazin\\\/winzer\\\/pfalz-at-its-best-ortstermin-bei-emil-bauer\\\/#primaryimage\"},\"thumbnailUrl\":\"https:\\\/\\\/www.weinfreunde.de\\\/magazin\\\/wp-content\\\/uploads\\\/2025\\\/09\\\/Magazin-Header_-1.png\",\"articleSection\":{\"1\":\"Deutschland\",\"2\":\"Winzer\"},\"inLanguage\":\"de\",\"potentialAction\":[{\"@type\":\"CommentAction\",\"name\":\"Comment\",\"target\":[\"https:\\\/\\\/www.weinfreunde.de\\\/magazin\\\/winzer\\\/pfalz-at-its-best-ortstermin-bei-emil-bauer\\\/#respond\"]}]},{\"@type\":\"WebPage\",\"@id\":\"https:\\\/\\\/www.weinfreunde.de\\\/magazin\\\/winzer\\\/pfalz-at-its-best-ortstermin-bei-emil-bauer\\\/\",\"url\":\"https:\\\/\\\/www.weinfreunde.de\\\/magazin\\\/winzer\\\/pfalz-at-its-best-ortstermin-bei-emil-bauer\\\/\",\"name\":\"Pfalz at its best: Ortstermin bei Emil Bauer &#187; Weinfreunde Magazin\",\"isPartOf\":{\"@id\":\"https:\\\/\\\/www.weinfreunde.de\\\/magazin\\\/#website\"},\"primaryImageOfPage\":{\"@id\":\"https:\\\/\\\/www.weinfreunde.de\\\/magazin\\\/winzer\\\/pfalz-at-its-best-ortstermin-bei-emil-bauer\\\/#primaryimage\"},\"image\":{\"@id\":\"https:\\\/\\\/www.weinfreunde.de\\\/magazin\\\/winzer\\\/pfalz-at-its-best-ortstermin-bei-emil-bauer\\\/#primaryimage\"},\"thumbnailUrl\":\"https:\\\/\\\/www.weinfreunde.de\\\/magazin\\\/wp-content\\\/uploads\\\/2025\\\/09\\\/Magazin-Header_-1.png\",\"datePublished\":\"2025-09-09T12:52:48+00:00\",\"description\":\"Die Br\u00fcder Alexander und Martin Bauer betreiben das Weingut Emil Bauer in dritter Generation. Alles \u00fcber die Br\u00fcder und ihre Weine hier lesen.\",\"breadcrumb\":{\"@id\":\"https:\\\/\\\/www.weinfreunde.de\\\/magazin\\\/winzer\\\/pfalz-at-its-best-ortstermin-bei-emil-bauer\\\/#breadcrumb\"},\"inLanguage\":\"de\",\"potentialAction\":[{\"@type\":\"ReadAction\",\"target\":[\"https:\\\/\\\/www.weinfreunde.de\\\/magazin\\\/winzer\\\/pfalz-at-its-best-ortstermin-bei-emil-bauer\\\/\"]}]},{\"@type\":\"ImageObject\",\"inLanguage\":\"de\",\"@id\":\"https:\\\/\\\/www.weinfreunde.de\\\/magazin\\\/winzer\\\/pfalz-at-its-best-ortstermin-bei-emil-bauer\\\/#primaryimage\",\"url\":\"https:\\\/\\\/www.weinfreunde.de\\\/magazin\\\/wp-content\\\/uploads\\\/2025\\\/09\\\/Magazin-Header_-1.png\",\"contentUrl\":\"https:\\\/\\\/www.weinfreunde.de\\\/magazin\\\/wp-content\\\/uploads\\\/2025\\\/09\\\/Magazin-Header_-1.png\",\"width\":1920,\"height\":975,\"caption\":\"Weinf\u00e4sser\"},{\"@type\":\"BreadcrumbList\",\"@id\":\"https:\\\/\\\/www.weinfreunde.de\\\/magazin\\\/winzer\\\/pfalz-at-its-best-ortstermin-bei-emil-bauer\\\/#breadcrumb\",\"itemListElement\":[{\"@type\":\"ListItem\",\"position\":1,\"name\":\"Magazin\",\"item\":\"https:\\\/\\\/www.weinfreunde.de\\\/magazin\\\/\"},{\"@type\":\"ListItem\",\"position\":2,\"name\":\"Winzer\",\"item\":\"https:\\\/\\\/www.weinfreunde.de\\\/magazin\\\/winzer\\\/\"},{\"@type\":\"ListItem\",\"position\":3,\"name\":\"Pfalz at its best: Ortstermin bei Emil Bauer\"}]},{\"@type\":\"WebSite\",\"@id\":\"https:\\\/\\\/www.weinfreunde.de\\\/magazin\\\/#website\",\"url\":\"https:\\\/\\\/www.weinfreunde.de\\\/magazin\\\/\",\"name\":\"Weinfreunde Magazin\",\"description\":\"Dein Weinfreunde Magazin\",\"publisher\":{\"@id\":\"https:\\\/\\\/www.weinfreunde.de\\\/magazin\\\/#organization\"},\"potentialAction\":[{\"@type\":\"SearchAction\",\"target\":{\"@type\":\"EntryPoint\",\"urlTemplate\":\"https:\\\/\\\/www.weinfreunde.de\\\/magazin\\\/?s={search_term_string}\"},\"query-input\":{\"@type\":\"PropertyValueSpecification\",\"valueRequired\":true,\"valueName\":\"search_term_string\"}}],\"inLanguage\":\"de\"},{\"@type\":\"Organization\",\"@id\":\"https:\\\/\\\/www.weinfreunde.de\\\/magazin\\\/#organization\",\"name\":\"REWE Wein online GmbH | Weinfreunde\",\"url\":\"https:\\\/\\\/www.weinfreunde.de\\\/magazin\\\/\",\"logo\":{\"@type\":\"ImageObject\",\"inLanguage\":\"de\",\"@id\":\"https:\\\/\\\/www.weinfreunde.de\\\/magazin\\\/#\\\/schema\\\/logo\\\/image\\\/\",\"url\":\"https:\\\/\\\/www.weinfreunde.de\\\/magazin\\\/wp-content\\\/uploads\\\/2019\\\/08\\\/WF_Logo_Vertikal_Claim_Schwarz-scaled.jpg.webp\",\"contentUrl\":\"https:\\\/\\\/www.weinfreunde.de\\\/magazin\\\/wp-content\\\/uploads\\\/2019\\\/08\\\/WF_Logo_Vertikal_Claim_Schwarz-scaled.jpg.webp\",\"width\":2048,\"height\":1241,\"caption\":\"REWE Wein online GmbH | Weinfreunde\"},\"image\":{\"@id\":\"https:\\\/\\\/www.weinfreunde.de\\\/magazin\\\/#\\\/schema\\\/logo\\\/image\\\/\"},\"sameAs\":[\"https:\\\/\\\/www.facebook.com\\\/weinfreunde.de\"]},{\"@type\":\"Person\",\"@id\":\"https:\\\/\\\/www.weinfreunde.de\\\/magazin\\\/#\\\/schema\\\/person\\\/2cf9755c05e64a2f23ee78404efa9acb\",\"name\":\"Theresa Weber\",\"image\":{\"@type\":\"ImageObject\",\"inLanguage\":\"de\",\"@id\":\"https:\\\/\\\/secure.gravatar.com\\\/avatar\\\/3acef7c6c88096ec88d266b5950b5978bf89bebb0bc4607ffe3c960e6997de91?s=96&d=mm&r=g\",\"url\":\"https:\\\/\\\/secure.gravatar.com\\\/avatar\\\/3acef7c6c88096ec88d266b5950b5978bf89bebb0bc4607ffe3c960e6997de91?s=96&d=mm&r=g\",\"contentUrl\":\"https:\\\/\\\/secure.gravatar.com\\\/avatar\\\/3acef7c6c88096ec88d266b5950b5978bf89bebb0bc4607ffe3c960e6997de91?s=96&d=mm&r=g\",\"caption\":\"Theresa Weber\"},\"description\":\"Eine echte K\u00f6lnerin, liebevolle Mama von zwei Kindern und leidenschaftliche Weintrinkerin. Theresa arbeitet bei den Weinfreunden im Marketing und ist die \u201cChardonnay Mom\u201d im Team. Ihr Herz schl\u00e4gt aber auch bei guten franz\u00f6sischen Weinen schnell h\u00f6her.\",\"sameAs\":[\"https:\\\/\\\/www.weinfreunde.de\"],\"url\":\"https:\\\/\\\/www.weinfreunde.de\\\/magazin\\\/author\\\/tweber\\\/\"}]}<\/script>\n<!-- \/ Yoast SEO plugin. -->","yoast_head_json":{"title":"Pfalz at its best: Ortstermin bei Emil Bauer &#187; Weinfreunde Magazin","description":"Die Br\u00fcder Alexander und Martin Bauer betreiben das Weingut Emil Bauer in dritter Generation. Alles \u00fcber die Br\u00fcder und ihre Weine hier lesen.","robots":{"index":"index","follow":"follow","max-snippet":"max-snippet:-1","max-image-preview":"max-image-preview:large","max-video-preview":"max-video-preview:-1"},"canonical":"https:\/\/www.weinfreunde.de\/magazin\/winzer\/pfalz-at-its-best-ortstermin-bei-emil-bauer\/","og_locale":"de_DE","og_type":"article","og_title":"Pfalz at its best: Ortstermin bei Emil Bauer &#187; Weinfreunde Magazin","og_description":"Die Br\u00fcder Alexander und Martin Bauer betreiben das Weingut Emil Bauer in dritter Generation. Alles \u00fcber die Br\u00fcder und ihre Weine hier lesen.","og_url":"https:\/\/www.weinfreunde.de\/magazin\/winzer\/pfalz-at-its-best-ortstermin-bei-emil-bauer\/","og_site_name":"Weinfreunde Magazin","article_publisher":"https:\/\/www.facebook.com\/weinfreunde.de","article_published_time":"2025-09-09T12:52:48+00:00","og_image":[{"width":1024,"height":520,"url":"https:\/\/www.weinfreunde.de\/magazin\/wp-content\/uploads\/2025\/09\/Magazin-Header_-1-1024x520.png","type":"image\/png"}],"author":"Theresa Weber","twitter_card":"summary_large_image","twitter_misc":{"Written by":"Theresa Weber","Est. reading time":"7\u00a0Minuten"},"schema":{"@context":"https:\/\/schema.org","@graph":[{"@type":"Article","@id":"https:\/\/www.weinfreunde.de\/magazin\/winzer\/pfalz-at-its-best-ortstermin-bei-emil-bauer\/#article","isPartOf":{"@id":"https:\/\/www.weinfreunde.de\/magazin\/winzer\/pfalz-at-its-best-ortstermin-bei-emil-bauer\/"},"author":{"name":"Theresa Weber","@id":"https:\/\/www.weinfreunde.de\/magazin\/#\/schema\/person\/2cf9755c05e64a2f23ee78404efa9acb"},"headline":"Pfalz at its best: Ortstermin bei Emil Bauer","datePublished":"2025-09-09T12:52:48+00:00","mainEntityOfPage":{"@id":"https:\/\/www.weinfreunde.de\/magazin\/winzer\/pfalz-at-its-best-ortstermin-bei-emil-bauer\/"},"wordCount":1215,"commentCount":0,"publisher":{"@id":"https:\/\/www.weinfreunde.de\/magazin\/#organization"},"image":{"@id":"https:\/\/www.weinfreunde.de\/magazin\/winzer\/pfalz-at-its-best-ortstermin-bei-emil-bauer\/#primaryimage"},"thumbnailUrl":"https:\/\/www.weinfreunde.de\/magazin\/wp-content\/uploads\/2025\/09\/Magazin-Header_-1.png","articleSection":{"1":"Deutschland","2":"Winzer"},"inLanguage":"de","potentialAction":[{"@type":"CommentAction","name":"Comment","target":["https:\/\/www.weinfreunde.de\/magazin\/winzer\/pfalz-at-its-best-ortstermin-bei-emil-bauer\/#respond"]}]},{"@type":"WebPage","@id":"https:\/\/www.weinfreunde.de\/magazin\/winzer\/pfalz-at-its-best-ortstermin-bei-emil-bauer\/","url":"https:\/\/www.weinfreunde.de\/magazin\/winzer\/pfalz-at-its-best-ortstermin-bei-emil-bauer\/","name":"Pfalz at its best: Ortstermin bei Emil Bauer &#187; Weinfreunde Magazin","isPartOf":{"@id":"https:\/\/www.weinfreunde.de\/magazin\/#website"},"primaryImageOfPage":{"@id":"https:\/\/www.weinfreunde.de\/magazin\/winzer\/pfalz-at-its-best-ortstermin-bei-emil-bauer\/#primaryimage"},"image":{"@id":"https:\/\/www.weinfreunde.de\/magazin\/winzer\/pfalz-at-its-best-ortstermin-bei-emil-bauer\/#primaryimage"},"thumbnailUrl":"https:\/\/www.weinfreunde.de\/magazin\/wp-content\/uploads\/2025\/09\/Magazin-Header_-1.png","datePublished":"2025-09-09T12:52:48+00:00","description":"Die Br\u00fcder Alexander und Martin Bauer betreiben das Weingut Emil Bauer in dritter Generation. Alles \u00fcber die Br\u00fcder und ihre Weine hier lesen.","breadcrumb":{"@id":"https:\/\/www.weinfreunde.de\/magazin\/winzer\/pfalz-at-its-best-ortstermin-bei-emil-bauer\/#breadcrumb"},"inLanguage":"de","potentialAction":[{"@type":"ReadAction","target":["https:\/\/www.weinfreunde.de\/magazin\/winzer\/pfalz-at-its-best-ortstermin-bei-emil-bauer\/"]}]},{"@type":"ImageObject","inLanguage":"de","@id":"https:\/\/www.weinfreunde.de\/magazin\/winzer\/pfalz-at-its-best-ortstermin-bei-emil-bauer\/#primaryimage","url":"https:\/\/www.weinfreunde.de\/magazin\/wp-content\/uploads\/2025\/09\/Magazin-Header_-1.png","contentUrl":"https:\/\/www.weinfreunde.de\/magazin\/wp-content\/uploads\/2025\/09\/Magazin-Header_-1.png","width":1920,"height":975,"caption":"Weinf\u00e4sser"},{"@type":"BreadcrumbList","@id":"https:\/\/www.weinfreunde.de\/magazin\/winzer\/pfalz-at-its-best-ortstermin-bei-emil-bauer\/#breadcrumb","itemListElement":[{"@type":"ListItem","position":1,"name":"Magazin","item":"https:\/\/www.weinfreunde.de\/magazin\/"},{"@type":"ListItem","position":2,"name":"Winzer","item":"https:\/\/www.weinfreunde.de\/magazin\/winzer\/"},{"@type":"ListItem","position":3,"name":"Pfalz at its best: Ortstermin bei Emil Bauer"}]},{"@type":"WebSite","@id":"https:\/\/www.weinfreunde.de\/magazin\/#website","url":"https:\/\/www.weinfreunde.de\/magazin\/","name":"Weinfreunde Magazin","description":"Dein Weinfreunde Magazin","publisher":{"@id":"https:\/\/www.weinfreunde.de\/magazin\/#organization"},"potentialAction":[{"@type":"SearchAction","target":{"@type":"EntryPoint","urlTemplate":"https:\/\/www.weinfreunde.de\/magazin\/?s={search_term_string}"},"query-input":{"@type":"PropertyValueSpecification","valueRequired":true,"valueName":"search_term_string"}}],"inLanguage":"de"},{"@type":"Organization","@id":"https:\/\/www.weinfreunde.de\/magazin\/#organization","name":"REWE Wein online GmbH | Weinfreunde","url":"https:\/\/www.weinfreunde.de\/magazin\/","logo":{"@type":"ImageObject","inLanguage":"de","@id":"https:\/\/www.weinfreunde.de\/magazin\/#\/schema\/logo\/image\/","url":"https:\/\/www.weinfreunde.de\/magazin\/wp-content\/uploads\/2019\/08\/WF_Logo_Vertikal_Claim_Schwarz-scaled.jpg.webp","contentUrl":"https:\/\/www.weinfreunde.de\/magazin\/wp-content\/uploads\/2019\/08\/WF_Logo_Vertikal_Claim_Schwarz-scaled.jpg.webp","width":2048,"height":1241,"caption":"REWE Wein online GmbH | Weinfreunde"},"image":{"@id":"https:\/\/www.weinfreunde.de\/magazin\/#\/schema\/logo\/image\/"},"sameAs":["https:\/\/www.facebook.com\/weinfreunde.de"]},{"@type":"Person","@id":"https:\/\/www.weinfreunde.de\/magazin\/#\/schema\/person\/2cf9755c05e64a2f23ee78404efa9acb","name":"Theresa Weber","image":{"@type":"ImageObject","inLanguage":"de","@id":"https:\/\/secure.gravatar.com\/avatar\/3acef7c6c88096ec88d266b5950b5978bf89bebb0bc4607ffe3c960e6997de91?s=96&d=mm&r=g","url":"https:\/\/secure.gravatar.com\/avatar\/3acef7c6c88096ec88d266b5950b5978bf89bebb0bc4607ffe3c960e6997de91?s=96&d=mm&r=g","contentUrl":"https:\/\/secure.gravatar.com\/avatar\/3acef7c6c88096ec88d266b5950b5978bf89bebb0bc4607ffe3c960e6997de91?s=96&d=mm&r=g","caption":"Theresa Weber"},"description":"Eine echte K\u00f6lnerin, liebevolle Mama von zwei Kindern und leidenschaftliche Weintrinkerin. Theresa arbeitet bei den Weinfreunden im Marketing und ist die \u201cChardonnay Mom\u201d im Team. Ihr Herz schl\u00e4gt aber auch bei guten franz\u00f6sischen Weinen schnell h\u00f6her.","sameAs":["https:\/\/www.weinfreunde.de"],"url":"https:\/\/www.weinfreunde.de\/magazin\/author\/tweber\/"}]}},"_links":{"self":[{"href":"https:\/\/www.weinfreunde.de\/magazin\/wp-json\/wp\/v2\/posts\/13755","targetHints":{"allow":["GET"]}}],"collection":[{"href":"https:\/\/www.weinfreunde.de\/magazin\/wp-json\/wp\/v2\/posts"}],"about":[{"href":"https:\/\/www.weinfreunde.de\/magazin\/wp-json\/wp\/v2\/types\/post"}],"author":[{"embeddable":true,"href":"https:\/\/www.weinfreunde.de\/magazin\/wp-json\/wp\/v2\/users\/53"}],"replies":[{"embeddable":true,"href":"https:\/\/www.weinfreunde.de\/magazin\/wp-json\/wp\/v2\/comments?post=13755"}],"version-history":[{"count":4,"href":"https:\/\/www.weinfreunde.de\/magazin\/wp-json\/wp\/v2\/posts\/13755\/revisions"}],"predecessor-version":[{"id":13763,"href":"https:\/\/www.weinfreunde.de\/magazin\/wp-json\/wp\/v2\/posts\/13755\/revisions\/13763"}],"wp:featuredmedia":[{"embeddable":true,"href":"https:\/\/www.weinfreunde.de\/magazin\/wp-json\/wp\/v2\/media\/13757"}],"wp:attachment":[{"href":"https:\/\/www.weinfreunde.de\/magazin\/wp-json\/wp\/v2\/media?parent=13755"}],"wp:term":[{"taxonomy":"category","embeddable":true,"href":"https:\/\/www.weinfreunde.de\/magazin\/wp-json\/wp\/v2\/categories?post=13755"},{"taxonomy":"post_tag","embeddable":true,"href":"https:\/\/www.weinfreunde.de\/magazin\/wp-json\/wp\/v2\/tags?post=13755"}],"curies":[{"name":"wp","href":"https:\/\/api.w.org\/{rel}","templated":true}]}}