{"id":13460,"date":"2025-04-29T14:08:58","date_gmt":"2025-04-29T12:08:58","guid":{"rendered":"https:\/\/www.weinfreunde.de\/magazin\/?p=13460"},"modified":"2025-04-29T14:08:58","modified_gmt":"2025-04-29T12:08:58","slug":"sauternes-edelsuesse-weissweine-aus-dem-bordelais","status":"publish","type":"post","link":"https:\/\/www.weinfreunde.de\/magazin\/allgemein\/sauternes-edelsuesse-weissweine-aus-dem-bordelais\/","title":{"rendered":"Sauternes: edels\u00fc\u00dfe Wei\u00dfweine aus dem Bordelais"},"content":{"rendered":"<p><strong>Rests\u00fc\u00dfe Weine sind nicht jedermanns Sache und liegen auch nicht unbedingt im Trend. S\u00fc\u00dfweine aus Sauternes sind allerdings ein Thema f\u00fcr sich; sie pfeifen auf den Zeitgeschmack und schreiben lieber selbst Geschichte \u2013 und das seit Jahrhunderten. Dieser Artikel berichtet \u00fcber das kongeniale Zusammenspiel zweier Fl\u00fcsse, die unheimliche Zauberkraft eines Sch\u00e4dlings und Legenden der Weingeschichte.<\/strong><\/p>\n<h2>Wo liegt das Sauternes?<\/h2>\n<p>Der Name Sauternes ist einer so lautenden Ortschaft entlehnt, die rund vierzig Kilometer s\u00fcdlich von <a href=\"\/magazin\/weinwissen\/bordeaux-noch-mehr-liebe-auf-den-zweiten-blick\/\">Bordeaux<\/a> liegt und damit zu der Weingro\u00dfregion Graves z\u00e4hlt, die wiederum im Norden direkt an die urbanen Ausl\u00e4ufer der Atlantik-Metropole st\u00f6\u00dft. <\/p>\n<p>Die das kleine Dorf Sauternes umgebende gleichnamige Region reicht im Osten an die Ufer der Garonne und wird im Westen von deren Nebenfluss Ciron begrenzt. Auf der Landkarte zeigt sie sich als ein Keil, der sich zwischen die beiden Fl\u00fcsse schiebt. Genau diese besondere Lage liefert eine wichtige Erkl\u00e4rung, warum gerade hier S\u00fc\u00dfweine von Weltrang entstehen k\u00f6nnen, doch diese soll erst sp\u00e4ter Erw\u00e4hnung finden. <\/p>\n<h2>S\u00e9millon, Sauvignon und Muscadelle: Sauternes Rebsorten<\/h2>\n<p>Sauternes ist zugleich eine gesch\u00fctzte Herkunftsbezeichnung, und zwar exklusiv f\u00fcr eben jene weltber\u00fchmten, hochkonzentrieren S\u00fc\u00dfweine \u2013 die Rede ist von der AOC Sauternes. Die Rebsorten sind hier klar definiert: <a href=\"\/magazin\/weinwissen\/semillon\/\">S\u00e9millon<\/a>, <a href=\"\/magazin\/weinwissen\/sauvignon-blanc\/\">Sauvignon Blanc<\/a> und Muscadelle, in der Praxis zumeist auch in dieser Reihenfolge priorisiert. Die Vorschriften f\u00fcr die Herstellung der Sauternes-Weine \u00e4hneln jenen, die man in <a href=\"\/magazin\/weinwissen\/weinland-deutschland\/\">Deutschland<\/a> f\u00fcr <a href=\"\/magazin\/frag-die-weinfreunde\/was-ist-eine-beerenauslese\/\">Beerenauslese<\/a> vorsieht. Unter anderem gilt eine strenge Ertragsbeschr\u00e4nkung von 25 Hektoliter pro Hektar Rebfl\u00e4che, was im Ergebnis bedeutet, dass ein Rebstock nicht mehr als drei Gl\u00e4ser Wein f\u00fcllen wird.<\/p>\n<p>Die Appellation umfasst die Gemeinden Sauternes (klar), Barsac, Fargues, Bommes und Preignac. So weit, so \u00fcbersichtlich, aber Achtung: Wir befinden uns im Weinland <a href=\"\/magazin\/weinwissen\/weinland-frankreich\/\">Frankreich<\/a>, wo sich bekanntlich nicht alles stets von selbst erkl\u00e4rt. Die Ortschaft Barsac befindet sich n\u00e4mlich n\u00f6rdlich des Ciron und damit streng genommen au\u00dferhalb der geografisch definierten Region Sauternes. Den dort ans\u00e4ssigen Winzern ist es jedoch belassen, ob sie Ihre Weine als Erzeugnisse aus der AOC Sauternes kennzeichnen oder die Herkunft Barsac herausstellen m\u00f6chten. Ein Barsac darf also von Rechts wegen sagen, er sei ein Sauternes, w\u00e4hrend ein Sauternes nicht behaupten darf, ein Barsac zu sein \u2013 auf die Idee w\u00fcrde allerdings auch keiner kommen.<\/p>\n<h2>Sauternes: einst popul\u00e4r \u2013 heute legend\u00e4r<\/h2>\n<p>Nun aber zur Geschichte: Bis weit im 19. Jahrhundert galten edels\u00fc\u00dfe Wei\u00dfweine nicht als eine selektive Spielart, sondern als weithin popul\u00e4re Stilistik. Und anders als beispielsweise an Rhein und <a href=\"\/magazin\/weinwissen\/mosel-weissweingenuss-aus-deutschland\/\">Mosel<\/a> stellten die S\u00fc\u00dfweine im s\u00fcdlichen Bordelais nicht nur die seltene Kirsche auf der Sahne dar, vielmehr galt ihnen auch mengenm\u00e4\u00dfig das Hauptaugenmerk der regionalen Winzer \u2013 die allermeisten von ihnen hatten sich gar exklusiv darauf spezialisiert. Die S\u00fc\u00dfweine aus Sauternes erfreuten sich seinerzeit \u00fcberdies eines exzellenten Rufs bei den Bordelaiser Weinkaufleuten. In der Folge wurden die regionalen Weine darum auch im Rahmen der Bordeaux-Klassifikation von 1855 ber\u00fccksichtigt.<\/p>\n<p>Und damit kommen wir zu einem Namen, an dem im Sauternes kein Weg vorbeif\u00fchrt: <a href=\"\/d-yquem\/\">Ch\u00e2teau d\u2019Yquem<\/a><\/p>\n<h2>Einst Klassenbester, heute Ikone: Ch\u00e2teau d\u2019Yquem<\/h2>\n<p>Das Fundament des ber\u00fchmten Ch\u00e2teau d\u2019Yquem wurde auf dem h\u00f6chsten Punkt der Appellation gegossen. 86 Meter \u00fcber Normalnull klingen auf Anhieb nicht sehr erhaben, bei genauerem Hinsehen jedoch versteht man: Es handelt sich um einen Thron, der alles \u00fcberragt. Um einen Spitzenplatz, \u00fcber dem nur noch der Himmel schwebt: Premier Grand Cru Class\u00e9 Sup\u00e9rieur. Die Betonung liegt auf \u201eSup\u00e9rieur\u201c, einem wortw\u00f6rtlich einzigartigen G\u00fctesiegel. Nicht Mouton, nicht Lafite, nicht Margaux, sondern Ch\u00e2teau d\u2019Yquem ist das h\u00f6chst klassifizierte Erzeugnis der Bordelaiser Weinwelt. Nun darf heute \u00fcber die objektive Aussagekraft der Klassifizierung von 1855 gewiss gestritten werden, am Denkmal von Ch\u00e2teau d\u2018Yquem zu r\u00fctteln, w\u00e4re jedoch so unangemessen wie vergeblich. 100 Hektar Rebfl\u00e4che f\u00fcr 1000 Flaschen Wein pro Jahrgang. Ein Rebstock f\u00fcr ein Glas. Stoff, aus dem Legenden gemacht werden.<\/p>\n<div class=\"product-box is-single\">\n\t\t<a class=\"in\" href=\"https:\/\/www.weinfreunde.de\/p\/chateau-d-yquem-1er-cru-superieur-sauternes-d-yquem\/?ecid=int_magazin_nn_nn_nn_nn_nn_nn\" target=\"_blank\">\n\t\t\t<div class=\"image\">\n\t\t\t<img\n\t\t\t\tsrc=\"https:\/\/10b644692e76ab15cf59-eaadbe2afc1f47d8740ca8f676f7fe70.ssl.cf3.rackcdn.com\/2000014859_900v-sFm9NzJq.png\"\n\t\t\t\talt=\"Ch\u00e2teau d\u2019Yquem 1er Cru Sup\u00e9rieur Sauternes 2019\"\n\t\t\t\tloading=\"lazy\"\n\t\t\t\/>\n\t\t<\/div>\n\n\t\t<div class=\"c\">\n\t\t\t\t\t\t\t\t\t\t<div class=\"title\">Ch\u00e2teau d\u2019Yquem 1er Cru Sup\u00e9rieur Sauternes 2019<\/div>\n\t\t\t\t\t\t\t\t\t\t<div class=\"brand\">d\u2019Yquem<\/div>\n\t\t\t\t\t\t\t\t\t\t<div class=\"details\">\n\t\t\t\t\t\t\t\t\t\t\t<span>Wei\u00dfwein<\/span>\n\t\t\t\t\t\t\t\t\t\t\t<span>S\u00e9millon, Sauvignon Blanc<\/span>\n\t\t\t\t\t\t\t\t\t<\/div>\n\t\t\t\t\t<\/div>\n\t\t<\/a>\n\t<\/div>\n\n<h2>Der Zauberpilz: Botrytis cinerea<\/h2>\n<p>Doch damit nicht genug: Elf weitere Premier Grand Cru Class\u00e9 sowie vierzehn Deuxi\u00e8me Crus \u2013 einschlie\u00dflich der Gew\u00e4chse aus Barsac \u2013 zementieren den unbestrittenen Weltruhm der S\u00fc\u00dfweine aus Sauternes. H\u00f6chste Zeit, diesem Ph\u00e4nomen auch mit einem Schluck Naturwissenschaft auf den Grund zu gehen. <\/p>\n<p>Der Schl\u00fcssel f\u00fcr die so au\u00dfergew\u00f6hnliche Spezialisierung des Gebiets ist das best\u00e4ndige Wechselspiel aus Fr\u00fchnebeln und nachmitt\u00e4glicher Sonne, das am Zufluss des k\u00e4lteren Ciron in die w\u00e4rmere Garonne ideale klimatische Bedingungen f\u00fcr die Entwicklung der sogenannten <a href=\"\/magazin\/frag-die-weinfreunde\/frag-die-weinfreunde-was-ist-botrytis\/\">Botrytis cinerea<\/a> schafft \u2013 auch Grauschimmelf\u00e4ule genannt. Dabei handelt es sich um einen Sporenpilz, streng genommen um einen Parasiten, der die Schalen der Beeren systematisch durchl\u00f6chert, was zur Verdunstung von Wasser und in der Folge zu einer starken Konzentration von Zucker, S\u00e4uren und Extrakten f\u00fchrt. Mit anderen Worten: Was zun\u00e4chst nach der Vernichtung ganzer Ernten und Winzerexistenzen klingt, entfaltet in Sauternes wahre Zauberkr\u00e4fte.<\/p>\n<p>Im Ergebnis entstehen goldfarbene, honigartige Wei\u00dfweine von beispiellos intensiver Aromatik, die fast unbegrenzt alterungsf\u00e4hig sind. Vor allem der S\u00e9millon findet auf den kiesigen <a href=\"\/magazin\/weinwissen\/eine-frage-des-bodens-geologie-und-wein\/\">B\u00f6den<\/a> mit Tonkalk-Untergrund das ideale <a href=\"\/magazin\/weinwissen\/terroir-die-dna-eines-weines\/\">Terroir<\/a>, um die notwendige \u00dcberreife zu erreichen, ohne die sich der Botrytis-Pilz nicht entwickeln kann.<br \/>\nPures Gold.<\/p>\n<p>Auf Ch\u00e2teau d\u2019Yquem werden bis zu 120 Erntehelfer eingesetzt, um in mindestens zehn Durchg\u00e4ngen ausschlie\u00dflich jene edelfaulen Beeren auszulesen, die die gew\u00fcnschte Konzentration in sich tragen. Aber auch auf den zahlreichen weiteren Spitzenweing\u00fctern im Sauternes wird ein enormer Aufwand betrieben, um den hohen Erwartungen von S\u00fc\u00dfwein-Liebhabern auf der ganzen Welt zu entsprechen. <\/p>\n<p>In der Regel werden hochklassige Sauternes-Weine bis zu vier Jahren im <a href=\"\/magazin\/weinwissen\/fassreife-von-wein-ausbau-im-holzfass\/\">Eichenholzfass<\/a> ausgebaut und w\u00e4hrenddessen regelm\u00e4\u00dfig abgestochen und umgef\u00fcllt. Platzhirsch d\u2019Yquem g\u00f6nnt sich sogar den Luxus, in Botrytis-armen Jahrg\u00e4ngen einfach auszusetzen, zuletzt war das 2012 der Fall. <\/p>\n<p>\u201ePures Gold\u201c ist eine der meist bem\u00fchten Attribute, wenn es darum geht, das magische Elixier von Spitzenweing\u00fctern im Sauternes zu beschreiben. Naturgem\u00e4\u00df hat ein derartiger Anspruch und das darauf fu\u00dfende, geradezu extreme Qualit\u00e4tsstreben der Winzer seinen Preis. Wer sich diesem einzigartigen Weinerlebnis dennoch \u00f6ffnen m\u00f6chte, wird reich belohnt: mit einem unvergleichlich intensiven Nektar von enormer Kraft und F\u00fclle. <\/p>\n","protected":false},"excerpt":{"rendered":"<p>Rests\u00fc\u00dfe Weine sind nicht jedermanns Sache und liegen auch nicht unbedingt im Trend. S\u00fc\u00dfweine aus Sauternes sind allerdings ein Thema f\u00fcr sich; sie pfeifen auf den Zeitgeschmack und schreiben lieber selbst Geschichte \u2013 und das seit Jahrhunderten. Dieser Artikel berichtet&#8230; <a class=\"moretag\" href=\"https:\/\/www.weinfreunde.de\/magazin\/allgemein\/sauternes-edelsuesse-weissweine-aus-dem-bordelais\/\">weiterlesen<\/a><\/p>\n","protected":false},"author":50,"featured_media":13463,"comment_status":"open","ping_status":"open","sticky":false,"template":"","format":"standard","meta":{"footnotes":""},"categories":[1,66,54],"tags":[],"class_list":["post-13460","post","type-post","status-publish","format-standard","has-post-thumbnail","hentry","category-allgemein","category-frankreich","category-weinregionen"],"yoast_head":"<!-- This site is optimized with the Yoast SEO plugin v27.5 - https:\/\/yoast.com\/product\/yoast-seo-wordpress\/ -->\n<title>Sauternes: edels\u00fc\u00dfe Wei\u00dfweine aus dem Bordelais &#187; Weinfreunde Magazin<\/title>\n<meta name=\"description\" content=\"Sauternes ist ein f\u00fcr seinen edels\u00fc\u00dfen Wei\u00dfwein bekanntes franz\u00f6sisches Weinanbaugebiet in der Weingro\u00dfregion Graves.\" \/>\n<meta name=\"robots\" content=\"index, follow, max-snippet:-1, max-image-preview:large, max-video-preview:-1\" \/>\n<link rel=\"canonical\" href=\"https:\/\/www.weinfreunde.de\/magazin\/allgemein\/sauternes-edelsuesse-weissweine-aus-dem-bordelais\/\" \/>\n<meta property=\"og:locale\" content=\"de_DE\" \/>\n<meta property=\"og:type\" content=\"article\" \/>\n<meta property=\"og:title\" content=\"Sauternes: edels\u00fc\u00dfe Wei\u00dfweine aus dem Bordelais &#187; Weinfreunde Magazin\" \/>\n<meta property=\"og:description\" content=\"Sauternes ist ein f\u00fcr seinen edels\u00fc\u00dfen Wei\u00dfwein bekanntes franz\u00f6sisches Weinanbaugebiet in der Weingro\u00dfregion Graves.\" \/>\n<meta property=\"og:url\" content=\"https:\/\/www.weinfreunde.de\/magazin\/allgemein\/sauternes-edelsuesse-weissweine-aus-dem-bordelais\/\" \/>\n<meta property=\"og:site_name\" content=\"Weinfreunde Magazin\" \/>\n<meta property=\"article:publisher\" content=\"https:\/\/www.facebook.com\/weinfreunde.de\" \/>\n<meta property=\"article:published_time\" content=\"2025-04-29T12:08:58+00:00\" \/>\n<meta property=\"og:image\" content=\"https:\/\/www.weinfreunde.de\/magazin\/wp-content\/uploads\/2025\/04\/Magazin-Header_-1-1024x520.png\" \/>\n\t<meta property=\"og:image:width\" content=\"1024\" \/>\n\t<meta property=\"og:image:height\" content=\"520\" \/>\n\t<meta property=\"og:image:type\" content=\"image\/png\" \/>\n<meta name=\"author\" content=\"Stefan Behr\" \/>\n<meta name=\"twitter:card\" content=\"summary_large_image\" \/>\n<meta name=\"twitter:label1\" content=\"Written by\" \/>\n\t<meta name=\"twitter:data1\" content=\"Stefan Behr\" \/>\n\t<meta name=\"twitter:label2\" content=\"Est. reading time\" \/>\n\t<meta name=\"twitter:data2\" content=\"6\u00a0Minuten\" \/>\n<script type=\"application\/ld+json\" class=\"yoast-schema-graph\">{\"@context\":\"https:\\\/\\\/schema.org\",\"@graph\":[{\"@type\":\"Article\",\"@id\":\"https:\\\/\\\/www.weinfreunde.de\\\/magazin\\\/allgemein\\\/sauternes-edelsuesse-weissweine-aus-dem-bordelais\\\/#article\",\"isPartOf\":{\"@id\":\"https:\\\/\\\/www.weinfreunde.de\\\/magazin\\\/allgemein\\\/sauternes-edelsuesse-weissweine-aus-dem-bordelais\\\/\"},\"author\":{\"name\":\"Stefan Behr\",\"@id\":\"https:\\\/\\\/www.weinfreunde.de\\\/magazin\\\/#\\\/schema\\\/person\\\/abb07265f2256455a8865af286d4d0e0\"},\"headline\":\"Sauternes: edels\u00fc\u00dfe Wei\u00dfweine aus dem Bordelais\",\"datePublished\":\"2025-04-29T12:08:58+00:00\",\"mainEntityOfPage\":{\"@id\":\"https:\\\/\\\/www.weinfreunde.de\\\/magazin\\\/allgemein\\\/sauternes-edelsuesse-weissweine-aus-dem-bordelais\\\/\"},\"wordCount\":1057,\"commentCount\":0,\"publisher\":{\"@id\":\"https:\\\/\\\/www.weinfreunde.de\\\/magazin\\\/#organization\"},\"image\":{\"@id\":\"https:\\\/\\\/www.weinfreunde.de\\\/magazin\\\/allgemein\\\/sauternes-edelsuesse-weissweine-aus-dem-bordelais\\\/#primaryimage\"},\"thumbnailUrl\":\"https:\\\/\\\/www.weinfreunde.de\\\/magazin\\\/wp-content\\\/uploads\\\/2025\\\/04\\\/Magazin-Header_-1.png\",\"articleSection\":{\"1\":\"Frankreich\",\"2\":\"Weinregionen\"},\"inLanguage\":\"de\",\"potentialAction\":[{\"@type\":\"CommentAction\",\"name\":\"Comment\",\"target\":[\"https:\\\/\\\/www.weinfreunde.de\\\/magazin\\\/allgemein\\\/sauternes-edelsuesse-weissweine-aus-dem-bordelais\\\/#respond\"]}]},{\"@type\":\"WebPage\",\"@id\":\"https:\\\/\\\/www.weinfreunde.de\\\/magazin\\\/allgemein\\\/sauternes-edelsuesse-weissweine-aus-dem-bordelais\\\/\",\"url\":\"https:\\\/\\\/www.weinfreunde.de\\\/magazin\\\/allgemein\\\/sauternes-edelsuesse-weissweine-aus-dem-bordelais\\\/\",\"name\":\"Sauternes: edels\u00fc\u00dfe Wei\u00dfweine aus dem Bordelais &#187; Weinfreunde Magazin\",\"isPartOf\":{\"@id\":\"https:\\\/\\\/www.weinfreunde.de\\\/magazin\\\/#website\"},\"primaryImageOfPage\":{\"@id\":\"https:\\\/\\\/www.weinfreunde.de\\\/magazin\\\/allgemein\\\/sauternes-edelsuesse-weissweine-aus-dem-bordelais\\\/#primaryimage\"},\"image\":{\"@id\":\"https:\\\/\\\/www.weinfreunde.de\\\/magazin\\\/allgemein\\\/sauternes-edelsuesse-weissweine-aus-dem-bordelais\\\/#primaryimage\"},\"thumbnailUrl\":\"https:\\\/\\\/www.weinfreunde.de\\\/magazin\\\/wp-content\\\/uploads\\\/2025\\\/04\\\/Magazin-Header_-1.png\",\"datePublished\":\"2025-04-29T12:08:58+00:00\",\"description\":\"Sauternes ist ein f\u00fcr seinen edels\u00fc\u00dfen Wei\u00dfwein bekanntes franz\u00f6sisches Weinanbaugebiet in der Weingro\u00dfregion Graves.\",\"breadcrumb\":{\"@id\":\"https:\\\/\\\/www.weinfreunde.de\\\/magazin\\\/allgemein\\\/sauternes-edelsuesse-weissweine-aus-dem-bordelais\\\/#breadcrumb\"},\"inLanguage\":\"de\",\"potentialAction\":[{\"@type\":\"ReadAction\",\"target\":[\"https:\\\/\\\/www.weinfreunde.de\\\/magazin\\\/allgemein\\\/sauternes-edelsuesse-weissweine-aus-dem-bordelais\\\/\"]}]},{\"@type\":\"ImageObject\",\"inLanguage\":\"de\",\"@id\":\"https:\\\/\\\/www.weinfreunde.de\\\/magazin\\\/allgemein\\\/sauternes-edelsuesse-weissweine-aus-dem-bordelais\\\/#primaryimage\",\"url\":\"https:\\\/\\\/www.weinfreunde.de\\\/magazin\\\/wp-content\\\/uploads\\\/2025\\\/04\\\/Magazin-Header_-1.png\",\"contentUrl\":\"https:\\\/\\\/www.weinfreunde.de\\\/magazin\\\/wp-content\\\/uploads\\\/2025\\\/04\\\/Magazin-Header_-1.png\",\"width\":1920,\"height\":975,\"caption\":\"Sauternes Weinberge\"},{\"@type\":\"BreadcrumbList\",\"@id\":\"https:\\\/\\\/www.weinfreunde.de\\\/magazin\\\/allgemein\\\/sauternes-edelsuesse-weissweine-aus-dem-bordelais\\\/#breadcrumb\",\"itemListElement\":[{\"@type\":\"ListItem\",\"position\":1,\"name\":\"Magazin\",\"item\":\"https:\\\/\\\/www.weinfreunde.de\\\/magazin\\\/\"},{\"@type\":\"ListItem\",\"position\":2,\"name\":\"Allgemein\",\"item\":\"https:\\\/\\\/www.weinfreunde.de\\\/magazin\\\/allgemein\\\/\"},{\"@type\":\"ListItem\",\"position\":3,\"name\":\"Sauternes: edels\u00fc\u00dfe Wei\u00dfweine aus dem Bordelais\"}]},{\"@type\":\"WebSite\",\"@id\":\"https:\\\/\\\/www.weinfreunde.de\\\/magazin\\\/#website\",\"url\":\"https:\\\/\\\/www.weinfreunde.de\\\/magazin\\\/\",\"name\":\"Weinfreunde Magazin\",\"description\":\"Dein Weinfreunde Magazin\",\"publisher\":{\"@id\":\"https:\\\/\\\/www.weinfreunde.de\\\/magazin\\\/#organization\"},\"potentialAction\":[{\"@type\":\"SearchAction\",\"target\":{\"@type\":\"EntryPoint\",\"urlTemplate\":\"https:\\\/\\\/www.weinfreunde.de\\\/magazin\\\/?s={search_term_string}\"},\"query-input\":{\"@type\":\"PropertyValueSpecification\",\"valueRequired\":true,\"valueName\":\"search_term_string\"}}],\"inLanguage\":\"de\"},{\"@type\":\"Organization\",\"@id\":\"https:\\\/\\\/www.weinfreunde.de\\\/magazin\\\/#organization\",\"name\":\"REWE Wein online GmbH | Weinfreunde\",\"url\":\"https:\\\/\\\/www.weinfreunde.de\\\/magazin\\\/\",\"logo\":{\"@type\":\"ImageObject\",\"inLanguage\":\"de\",\"@id\":\"https:\\\/\\\/www.weinfreunde.de\\\/magazin\\\/#\\\/schema\\\/logo\\\/image\\\/\",\"url\":\"https:\\\/\\\/www.weinfreunde.de\\\/magazin\\\/wp-content\\\/uploads\\\/2019\\\/08\\\/WF_Logo_Vertikal_Claim_Schwarz-scaled.jpg.webp\",\"contentUrl\":\"https:\\\/\\\/www.weinfreunde.de\\\/magazin\\\/wp-content\\\/uploads\\\/2019\\\/08\\\/WF_Logo_Vertikal_Claim_Schwarz-scaled.jpg.webp\",\"width\":2048,\"height\":1241,\"caption\":\"REWE Wein online GmbH | Weinfreunde\"},\"image\":{\"@id\":\"https:\\\/\\\/www.weinfreunde.de\\\/magazin\\\/#\\\/schema\\\/logo\\\/image\\\/\"},\"sameAs\":[\"https:\\\/\\\/www.facebook.com\\\/weinfreunde.de\"]},{\"@type\":\"Person\",\"@id\":\"https:\\\/\\\/www.weinfreunde.de\\\/magazin\\\/#\\\/schema\\\/person\\\/abb07265f2256455a8865af286d4d0e0\",\"name\":\"Stefan Behr\",\"image\":{\"@type\":\"ImageObject\",\"inLanguage\":\"de\",\"@id\":\"https:\\\/\\\/secure.gravatar.com\\\/avatar\\\/84cc92f6b941bf67f1a71865b8fe2adac9b7c0a349fcb9f8ed7ff16a9f47afb3?s=96&d=mm&r=g\",\"url\":\"https:\\\/\\\/secure.gravatar.com\\\/avatar\\\/84cc92f6b941bf67f1a71865b8fe2adac9b7c0a349fcb9f8ed7ff16a9f47afb3?s=96&d=mm&r=g\",\"contentUrl\":\"https:\\\/\\\/secure.gravatar.com\\\/avatar\\\/84cc92f6b941bf67f1a71865b8fe2adac9b7c0a349fcb9f8ed7ff16a9f47afb3?s=96&d=mm&r=g\",\"caption\":\"Stefan Behr\"},\"description\":\"Eink\u00e4ufer Stefan hat stets den richtigen Riecher f\u00fcr neue Weine. An der Nahe geboren, im Rheingau studiert, hat er besonders eine Schw\u00e4che f\u00fcr die Weine aus Bella Italia.\",\"sameAs\":[\"https:\\\/\\\/www.weinfreunde.de\"],\"url\":\"https:\\\/\\\/www.weinfreunde.de\\\/magazin\\\/author\\\/sbehr\\\/\"}]}<\/script>\n<!-- \/ Yoast SEO plugin. -->","yoast_head_json":{"title":"Sauternes: edels\u00fc\u00dfe Wei\u00dfweine aus dem Bordelais &#187; Weinfreunde Magazin","description":"Sauternes ist ein f\u00fcr seinen edels\u00fc\u00dfen Wei\u00dfwein bekanntes franz\u00f6sisches Weinanbaugebiet in der Weingro\u00dfregion Graves.","robots":{"index":"index","follow":"follow","max-snippet":"max-snippet:-1","max-image-preview":"max-image-preview:large","max-video-preview":"max-video-preview:-1"},"canonical":"https:\/\/www.weinfreunde.de\/magazin\/allgemein\/sauternes-edelsuesse-weissweine-aus-dem-bordelais\/","og_locale":"de_DE","og_type":"article","og_title":"Sauternes: edels\u00fc\u00dfe Wei\u00dfweine aus dem Bordelais &#187; Weinfreunde Magazin","og_description":"Sauternes ist ein f\u00fcr seinen edels\u00fc\u00dfen Wei\u00dfwein bekanntes franz\u00f6sisches Weinanbaugebiet in der Weingro\u00dfregion Graves.","og_url":"https:\/\/www.weinfreunde.de\/magazin\/allgemein\/sauternes-edelsuesse-weissweine-aus-dem-bordelais\/","og_site_name":"Weinfreunde Magazin","article_publisher":"https:\/\/www.facebook.com\/weinfreunde.de","article_published_time":"2025-04-29T12:08:58+00:00","og_image":[{"width":1024,"height":520,"url":"https:\/\/www.weinfreunde.de\/magazin\/wp-content\/uploads\/2025\/04\/Magazin-Header_-1-1024x520.png","type":"image\/png"}],"author":"Stefan Behr","twitter_card":"summary_large_image","twitter_misc":{"Written by":"Stefan Behr","Est. reading time":"6\u00a0Minuten"},"schema":{"@context":"https:\/\/schema.org","@graph":[{"@type":"Article","@id":"https:\/\/www.weinfreunde.de\/magazin\/allgemein\/sauternes-edelsuesse-weissweine-aus-dem-bordelais\/#article","isPartOf":{"@id":"https:\/\/www.weinfreunde.de\/magazin\/allgemein\/sauternes-edelsuesse-weissweine-aus-dem-bordelais\/"},"author":{"name":"Stefan Behr","@id":"https:\/\/www.weinfreunde.de\/magazin\/#\/schema\/person\/abb07265f2256455a8865af286d4d0e0"},"headline":"Sauternes: edels\u00fc\u00dfe Wei\u00dfweine aus dem Bordelais","datePublished":"2025-04-29T12:08:58+00:00","mainEntityOfPage":{"@id":"https:\/\/www.weinfreunde.de\/magazin\/allgemein\/sauternes-edelsuesse-weissweine-aus-dem-bordelais\/"},"wordCount":1057,"commentCount":0,"publisher":{"@id":"https:\/\/www.weinfreunde.de\/magazin\/#organization"},"image":{"@id":"https:\/\/www.weinfreunde.de\/magazin\/allgemein\/sauternes-edelsuesse-weissweine-aus-dem-bordelais\/#primaryimage"},"thumbnailUrl":"https:\/\/www.weinfreunde.de\/magazin\/wp-content\/uploads\/2025\/04\/Magazin-Header_-1.png","articleSection":{"1":"Frankreich","2":"Weinregionen"},"inLanguage":"de","potentialAction":[{"@type":"CommentAction","name":"Comment","target":["https:\/\/www.weinfreunde.de\/magazin\/allgemein\/sauternes-edelsuesse-weissweine-aus-dem-bordelais\/#respond"]}]},{"@type":"WebPage","@id":"https:\/\/www.weinfreunde.de\/magazin\/allgemein\/sauternes-edelsuesse-weissweine-aus-dem-bordelais\/","url":"https:\/\/www.weinfreunde.de\/magazin\/allgemein\/sauternes-edelsuesse-weissweine-aus-dem-bordelais\/","name":"Sauternes: edels\u00fc\u00dfe Wei\u00dfweine aus dem Bordelais &#187; Weinfreunde Magazin","isPartOf":{"@id":"https:\/\/www.weinfreunde.de\/magazin\/#website"},"primaryImageOfPage":{"@id":"https:\/\/www.weinfreunde.de\/magazin\/allgemein\/sauternes-edelsuesse-weissweine-aus-dem-bordelais\/#primaryimage"},"image":{"@id":"https:\/\/www.weinfreunde.de\/magazin\/allgemein\/sauternes-edelsuesse-weissweine-aus-dem-bordelais\/#primaryimage"},"thumbnailUrl":"https:\/\/www.weinfreunde.de\/magazin\/wp-content\/uploads\/2025\/04\/Magazin-Header_-1.png","datePublished":"2025-04-29T12:08:58+00:00","description":"Sauternes ist ein f\u00fcr seinen edels\u00fc\u00dfen Wei\u00dfwein bekanntes franz\u00f6sisches Weinanbaugebiet in der Weingro\u00dfregion Graves.","breadcrumb":{"@id":"https:\/\/www.weinfreunde.de\/magazin\/allgemein\/sauternes-edelsuesse-weissweine-aus-dem-bordelais\/#breadcrumb"},"inLanguage":"de","potentialAction":[{"@type":"ReadAction","target":["https:\/\/www.weinfreunde.de\/magazin\/allgemein\/sauternes-edelsuesse-weissweine-aus-dem-bordelais\/"]}]},{"@type":"ImageObject","inLanguage":"de","@id":"https:\/\/www.weinfreunde.de\/magazin\/allgemein\/sauternes-edelsuesse-weissweine-aus-dem-bordelais\/#primaryimage","url":"https:\/\/www.weinfreunde.de\/magazin\/wp-content\/uploads\/2025\/04\/Magazin-Header_-1.png","contentUrl":"https:\/\/www.weinfreunde.de\/magazin\/wp-content\/uploads\/2025\/04\/Magazin-Header_-1.png","width":1920,"height":975,"caption":"Sauternes Weinberge"},{"@type":"BreadcrumbList","@id":"https:\/\/www.weinfreunde.de\/magazin\/allgemein\/sauternes-edelsuesse-weissweine-aus-dem-bordelais\/#breadcrumb","itemListElement":[{"@type":"ListItem","position":1,"name":"Magazin","item":"https:\/\/www.weinfreunde.de\/magazin\/"},{"@type":"ListItem","position":2,"name":"Allgemein","item":"https:\/\/www.weinfreunde.de\/magazin\/allgemein\/"},{"@type":"ListItem","position":3,"name":"Sauternes: edels\u00fc\u00dfe Wei\u00dfweine aus dem Bordelais"}]},{"@type":"WebSite","@id":"https:\/\/www.weinfreunde.de\/magazin\/#website","url":"https:\/\/www.weinfreunde.de\/magazin\/","name":"Weinfreunde Magazin","description":"Dein Weinfreunde Magazin","publisher":{"@id":"https:\/\/www.weinfreunde.de\/magazin\/#organization"},"potentialAction":[{"@type":"SearchAction","target":{"@type":"EntryPoint","urlTemplate":"https:\/\/www.weinfreunde.de\/magazin\/?s={search_term_string}"},"query-input":{"@type":"PropertyValueSpecification","valueRequired":true,"valueName":"search_term_string"}}],"inLanguage":"de"},{"@type":"Organization","@id":"https:\/\/www.weinfreunde.de\/magazin\/#organization","name":"REWE Wein online GmbH | Weinfreunde","url":"https:\/\/www.weinfreunde.de\/magazin\/","logo":{"@type":"ImageObject","inLanguage":"de","@id":"https:\/\/www.weinfreunde.de\/magazin\/#\/schema\/logo\/image\/","url":"https:\/\/www.weinfreunde.de\/magazin\/wp-content\/uploads\/2019\/08\/WF_Logo_Vertikal_Claim_Schwarz-scaled.jpg.webp","contentUrl":"https:\/\/www.weinfreunde.de\/magazin\/wp-content\/uploads\/2019\/08\/WF_Logo_Vertikal_Claim_Schwarz-scaled.jpg.webp","width":2048,"height":1241,"caption":"REWE Wein online GmbH | Weinfreunde"},"image":{"@id":"https:\/\/www.weinfreunde.de\/magazin\/#\/schema\/logo\/image\/"},"sameAs":["https:\/\/www.facebook.com\/weinfreunde.de"]},{"@type":"Person","@id":"https:\/\/www.weinfreunde.de\/magazin\/#\/schema\/person\/abb07265f2256455a8865af286d4d0e0","name":"Stefan Behr","image":{"@type":"ImageObject","inLanguage":"de","@id":"https:\/\/secure.gravatar.com\/avatar\/84cc92f6b941bf67f1a71865b8fe2adac9b7c0a349fcb9f8ed7ff16a9f47afb3?s=96&d=mm&r=g","url":"https:\/\/secure.gravatar.com\/avatar\/84cc92f6b941bf67f1a71865b8fe2adac9b7c0a349fcb9f8ed7ff16a9f47afb3?s=96&d=mm&r=g","contentUrl":"https:\/\/secure.gravatar.com\/avatar\/84cc92f6b941bf67f1a71865b8fe2adac9b7c0a349fcb9f8ed7ff16a9f47afb3?s=96&d=mm&r=g","caption":"Stefan Behr"},"description":"Eink\u00e4ufer Stefan hat stets den richtigen Riecher f\u00fcr neue Weine. An der Nahe geboren, im Rheingau studiert, hat er besonders eine Schw\u00e4che f\u00fcr die Weine aus Bella Italia.","sameAs":["https:\/\/www.weinfreunde.de"],"url":"https:\/\/www.weinfreunde.de\/magazin\/author\/sbehr\/"}]}},"_links":{"self":[{"href":"https:\/\/www.weinfreunde.de\/magazin\/wp-json\/wp\/v2\/posts\/13460","targetHints":{"allow":["GET"]}}],"collection":[{"href":"https:\/\/www.weinfreunde.de\/magazin\/wp-json\/wp\/v2\/posts"}],"about":[{"href":"https:\/\/www.weinfreunde.de\/magazin\/wp-json\/wp\/v2\/types\/post"}],"author":[{"embeddable":true,"href":"https:\/\/www.weinfreunde.de\/magazin\/wp-json\/wp\/v2\/users\/50"}],"replies":[{"embeddable":true,"href":"https:\/\/www.weinfreunde.de\/magazin\/wp-json\/wp\/v2\/comments?post=13460"}],"version-history":[{"count":3,"href":"https:\/\/www.weinfreunde.de\/magazin\/wp-json\/wp\/v2\/posts\/13460\/revisions"}],"predecessor-version":[{"id":13465,"href":"https:\/\/www.weinfreunde.de\/magazin\/wp-json\/wp\/v2\/posts\/13460\/revisions\/13465"}],"wp:featuredmedia":[{"embeddable":true,"href":"https:\/\/www.weinfreunde.de\/magazin\/wp-json\/wp\/v2\/media\/13463"}],"wp:attachment":[{"href":"https:\/\/www.weinfreunde.de\/magazin\/wp-json\/wp\/v2\/media?parent=13460"}],"wp:term":[{"taxonomy":"category","embeddable":true,"href":"https:\/\/www.weinfreunde.de\/magazin\/wp-json\/wp\/v2\/categories?post=13460"},{"taxonomy":"post_tag","embeddable":true,"href":"https:\/\/www.weinfreunde.de\/magazin\/wp-json\/wp\/v2\/tags?post=13460"}],"curies":[{"name":"wp","href":"https:\/\/api.w.org\/{rel}","templated":true}]}}