{"id":13397,"date":"2025-04-02T15:55:27","date_gmt":"2025-04-02T13:55:27","guid":{"rendered":"https:\/\/www.weinfreunde.de\/magazin\/?p=13397"},"modified":"2025-05-20T15:23:18","modified_gmt":"2025-05-20T13:23:18","slug":"die-appellation-saint-emilion","status":"publish","type":"post","link":"https:\/\/www.weinfreunde.de\/magazin\/allgemein\/die-appellation-saint-emilion\/","title":{"rendered":"Die Appellation Saint-\u00c9milion"},"content":{"rendered":"<p><strong>Das St\u00e4dtchen Saint-\u00c9milion liegt am Fluss Dordogne im Herzen S\u00fcdwest-<a href=\"\/magazin\/weinwissen\/weinland-frankreich\/\">Frankreichs<\/a>. Neben <a href=\"\/magazin\/allgemein\/das-weinbaugebiet-pomerol\/\">Pomerol<\/a> und Pauillac ist Saint-\u00c9milion der wohl bekannteste Name unter den Appellationen des <a href=\"\/magazin\/weinwissen\/die-weinregion-bordeaux-der-wein-und-die-regionen-teil-2\/\">Bordelais<\/a>.<\/strong><\/p>\n<p>Die erste Besonderheit vorab: In Saint-\u00c9milion geben \u2013 im Unterschied zum <a href=\"\/magazin\/weinwissen\/medoc-herzkammer-der-weinregion-bordeaux\/\">M\u00e9doc<\/a> \u2013 die Rebsorten <a href=\"\/magazin\/weinwissen\/merlot\/\">Merlot<\/a> und <a href=\"\/magazin\/weinwissen\/cabernet-franc\/\">Cabernet Franc<\/a> den Takt an. <a href=\"\/magazin\/weinwissen\/cabernet-sauvignon\/\">Cabernet Sauvignon<\/a> wird nur von einigen wenigen Ch\u00e2teaus verwendet, zum Beispiel vom <a href=\"\/figeac\/\">Ch\u00e2teau Figeac<\/a>. Gemeinsam mit dem Nachbarn Pomerol bildet Saint-\u00c9milion den Kern des als \u201eRechtes Ufer\u201c bekannten Gebiets. Gemeint ist das Ufer der Gironde, so hei\u00dft der Zusammenfluss \u2013 \u00c4stuar genannt \u2013 von Dordogne und Garonne.<\/p>\n<h2>Saint-\u00c9milion: die Geschichte<\/h2>\n<p>Saint-\u00c9milion liegt etwa 40 Kilometer \u00f6stlich von Bordeaux und man befindet sich hier im tiefsten Okzitanien. Die alten ockerfarbenen Bruchsteinh\u00e4user mit den zinnoberroten Ziegeld\u00e4chern sieht man im M\u00e9doc oder im Stadtgebiet von Bordeaux eher selten. Dieser pittoreske Anblick ist einer der Gr\u00fcnde daf\u00fcr, warum Saint-\u00c9milion und seine Weinberge 1999 zum UNESCO-Weltkulturerbe erkl\u00e4rt wurden. Wie so oft in Frankreich geht der Weinbau der Appellation auf die R\u00f6mer zur\u00fcck. Auch der bekannte gallo-r\u00f6mische Beamte und Dichter Ausonius bet\u00e4tigte sich hier als Winzer. Nach ihm ist eines der besten Weing\u00fcter der Appellation benannt: das <a href=\"\/ausone\/\">Ch\u00e2teau Ausone<\/a>.<\/p>\n<p>Der Name \u2013 und die Gr\u00fcndung der Stadt \u2013 gehen \u00fcbrigens auf einen fr\u00fchmittelalterlichen Wanderm\u00f6nch namens Aemilianus zur\u00fcck. Der rastete hier unter einem Felsvorsprung, blieb, tat sein Leben lang gute und wundersame Dinge und verstarb ebendort. Seine Anh\u00e4nger bestatteten ihn unter dem Kalkstein-Felsen, aus dem im Laufe der Zeit eine Kirche geschlagen wurde. Neben dieser Kirche kann man noch heute die Grotte des heiligen Aemilianus besichtigen.<\/p>\n<h2>Saint-\u00c9milion \u2013 ein einzigartiges Terroir<\/h2>\n<p>Apropos Kalkstein: Saint-\u00c9milion liegt auf dem Rand eines Talkessels, in ungef\u00e4hr 65 Metern H\u00f6he \u00fcber der Dordogne. Es gibt hier zwei unterschiedliche, von Kalkstein gepr\u00e4gte <a href=\"\/magazin\/weinwissen\/terroir-die-dna-eines-weines\/\">Terroirs<\/a>: Im Norden und Nordwesten der Appellation, wo die Weinberge in das Plateau von Pomerol \u00fcbergehen, hat der Kalkstein eine Auflage aus Kies, Lehm und Sand. Deswegen wird dieser Bereich \u201eGraves de Saint-\u00c9milion\u201c (Grabas ist das okzitanische Wort f\u00fcr Kiesel) genannt. Weine von diesen <a href=\"\/magazin\/weinwissen\/eine-frage-des-bodens-geologie-und-wein\/\">B\u00f6den<\/a> haben den Ruf, kraftvoll und profund zu sein. Im S\u00fcden und S\u00fcdosten, wo es nach und nach immer steiler wird, herrscht Kalkstein vor. Dieses Gebiet tr\u00e4gt die Bezeichnung \u201eC\u00f4tes\u201c. Den Weinen von den C\u00f4tes wird nachgesagt, leichtf\u00fc\u00dfiger und einladender als die von den Graves zu sein. Alles in allem muss man feststellen, dass die 5700 Hektar Rebfl\u00e4che der AOP Saint-\u00c9milion viele unterschiedliche Mikro-Terroirs umfasst, was sich auch in unterschiedlichen Weinstilen spiegelt.<\/p>\n<h2>Die Rebsorten von Saint-\u00c9milion<\/h2>\n<p>Wie eingangs erw\u00e4hnt, werden die Weine der Appellation fast ausschlie\u00dflich aus Merlot und Cabernet Franc erzeugt, der hier auch \u201eBouchet\u201c genannt wird. Cabernet Sauvignon ist zwar zugelassen, wird aber haupts\u00e4chlich von Weing\u00fctern in der N\u00e4he des Plateaus von Pomerol verwendet. Zu diesen Weing\u00fctern z\u00e4hlen <a href=\"\/cheval-blanc\/\">Cheval Blanc<\/a> und Figeac.<\/p>\n<p>Merlot ist eine relativ fr\u00fch reifende Sorte, die weltweit angebaut wird. Sie belegt hinter Cabernet Sauvignon den zweiten Platz im internationalen Fl\u00e4chen-Ranking. Merlot stellt keine besonderen Anspr\u00fcche an die B\u00f6den, auf denen sie w\u00e4chst und ist recht widerstandsf\u00e4hig gegen\u00fcber Krankheiten. Das macht sie bei Winzerinnen und Winzern beliebt. Merlot-Weine sind weich, schmeichelnd und mit opulenter Pflaumen- und Kirschfrucht ausgestattet. Die Gerbstoffe sind seidig und die S\u00e4urestruktur zeigt sich zur\u00fcckhaltend. Das wiederum macht Merlot bei Konsumenten beliebt. Cabernet Franc ist ein etwas rauerer Geselle: Die <a href=\"\/magazin\/weinwissen\/tannine-im-rotwein\/\">Tannine<\/a> sind kantiger und das Geschmacksprofil geht mehr in Richtung Kr\u00e4uter und Pfeffer. Die Hauptaufgabe des Cabernet Franc in der Saint-\u00c9milion-Cuv\u00e9e ist daher \u201eK\u00fchlung\u201c. In Zeiten des <a href=\"\/magazin\/weinwissen\/klimawandel-und-weinbau-was-heisst-das-konkret\/\">Klimawandels<\/a> reift Merlot immer fr\u00fcher aus und wird \u00fcppiger und alkoholreicher. Cabernet Franc kann das mit seinen Eigenschaften ausgleichen.<\/p>\n<div id=\"attachment_6709\" style=\"width: 1510px\" class=\"wp-caption alignnone\"><img loading=\"lazy\" decoding=\"async\" aria-describedby=\"caption-attachment-6709\" class=\"wp-image-6709 size-full\" src=\"https:\/\/www.weinfreunde.de\/magazin\/wp-content\/uploads\/2023\/03\/magazin_1-1-image-gross3_dunkle-trauben-hand_1500x800px.png\" alt=\"Weintrauben in Saint-\u00c9milion\" width=\"1500\" height=\"800\" srcset=\"https:\/\/www.weinfreunde.de\/magazin\/wp-content\/uploads\/2023\/03\/magazin_1-1-image-gross3_dunkle-trauben-hand_1500x800px.png 1500w, https:\/\/www.weinfreunde.de\/magazin\/wp-content\/uploads\/2023\/03\/magazin_1-1-image-gross3_dunkle-trauben-hand_1500x800px-300x160.png 300w, https:\/\/www.weinfreunde.de\/magazin\/wp-content\/uploads\/2023\/03\/magazin_1-1-image-gross3_dunkle-trauben-hand_1500x800px-1024x546.png 1024w, https:\/\/www.weinfreunde.de\/magazin\/wp-content\/uploads\/2023\/03\/magazin_1-1-image-gross3_dunkle-trauben-hand_1500x800px-768x410.png 768w, https:\/\/www.weinfreunde.de\/magazin\/wp-content\/uploads\/2023\/03\/magazin_1-1-image-gross3_dunkle-trauben-hand_1500x800px-749x399.png 749w, https:\/\/www.weinfreunde.de\/magazin\/wp-content\/uploads\/2023\/03\/magazin_1-1-image-gross3_dunkle-trauben-hand_1500x800px-150x80.png 150w, https:\/\/www.weinfreunde.de\/magazin\/wp-content\/uploads\/2023\/03\/magazin_1-1-image-gross3_dunkle-trauben-hand_1500x800px-390x208.png 390w, https:\/\/www.weinfreunde.de\/magazin\/wp-content\/uploads\/2023\/03\/magazin_1-1-image-gross3_dunkle-trauben-hand_1500x800px-750x400.png 750w, https:\/\/www.weinfreunde.de\/magazin\/wp-content\/uploads\/2023\/03\/magazin_1-1-image-gross3_dunkle-trauben-hand_1500x800px-1140x608.png 1140w\" sizes=\"auto, (max-width: 1500px) 100vw, 1500px\" \/><p id=\"caption-attachment-6709\" class=\"wp-caption-text\">Saint-\u00c9milion-Weine werden fast ausschlie\u00dflich aus Merlot und Cabernet Franc hergestellt.<\/p><\/div>\n<h2>Saint-\u00c9milion \u2013 ein Name, viele Weine<\/h2>\n<p>Gibt es den typischen Saint-\u00c9milion? Diese Frage muss man mit einem klaren \u201eNein\u201c beantworten. Die eine Weinfreundin hat vielleicht Ch\u00e2teau Figeac in ihr Herz geschlossen, beim anderen Connaisseur leuchten die Augen, wenn er eine Flasche Ch\u00e2teau <a href=\"\/pavie\/\">Ch\u00e2teau Pavie<\/a> aus dem Keller holt. Beides Weine aus Saint-\u00c9milion, beide sehr unterschiedlich. Zun\u00e4chst einmal existieren in der Region ungef\u00e4hr 1000 Winzer! Die Appellation hat dar\u00fcber hinaus noch vier Satelliten: Montagne-Saint-\u00c9milion, Puisseguin-Saint-\u00c9milion, Lussac-Saint-\u00c9milion und Saint-Georges-Saint-\u00c9milion. Deren Weine sind ebenfalls ausgezeichnet, erreichen in der Regel aber weder das Renommee noch die Qualit\u00e4t der Weine von Saint-\u00c9milion.<\/p>\n<h2>Die Klassifizierung der Appellation<\/h2>\n<p>Und dann gibt es nat\u00fcrlich die Klassifizierung der Saint-\u00c9milion-Weine. Und hier betritt man geradezu ein Minenfeld. Das M\u00e9doc hat es mit der Klassifikation von 1855 vergleichsweise leicht: Es gibt f\u00fcnf Premier Grand Cru Class\u00e9, dann folgen Deuxi\u00e8me bis Cinqui\u00e8me Grand Cru Class\u00e9. So sch\u00f6n, so einfach und seit 1855 erst einmal ver\u00e4ndert. In Saint-\u00c9milion sieht es etwas anders aus. Es gibt die oberste Kategorie \u201ePremier Grand Cru Class\u00e9 A\u201c (Ch\u00e2teau Figeac und Ch\u00e2teau Pavie). Dann gibt es \u201ePremier Grand Cru Class\u00e9 B\u201c, diesen Rang genie\u00dfen momentan zw\u00f6lf Weing\u00fcter. Jetzt folgt die Kategorie \u201eGrand Cru Class\u00e9\u201c, hier tummeln sich ganze 71 Ch\u00e2teaux! Zum Vergleich: Die Bezeichnung \u201eGrand Cru\u201c wird im Burgund f\u00fcr nur 33 herausragende und historisch bedeutsame Lagen verwendet \u2026<\/p>\n<p>Die Klassifizierung wird alle zehn Jahre auf den Pr\u00fcfstand gestellt, das letzte Mal 2022. Man sollte also gerade in Saint-\u00c9milion die wirklich guten Winzerinnen, Winzer und Weing\u00fcter ausfindig machen (das gilt prinzipiell f\u00fcr alle Weinbaugebiete dieser Welt). Zu diesen geh\u00f6ren die Ch\u00e2teaus Ausone, Pavie, Figeac, Cheval Blanc, <a href=\"\/angelus\/\">Angelus<\/a>, <a href=\"\/canon-la-gaffeliere\/\">Canon-La-Gaffeli\u00e8re<\/a>, sowie eine Vielzahl kleinerer Betriebe, unter anderem die Entdeckung Ch\u00e2teau <a href=\"\/chateau-franc-bigaroux-saint-emilion-grand-cru-les-capucins.html\">Franc Bigaroux<\/a>. Alle diese Kreszenzen warten \u00fcbrigens im Online-Shop von Weinfreunde.de auf ein neues Zuhause.<\/p>\n<h2>Was sagen Weinkritiker?<\/h2>\n<p>Trotz aller berechtigten Kritik an der Klassifizierung, sind sich die Weinkritikerinnen und Weinkritiker einig: Wenn Saint-\u00c9milion gut ist, dann ist es richtig gut. Ch\u00e2teau Ausone bekommt selten weniger als 100 von 100 Punkten (Wine Advocate\/Robert Parker, James Suckling). Ch\u00e2teau Figeac knackt ebenfalls regelm\u00e4\u00dfig die 100\/100 (Decanter, Wine Spectator, James Suckling). Und auch die Weine vieler nicht klassifizierter Weing\u00fcter schneiden \u00fcberdurchschnittlich gut ab, denn leidenschaftliche Arbeit ben\u00f6tigt keine offizielle \u201eG\u00fcteklasse A\u201c.<\/p>\n<h2>Bei Anruf Wein &#8211; der Weinpodcast<\/h2>\n<p><div><script id=\"letscast-player-9cc6fee7\" src=\"https:\/\/letscast.fm\/podcasts\/bei-anruf-wein-der-weinpodcast-0e704e2e\/episodes\/pomerol-und-saint-emilion-ikonen-am-rechten-ufer\/player.js\"><\/script><\/div>\n<\/p>\n<div class=\"product-slider\" id=\"_prodSlider69f2cc5034335\">\n\t\t\t<h2>Saint-\u00c9milion Weine bei Weinfreunde bestellen<\/h2>\n\t\t\n\t<div class=\"slide-area\">\n\t\t<div class=\"slides\">\n\t\t\t\t\t\t\t<div class=\"slide\">\n\t\t\t\t\t\t\t\t\t\t\t<a class=\"product\" href=\"https:\/\/www.weinfreunde.de\/p\/chateau-franc-bigaroux-saint-emilion-grand-cru-les-capucins\/?ecid=int_magazin_nn_nn_nn_nn_nn_nn\" target=\"_blank\">\n\t\t\t\t\t\t\t\t\t\t\t<div class=\"image\">\n\t\t\t\t\t\t\t<div\n                                    class=\"bg\"\n                                    style=\"background-image: url(https:\/\/images.cdn.europe-west1.gcp.commercetools.com\/c465d296-b9b4-4e2d-afd0-6980caa08886\/2000015444_900v-aCMLEDqS.png);\"\n                            ><\/div>\n\t\t\t\t\t\t<\/div>\n\t\t\t\t\t\t<div class=\"c\">\n\t\t\t\t\t\t\t<div class=\"title\">Ch\u00e2teau Franc Bigaroux Saint-\u00c9milion\u2026<\/div>\n\t\t\t\t\t\t\t<div class=\"brand\">Les Capucins<\/div>\n\t\t\t\t\t\t\t\t\t\t\t\t\t\t\t<div class=\"details\">\n\t\t\t\t\t\t\t\t\t\t\t\t\t\t\t\t\t\t\t<div>Rotwein<\/div>\n\t\t\t\t\t\t\t\t\t\t\t\t\t\t\t\t\t\t\t<div>Merlot, Cabernet Sauvignon<\/div>\n\t\t\t\t\t\t\t\t\t\t\t\t\t\t\t\t\t<\/div>\n\t\t\t\t\t\t\t\t\t\t\t\t\t<\/div>\n\t\t\t\t\t<\/a>\n\t\t\t\t<\/div>\n\t\t\t\t\t\t\t<div class=\"slide\">\n\t\t\t\t\t\t\t\t\t\t\t<a class=\"product\" href=\"https:\/\/www.weinfreunde.de\/p\/chateau-ausone-1er-cru-a-saint-emilion-ausone\/?ecid=int_magazin_nn_nn_nn_nn_nn_nn\" target=\"_blank\">\n\t\t\t\t\t\t\t\t\t\t\t<div class=\"image\">\n\t\t\t\t\t\t\t<div\n                                    class=\"bg\"\n                                    style=\"background-image: url(https:\/\/10b644692e76ab15cf59-eaadbe2afc1f47d8740ca8f676f7fe70.ssl.cf3.rackcdn.com\/2000014576_900v-hidHGIW-.png);\"\n                            ><\/div>\n\t\t\t\t\t\t<\/div>\n\t\t\t\t\t\t<div class=\"c\">\n\t\t\t\t\t\t\t<div class=\"title\">Ch\u00e2teau Ausone 1er Cru A Saint-\u00c9mili\u2026<\/div>\n\t\t\t\t\t\t\t<div class=\"brand\">Ausone<\/div>\n\t\t\t\t\t\t\t\t\t\t\t\t\t\t\t<div class=\"details\">\n\t\t\t\t\t\t\t\t\t\t\t\t\t\t\t\t\t\t\t<div>Rotwein<\/div>\n\t\t\t\t\t\t\t\t\t\t\t\t\t\t\t\t\t\t\t<div>Cabernet Franc, Merlot<\/div>\n\t\t\t\t\t\t\t\t\t\t\t\t\t\t\t\t\t\t\t<div>Bordeaux<\/div>\n\t\t\t\t\t\t\t\t\t\t\t\t\t\t\t\t\t<\/div>\n\t\t\t\t\t\t\t\t\t\t\t\t\t<\/div>\n\t\t\t\t\t<\/a>\n\t\t\t\t<\/div>\n\t\t\t\t\t\t\t<div class=\"slide\">\n\t\t\t\t\t\t\t\t\t\t\t<a class=\"product\" href=\"https:\/\/www.weinfreunde.de\/p\/chateau-figeac-1er-cru-b-saint-emilion-figeac\/?ecid=int_magazin_nn_nn_nn_nn_nn_nn\" target=\"_blank\">\n\t\t\t\t\t\t\t\t\t\t\t<div class=\"image\">\n\t\t\t\t\t\t\t<div\n                                    class=\"bg\"\n                                    style=\"background-image: url(https:\/\/images.cdn.europe-west1.gcp.commercetools.com\/c465d296-b9b4-4e2d-afd0-6980caa08886\/2000015450_900v-wXGZWNYJ.png);\"\n                            ><\/div>\n\t\t\t\t\t\t<\/div>\n\t\t\t\t\t\t<div class=\"c\">\n\t\t\t\t\t\t\t<div class=\"title\">Ch\u00e2teau Figeac 1er Cru B Saint-\u00c9mili\u2026<\/div>\n\t\t\t\t\t\t\t<div class=\"brand\">Figeac<\/div>\n\t\t\t\t\t\t\t\t\t\t\t\t\t\t\t<div class=\"details\">\n\t\t\t\t\t\t\t\t\t\t\t\t\t\t\t\t\t\t\t<div>Rotwein<\/div>\n\t\t\t\t\t\t\t\t\t\t\t\t\t\t\t\t\t\t\t<div>Merlot, Cabernet Sauvignon, Cabernet Franc<\/div>\n\t\t\t\t\t\t\t\t\t\t\t\t\t\t\t\t\t<\/div>\n\t\t\t\t\t\t\t\t\t\t\t\t\t<\/div>\n\t\t\t\t\t<\/a>\n\t\t\t\t<\/div>\n\t\t\t\t\t\t\t<div class=\"slide\">\n\t\t\t\t\t\t\t\t\t\t\t<a class=\"product\" href=\"https:\/\/www.weinfreunde.de\/p\/chateau-canon-la-gaffeliere-1er-cru-classe-b-saint-emilion-bio-canon-la-gaffeliere\/?ecid=int_magazin_nn_nn_nn_nn_nn_nn\" target=\"_blank\">\n\t\t\t\t\t\t\t\t\t\t\t<div class=\"image\">\n\t\t\t\t\t\t\t<div\n                                    class=\"bg\"\n                                    style=\"background-image: url(https:\/\/images.cdn.europe-west1.gcp.commercetools.com\/c465d296-b9b4-4e2d-afd0-6980caa08886\/2000015140_900v-AI3bOYzU.png);\"\n                            ><\/div>\n\t\t\t\t\t\t<\/div>\n\t\t\t\t\t\t<div class=\"c\">\n\t\t\t\t\t\t\t<div class=\"title\">Ch\u00e2teau Canon-La-Gaffeli\u00e8re 1er Cru \u2026<\/div>\n\t\t\t\t\t\t\t<div class=\"brand\">Canon-La-Gaffeli\u00e8re<\/div>\n\t\t\t\t\t\t\t\t\t\t\t\t\t\t\t<div class=\"details\">\n\t\t\t\t\t\t\t\t\t\t\t\t\t\t\t\t\t\t\t<div>Rotwein<\/div>\n\t\t\t\t\t\t\t\t\t\t\t\t\t\t\t\t\t\t\t<div>Merlot, Cabernet Franc, Cabernet Sauvignon<\/div>\n\t\t\t\t\t\t\t\t\t\t\t\t\t\t\t\t\t\t\t<div>Bordeaux<\/div>\n\t\t\t\t\t\t\t\t\t\t\t\t\t\t\t\t\t<\/div>\n\t\t\t\t\t\t\t\t\t\t\t\t\t<\/div>\n\t\t\t\t\t<\/a>\n\t\t\t\t<\/div>\n\t\t\t\t\t\t\t<div class=\"slide\">\n\t\t\t\t\t\t\t\t\t\t\t<a class=\"product\" href=\"https:\/\/www.weinfreunde.de\/p\/chateau-figeac-1er-cru-b-saint-emilion-jahrgang-figeac\/?ecid=int_magazin_nn_nn_nn_nn_nn_nn\" target=\"_blank\">\n\t\t\t\t\t\t\t\t\t\t\t<div class=\"image\">\n\t\t\t\t\t\t\t<div\n                                    class=\"bg\"\n                                    style=\"background-image: url(https:\/\/10b644692e76ab15cf59-eaadbe2afc1f47d8740ca8f676f7fe70.ssl.cf3.rackcdn.com\/2000014563_900v-wY7a_UWW.png);\"\n                            ><\/div>\n\t\t\t\t\t\t<\/div>\n\t\t\t\t\t\t<div class=\"c\">\n\t\t\t\t\t\t\t<div class=\"title\">Ch\u00e2teau Figeac 1er Cru B Saint-\u00c9mili\u2026<\/div>\n\t\t\t\t\t\t\t<div class=\"brand\">Figeac<\/div>\n\t\t\t\t\t\t\t\t\t\t\t\t\t\t\t<div class=\"details\">\n\t\t\t\t\t\t\t\t\t\t\t\t\t\t\t\t\t\t\t<div>Rotwein<\/div>\n\t\t\t\t\t\t\t\t\t\t\t\t\t\t\t\t\t\t\t<div>Merlot, Cabernet Sauvignon, Cabernet Franc<\/div>\n\t\t\t\t\t\t\t\t\t\t\t\t\t\t\t\t\t<\/div>\n\t\t\t\t\t\t\t\t\t\t\t\t\t<\/div>\n\t\t\t\t\t<\/a>\n\t\t\t\t<\/div>\n\t\t\t\t\t\t\t<div class=\"slide\">\n\t\t\t\t\t\t\t\t\t\t\t<a class=\"product\" href=\"https:\/\/www.weinfreunde.de\/p\/chateau-angelus-1er-cru-a-saint-emilion-angelus\/?ecid=int_magazin_nn_nn_nn_nn_nn_nn\" target=\"_blank\">\n\t\t\t\t\t\t\t\t\t\t\t<div class=\"image\">\n\t\t\t\t\t\t\t<div\n                                    class=\"bg\"\n                                    style=\"background-image: url(https:\/\/10b644692e76ab15cf59-eaadbe2afc1f47d8740ca8f676f7fe70.ssl.cf3.rackcdn.com\/2000014577_900v-7USmCAus.png);\"\n                            ><\/div>\n\t\t\t\t\t\t<\/div>\n\t\t\t\t\t\t<div class=\"c\">\n\t\t\t\t\t\t\t<div class=\"title\">Ch\u00e2teau Ang\u00e9lus 1er Cru A Saint-\u00c9mi\u2026<\/div>\n\t\t\t\t\t\t\t<div class=\"brand\">Ang\u00e9lus<\/div>\n\t\t\t\t\t\t\t\t\t\t\t\t\t\t\t<div class=\"details\">\n\t\t\t\t\t\t\t\t\t\t\t\t\t\t\t\t\t\t\t<div>Rotwein<\/div>\n\t\t\t\t\t\t\t\t\t\t\t\t\t\t\t\t\t\t\t<div>Merlot, Cabernet Franc<\/div>\n\t\t\t\t\t\t\t\t\t\t\t\t\t\t\t\t\t\t\t<div>Bordeaux<\/div>\n\t\t\t\t\t\t\t\t\t\t\t\t\t\t\t\t\t<\/div>\n\t\t\t\t\t\t\t\t\t\t\t\t\t<\/div>\n\t\t\t\t\t<\/a>\n\t\t\t\t<\/div>\n\t\t\t\t\t\t\t<div class=\"slide\">\n\t\t\t\t\t\t\t\t\t\t\t<a class=\"product\" href=\"https:\/\/www.weinfreunde.de\/p\/chateau-cheval-blanc-1er-cru-a-saint-emilion-cheval-blanc\/?ecid=int_magazin_nn_nn_nn_nn_nn_nn\" target=\"_blank\">\n\t\t\t\t\t\t\t\t\t\t\t<div class=\"image\">\n\t\t\t\t\t\t\t<div\n                                    class=\"bg\"\n                                    style=\"background-image: url(https:\/\/10b644692e76ab15cf59-eaadbe2afc1f47d8740ca8f676f7fe70.ssl.cf3.rackcdn.com\/2000014570_900v-_d6-6DEH.png);\"\n                            ><\/div>\n\t\t\t\t\t\t<\/div>\n\t\t\t\t\t\t<div class=\"c\">\n\t\t\t\t\t\t\t<div class=\"title\">Ch\u00e2teau Cheval Blanc 1er Cru A Saint-\u2026<\/div>\n\t\t\t\t\t\t\t<div class=\"brand\">Cheval Blanc<\/div>\n\t\t\t\t\t\t\t\t\t\t\t\t\t\t\t<div class=\"details\">\n\t\t\t\t\t\t\t\t\t\t\t\t\t\t\t\t\t\t\t<div>Rotwein<\/div>\n\t\t\t\t\t\t\t\t\t\t\t\t\t\t\t\t\t\t\t<div>Merlot, Cabernet Franc, Cabernet Sauvignon<\/div>\n\t\t\t\t\t\t\t\t\t\t\t\t\t\t\t\t\t<\/div>\n\t\t\t\t\t\t\t\t\t\t\t\t\t<\/div>\n\t\t\t\t\t<\/a>\n\t\t\t\t<\/div>\n\t\t\t\t\t<\/div>\n\t<\/div>\n<\/div>\n<script>_w(() => new WF.Magazin.ProductSlider('#_prodSlider69f2cc5034335'));<\/script>\n\n","protected":false},"excerpt":{"rendered":"<p>Das St\u00e4dtchen Saint-\u00c9milion liegt am Fluss Dordogne im Herzen S\u00fcdwest-Frankreichs. Neben Pomerol und Pauillac ist Saint-\u00c9milion der wohl bekannteste Name unter den Appellationen des Bordelais. Die erste Besonderheit vorab: In Saint-\u00c9milion geben \u2013 im Unterschied zum M\u00e9doc \u2013 die Rebsorten&#8230; <a class=\"moretag\" href=\"https:\/\/www.weinfreunde.de\/magazin\/allgemein\/die-appellation-saint-emilion\/\">weiterlesen<\/a><\/p>\n","protected":false},"author":51,"featured_media":13405,"comment_status":"open","ping_status":"open","sticky":false,"template":"","format":"standard","meta":{"footnotes":""},"categories":[1,58,66],"tags":[],"class_list":["post-13397","post","type-post","status-publish","format-standard","has-post-thumbnail","hentry","category-allgemein","category-appellationen","category-frankreich"],"yoast_head":"<!-- This site is optimized with the Yoast SEO plugin v27.5 - https:\/\/yoast.com\/product\/yoast-seo-wordpress\/ -->\n<title>Die Appellation Saint-\u00c9milion &#187; Weinfreunde Magazin<\/title>\n<meta name=\"description\" content=\"Saint-\u00c9milion ist neben Pomerol und Pauillac der wohl bekannteste Name unter den Appellationen des Bordelais.\" \/>\n<meta name=\"robots\" content=\"index, follow, max-snippet:-1, max-image-preview:large, max-video-preview:-1\" \/>\n<link rel=\"canonical\" href=\"https:\/\/www.weinfreunde.de\/magazin\/allgemein\/die-appellation-saint-emilion\/\" \/>\n<meta property=\"og:locale\" content=\"de_DE\" \/>\n<meta property=\"og:type\" content=\"article\" \/>\n<meta property=\"og:title\" content=\"Die Appellation Saint-\u00c9milion &#187; Weinfreunde Magazin\" \/>\n<meta property=\"og:description\" content=\"Saint-\u00c9milion ist neben Pomerol und Pauillac der wohl bekannteste Name unter den Appellationen des Bordelais.\" \/>\n<meta property=\"og:url\" content=\"https:\/\/www.weinfreunde.de\/magazin\/allgemein\/die-appellation-saint-emilion\/\" \/>\n<meta property=\"og:site_name\" content=\"Weinfreunde Magazin\" \/>\n<meta property=\"article:publisher\" content=\"https:\/\/www.facebook.com\/weinfreunde.de\" \/>\n<meta property=\"article:published_time\" content=\"2025-04-02T13:55:27+00:00\" \/>\n<meta property=\"article:modified_time\" content=\"2025-05-20T13:23:18+00:00\" \/>\n<meta property=\"og:image\" content=\"https:\/\/www.weinfreunde.de\/magazin\/wp-content\/uploads\/2025\/04\/Magazin-Header_-1024x520.png\" \/>\n\t<meta property=\"og:image:width\" content=\"1024\" \/>\n\t<meta property=\"og:image:height\" content=\"520\" \/>\n\t<meta property=\"og:image:type\" content=\"image\/png\" \/>\n<meta name=\"author\" content=\"Sven Reinbold\" \/>\n<meta name=\"twitter:card\" content=\"summary_large_image\" \/>\n<meta name=\"twitter:label1\" content=\"Written by\" \/>\n\t<meta name=\"twitter:data1\" content=\"Sven Reinbold\" \/>\n\t<meta name=\"twitter:label2\" content=\"Est. reading time\" \/>\n\t<meta name=\"twitter:data2\" content=\"6\u00a0Minuten\" \/>\n<script type=\"application\/ld+json\" class=\"yoast-schema-graph\">{\"@context\":\"https:\\\/\\\/schema.org\",\"@graph\":[{\"@type\":\"Article\",\"@id\":\"https:\\\/\\\/www.weinfreunde.de\\\/magazin\\\/allgemein\\\/die-appellation-saint-emilion\\\/#article\",\"isPartOf\":{\"@id\":\"https:\\\/\\\/www.weinfreunde.de\\\/magazin\\\/allgemein\\\/die-appellation-saint-emilion\\\/\"},\"author\":{\"name\":\"Sven Reinbold\",\"@id\":\"https:\\\/\\\/www.weinfreunde.de\\\/magazin\\\/#\\\/schema\\\/person\\\/559ebf66114e1f3015099c8edb732aaa\"},\"headline\":\"Die Appellation Saint-\u00c9milion\",\"datePublished\":\"2025-04-02T13:55:27+00:00\",\"dateModified\":\"2025-05-20T13:23:18+00:00\",\"mainEntityOfPage\":{\"@id\":\"https:\\\/\\\/www.weinfreunde.de\\\/magazin\\\/allgemein\\\/die-appellation-saint-emilion\\\/\"},\"wordCount\":1085,\"commentCount\":0,\"publisher\":{\"@id\":\"https:\\\/\\\/www.weinfreunde.de\\\/magazin\\\/#organization\"},\"image\":{\"@id\":\"https:\\\/\\\/www.weinfreunde.de\\\/magazin\\\/allgemein\\\/die-appellation-saint-emilion\\\/#primaryimage\"},\"thumbnailUrl\":\"https:\\\/\\\/www.weinfreunde.de\\\/magazin\\\/wp-content\\\/uploads\\\/2025\\\/04\\\/Magazin-Header_.png\",\"articleSection\":{\"1\":\"Appellationen\",\"2\":\"Frankreich\"},\"inLanguage\":\"de\",\"potentialAction\":[{\"@type\":\"CommentAction\",\"name\":\"Comment\",\"target\":[\"https:\\\/\\\/www.weinfreunde.de\\\/magazin\\\/allgemein\\\/die-appellation-saint-emilion\\\/#respond\"]}]},{\"@type\":\"WebPage\",\"@id\":\"https:\\\/\\\/www.weinfreunde.de\\\/magazin\\\/allgemein\\\/die-appellation-saint-emilion\\\/\",\"url\":\"https:\\\/\\\/www.weinfreunde.de\\\/magazin\\\/allgemein\\\/die-appellation-saint-emilion\\\/\",\"name\":\"Die Appellation Saint-\u00c9milion &#187; Weinfreunde Magazin\",\"isPartOf\":{\"@id\":\"https:\\\/\\\/www.weinfreunde.de\\\/magazin\\\/#website\"},\"primaryImageOfPage\":{\"@id\":\"https:\\\/\\\/www.weinfreunde.de\\\/magazin\\\/allgemein\\\/die-appellation-saint-emilion\\\/#primaryimage\"},\"image\":{\"@id\":\"https:\\\/\\\/www.weinfreunde.de\\\/magazin\\\/allgemein\\\/die-appellation-saint-emilion\\\/#primaryimage\"},\"thumbnailUrl\":\"https:\\\/\\\/www.weinfreunde.de\\\/magazin\\\/wp-content\\\/uploads\\\/2025\\\/04\\\/Magazin-Header_.png\",\"datePublished\":\"2025-04-02T13:55:27+00:00\",\"dateModified\":\"2025-05-20T13:23:18+00:00\",\"description\":\"Saint-\u00c9milion ist neben Pomerol und Pauillac der wohl bekannteste Name unter den Appellationen des Bordelais.\",\"breadcrumb\":{\"@id\":\"https:\\\/\\\/www.weinfreunde.de\\\/magazin\\\/allgemein\\\/die-appellation-saint-emilion\\\/#breadcrumb\"},\"inLanguage\":\"de\",\"potentialAction\":[{\"@type\":\"ReadAction\",\"target\":[\"https:\\\/\\\/www.weinfreunde.de\\\/magazin\\\/allgemein\\\/die-appellation-saint-emilion\\\/\"]}]},{\"@type\":\"ImageObject\",\"inLanguage\":\"de\",\"@id\":\"https:\\\/\\\/www.weinfreunde.de\\\/magazin\\\/allgemein\\\/die-appellation-saint-emilion\\\/#primaryimage\",\"url\":\"https:\\\/\\\/www.weinfreunde.de\\\/magazin\\\/wp-content\\\/uploads\\\/2025\\\/04\\\/Magazin-Header_.png\",\"contentUrl\":\"https:\\\/\\\/www.weinfreunde.de\\\/magazin\\\/wp-content\\\/uploads\\\/2025\\\/04\\\/Magazin-Header_.png\",\"width\":1920,\"height\":975,\"caption\":\"Saint Emilion Weinberg\"},{\"@type\":\"BreadcrumbList\",\"@id\":\"https:\\\/\\\/www.weinfreunde.de\\\/magazin\\\/allgemein\\\/die-appellation-saint-emilion\\\/#breadcrumb\",\"itemListElement\":[{\"@type\":\"ListItem\",\"position\":1,\"name\":\"Magazin\",\"item\":\"https:\\\/\\\/www.weinfreunde.de\\\/magazin\\\/\"},{\"@type\":\"ListItem\",\"position\":2,\"name\":\"Allgemein\",\"item\":\"https:\\\/\\\/www.weinfreunde.de\\\/magazin\\\/allgemein\\\/\"},{\"@type\":\"ListItem\",\"position\":3,\"name\":\"Die Appellation Saint-\u00c9milion\"}]},{\"@type\":\"WebSite\",\"@id\":\"https:\\\/\\\/www.weinfreunde.de\\\/magazin\\\/#website\",\"url\":\"https:\\\/\\\/www.weinfreunde.de\\\/magazin\\\/\",\"name\":\"Weinfreunde Magazin\",\"description\":\"Dein Weinfreunde Magazin\",\"publisher\":{\"@id\":\"https:\\\/\\\/www.weinfreunde.de\\\/magazin\\\/#organization\"},\"potentialAction\":[{\"@type\":\"SearchAction\",\"target\":{\"@type\":\"EntryPoint\",\"urlTemplate\":\"https:\\\/\\\/www.weinfreunde.de\\\/magazin\\\/?s={search_term_string}\"},\"query-input\":{\"@type\":\"PropertyValueSpecification\",\"valueRequired\":true,\"valueName\":\"search_term_string\"}}],\"inLanguage\":\"de\"},{\"@type\":\"Organization\",\"@id\":\"https:\\\/\\\/www.weinfreunde.de\\\/magazin\\\/#organization\",\"name\":\"REWE Wein online GmbH | Weinfreunde\",\"url\":\"https:\\\/\\\/www.weinfreunde.de\\\/magazin\\\/\",\"logo\":{\"@type\":\"ImageObject\",\"inLanguage\":\"de\",\"@id\":\"https:\\\/\\\/www.weinfreunde.de\\\/magazin\\\/#\\\/schema\\\/logo\\\/image\\\/\",\"url\":\"https:\\\/\\\/www.weinfreunde.de\\\/magazin\\\/wp-content\\\/uploads\\\/2019\\\/08\\\/WF_Logo_Vertikal_Claim_Schwarz-scaled.jpg.webp\",\"contentUrl\":\"https:\\\/\\\/www.weinfreunde.de\\\/magazin\\\/wp-content\\\/uploads\\\/2019\\\/08\\\/WF_Logo_Vertikal_Claim_Schwarz-scaled.jpg.webp\",\"width\":2048,\"height\":1241,\"caption\":\"REWE Wein online GmbH | Weinfreunde\"},\"image\":{\"@id\":\"https:\\\/\\\/www.weinfreunde.de\\\/magazin\\\/#\\\/schema\\\/logo\\\/image\\\/\"},\"sameAs\":[\"https:\\\/\\\/www.facebook.com\\\/weinfreunde.de\"]},{\"@type\":\"Person\",\"@id\":\"https:\\\/\\\/www.weinfreunde.de\\\/magazin\\\/#\\\/schema\\\/person\\\/559ebf66114e1f3015099c8edb732aaa\",\"name\":\"Sven Reinbold\",\"image\":{\"@type\":\"ImageObject\",\"inLanguage\":\"de\",\"@id\":\"https:\\\/\\\/secure.gravatar.com\\\/avatar\\\/442a281fe8a3265d34c1f3076a16936b837aeea8e50d42d2b246ca51142bd634?s=96&d=mm&r=g\",\"url\":\"https:\\\/\\\/secure.gravatar.com\\\/avatar\\\/442a281fe8a3265d34c1f3076a16936b837aeea8e50d42d2b246ca51142bd634?s=96&d=mm&r=g\",\"contentUrl\":\"https:\\\/\\\/secure.gravatar.com\\\/avatar\\\/442a281fe8a3265d34c1f3076a16936b837aeea8e50d42d2b246ca51142bd634?s=96&d=mm&r=g\",\"caption\":\"Sven Reinbold\"},\"description\":\"Bei Sven geh\u00f6rt Wein zur DNA. Unser Chef-Eink\u00e4ufer stammt aus einer Winzerfamilie vom Kaiserstuhl und hat Weinbetriebswirtschaft studiert: von Herkunft und Profession ein ganzer Weinversteher. Pers\u00f6nlich schw\u00e4rmt er f\u00fcr Wei\u00dfweine aus Italien, seine rote Liebe gilt jedoch der Rh\u00f4ne und dem Burgund.\",\"sameAs\":[\"https:\\\/\\\/www.weinfreunde.de\"],\"url\":\"https:\\\/\\\/www.weinfreunde.de\\\/magazin\\\/author\\\/sreinbold\\\/\"}]}<\/script>\n<!-- \/ Yoast SEO plugin. -->","yoast_head_json":{"title":"Die Appellation Saint-\u00c9milion &#187; Weinfreunde Magazin","description":"Saint-\u00c9milion ist neben Pomerol und Pauillac der wohl bekannteste Name unter den Appellationen des Bordelais.","robots":{"index":"index","follow":"follow","max-snippet":"max-snippet:-1","max-image-preview":"max-image-preview:large","max-video-preview":"max-video-preview:-1"},"canonical":"https:\/\/www.weinfreunde.de\/magazin\/allgemein\/die-appellation-saint-emilion\/","og_locale":"de_DE","og_type":"article","og_title":"Die Appellation Saint-\u00c9milion &#187; Weinfreunde Magazin","og_description":"Saint-\u00c9milion ist neben Pomerol und Pauillac der wohl bekannteste Name unter den Appellationen des Bordelais.","og_url":"https:\/\/www.weinfreunde.de\/magazin\/allgemein\/die-appellation-saint-emilion\/","og_site_name":"Weinfreunde Magazin","article_publisher":"https:\/\/www.facebook.com\/weinfreunde.de","article_published_time":"2025-04-02T13:55:27+00:00","article_modified_time":"2025-05-20T13:23:18+00:00","og_image":[{"width":1024,"height":520,"url":"https:\/\/www.weinfreunde.de\/magazin\/wp-content\/uploads\/2025\/04\/Magazin-Header_-1024x520.png","type":"image\/png"}],"author":"Sven Reinbold","twitter_card":"summary_large_image","twitter_misc":{"Written by":"Sven Reinbold","Est. reading time":"6\u00a0Minuten"},"schema":{"@context":"https:\/\/schema.org","@graph":[{"@type":"Article","@id":"https:\/\/www.weinfreunde.de\/magazin\/allgemein\/die-appellation-saint-emilion\/#article","isPartOf":{"@id":"https:\/\/www.weinfreunde.de\/magazin\/allgemein\/die-appellation-saint-emilion\/"},"author":{"name":"Sven Reinbold","@id":"https:\/\/www.weinfreunde.de\/magazin\/#\/schema\/person\/559ebf66114e1f3015099c8edb732aaa"},"headline":"Die Appellation Saint-\u00c9milion","datePublished":"2025-04-02T13:55:27+00:00","dateModified":"2025-05-20T13:23:18+00:00","mainEntityOfPage":{"@id":"https:\/\/www.weinfreunde.de\/magazin\/allgemein\/die-appellation-saint-emilion\/"},"wordCount":1085,"commentCount":0,"publisher":{"@id":"https:\/\/www.weinfreunde.de\/magazin\/#organization"},"image":{"@id":"https:\/\/www.weinfreunde.de\/magazin\/allgemein\/die-appellation-saint-emilion\/#primaryimage"},"thumbnailUrl":"https:\/\/www.weinfreunde.de\/magazin\/wp-content\/uploads\/2025\/04\/Magazin-Header_.png","articleSection":{"1":"Appellationen","2":"Frankreich"},"inLanguage":"de","potentialAction":[{"@type":"CommentAction","name":"Comment","target":["https:\/\/www.weinfreunde.de\/magazin\/allgemein\/die-appellation-saint-emilion\/#respond"]}]},{"@type":"WebPage","@id":"https:\/\/www.weinfreunde.de\/magazin\/allgemein\/die-appellation-saint-emilion\/","url":"https:\/\/www.weinfreunde.de\/magazin\/allgemein\/die-appellation-saint-emilion\/","name":"Die Appellation Saint-\u00c9milion &#187; Weinfreunde Magazin","isPartOf":{"@id":"https:\/\/www.weinfreunde.de\/magazin\/#website"},"primaryImageOfPage":{"@id":"https:\/\/www.weinfreunde.de\/magazin\/allgemein\/die-appellation-saint-emilion\/#primaryimage"},"image":{"@id":"https:\/\/www.weinfreunde.de\/magazin\/allgemein\/die-appellation-saint-emilion\/#primaryimage"},"thumbnailUrl":"https:\/\/www.weinfreunde.de\/magazin\/wp-content\/uploads\/2025\/04\/Magazin-Header_.png","datePublished":"2025-04-02T13:55:27+00:00","dateModified":"2025-05-20T13:23:18+00:00","description":"Saint-\u00c9milion ist neben Pomerol und Pauillac der wohl bekannteste Name unter den Appellationen des Bordelais.","breadcrumb":{"@id":"https:\/\/www.weinfreunde.de\/magazin\/allgemein\/die-appellation-saint-emilion\/#breadcrumb"},"inLanguage":"de","potentialAction":[{"@type":"ReadAction","target":["https:\/\/www.weinfreunde.de\/magazin\/allgemein\/die-appellation-saint-emilion\/"]}]},{"@type":"ImageObject","inLanguage":"de","@id":"https:\/\/www.weinfreunde.de\/magazin\/allgemein\/die-appellation-saint-emilion\/#primaryimage","url":"https:\/\/www.weinfreunde.de\/magazin\/wp-content\/uploads\/2025\/04\/Magazin-Header_.png","contentUrl":"https:\/\/www.weinfreunde.de\/magazin\/wp-content\/uploads\/2025\/04\/Magazin-Header_.png","width":1920,"height":975,"caption":"Saint Emilion Weinberg"},{"@type":"BreadcrumbList","@id":"https:\/\/www.weinfreunde.de\/magazin\/allgemein\/die-appellation-saint-emilion\/#breadcrumb","itemListElement":[{"@type":"ListItem","position":1,"name":"Magazin","item":"https:\/\/www.weinfreunde.de\/magazin\/"},{"@type":"ListItem","position":2,"name":"Allgemein","item":"https:\/\/www.weinfreunde.de\/magazin\/allgemein\/"},{"@type":"ListItem","position":3,"name":"Die Appellation Saint-\u00c9milion"}]},{"@type":"WebSite","@id":"https:\/\/www.weinfreunde.de\/magazin\/#website","url":"https:\/\/www.weinfreunde.de\/magazin\/","name":"Weinfreunde Magazin","description":"Dein Weinfreunde Magazin","publisher":{"@id":"https:\/\/www.weinfreunde.de\/magazin\/#organization"},"potentialAction":[{"@type":"SearchAction","target":{"@type":"EntryPoint","urlTemplate":"https:\/\/www.weinfreunde.de\/magazin\/?s={search_term_string}"},"query-input":{"@type":"PropertyValueSpecification","valueRequired":true,"valueName":"search_term_string"}}],"inLanguage":"de"},{"@type":"Organization","@id":"https:\/\/www.weinfreunde.de\/magazin\/#organization","name":"REWE Wein online GmbH | Weinfreunde","url":"https:\/\/www.weinfreunde.de\/magazin\/","logo":{"@type":"ImageObject","inLanguage":"de","@id":"https:\/\/www.weinfreunde.de\/magazin\/#\/schema\/logo\/image\/","url":"https:\/\/www.weinfreunde.de\/magazin\/wp-content\/uploads\/2019\/08\/WF_Logo_Vertikal_Claim_Schwarz-scaled.jpg.webp","contentUrl":"https:\/\/www.weinfreunde.de\/magazin\/wp-content\/uploads\/2019\/08\/WF_Logo_Vertikal_Claim_Schwarz-scaled.jpg.webp","width":2048,"height":1241,"caption":"REWE Wein online GmbH | Weinfreunde"},"image":{"@id":"https:\/\/www.weinfreunde.de\/magazin\/#\/schema\/logo\/image\/"},"sameAs":["https:\/\/www.facebook.com\/weinfreunde.de"]},{"@type":"Person","@id":"https:\/\/www.weinfreunde.de\/magazin\/#\/schema\/person\/559ebf66114e1f3015099c8edb732aaa","name":"Sven Reinbold","image":{"@type":"ImageObject","inLanguage":"de","@id":"https:\/\/secure.gravatar.com\/avatar\/442a281fe8a3265d34c1f3076a16936b837aeea8e50d42d2b246ca51142bd634?s=96&d=mm&r=g","url":"https:\/\/secure.gravatar.com\/avatar\/442a281fe8a3265d34c1f3076a16936b837aeea8e50d42d2b246ca51142bd634?s=96&d=mm&r=g","contentUrl":"https:\/\/secure.gravatar.com\/avatar\/442a281fe8a3265d34c1f3076a16936b837aeea8e50d42d2b246ca51142bd634?s=96&d=mm&r=g","caption":"Sven Reinbold"},"description":"Bei Sven geh\u00f6rt Wein zur DNA. Unser Chef-Eink\u00e4ufer stammt aus einer Winzerfamilie vom Kaiserstuhl und hat Weinbetriebswirtschaft studiert: von Herkunft und Profession ein ganzer Weinversteher. Pers\u00f6nlich schw\u00e4rmt er f\u00fcr Wei\u00dfweine aus Italien, seine rote Liebe gilt jedoch der Rh\u00f4ne und dem Burgund.","sameAs":["https:\/\/www.weinfreunde.de"],"url":"https:\/\/www.weinfreunde.de\/magazin\/author\/sreinbold\/"}]}},"_links":{"self":[{"href":"https:\/\/www.weinfreunde.de\/magazin\/wp-json\/wp\/v2\/posts\/13397","targetHints":{"allow":["GET"]}}],"collection":[{"href":"https:\/\/www.weinfreunde.de\/magazin\/wp-json\/wp\/v2\/posts"}],"about":[{"href":"https:\/\/www.weinfreunde.de\/magazin\/wp-json\/wp\/v2\/types\/post"}],"author":[{"embeddable":true,"href":"https:\/\/www.weinfreunde.de\/magazin\/wp-json\/wp\/v2\/users\/51"}],"replies":[{"embeddable":true,"href":"https:\/\/www.weinfreunde.de\/magazin\/wp-json\/wp\/v2\/comments?post=13397"}],"version-history":[{"count":10,"href":"https:\/\/www.weinfreunde.de\/magazin\/wp-json\/wp\/v2\/posts\/13397\/revisions"}],"predecessor-version":[{"id":13524,"href":"https:\/\/www.weinfreunde.de\/magazin\/wp-json\/wp\/v2\/posts\/13397\/revisions\/13524"}],"wp:featuredmedia":[{"embeddable":true,"href":"https:\/\/www.weinfreunde.de\/magazin\/wp-json\/wp\/v2\/media\/13405"}],"wp:attachment":[{"href":"https:\/\/www.weinfreunde.de\/magazin\/wp-json\/wp\/v2\/media?parent=13397"}],"wp:term":[{"taxonomy":"category","embeddable":true,"href":"https:\/\/www.weinfreunde.de\/magazin\/wp-json\/wp\/v2\/categories?post=13397"},{"taxonomy":"post_tag","embeddable":true,"href":"https:\/\/www.weinfreunde.de\/magazin\/wp-json\/wp\/v2\/tags?post=13397"}],"curies":[{"name":"wp","href":"https:\/\/api.w.org\/{rel}","templated":true}]}}