{"id":1329,"date":"2022-09-16T15:24:25","date_gmt":"2022-09-16T13:24:25","guid":{"rendered":"http:\/\/www.weinfreunde.de\/magazin\/?post_type=cp_weinwissen&#038;p=1329"},"modified":"2025-05-13T13:48:17","modified_gmt":"2025-05-13T11:48:17","slug":"das-richtige-weinglas-macht-den-unterschied-haben-sie-den-durchblick","status":"publish","type":"post","link":"https:\/\/www.weinfreunde.de\/magazin\/weinwissen\/das-richtige-weinglas-macht-den-unterschied-haben-sie-den-durchblick\/","title":{"rendered":"Das richtige Weinglas finden"},"content":{"rendered":"<p><strong><br \/>\nDas Angebot von Weingl\u00e4sern ist gro\u00df, ja sogar so gro\u00df, dass die Orientierung beim Weinglas-Kauf recht schwer f\u00e4llt. Klar, Wei\u00dfweine trinkt man aus kleineren Gl\u00e4sern als Rote, aber wie entscheidend sind wirklich Form und Gr\u00f6\u00dfe, und m\u00fcssen es wirklich mehr als diese zwei Gl\u00e4sertypen sein? Unser Weinfreund J\u00fcrgen Overheid hat f\u00fcr uns tief ins Glas geschaut und gibt uns heute ein paar n\u00fctzliche Tipps.<\/strong><\/p>\n<h3><b>Wie viele Glastypen sollten es wirklich sein?<\/b><\/h3>\n<p><span style=\"font-weight: 400;\">Vielleicht hast du in letzter Zeit \u00fcber die Neuanschaffung von Weingl\u00e4sern nachgedacht und stellten fest, dass man f\u00fcr die unterschiedlichsten Weintypen teilweise rebsortengenau bestimmte Gl\u00e4ser erwerben kann. Aber ist das wirklich notwendig, oder dient es lediglich der Umsatzsteigerung mancher Glasproduzenten? <\/span><span style=\"font-weight: 400;\">Meine pers\u00f6nliche Erfahrung ist zwar, dass ein Glas den Wein tats\u00e4chlich stark beeinflusst, doch halte ich die Unterschiede f\u00fcr nicht gro\u00df genug, um mir deswegen zehn verschiedene Glastypen in die Vitrine zu stellen.\u00a0<\/span><span style=\"font-weight: 400;\">F\u00fcr mich lautet daher die \u201emagische\u201c Zahl F\u00fcnf. Mit einer Auswahl von je zwei Typen von Rotwein- und Wei\u00dfweingl\u00e4sern \u2013 f\u00fcr leichtere und kr\u00e4ftigere Weine \u2013 sowie einem Schaumweinglas l\u00e4sst sich bereits anspruchsvoll mit dem Thema umgehen. Mehr braucht es f\u00fcr mich nicht.<\/span><\/p>\n<p><img loading=\"lazy\" decoding=\"async\" class=\"alignnone wp-image-3196 size-full\" src=\"https:\/\/www.weinfreunde.de\/magazin\/wp-content\/uploads\/2016\/09\/20160817_Infografik_Weinglaeser-1.jpg\" alt=\"Das richtige Weinglas\" width=\"1500\" height=\"1060\" srcset=\"https:\/\/www.weinfreunde.de\/magazin\/wp-content\/uploads\/2016\/09\/20160817_Infografik_Weinglaeser-1.jpg 1500w, https:\/\/www.weinfreunde.de\/magazin\/wp-content\/uploads\/2016\/09\/20160817_Infografik_Weinglaeser-1-300x212.jpg 300w, https:\/\/www.weinfreunde.de\/magazin\/wp-content\/uploads\/2016\/09\/20160817_Infografik_Weinglaeser-1-1024x724.jpg 1024w, https:\/\/www.weinfreunde.de\/magazin\/wp-content\/uploads\/2016\/09\/20160817_Infografik_Weinglaeser-1-768x543.jpg 768w, https:\/\/www.weinfreunde.de\/magazin\/wp-content\/uploads\/2016\/09\/20160817_Infografik_Weinglaeser-1-708x500.jpg 708w, https:\/\/www.weinfreunde.de\/magazin\/wp-content\/uploads\/2016\/09\/20160817_Infografik_Weinglaeser-1-150x106.jpg 150w, https:\/\/www.weinfreunde.de\/magazin\/wp-content\/uploads\/2016\/09\/20160817_Infografik_Weinglaeser-1-390x276.jpg 390w, https:\/\/www.weinfreunde.de\/magazin\/wp-content\/uploads\/2016\/09\/20160817_Infografik_Weinglaeser-1-750x530.jpg 750w, https:\/\/www.weinfreunde.de\/magazin\/wp-content\/uploads\/2016\/09\/20160817_Infografik_Weinglaeser-1-1140x806.jpg 1140w\" sizes=\"auto, (max-width: 1500px) 100vw, 1500px\" \/><\/p>\n<h3><b>Gr\u00f6\u00dfe und Form der Gl\u00e4ser entscheiden<\/b><\/h3>\n<p><span style=\"font-weight: 400;\">Die Faustregel bei dem Kauf der richtigen Weingl\u00e4sern ist eigentlich ganz einfach: Je kr\u00e4ftiger und vielleicht auch j\u00fcnger ein Rotwein ist, desto besser macht er sich in einem hohen Glas mit gro\u00dfem Volumen. Bei leichteren, aromatischeren Weinen bringt ein dicker \u201eBauch\u201c mehr Sauerstoffkontakt und l\u00e4sst den Wein intensiver wirken.\u00a0<\/span><span style=\"font-weight: 400;\">Das gilt auch f\u00fcr Wei\u00dfweine, nur dass hier die Gl\u00e4ser insgesamt etwas kleiner ausfallen. Und bei Schaumweinen ist zus\u00e4tzlich zu beachten, dass ein Glas auch Einfluss auf das \u201eVerhalten\u201c der Kohlens\u00e4ure hat.\u00a0<\/span><span style=\"font-weight: 400;\">Die richtige Glaswahl ist aber auch Erfahrungssache. <\/span><\/p>\n<p><span style=\"font-weight: 400;\">So geht es mir pers\u00f6nlich mit kr\u00e4ftigen, noch jungen Wei\u00dfweinen h\u00e4ufig so, dass ich mit einem klassischen Wei\u00dfweinglas gar nicht zurecht komme und lieber auf ein gr\u00f6\u00dferes Rotweinglas umschwenke.\u00a0<\/span><span style=\"font-weight: 400;\">Selbstverst\u00e4ndlich spielt auch die Form eine wichtige Rolle. So verf\u00fcgen praktisch alle gut gemachten Gl\u00e4ser \u00fcber einen gewissen \u201eBauch\u201c, um den Wein mit ausreichend Sauerstoff zu versorgen und einen \u201eKamin\u201c, also einer sich nach oben verengenden Form, die den Duft des Weines an der Nase verdichtet.<\/span><\/p>\n<h3><b>F\u00fcnf Gl\u00e4ser f\u00fcr alle Lebenslagen<\/b><\/h3>\n<h4><i><span style=\"font-weight: 400;\"><img loading=\"lazy\" decoding=\"async\" class=\"alignright wp-image-1338 size-medium\" src=\"\/magazin\/wp-content\/uploads\/2016\/09\/160703_Bild_1-2_Desktop_720x720px_Retina-2-300x300.jpg\" alt=\"Bordeaux Weinglas\" width=\"300\" height=\"300\" srcset=\"https:\/\/www.weinfreunde.de\/magazin\/wp-content\/uploads\/2016\/09\/160703_Bild_1-2_Desktop_720x720px_Retina-2-300x300.jpg 300w, https:\/\/www.weinfreunde.de\/magazin\/wp-content\/uploads\/2016\/09\/160703_Bild_1-2_Desktop_720x720px_Retina-2-150x150.jpg 150w, https:\/\/www.weinfreunde.de\/magazin\/wp-content\/uploads\/2016\/09\/160703_Bild_1-2_Desktop_720x720px_Retina-2-500x500.jpg 500w, https:\/\/www.weinfreunde.de\/magazin\/wp-content\/uploads\/2016\/09\/160703_Bild_1-2_Desktop_720x720px_Retina-2-390x390.jpg 390w, https:\/\/www.weinfreunde.de\/magazin\/wp-content\/uploads\/2016\/09\/160703_Bild_1-2_Desktop_720x720px_Retina-2-360x360.jpg 360w, https:\/\/www.weinfreunde.de\/magazin\/wp-content\/uploads\/2016\/09\/160703_Bild_1-2_Desktop_720x720px_Retina-2-163x163.jpg 163w, https:\/\/www.weinfreunde.de\/magazin\/wp-content\/uploads\/2016\/09\/160703_Bild_1-2_Desktop_720x720px_Retina-2-280x280.jpg 280w, https:\/\/www.weinfreunde.de\/magazin\/wp-content\/uploads\/2016\/09\/160703_Bild_1-2_Desktop_720x720px_Retina-2-202x202.jpg 202w, https:\/\/www.weinfreunde.de\/magazin\/wp-content\/uploads\/2016\/09\/160703_Bild_1-2_Desktop_720x720px_Retina-2-320x320.jpg 320w, https:\/\/www.weinfreunde.de\/magazin\/wp-content\/uploads\/2016\/09\/160703_Bild_1-2_Desktop_720x720px_Retina-2.jpg 720w\" sizes=\"auto, (max-width: 300px) 100vw, 300px\" \/><\/span><\/i><span style=\"font-weight: 400;\">1. Bordeaux-Glas: f\u00fcr kr\u00e4ftige und tanninbetonte Rotweine.<\/span><\/h4>\n<p><span style=\"font-weight: 400;\">Der volumin\u00f6se Rauminhalt gibt dem Wein die n\u00f6tige Freiheit sich zu entfalten. Die Form unterst\u00fctzt mit einem breiten Oberfl\u00e4chenspiegel und einem hohen Kamin die typischen Merkmale eines gro\u00dfen Weines. Kraftvoll, mit hoher Konzentration binden sich die runden Tannine aufgrund des Weinspiegels in die Frucht ein. Die Duftmolek\u00fcle verdichten sich im schlie\u00dfenden Glaskamin und entfalten sich expressiv \u00fcber den Rand des Kelches.\u00a0<\/span><span style=\"font-weight: 400;\">Ein Bordeaux-Glas eignet sich beispielsweise f\u00fcr Weine aus folgenden Regionen und Rebsorten: <a href=\"\/magazin\/weinwissen\/cabernet-sauvignon\/\">Cabernet Sauvignon<\/a>, <a href=\"\/magazin\/weinwissen\/cabernet-franc\/\">Cabernet Franc<\/a>, <a href=\"\/magazin\/weinwissen\/nebbiolo\/\">Nebbiolo<\/a>, M\u00e9doc, Margaux, Pauillac, Barossa Valley und Mendoza.<\/span><\/p>\n<h4><i><span style=\"font-weight: 400;\"><img loading=\"lazy\" decoding=\"async\" class=\"alignright wp-image-1339 size-medium\" src=\"\/magazin\/wp-content\/uploads\/2016\/09\/160703_Bild_1-2_Desktop_720x720px_Retina-1-1-300x300.jpg\" alt=\"Burgunder Weinglas\" width=\"300\" height=\"300\" srcset=\"https:\/\/www.weinfreunde.de\/magazin\/wp-content\/uploads\/2016\/09\/160703_Bild_1-2_Desktop_720x720px_Retina-1-1-300x300.jpg 300w, https:\/\/www.weinfreunde.de\/magazin\/wp-content\/uploads\/2016\/09\/160703_Bild_1-2_Desktop_720x720px_Retina-1-1-150x150.jpg 150w, https:\/\/www.weinfreunde.de\/magazin\/wp-content\/uploads\/2016\/09\/160703_Bild_1-2_Desktop_720x720px_Retina-1-1-500x500.jpg 500w, https:\/\/www.weinfreunde.de\/magazin\/wp-content\/uploads\/2016\/09\/160703_Bild_1-2_Desktop_720x720px_Retina-1-1-390x390.jpg 390w, https:\/\/www.weinfreunde.de\/magazin\/wp-content\/uploads\/2016\/09\/160703_Bild_1-2_Desktop_720x720px_Retina-1-1-360x360.jpg 360w, https:\/\/www.weinfreunde.de\/magazin\/wp-content\/uploads\/2016\/09\/160703_Bild_1-2_Desktop_720x720px_Retina-1-1-163x163.jpg 163w, https:\/\/www.weinfreunde.de\/magazin\/wp-content\/uploads\/2016\/09\/160703_Bild_1-2_Desktop_720x720px_Retina-1-1-280x280.jpg 280w, https:\/\/www.weinfreunde.de\/magazin\/wp-content\/uploads\/2016\/09\/160703_Bild_1-2_Desktop_720x720px_Retina-1-1-202x202.jpg 202w, https:\/\/www.weinfreunde.de\/magazin\/wp-content\/uploads\/2016\/09\/160703_Bild_1-2_Desktop_720x720px_Retina-1-1-320x320.jpg 320w, https:\/\/www.weinfreunde.de\/magazin\/wp-content\/uploads\/2016\/09\/160703_Bild_1-2_Desktop_720x720px_Retina-1-1.jpg 720w\" sizes=\"auto, (max-width: 300px) 100vw, 300px\" \/>2. Burgunder-Glas: f\u00fcr aromatische, fruchtbetonte Rotweine<\/span><\/i><\/h4>\n<p><span style=\"font-weight: 400;\">Nicht nur ein <a href=\"\/magazin\/weinwissen\/pinot-noir\/\">Pinot Noir<\/a> oder Sp\u00e4tburgunder besticht mit viel Frucht und feinen Geschmacksfacetten, die nach einem etwas volumin\u00f6serem Glas verlangen, um sich gut zu entfalten. Auch Rebsorten wie Barbera, Blaufr\u00e4nkisch oder <a href=\"\/magazin\/weinwissen\/gamay\/\">Gamay<\/a> passen bestens zu diesem Glastyp. Und selbst kr\u00e4ftige Wei\u00dfweine wie in Barrique ausgebauter <a href=\"\/magazin\/weinwissen\/chardonnay\/\">Chardonnay<\/a> oder alte, in Holz gelagerte <a href=\"\/magazin\/weinwissen\/riesling\/\">Rieslinge<\/a> f\u00fchlen sich in diesem dickb\u00e4uchigen Glas wohl.<\/span><\/p>\n<h4><i><span style=\"font-weight: 400;\">\u00a0<\/span><\/i><\/h4>\n<h4><i><span style=\"font-weight: 400;\">3. Chardonnay-Glas: f\u00fcr kr\u00e4ftige Wei\u00dfweine<\/span><\/i><\/h4>\n<p><span style=\"font-weight: 400;\"><img loading=\"lazy\" decoding=\"async\" class=\"alignright wp-image-1340\" src=\"\/magazin\/wp-content\/uploads\/2016\/09\/160703_Bild_1-2_Desktop_720x720px_Retina-3.jpg\" alt=\"Chardonnay Gl\u00e4ser\" width=\"320\" height=\"320\" srcset=\"https:\/\/www.weinfreunde.de\/magazin\/wp-content\/uploads\/2016\/09\/160703_Bild_1-2_Desktop_720x720px_Retina-3.jpg 720w, https:\/\/www.weinfreunde.de\/magazin\/wp-content\/uploads\/2016\/09\/160703_Bild_1-2_Desktop_720x720px_Retina-3-300x300.jpg 300w, https:\/\/www.weinfreunde.de\/magazin\/wp-content\/uploads\/2016\/09\/160703_Bild_1-2_Desktop_720x720px_Retina-3-150x150.jpg 150w, https:\/\/www.weinfreunde.de\/magazin\/wp-content\/uploads\/2016\/09\/160703_Bild_1-2_Desktop_720x720px_Retina-3-500x500.jpg 500w, https:\/\/www.weinfreunde.de\/magazin\/wp-content\/uploads\/2016\/09\/160703_Bild_1-2_Desktop_720x720px_Retina-3-390x390.jpg 390w, https:\/\/www.weinfreunde.de\/magazin\/wp-content\/uploads\/2016\/09\/160703_Bild_1-2_Desktop_720x720px_Retina-3-360x360.jpg 360w, https:\/\/www.weinfreunde.de\/magazin\/wp-content\/uploads\/2016\/09\/160703_Bild_1-2_Desktop_720x720px_Retina-3-163x163.jpg 163w, https:\/\/www.weinfreunde.de\/magazin\/wp-content\/uploads\/2016\/09\/160703_Bild_1-2_Desktop_720x720px_Retina-3-280x280.jpg 280w, https:\/\/www.weinfreunde.de\/magazin\/wp-content\/uploads\/2016\/09\/160703_Bild_1-2_Desktop_720x720px_Retina-3-202x202.jpg 202w, https:\/\/www.weinfreunde.de\/magazin\/wp-content\/uploads\/2016\/09\/160703_Bild_1-2_Desktop_720x720px_Retina-3-320x320.jpg 320w\" sizes=\"auto, (max-width: 320px) 100vw, 320px\" \/>Durch die stattliche Breite und den verj\u00fcngten Kelch k\u00f6nnen sich die Aromen reichhaltig entfalten. Der charakteristische \u201eTiefpunkt\u201c am Kelchboden und die daraus resultierende gro\u00dfe Weinoberfl\u00e4che m\u00e4\u00dfigen eine zu k\u00fchle Temperatur im Wein und erm\u00f6glichen eine Milderung kr\u00e4ftiger Holznoten im Wein. Wei\u00dfweine wirken in diesem Glas geschmeidig und rund.\u00a0<\/span><span style=\"font-weight: 400;\">Diese Wei\u00dfweine lassen sich bestens aus einem gro\u00dfen Wei\u00dfweinglas trinken: <a href=\"\/magazin\/weinwissen\/grauburgunder\/\">Grauburgunder<\/a>, Gutedel, Puligny-Montrachet, Meursault, Corton-Charlemagne, Chablis, Stellenbosch, Maipo Valley, <a href=\"\/magazin\/weinwissen\/hunter-valley\/\">Hunter Valley<\/a> und Marlborough.<\/span><\/p>\n<h4><i><span style=\"font-weight: 400;\"><img loading=\"lazy\" decoding=\"async\" class=\"alignright wp-image-1341\" src=\"\/magazin\/wp-content\/uploads\/2016\/09\/160703_Bild_1-2_Desktop_720x720px_Retina-4.jpg\" alt=\"Riesling Weinglas\" width=\"320\" height=\"320\" srcset=\"https:\/\/www.weinfreunde.de\/magazin\/wp-content\/uploads\/2016\/09\/160703_Bild_1-2_Desktop_720x720px_Retina-4.jpg 720w, https:\/\/www.weinfreunde.de\/magazin\/wp-content\/uploads\/2016\/09\/160703_Bild_1-2_Desktop_720x720px_Retina-4-300x300.jpg 300w, https:\/\/www.weinfreunde.de\/magazin\/wp-content\/uploads\/2016\/09\/160703_Bild_1-2_Desktop_720x720px_Retina-4-150x150.jpg 150w, https:\/\/www.weinfreunde.de\/magazin\/wp-content\/uploads\/2016\/09\/160703_Bild_1-2_Desktop_720x720px_Retina-4-500x500.jpg 500w, https:\/\/www.weinfreunde.de\/magazin\/wp-content\/uploads\/2016\/09\/160703_Bild_1-2_Desktop_720x720px_Retina-4-390x390.jpg 390w, https:\/\/www.weinfreunde.de\/magazin\/wp-content\/uploads\/2016\/09\/160703_Bild_1-2_Desktop_720x720px_Retina-4-360x360.jpg 360w, https:\/\/www.weinfreunde.de\/magazin\/wp-content\/uploads\/2016\/09\/160703_Bild_1-2_Desktop_720x720px_Retina-4-163x163.jpg 163w, https:\/\/www.weinfreunde.de\/magazin\/wp-content\/uploads\/2016\/09\/160703_Bild_1-2_Desktop_720x720px_Retina-4-280x280.jpg 280w, https:\/\/www.weinfreunde.de\/magazin\/wp-content\/uploads\/2016\/09\/160703_Bild_1-2_Desktop_720x720px_Retina-4-202x202.jpg 202w, https:\/\/www.weinfreunde.de\/magazin\/wp-content\/uploads\/2016\/09\/160703_Bild_1-2_Desktop_720x720px_Retina-4-320x320.jpg 320w\" sizes=\"auto, (max-width: 320px) 100vw, 320px\" \/>4. Riesling-Glas: f\u00fcr leichte, aromatische Wei\u00dfweine<\/span><\/i><\/h4>\n<p><span style=\"font-weight: 400;\">Das Riesling-Glas verf\u00fcgt \u00fcber einen eleganten und glatten Stiel. Die in der Mitte leicht schlie\u00dfende Form f\u00f6rdert das lang anhaltende Geschmacksbild, indem es die Mineralit\u00e4t und rassige S\u00e4ure sorgsam einbettet und dennoch vorsichtig mit den feinen Duftnoten umgeht. Dies unterst\u00fctzen auch die feine Wandst\u00e4rke und die konkave Form des Kelches, welche die von Sauerstoff und Alkohol transportierten Duftaromen besonders gut bewahren.\u00a0<\/span><span style=\"font-weight: 400;\">Folgende Weine sind f\u00fcr ein Riesling-Glas beispielsweise gleichfalls geeignet: <a href=\"\/magazin\/weinwissen\/gruener-veltliner\/\">Gr\u00fcner Veltliner<\/a>, <a href=\"\/magazin\/weinwissen\/gewuerztraminer\/\">Gew\u00fcrztraminer<\/a>, <a href=\"\/magazin\/weinwissen\/cortese\/\">Cortese<\/a>, Verdejo und Vinho Verde.<\/span><\/p>\n<h4><i><span style=\"font-weight: 400;\"><img loading=\"lazy\" decoding=\"async\" class=\"alignright wp-image-1342\" src=\"\/magazin\/wp-content\/uploads\/2016\/09\/160703_Bild_1-2_Desktop_720x720px_Retina-5.jpg\" alt=\"Champagner Weinglas\" width=\"320\" height=\"320\" srcset=\"https:\/\/www.weinfreunde.de\/magazin\/wp-content\/uploads\/2016\/09\/160703_Bild_1-2_Desktop_720x720px_Retina-5.jpg 720w, https:\/\/www.weinfreunde.de\/magazin\/wp-content\/uploads\/2016\/09\/160703_Bild_1-2_Desktop_720x720px_Retina-5-300x300.jpg 300w, https:\/\/www.weinfreunde.de\/magazin\/wp-content\/uploads\/2016\/09\/160703_Bild_1-2_Desktop_720x720px_Retina-5-150x150.jpg 150w, https:\/\/www.weinfreunde.de\/magazin\/wp-content\/uploads\/2016\/09\/160703_Bild_1-2_Desktop_720x720px_Retina-5-500x500.jpg 500w, https:\/\/www.weinfreunde.de\/magazin\/wp-content\/uploads\/2016\/09\/160703_Bild_1-2_Desktop_720x720px_Retina-5-390x390.jpg 390w, https:\/\/www.weinfreunde.de\/magazin\/wp-content\/uploads\/2016\/09\/160703_Bild_1-2_Desktop_720x720px_Retina-5-360x360.jpg 360w, https:\/\/www.weinfreunde.de\/magazin\/wp-content\/uploads\/2016\/09\/160703_Bild_1-2_Desktop_720x720px_Retina-5-163x163.jpg 163w, https:\/\/www.weinfreunde.de\/magazin\/wp-content\/uploads\/2016\/09\/160703_Bild_1-2_Desktop_720x720px_Retina-5-280x280.jpg 280w, https:\/\/www.weinfreunde.de\/magazin\/wp-content\/uploads\/2016\/09\/160703_Bild_1-2_Desktop_720x720px_Retina-5-202x202.jpg 202w, https:\/\/www.weinfreunde.de\/magazin\/wp-content\/uploads\/2016\/09\/160703_Bild_1-2_Desktop_720x720px_Retina-5-320x320.jpg 320w\" sizes=\"auto, (max-width: 320px) 100vw, 320px\" \/>5. Champagner- und Sektglas <\/span><\/i><\/h4>\n<p><span style=\"font-weight: 400;\">Auch wenn sich Champagner und andere flaschengereifte Schaumweine am besten f\u00fcr diesen Glastyp eignen, l\u00e4sst sich auch ein gew\u00f6hnlicher Sekt daraus bestens genie\u00dfen. Auff\u00e4llig ist der flache, breite Boden und die an einen Kamin erinnernde hohe Kelchform, die sich nach oben zunehmend verj\u00fcngt. Die breite \u00d6ffnung gibt viel Raum zur Entfaltung der Kohlens\u00e4ure. Die Aromen werden von Kohlendioxid getragen und entwickeln sich ungest\u00f6rt und anregend. Der \u201eMoussierpunkt\u201c \u2013 eine kleine Erhebung am Kelchboden \u2013 sorgt f\u00fcr ein feines und geordnetes Spiel der Kohlens\u00e4ureperlen.<\/span><\/p>\n<h3><b>Maschinelle Herstellung oder mundgeblasen?<\/b><\/h3>\n<p><span style=\"font-weight: 400;\">Mundgeblasene Gl\u00e4ser f\u00fchlen sich nat\u00fcrlich aufgrund ihrer D\u00fcnnwandigkeit hochwertiger an und auch das Gef\u00fchl an den Lippen ist feiner. Doch sind sie in der Regel teurer und gehen auch vergleichsweise leicht zu Bruch. Dennoch sollte man sich \u00fcberlegen, zumindest ein paar dieser Edelg\u00e4ser anzuschaffen. Viele Blindproben haben in Vergangenheit n\u00e4mlich bewiesen, dass auch die Geruchs- und Geschmackswahrnehmung aus diesen Gl\u00e4sern besser ist als bei den maschinengefertigten Kollegen.<\/span><\/p>\n<p><span style=\"font-weight: 400;\">Es w\u00fcrde mich freuen, wenn mein Beitrag f\u00fcr etwas weinfreundschaftlichen Durchblick gesorgt hat und hoffe, dass du in Zukunft nur noch mit den richtigen Gl\u00e4sern anst\u00f6\u00dft.<\/span><\/p>\n<p><strong>Lese-Tipp: <\/strong><a href=\"\/magazin\/weinwissen\/was-bedeutet-qualitaet-beim-wein\/\" target=\"_blank\" rel=\"noopener noreferrer\">Was bedeutet Qualit\u00e4t beim Wein?<\/a><\/p>\n<div class=\"product-slider\" id=\"_prodSlider69f5bf478c02a\">\n\t\t\t<h2>Weinfreunde Weinzubeh\u00f6r<\/h2>\n\t\t\n\t<div class=\"slide-area\">\n\t\t<div class=\"slides\">\n\t\t\t\t\t\t\t<div class=\"slide\">\n\t\t\t\t\t\t\t\t\t\t\t<a class=\"product\" href=\"https:\/\/www.weinfreunde.de\/p\/original-weinfreunde-pulltap-s-classic-korkenzieher-zubehoer\/?ecid=int_magazin_nn_nn_nn_nn_nn_nn\" target=\"_blank\">\n\t\t\t\t\t\t\t\t\t\t\t<div class=\"image\">\n\t\t\t\t\t\t\t<div\n                                    class=\"bg\"\n                                    style=\"background-image: url(https:\/\/images.cdn.europe-west1.gcp.commercetools.com\/c465d296-b9b4-4e2d-afd0-6980caa08886\/2000012333_900v-OwZOAo-8.png);\"\n                            ><\/div>\n\t\t\t\t\t\t<\/div>\n\t\t\t\t\t\t<div class=\"c\">\n\t\t\t\t\t\t\t<div class=\"title\">Original Weinfreunde Pulltap`s Classic\u2026<\/div>\n\t\t\t\t\t\t\t<div class=\"brand\"><\/div>\n\t\t\t\t\t\t\t\t\t\t\t\t\t\t\t<div class=\"details\">\n\t\t\t\t\t\t\t\t\t\t\t\t\t\t\t\t\t\t\t<div>Weinzubeh\u00f6r<\/div>\n\t\t\t\t\t\t\t\t\t\t\t\t\t\t\t\t\t<\/div>\n\t\t\t\t\t\t\t\t\t\t\t\t\t<\/div>\n\t\t\t\t\t<\/a>\n\t\t\t\t<\/div>\n\t\t\t\t\t\t\t<div class=\"slide\">\n\t\t\t\t\t\t\t\t\t\t\t<a class=\"product\" href=\"https:\/\/www.weinfreunde.de\/p\/weinfreunde-stofftasche-zubehoer\/?ecid=int_magazin_nn_nn_nn_nn_nn_nn\" target=\"_blank\">\n\t\t\t\t\t\t\t\t\t\t\t<div class=\"image\">\n\t\t\t\t\t\t\t<div\n                                    class=\"bg\"\n                                    style=\"background-image: url(https:\/\/images.cdn.europe-west1.gcp.commercetools.com\/c465d296-b9b4-4e2d-afd0-6980caa08886\/2000012489_900v-ju2mglvz.png);\"\n                            ><\/div>\n\t\t\t\t\t\t<\/div>\n\t\t\t\t\t\t<div class=\"c\">\n\t\t\t\t\t\t\t<div class=\"title\">Weinfreunde Stofftasche<\/div>\n\t\t\t\t\t\t\t<div class=\"brand\">Weinfreunde<\/div>\n\t\t\t\t\t\t\t\t\t\t\t\t\t\t\t<div class=\"details\">\n\t\t\t\t\t\t\t\t\t\t\t\t\t\t\t\t\t\t\t<div>Weinzubeh\u00f6r<\/div>\n\t\t\t\t\t\t\t\t\t\t\t\t\t\t\t\t\t<\/div>\n\t\t\t\t\t\t\t\t\t\t\t\t\t<\/div>\n\t\t\t\t\t<\/a>\n\t\t\t\t<\/div>\n\t\t\t\t\t\t\t<div class=\"slide\">\n\t\t\t\t\t\t\t\t\t\t\t<a class=\"product\" href=\"https:\/\/www.weinfreunde.de\/p\/1er-geschenkkarton-schwarz-henne\/?ecid=int_magazin_nn_nn_nn_nn_nn_nn\" target=\"_blank\">\n\t\t\t\t\t\t\t\t\t\t\t<div class=\"image\">\n\t\t\t\t\t\t\t<div\n                                    class=\"bg\"\n                                    style=\"background-image: url(https:\/\/10b644692e76ab15cf59-eaadbe2afc1f47d8740ca8f676f7fe70.ssl.cf3.rackcdn.com\/2000012490_900v-484_9Jwn.png);\"\n                            ><\/div>\n\t\t\t\t\t\t<\/div>\n\t\t\t\t\t\t<div class=\"c\">\n\t\t\t\t\t\t\t<div class=\"title\">1er Geschenkkarton Schwarz<\/div>\n\t\t\t\t\t\t\t<div class=\"brand\">Henne<\/div>\n\t\t\t\t\t\t\t\t\t\t\t\t\t\t\t<div class=\"details\">\n\t\t\t\t\t\t\t\t\t\t\t\t\t\t\t\t\t\t\t<div>Weinzubeh\u00f6r<\/div>\n\t\t\t\t\t\t\t\t\t\t\t\t\t\t\t\t\t<\/div>\n\t\t\t\t\t\t\t\t\t\t\t\t\t<\/div>\n\t\t\t\t\t<\/a>\n\t\t\t\t<\/div>\n\t\t\t\t\t\t\t<div class=\"slide\">\n\t\t\t\t\t\t\t\t\t\t\t<a class=\"product\" href=\"https:\/\/www.weinfreunde.de\/p\/2er-geschenkkarton-schwarz-henne\/?ecid=int_magazin_nn_nn_nn_nn_nn_nn\" target=\"_blank\">\n\t\t\t\t\t\t\t\t\t\t\t<div class=\"image\">\n\t\t\t\t\t\t\t<div\n                                    class=\"bg\"\n                                    style=\"background-image: url(https:\/\/10b644692e76ab15cf59-eaadbe2afc1f47d8740ca8f676f7fe70.ssl.cf3.rackcdn.com\/2000012491_900v-HhBVak-b.png);\"\n                            ><\/div>\n\t\t\t\t\t\t<\/div>\n\t\t\t\t\t\t<div class=\"c\">\n\t\t\t\t\t\t\t<div class=\"title\">2er Geschenkkarton Schwarz<\/div>\n\t\t\t\t\t\t\t<div class=\"brand\">Henne<\/div>\n\t\t\t\t\t\t\t\t\t\t\t\t\t\t\t<div class=\"details\">\n\t\t\t\t\t\t\t\t\t\t\t\t\t\t\t\t\t\t\t<div>Weinzubeh\u00f6r<\/div>\n\t\t\t\t\t\t\t\t\t\t\t\t\t\t\t\t\t<\/div>\n\t\t\t\t\t\t\t\t\t\t\t\t\t<\/div>\n\t\t\t\t\t<\/a>\n\t\t\t\t<\/div>\n\t\t\t\t\t\t\t<div class=\"slide\">\n\t\t\t\t\t\t\t\t\t\t\t<a class=\"product\" href=\"https:\/\/www.weinfreunde.de\/p\/3er-geschenkkarton-schwarz-henne\/?ecid=int_magazin_nn_nn_nn_nn_nn_nn\" target=\"_blank\">\n\t\t\t\t\t\t\t\t\t\t\t<div class=\"image\">\n\t\t\t\t\t\t\t<div\n                                    class=\"bg\"\n                                    style=\"background-image: url(https:\/\/10b644692e76ab15cf59-eaadbe2afc1f47d8740ca8f676f7fe70.ssl.cf3.rackcdn.com\/2000012492_900v-Uyl0piaf.png);\"\n                            ><\/div>\n\t\t\t\t\t\t<\/div>\n\t\t\t\t\t\t<div class=\"c\">\n\t\t\t\t\t\t\t<div class=\"title\">3er Geschenkkarton Schwarz<\/div>\n\t\t\t\t\t\t\t<div class=\"brand\">Henne<\/div>\n\t\t\t\t\t\t\t\t\t\t\t\t\t\t\t<div class=\"details\">\n\t\t\t\t\t\t\t\t\t\t\t\t\t\t\t\t\t\t\t<div>Weinzubeh\u00f6r<\/div>\n\t\t\t\t\t\t\t\t\t\t\t\t\t\t\t\t\t<\/div>\n\t\t\t\t\t\t\t\t\t\t\t\t\t<\/div>\n\t\t\t\t\t<\/a>\n\t\t\t\t<\/div>\n\t\t\t\t\t\t\t<div class=\"slide\">\n\t\t\t\t\t\t\t\t\t\t\t<a class=\"product\" href=\"https:\/\/www.weinfreunde.de\/p\/kapseloeffner-zubehoer\/?ecid=int_magazin_nn_nn_nn_nn_nn_nn\" target=\"_blank\">\n\t\t\t\t\t\t\t\t\t\t\t<div class=\"image\">\n\t\t\t\t\t\t\t<div\n                                    class=\"bg\"\n                                    style=\"background-image: url(https:\/\/10b644692e76ab15cf59-eaadbe2afc1f47d8740ca8f676f7fe70.ssl.cf3.rackcdn.com\/2000012927_900v-NB4JApGq.png);\"\n                            ><\/div>\n\t\t\t\t\t\t<\/div>\n\t\t\t\t\t\t<div class=\"c\">\n\t\t\t\t\t\t\t<div class=\"title\">Kapsel\u00f6ffner<\/div>\n\t\t\t\t\t\t\t<div class=\"brand\">Vacu Vin<\/div>\n\t\t\t\t\t\t\t\t\t\t\t\t\t\t\t<div class=\"details\">\n\t\t\t\t\t\t\t\t\t\t\t\t\t\t\t\t\t\t\t<div>Weinzubeh\u00f6r<\/div>\n\t\t\t\t\t\t\t\t\t\t\t\t\t\t\t\t\t<\/div>\n\t\t\t\t\t\t\t\t\t\t\t\t\t<\/div>\n\t\t\t\t\t<\/a>\n\t\t\t\t<\/div>\n\t\t\t\t\t\t\t<div class=\"slide\">\n\t\t\t\t\t\t\t\t\t\t\t<a class=\"product\" href=\"https:\/\/www.weinfreunde.de\/p\/2er-set-schott-zwiesel-taste-glaeser-zubehoer\/?ecid=int_magazin_nn_nn_nn_nn_nn_nn\" target=\"_blank\">\n\t\t\t\t\t\t\t\t\t\t\t<div class=\"image\">\n\t\t\t\t\t\t\t<div\n                                    class=\"bg\"\n                                    style=\"background-image: url(https:\/\/10b644692e76ab15cf59-eaadbe2afc1f47d8740ca8f676f7fe70.ssl.cf3.rackcdn.com\/2000014140_900v--AuZOARj.png);\"\n                            ><\/div>\n\t\t\t\t\t\t<\/div>\n\t\t\t\t\t\t<div class=\"c\">\n\t\t\t\t\t\t\t<div class=\"title\">2er-Set Schott-Zwiesel Taste Gl\u00e4ser<\/div>\n\t\t\t\t\t\t\t<div class=\"brand\">Schott-Zwiesel<\/div>\n\t\t\t\t\t\t\t\t\t\t\t\t\t\t\t<div class=\"details\">\n\t\t\t\t\t\t\t\t\t\t\t\t\t\t\t\t\t\t\t<div>Weinzubeh\u00f6r<\/div>\n\t\t\t\t\t\t\t\t\t\t\t\t\t\t\t\t\t<\/div>\n\t\t\t\t\t\t\t\t\t\t\t\t\t<\/div>\n\t\t\t\t\t<\/a>\n\t\t\t\t<\/div>\n\t\t\t\t\t\t\t<div class=\"slide\">\n\t\t\t\t\t\t\t\t\t\t\t<a class=\"product\" href=\"https:\/\/www.weinfreunde.de\/p\/flaschentasche-weinfreunde-six-bag-zubehoer\/?ecid=int_magazin_nn_nn_nn_nn_nn_nn\" target=\"_blank\">\n\t\t\t\t\t\t\t\t\t\t\t<div class=\"image\">\n\t\t\t\t\t\t\t<div\n                                    class=\"bg\"\n                                    style=\"background-image: url(https:\/\/10b644692e76ab15cf59-eaadbe2afc1f47d8740ca8f676f7fe70.ssl.cf3.rackcdn.com\/2000014483_900v-Wo3SewXC.png);\"\n                            ><\/div>\n\t\t\t\t\t\t<\/div>\n\t\t\t\t\t\t<div class=\"c\">\n\t\t\t\t\t\t\t<div class=\"title\">Flaschentasche Weinfreunde Six Bag<\/div>\n\t\t\t\t\t\t\t<div class=\"brand\">Papi<\/div>\n\t\t\t\t\t\t\t\t\t\t\t\t\t\t\t<div class=\"details\">\n\t\t\t\t\t\t\t\t\t\t\t\t\t\t\t\t\t\t\t<div>Weinzubeh\u00f6r<\/div>\n\t\t\t\t\t\t\t\t\t\t\t\t\t\t\t\t\t<\/div>\n\t\t\t\t\t\t\t\t\t\t\t\t\t<\/div>\n\t\t\t\t\t<\/a>\n\t\t\t\t<\/div>\n\t\t\t\t\t\t\t<div class=\"slide\">\n\t\t\t\t\t\t\t\t\t\t\t<a class=\"product\" href=\"https:\/\/www.weinfreunde.de\/p\/weinfreunde-kuehlmanschette-pulltex-zubehoer\/?ecid=int_magazin_nn_nn_nn_nn_nn_nn\" target=\"_blank\">\n\t\t\t\t\t\t\t\t\t\t\t<div class=\"image\">\n\t\t\t\t\t\t\t<div\n                                    class=\"bg\"\n                                    style=\"background-image: url(https:\/\/10b644692e76ab15cf59-eaadbe2afc1f47d8740ca8f676f7fe70.ssl.cf3.rackcdn.com\/2000014525_900v-Z-N-XqYq.png);\"\n                            ><\/div>\n\t\t\t\t\t\t<\/div>\n\t\t\t\t\t\t<div class=\"c\">\n\t\t\t\t\t\t\t<div class=\"title\">Weinfreunde K\u00fchlmanschette Pulltex<\/div>\n\t\t\t\t\t\t\t<div class=\"brand\">Pulltex<\/div>\n\t\t\t\t\t\t\t\t\t\t\t\t\t\t\t<div class=\"details\">\n\t\t\t\t\t\t\t\t\t\t\t\t\t\t\t\t\t\t\t<div>Weinzubeh\u00f6r<\/div>\n\t\t\t\t\t\t\t\t\t\t\t\t\t\t\t\t\t<\/div>\n\t\t\t\t\t\t\t\t\t\t\t\t\t<\/div>\n\t\t\t\t\t<\/a>\n\t\t\t\t<\/div>\n\t\t\t\t\t<\/div>\n\t<\/div>\n<\/div>\n<script>_w(() => new WF.Magazin.ProductSlider('#_prodSlider69f5bf478c02a'));<\/script>\n\n<p>&nbsp;<\/p>\n","protected":false},"excerpt":{"rendered":"<p>Das Angebot von Weingl\u00e4sern ist gro\u00df, ja sogar so gro\u00df, dass die Orientierung beim Weinglas-Kauf recht schwer f\u00e4llt. Klar, Wei\u00dfweine trinkt man aus kleineren Gl\u00e4sern als Rote, aber wie entscheidend sind wirklich Form und Gr\u00f6\u00dfe, und m\u00fcssen es wirklich mehr&#8230; <a class=\"moretag\" href=\"https:\/\/www.weinfreunde.de\/magazin\/weinwissen\/das-richtige-weinglas-macht-den-unterschied-haben-sie-den-durchblick\/\">weiterlesen<\/a><\/p>\n","protected":false},"author":46,"featured_media":1343,"comment_status":"closed","ping_status":"closed","sticky":false,"template":"","format":"standard","meta":{"footnotes":""},"categories":[10],"tags":[],"class_list":["post-1329","post","type-post","status-publish","format-standard","has-post-thumbnail","hentry","category-weinschule"],"yoast_head":"<!-- This site is optimized with the Yoast SEO plugin v27.5 - https:\/\/yoast.com\/product\/yoast-seo-wordpress\/ -->\n<title>Das richtige Weinglas macht den Unterschied!<\/title>\n<meta name=\"description\" content=\"Vom Bordeaux-Glas \u00fcber Riesling-Gl\u00e4ser bis zum Champagner- und Sektglas - Weinfreund J\u00fcrgen gibt n\u00fctzliche Tipps!\" \/>\n<meta name=\"robots\" content=\"index, follow, max-snippet:-1, max-image-preview:large, max-video-preview:-1\" \/>\n<link rel=\"canonical\" href=\"https:\/\/www.weinfreunde.de\/magazin\/weinwissen\/das-richtige-weinglas-macht-den-unterschied-haben-sie-den-durchblick\/\" \/>\n<meta property=\"og:locale\" content=\"de_DE\" \/>\n<meta property=\"og:type\" content=\"article\" \/>\n<meta property=\"og:title\" content=\"Das richtige Weinglas macht den Unterschied!\" \/>\n<meta property=\"og:description\" content=\"Vom Bordeaux-Glas \u00fcber Riesling-Gl\u00e4ser bis zum Champagner- und Sektglas - Weinfreund J\u00fcrgen gibt n\u00fctzliche Tipps!\" \/>\n<meta property=\"og:url\" content=\"https:\/\/www.weinfreunde.de\/magazin\/weinwissen\/das-richtige-weinglas-macht-den-unterschied-haben-sie-den-durchblick\/\" \/>\n<meta property=\"og:site_name\" content=\"Weinfreunde Magazin\" \/>\n<meta property=\"article:publisher\" content=\"https:\/\/www.facebook.com\/weinfreunde.de\" \/>\n<meta property=\"article:published_time\" content=\"2022-09-16T13:24:25+00:00\" \/>\n<meta property=\"article:modified_time\" content=\"2025-05-13T11:48:17+00:00\" \/>\n<meta property=\"og:image\" content=\"https:\/\/www.weinfreunde.de\/magazin\/wp-content\/uploads\/2016\/09\/160703_Header_Desktop_2560x500px_Retina-scaled.jpg\" \/>\n\t<meta property=\"og:image:width\" content=\"2048\" \/>\n\t<meta property=\"og:image:height\" content=\"400\" \/>\n\t<meta property=\"og:image:type\" content=\"image\/jpeg\" \/>\n<meta name=\"author\" content=\"J\u00fcrgen Overheid\" \/>\n<meta name=\"twitter:card\" content=\"summary_large_image\" \/>\n<meta name=\"twitter:label1\" content=\"Written by\" \/>\n\t<meta name=\"twitter:data1\" content=\"J\u00fcrgen Overheid\" \/>\n\t<meta name=\"twitter:label2\" content=\"Est. reading time\" \/>\n\t<meta name=\"twitter:data2\" content=\"7\u00a0Minuten\" \/>\n<script type=\"application\/ld+json\" class=\"yoast-schema-graph\">{\"@context\":\"https:\\\/\\\/schema.org\",\"@graph\":[{\"@type\":\"Article\",\"@id\":\"https:\\\/\\\/www.weinfreunde.de\\\/magazin\\\/weinwissen\\\/das-richtige-weinglas-macht-den-unterschied-haben-sie-den-durchblick\\\/#article\",\"isPartOf\":{\"@id\":\"https:\\\/\\\/www.weinfreunde.de\\\/magazin\\\/weinwissen\\\/das-richtige-weinglas-macht-den-unterschied-haben-sie-den-durchblick\\\/\"},\"author\":{\"name\":\"J\u00fcrgen Overheid\",\"@id\":\"https:\\\/\\\/www.weinfreunde.de\\\/magazin\\\/#\\\/schema\\\/person\\\/60ed8a321b3f585ffa0fcb9445b2159d\"},\"headline\":\"Das richtige Weinglas finden\",\"datePublished\":\"2022-09-16T13:24:25+00:00\",\"dateModified\":\"2025-05-13T11:48:17+00:00\",\"mainEntityOfPage\":{\"@id\":\"https:\\\/\\\/www.weinfreunde.de\\\/magazin\\\/weinwissen\\\/das-richtige-weinglas-macht-den-unterschied-haben-sie-den-durchblick\\\/\"},\"wordCount\":990,\"publisher\":{\"@id\":\"https:\\\/\\\/www.weinfreunde.de\\\/magazin\\\/#organization\"},\"image\":{\"@id\":\"https:\\\/\\\/www.weinfreunde.de\\\/magazin\\\/weinwissen\\\/das-richtige-weinglas-macht-den-unterschied-haben-sie-den-durchblick\\\/#primaryimage\"},\"thumbnailUrl\":\"https:\\\/\\\/www.weinfreunde.de\\\/magazin\\\/wp-content\\\/uploads\\\/2016\\\/09\\\/160703_Header_Desktop_2560x500px_Retina-scaled.jpg\",\"articleSection\":[\"Weinschule\"],\"inLanguage\":\"de\"},{\"@type\":\"WebPage\",\"@id\":\"https:\\\/\\\/www.weinfreunde.de\\\/magazin\\\/weinwissen\\\/das-richtige-weinglas-macht-den-unterschied-haben-sie-den-durchblick\\\/\",\"url\":\"https:\\\/\\\/www.weinfreunde.de\\\/magazin\\\/weinwissen\\\/das-richtige-weinglas-macht-den-unterschied-haben-sie-den-durchblick\\\/\",\"name\":\"Das richtige Weinglas macht den Unterschied!\",\"isPartOf\":{\"@id\":\"https:\\\/\\\/www.weinfreunde.de\\\/magazin\\\/#website\"},\"primaryImageOfPage\":{\"@id\":\"https:\\\/\\\/www.weinfreunde.de\\\/magazin\\\/weinwissen\\\/das-richtige-weinglas-macht-den-unterschied-haben-sie-den-durchblick\\\/#primaryimage\"},\"image\":{\"@id\":\"https:\\\/\\\/www.weinfreunde.de\\\/magazin\\\/weinwissen\\\/das-richtige-weinglas-macht-den-unterschied-haben-sie-den-durchblick\\\/#primaryimage\"},\"thumbnailUrl\":\"https:\\\/\\\/www.weinfreunde.de\\\/magazin\\\/wp-content\\\/uploads\\\/2016\\\/09\\\/160703_Header_Desktop_2560x500px_Retina-scaled.jpg\",\"datePublished\":\"2022-09-16T13:24:25+00:00\",\"dateModified\":\"2025-05-13T11:48:17+00:00\",\"description\":\"Vom Bordeaux-Glas \u00fcber Riesling-Gl\u00e4ser bis zum Champagner- und Sektglas - Weinfreund J\u00fcrgen gibt n\u00fctzliche Tipps!\",\"breadcrumb\":{\"@id\":\"https:\\\/\\\/www.weinfreunde.de\\\/magazin\\\/weinwissen\\\/das-richtige-weinglas-macht-den-unterschied-haben-sie-den-durchblick\\\/#breadcrumb\"},\"inLanguage\":\"de\",\"potentialAction\":[{\"@type\":\"ReadAction\",\"target\":[\"https:\\\/\\\/www.weinfreunde.de\\\/magazin\\\/weinwissen\\\/das-richtige-weinglas-macht-den-unterschied-haben-sie-den-durchblick\\\/\"]}]},{\"@type\":\"ImageObject\",\"inLanguage\":\"de\",\"@id\":\"https:\\\/\\\/www.weinfreunde.de\\\/magazin\\\/weinwissen\\\/das-richtige-weinglas-macht-den-unterschied-haben-sie-den-durchblick\\\/#primaryimage\",\"url\":\"https:\\\/\\\/www.weinfreunde.de\\\/magazin\\\/wp-content\\\/uploads\\\/2016\\\/09\\\/160703_Header_Desktop_2560x500px_Retina-scaled.jpg\",\"contentUrl\":\"https:\\\/\\\/www.weinfreunde.de\\\/magazin\\\/wp-content\\\/uploads\\\/2016\\\/09\\\/160703_Header_Desktop_2560x500px_Retina-scaled.jpg\",\"width\":2048,\"height\":400,\"caption\":\"Das passende Weinglas\"},{\"@type\":\"BreadcrumbList\",\"@id\":\"https:\\\/\\\/www.weinfreunde.de\\\/magazin\\\/weinwissen\\\/das-richtige-weinglas-macht-den-unterschied-haben-sie-den-durchblick\\\/#breadcrumb\",\"itemListElement\":[{\"@type\":\"ListItem\",\"position\":1,\"name\":\"Magazin\",\"item\":\"https:\\\/\\\/www.weinfreunde.de\\\/magazin\\\/\"},{\"@type\":\"ListItem\",\"position\":2,\"name\":\"Weinwissen\",\"item\":\"https:\\\/\\\/www.weinfreunde.de\\\/magazin\\\/weinwissen\\\/\"},{\"@type\":\"ListItem\",\"position\":3,\"name\":\"Weinschule\",\"item\":\"https:\\\/\\\/www.weinfreunde.de\\\/magazin\\\/weinwissen\\\/weinschule\\\/\"},{\"@type\":\"ListItem\",\"position\":4,\"name\":\"Das richtige Weinglas finden\"}]},{\"@type\":\"WebSite\",\"@id\":\"https:\\\/\\\/www.weinfreunde.de\\\/magazin\\\/#website\",\"url\":\"https:\\\/\\\/www.weinfreunde.de\\\/magazin\\\/\",\"name\":\"Weinfreunde Magazin\",\"description\":\"Dein Weinfreunde Magazin\",\"publisher\":{\"@id\":\"https:\\\/\\\/www.weinfreunde.de\\\/magazin\\\/#organization\"},\"potentialAction\":[{\"@type\":\"SearchAction\",\"target\":{\"@type\":\"EntryPoint\",\"urlTemplate\":\"https:\\\/\\\/www.weinfreunde.de\\\/magazin\\\/?s={search_term_string}\"},\"query-input\":{\"@type\":\"PropertyValueSpecification\",\"valueRequired\":true,\"valueName\":\"search_term_string\"}}],\"inLanguage\":\"de\"},{\"@type\":\"Organization\",\"@id\":\"https:\\\/\\\/www.weinfreunde.de\\\/magazin\\\/#organization\",\"name\":\"REWE Wein online GmbH | Weinfreunde\",\"url\":\"https:\\\/\\\/www.weinfreunde.de\\\/magazin\\\/\",\"logo\":{\"@type\":\"ImageObject\",\"inLanguage\":\"de\",\"@id\":\"https:\\\/\\\/www.weinfreunde.de\\\/magazin\\\/#\\\/schema\\\/logo\\\/image\\\/\",\"url\":\"https:\\\/\\\/www.weinfreunde.de\\\/magazin\\\/wp-content\\\/uploads\\\/2019\\\/08\\\/WF_Logo_Vertikal_Claim_Schwarz-scaled.jpg.webp\",\"contentUrl\":\"https:\\\/\\\/www.weinfreunde.de\\\/magazin\\\/wp-content\\\/uploads\\\/2019\\\/08\\\/WF_Logo_Vertikal_Claim_Schwarz-scaled.jpg.webp\",\"width\":2048,\"height\":1241,\"caption\":\"REWE Wein online GmbH | Weinfreunde\"},\"image\":{\"@id\":\"https:\\\/\\\/www.weinfreunde.de\\\/magazin\\\/#\\\/schema\\\/logo\\\/image\\\/\"},\"sameAs\":[\"https:\\\/\\\/www.facebook.com\\\/weinfreunde.de\"]},{\"@type\":\"Person\",\"@id\":\"https:\\\/\\\/www.weinfreunde.de\\\/magazin\\\/#\\\/schema\\\/person\\\/60ed8a321b3f585ffa0fcb9445b2159d\",\"name\":\"J\u00fcrgen Overheid\",\"image\":{\"@type\":\"ImageObject\",\"inLanguage\":\"de\",\"@id\":\"https:\\\/\\\/secure.gravatar.com\\\/avatar\\\/3ca7a75cc34dd832b52b256932e1a76f8b1e85be7d089938a1a85fc8d59bb795?s=96&d=mm&r=g\",\"url\":\"https:\\\/\\\/secure.gravatar.com\\\/avatar\\\/3ca7a75cc34dd832b52b256932e1a76f8b1e85be7d089938a1a85fc8d59bb795?s=96&d=mm&r=g\",\"contentUrl\":\"https:\\\/\\\/secure.gravatar.com\\\/avatar\\\/3ca7a75cc34dd832b52b256932e1a76f8b1e85be7d089938a1a85fc8d59bb795?s=96&d=mm&r=g\",\"caption\":\"J\u00fcrgen Overheid\"},\"description\":\"Geboren im Ruhrpott, in Hessen und im Rheinland studiert, hier Wurzeln geschlagen. Er ist unser Mann f\u00fcr Marketing-Kampagnen, unser Online-Magazin und s\u00e4mtliches Gedruckte. Er steht auf alles, was prickelt, auf wei\u00dfe Verf\u00fchrer aus Frankreich \u2013 am liebsten Chardonnay und Sauvignon Blanc \u2013 und ganz klassisch: auf italienische Rotweine.\",\"sameAs\":[\"https:\\\/\\\/www.weinfreunde.de\"],\"url\":\"https:\\\/\\\/www.weinfreunde.de\\\/magazin\\\/author\\\/joverheid\\\/\"}]}<\/script>\n<!-- \/ Yoast SEO plugin. -->","yoast_head_json":{"title":"Das richtige Weinglas macht den Unterschied!","description":"Vom Bordeaux-Glas \u00fcber Riesling-Gl\u00e4ser bis zum Champagner- und Sektglas - Weinfreund J\u00fcrgen gibt n\u00fctzliche Tipps!","robots":{"index":"index","follow":"follow","max-snippet":"max-snippet:-1","max-image-preview":"max-image-preview:large","max-video-preview":"max-video-preview:-1"},"canonical":"https:\/\/www.weinfreunde.de\/magazin\/weinwissen\/das-richtige-weinglas-macht-den-unterschied-haben-sie-den-durchblick\/","og_locale":"de_DE","og_type":"article","og_title":"Das richtige Weinglas macht den Unterschied!","og_description":"Vom Bordeaux-Glas \u00fcber Riesling-Gl\u00e4ser bis zum Champagner- und Sektglas - Weinfreund J\u00fcrgen gibt n\u00fctzliche Tipps!","og_url":"https:\/\/www.weinfreunde.de\/magazin\/weinwissen\/das-richtige-weinglas-macht-den-unterschied-haben-sie-den-durchblick\/","og_site_name":"Weinfreunde Magazin","article_publisher":"https:\/\/www.facebook.com\/weinfreunde.de","article_published_time":"2022-09-16T13:24:25+00:00","article_modified_time":"2025-05-13T11:48:17+00:00","og_image":[{"width":2048,"height":400,"url":"https:\/\/www.weinfreunde.de\/magazin\/wp-content\/uploads\/2016\/09\/160703_Header_Desktop_2560x500px_Retina-scaled.jpg","type":"image\/jpeg"}],"author":"J\u00fcrgen Overheid","twitter_card":"summary_large_image","twitter_misc":{"Written by":"J\u00fcrgen Overheid","Est. reading time":"7\u00a0Minuten"},"schema":{"@context":"https:\/\/schema.org","@graph":[{"@type":"Article","@id":"https:\/\/www.weinfreunde.de\/magazin\/weinwissen\/das-richtige-weinglas-macht-den-unterschied-haben-sie-den-durchblick\/#article","isPartOf":{"@id":"https:\/\/www.weinfreunde.de\/magazin\/weinwissen\/das-richtige-weinglas-macht-den-unterschied-haben-sie-den-durchblick\/"},"author":{"name":"J\u00fcrgen Overheid","@id":"https:\/\/www.weinfreunde.de\/magazin\/#\/schema\/person\/60ed8a321b3f585ffa0fcb9445b2159d"},"headline":"Das richtige Weinglas finden","datePublished":"2022-09-16T13:24:25+00:00","dateModified":"2025-05-13T11:48:17+00:00","mainEntityOfPage":{"@id":"https:\/\/www.weinfreunde.de\/magazin\/weinwissen\/das-richtige-weinglas-macht-den-unterschied-haben-sie-den-durchblick\/"},"wordCount":990,"publisher":{"@id":"https:\/\/www.weinfreunde.de\/magazin\/#organization"},"image":{"@id":"https:\/\/www.weinfreunde.de\/magazin\/weinwissen\/das-richtige-weinglas-macht-den-unterschied-haben-sie-den-durchblick\/#primaryimage"},"thumbnailUrl":"https:\/\/www.weinfreunde.de\/magazin\/wp-content\/uploads\/2016\/09\/160703_Header_Desktop_2560x500px_Retina-scaled.jpg","articleSection":["Weinschule"],"inLanguage":"de"},{"@type":"WebPage","@id":"https:\/\/www.weinfreunde.de\/magazin\/weinwissen\/das-richtige-weinglas-macht-den-unterschied-haben-sie-den-durchblick\/","url":"https:\/\/www.weinfreunde.de\/magazin\/weinwissen\/das-richtige-weinglas-macht-den-unterschied-haben-sie-den-durchblick\/","name":"Das richtige Weinglas macht den Unterschied!","isPartOf":{"@id":"https:\/\/www.weinfreunde.de\/magazin\/#website"},"primaryImageOfPage":{"@id":"https:\/\/www.weinfreunde.de\/magazin\/weinwissen\/das-richtige-weinglas-macht-den-unterschied-haben-sie-den-durchblick\/#primaryimage"},"image":{"@id":"https:\/\/www.weinfreunde.de\/magazin\/weinwissen\/das-richtige-weinglas-macht-den-unterschied-haben-sie-den-durchblick\/#primaryimage"},"thumbnailUrl":"https:\/\/www.weinfreunde.de\/magazin\/wp-content\/uploads\/2016\/09\/160703_Header_Desktop_2560x500px_Retina-scaled.jpg","datePublished":"2022-09-16T13:24:25+00:00","dateModified":"2025-05-13T11:48:17+00:00","description":"Vom Bordeaux-Glas \u00fcber Riesling-Gl\u00e4ser bis zum Champagner- und Sektglas - Weinfreund J\u00fcrgen gibt n\u00fctzliche Tipps!","breadcrumb":{"@id":"https:\/\/www.weinfreunde.de\/magazin\/weinwissen\/das-richtige-weinglas-macht-den-unterschied-haben-sie-den-durchblick\/#breadcrumb"},"inLanguage":"de","potentialAction":[{"@type":"ReadAction","target":["https:\/\/www.weinfreunde.de\/magazin\/weinwissen\/das-richtige-weinglas-macht-den-unterschied-haben-sie-den-durchblick\/"]}]},{"@type":"ImageObject","inLanguage":"de","@id":"https:\/\/www.weinfreunde.de\/magazin\/weinwissen\/das-richtige-weinglas-macht-den-unterschied-haben-sie-den-durchblick\/#primaryimage","url":"https:\/\/www.weinfreunde.de\/magazin\/wp-content\/uploads\/2016\/09\/160703_Header_Desktop_2560x500px_Retina-scaled.jpg","contentUrl":"https:\/\/www.weinfreunde.de\/magazin\/wp-content\/uploads\/2016\/09\/160703_Header_Desktop_2560x500px_Retina-scaled.jpg","width":2048,"height":400,"caption":"Das passende Weinglas"},{"@type":"BreadcrumbList","@id":"https:\/\/www.weinfreunde.de\/magazin\/weinwissen\/das-richtige-weinglas-macht-den-unterschied-haben-sie-den-durchblick\/#breadcrumb","itemListElement":[{"@type":"ListItem","position":1,"name":"Magazin","item":"https:\/\/www.weinfreunde.de\/magazin\/"},{"@type":"ListItem","position":2,"name":"Weinwissen","item":"https:\/\/www.weinfreunde.de\/magazin\/weinwissen\/"},{"@type":"ListItem","position":3,"name":"Weinschule","item":"https:\/\/www.weinfreunde.de\/magazin\/weinwissen\/weinschule\/"},{"@type":"ListItem","position":4,"name":"Das richtige Weinglas finden"}]},{"@type":"WebSite","@id":"https:\/\/www.weinfreunde.de\/magazin\/#website","url":"https:\/\/www.weinfreunde.de\/magazin\/","name":"Weinfreunde Magazin","description":"Dein Weinfreunde Magazin","publisher":{"@id":"https:\/\/www.weinfreunde.de\/magazin\/#organization"},"potentialAction":[{"@type":"SearchAction","target":{"@type":"EntryPoint","urlTemplate":"https:\/\/www.weinfreunde.de\/magazin\/?s={search_term_string}"},"query-input":{"@type":"PropertyValueSpecification","valueRequired":true,"valueName":"search_term_string"}}],"inLanguage":"de"},{"@type":"Organization","@id":"https:\/\/www.weinfreunde.de\/magazin\/#organization","name":"REWE Wein online GmbH | Weinfreunde","url":"https:\/\/www.weinfreunde.de\/magazin\/","logo":{"@type":"ImageObject","inLanguage":"de","@id":"https:\/\/www.weinfreunde.de\/magazin\/#\/schema\/logo\/image\/","url":"https:\/\/www.weinfreunde.de\/magazin\/wp-content\/uploads\/2019\/08\/WF_Logo_Vertikal_Claim_Schwarz-scaled.jpg.webp","contentUrl":"https:\/\/www.weinfreunde.de\/magazin\/wp-content\/uploads\/2019\/08\/WF_Logo_Vertikal_Claim_Schwarz-scaled.jpg.webp","width":2048,"height":1241,"caption":"REWE Wein online GmbH | Weinfreunde"},"image":{"@id":"https:\/\/www.weinfreunde.de\/magazin\/#\/schema\/logo\/image\/"},"sameAs":["https:\/\/www.facebook.com\/weinfreunde.de"]},{"@type":"Person","@id":"https:\/\/www.weinfreunde.de\/magazin\/#\/schema\/person\/60ed8a321b3f585ffa0fcb9445b2159d","name":"J\u00fcrgen Overheid","image":{"@type":"ImageObject","inLanguage":"de","@id":"https:\/\/secure.gravatar.com\/avatar\/3ca7a75cc34dd832b52b256932e1a76f8b1e85be7d089938a1a85fc8d59bb795?s=96&d=mm&r=g","url":"https:\/\/secure.gravatar.com\/avatar\/3ca7a75cc34dd832b52b256932e1a76f8b1e85be7d089938a1a85fc8d59bb795?s=96&d=mm&r=g","contentUrl":"https:\/\/secure.gravatar.com\/avatar\/3ca7a75cc34dd832b52b256932e1a76f8b1e85be7d089938a1a85fc8d59bb795?s=96&d=mm&r=g","caption":"J\u00fcrgen Overheid"},"description":"Geboren im Ruhrpott, in Hessen und im Rheinland studiert, hier Wurzeln geschlagen. Er ist unser Mann f\u00fcr Marketing-Kampagnen, unser Online-Magazin und s\u00e4mtliches Gedruckte. Er steht auf alles, was prickelt, auf wei\u00dfe Verf\u00fchrer aus Frankreich \u2013 am liebsten Chardonnay und Sauvignon Blanc \u2013 und ganz klassisch: auf italienische Rotweine.","sameAs":["https:\/\/www.weinfreunde.de"],"url":"https:\/\/www.weinfreunde.de\/magazin\/author\/joverheid\/"}]}},"_links":{"self":[{"href":"https:\/\/www.weinfreunde.de\/magazin\/wp-json\/wp\/v2\/posts\/1329","targetHints":{"allow":["GET"]}}],"collection":[{"href":"https:\/\/www.weinfreunde.de\/magazin\/wp-json\/wp\/v2\/posts"}],"about":[{"href":"https:\/\/www.weinfreunde.de\/magazin\/wp-json\/wp\/v2\/types\/post"}],"author":[{"embeddable":true,"href":"https:\/\/www.weinfreunde.de\/magazin\/wp-json\/wp\/v2\/users\/46"}],"replies":[{"embeddable":true,"href":"https:\/\/www.weinfreunde.de\/magazin\/wp-json\/wp\/v2\/comments?post=1329"}],"version-history":[{"count":6,"href":"https:\/\/www.weinfreunde.de\/magazin\/wp-json\/wp\/v2\/posts\/1329\/revisions"}],"predecessor-version":[{"id":13504,"href":"https:\/\/www.weinfreunde.de\/magazin\/wp-json\/wp\/v2\/posts\/1329\/revisions\/13504"}],"wp:featuredmedia":[{"embeddable":true,"href":"https:\/\/www.weinfreunde.de\/magazin\/wp-json\/wp\/v2\/media\/1343"}],"wp:attachment":[{"href":"https:\/\/www.weinfreunde.de\/magazin\/wp-json\/wp\/v2\/media?parent=1329"}],"wp:term":[{"taxonomy":"category","embeddable":true,"href":"https:\/\/www.weinfreunde.de\/magazin\/wp-json\/wp\/v2\/categories?post=1329"},{"taxonomy":"post_tag","embeddable":true,"href":"https:\/\/www.weinfreunde.de\/magazin\/wp-json\/wp\/v2\/tags?post=1329"}],"curies":[{"name":"wp","href":"https:\/\/api.w.org\/{rel}","templated":true}]}}