{"id":10626,"date":"2025-02-04T15:15:41","date_gmt":"2025-02-04T14:15:41","guid":{"rendered":"https:\/\/www.weinfreunde.de\/magazin\/?page_id=10626"},"modified":"2025-03-12T15:52:54","modified_gmt":"2025-03-12T14:52:54","slug":"welcher-wein-passt-zum-essen","status":"publish","type":"post","link":"https:\/\/www.weinfreunde.de\/magazin\/weinwissen\/welcher-wein-passt-zum-essen\/","title":{"rendered":"Wein und Essen"},"content":{"rendered":"<div id=\"pl-10626\"  class=\"panel-layout\" ><div id=\"pg-10626-0\"  class=\"panel-grid panel-no-style\" ><div id=\"pgc-10626-0-0\"  class=\"panel-grid-cell\" ><div id=\"panel-10626-0-0-0\" class=\"so-panel widget widget_wf_beitrag100_ panel-first-child\" data-index=\"0\" ><div\n\t\t\t\n\t\t\tclass=\"so-widget-wf_beitrag100_ so-widget-wf_beitrag100_-default-d75171398898-10626\"\n\t\t\t\n\t\t>    <div class=\"beitrag-titel\">\n        <h2>Wein und K\u00e4se<\/h2>\n    <\/div>\n\n    <a href=\"https:\/\/www.weinfreunde.de\/magazin\/weinwissen\/weine-und-kaese-traumpaar-aus-tradition\/\" class=\"beitrag beitrag-100\">\n        <div class=\"img\">\n            <img decoding=\"async\"\n                    src=\"https:\/\/www.weinfreunde.de\/magazin\/wp-content\/uploads\/2020\/10\/Magazin-Header_1280x650px_Wein_und_Kaese-667x446.png.webp\"\n                    srcset=\"\n                        https:\/\/www.weinfreunde.de\/magazin\/wp-content\/uploads\/2020\/10\/Magazin-Header_1280x650px_Wein_und_Kaese-1280x613.png.webp 2560w,\n                        https:\/\/www.weinfreunde.de\/magazin\/wp-content\/uploads\/2020\/10\/Magazin-Header_1280x650px_Wein_und_Kaese-1280x613.png.webp 1920w,\n                        https:\/\/www.weinfreunde.de\/magazin\/wp-content\/uploads\/2020\/10\/Magazin-Header_1280x650px_Wein_und_Kaese-1039x455.png.webp 1280w,\n                        https:\/\/www.weinfreunde.de\/magazin\/wp-content\/uploads\/2020\/10\/Magazin-Header_1280x650px_Wein_und_Kaese-842x370.png.webp 1024w,\n                        https:\/\/www.weinfreunde.de\/magazin\/wp-content\/uploads\/2020\/10\/Magazin-Header_1280x650px_Wein_und_Kaese-667x446.png.webp 768w,\n                        https:\/\/www.weinfreunde.de\/magazin\/wp-content\/uploads\/2020\/10\/Magazin-Header_1280x650px_Wein_und_Kaese-280x280.png.webp 320w\n                    \"\n                            sizes=\"\n                        (min-width: 2560px) 2560px,\n                        (min-width: 1920px) 1920px,\n                        (min-width: 1280px) 1280px,\n                        (min-width: 1024px) 1024px,\n                        (min-width: 768px) 768px,\n                        (min-width: 320px) 320px,   \n                    \"\n                    alt=\"Parmesan-K\u00e4seplatte\"\n                    loading=\"lazy\"\n            >\n            <div>&nbsp;<\/div>\n        <\/div>\n\n        <div class=\"terms\">\n            \n        <\/div>\n\n        <h3 class=\"title\">\n            Weine und K\u00e4se: Traumpaar aus Tradition\n        <\/h3>\n\n                    <div class=\"excerpt\">\n                                    Es ist der Klassiker der genussreichen P\u00e4rchenbildung, ob Hart- Schnitt- oder Schimmelk\u00e4se. F\u00fcr jedes Molkereiprodukt gibt es einen passenden Tropfen. Ein Bekenntnis zu Wein und K\u00e4se mit vielen Tipps.\n                            <\/div>\n\n            <div class=\"info\">\n                <span class=\"date\">\n                    Am 30. Oktober 2020\n                    &middot;\n                    von Stefan Behr\n                <\/span>\n            <\/div>\n            <\/a>\n\n<\/div><\/div><div id=\"panel-10626-0-0-1\" class=\"so-panel widget widget_sow-editor\" data-index=\"1\" ><div\n\t\t\t\n\t\t\tclass=\"so-widget-sow-editor so-widget-sow-editor-base\"\n\t\t\t\n\t\t>\n<div class=\"siteorigin-widget-tinymce textwidget\">\n\t<div><script id=\"letscast-player-754c80f9\" src=\"https:\/\/letscast.fm\/podcasts\/bei-anruf-wein-der-weinpodcast-0e704e2e\/episodes\/traumpaar-zum-geniessen-kaese-wein\/player.js\"><\/script><\/div>\n<\/div>\n<\/div><\/div><div id=\"panel-10626-0-0-2\" class=\"so-panel widget widget_block panel-last-child\" data-index=\"2\" ><br><\/div><\/div><\/div><div id=\"pg-10626-1\"  class=\"panel-grid panel-has-style\" ><div class=\"panel-row-style panel-row-style-for-10626-1\" ><div id=\"pgc-10626-1-0\"  class=\"panel-grid-cell\" ><div id=\"panel-10626-1-0-0\" class=\"so-panel widget widget_wf_beitrag100_ panel-first-child panel-last-child\" data-index=\"3\" ><div\n\t\t\t\n\t\t\tclass=\"so-widget-wf_beitrag100_ so-widget-wf_beitrag100_-default-d75171398898-10626\"\n\t\t\t\n\t\t>    <div class=\"beitrag-titel\">\n        <h2>Wein und Schokolade - ungew\u00f6hnliche Kombination<\/h2>\n    <\/div>\n\n    <a href=\"https:\/\/www.weinfreunde.de\/magazin\/weinwissen\/eine-versuchung-wert-wein-und-schokolade\/\" class=\"beitrag beitrag-100\">\n        <div class=\"img\">\n            <img decoding=\"async\"\n                    src=\"https:\/\/www.weinfreunde.de\/magazin\/wp-content\/uploads\/2017\/11\/Header_2560x500px-4-667x446.jpg\"\n                    srcset=\"\n                        https:\/\/www.weinfreunde.de\/magazin\/wp-content\/uploads\/2017\/11\/Header_2560x500px-4-1406x500.jpg 2560w,\n                        https:\/\/www.weinfreunde.de\/magazin\/wp-content\/uploads\/2017\/11\/Header_2560x500px-4-1406x500.jpg 1920w,\n                        https:\/\/www.weinfreunde.de\/magazin\/wp-content\/uploads\/2017\/11\/Header_2560x500px-4-1039x455.jpg 1280w,\n                        https:\/\/www.weinfreunde.de\/magazin\/wp-content\/uploads\/2017\/11\/Header_2560x500px-4-842x370.jpg 1024w,\n                        https:\/\/www.weinfreunde.de\/magazin\/wp-content\/uploads\/2017\/11\/Header_2560x500px-4-667x446.jpg 768w,\n                        https:\/\/www.weinfreunde.de\/magazin\/wp-content\/uploads\/2017\/11\/Header_2560x500px-4-280x280.jpg 320w\n                    \"\n                            sizes=\"\n                        (min-width: 2560px) 2560px,\n                        (min-width: 1920px) 1920px,\n                        (min-width: 1280px) 1280px,\n                        (min-width: 1024px) 1024px,\n                        (min-width: 768px) 768px,\n                        (min-width: 320px) 320px,   \n                    \"\n                    alt=\"Wein und Schokolade\"\n                    loading=\"lazy\"\n            >\n            <div>&nbsp;<\/div>\n        <\/div>\n\n        <div class=\"terms\">\n            \n        <\/div>\n\n        <h3 class=\"title\">\n            Eine Versuchung wert: Wein und Schokolade\n        <\/h3>\n\n                    <div class=\"excerpt\">\n                                    Wein und Schokolade klingt anfangs eventuell nach einer ungew\u00f6hnlichen Kombination. Auf den zweiten Blick r\u00fcckt aber die Verlockung in den Vordergrund. Worauf zu achten ist, damit ein harmonisches Pairing entsteht, erkl\u00e4ren wir dir. \n                            <\/div>\n\n            <div class=\"info\">\n                <span class=\"date\">\n                    Am 08. Dezember 2020\n                    &middot;\n                    von Theresa Weber\n                <\/span>\n            <\/div>\n            <\/a>\n\n<\/div><\/div><\/div><\/div><\/div><div id=\"pg-10626-2\"  class=\"panel-grid panel-no-style\" ><div id=\"pgc-10626-2-0\"  class=\"panel-grid-cell\" ><div id=\"panel-10626-2-0-0\" class=\"so-panel widget widget_wf_beitrag100_ panel-first-child panel-last-child\" data-index=\"4\" ><div\n\t\t\t\n\t\t\tclass=\"so-widget-wf_beitrag100_ so-widget-wf_beitrag100_-default-d75171398898-10626\"\n\t\t\t\n\t\t>    <div class=\"beitrag-titel\">\n        <h2>Wein zum Grillen<\/h2>\n    <\/div>\n\n    <a href=\"https:\/\/www.weinfreunde.de\/magazin\/weinwissen\/welcher-wein-zu-gegrilltem-passt-der-weinfreunde-grillwein-report\/\" class=\"beitrag beitrag-100\">\n        <div class=\"img\">\n            <img decoding=\"async\"\n                    src=\"https:\/\/www.weinfreunde.de\/magazin\/wp-content\/uploads\/2016\/07\/160703_Header_2560x500px_Grillweine-667x446.jpg\"\n                    srcset=\"\n                        https:\/\/www.weinfreunde.de\/magazin\/wp-content\/uploads\/2016\/07\/160703_Header_2560x500px_Grillweine-1406x500.jpg 2560w,\n                        https:\/\/www.weinfreunde.de\/magazin\/wp-content\/uploads\/2016\/07\/160703_Header_2560x500px_Grillweine-1406x500.jpg 1920w,\n                        https:\/\/www.weinfreunde.de\/magazin\/wp-content\/uploads\/2016\/07\/160703_Header_2560x500px_Grillweine-1039x455.jpg 1280w,\n                        https:\/\/www.weinfreunde.de\/magazin\/wp-content\/uploads\/2016\/07\/160703_Header_2560x500px_Grillweine-842x370.jpg 1024w,\n                        https:\/\/www.weinfreunde.de\/magazin\/wp-content\/uploads\/2016\/07\/160703_Header_2560x500px_Grillweine-667x446.jpg 768w,\n                        https:\/\/www.weinfreunde.de\/magazin\/wp-content\/uploads\/2016\/07\/160703_Header_2560x500px_Grillweine-280x280.jpg 320w\n                    \"\n                            sizes=\"\n                        (min-width: 2560px) 2560px,\n                        (min-width: 1920px) 1920px,\n                        (min-width: 1280px) 1280px,\n                        (min-width: 1024px) 1024px,\n                        (min-width: 768px) 768px,\n                        (min-width: 320px) 320px,   \n                    \"\n                    alt=\"\"\n                    loading=\"lazy\"\n            >\n            <div>&nbsp;<\/div>\n        <\/div>\n\n        <div class=\"terms\">\n            \n        <\/div>\n\n        <h3 class=\"title\">\n            Der Weinfreunde Grillwein-Report\n        <\/h3>\n\n                    <div class=\"excerpt\">\n                                    Rechtzeitig zum Start der Grillsaison macht sich unser Weinfreunde-Kollege und ambitionierter Hobbygriller, Sven Reinbold, dar\u00fcber Gedanken, mit welchen Weinen das gebrutzelte Grillgut zu genie\u00dfen ist. Dabei wird schnell klar, dass die begleitenden Weine den vielf\u00e4ltigen M\u00f6glichkeiten am Grill Rechnung tragen m\u00fcssen. \n                            <\/div>\n\n            <div class=\"info\">\n                <span class=\"date\">\n                    Am 03. Mai 2021\n                    &middot;\n                    von Sven Reinbold\n                <\/span>\n            <\/div>\n            <\/a>\n\n<\/div><\/div><\/div><\/div><div id=\"pg-10626-3\"  class=\"panel-grid panel-no-style\" ><div id=\"pgc-10626-3-0\"  class=\"panel-grid-cell\" ><div id=\"panel-10626-3-0-0\" class=\"so-panel widget widget_sow-editor panel-first-child panel-last-child\" data-index=\"5\" ><div\n\t\t\t\n\t\t\tclass=\"so-widget-sow-editor so-widget-sow-editor-base\"\n\t\t\t\n\t\t>\n<div class=\"siteorigin-widget-tinymce textwidget\">\n\t<div><script id=\"letscast-player-daa076f4\" src=\"https:\/\/letscast.fm\/podcasts\/bei-anruf-wein-der-weinpodcast-0e704e2e\/episodes\/weine-zum-barbecue-grill-gut\/player.js\"><\/script><\/div>\n<\/div>\n<\/div><\/div><\/div><\/div><div id=\"pg-10626-4\"  class=\"panel-grid panel-no-style\" ><div id=\"pgc-10626-4-0\"  class=\"panel-grid-cell\" ><div id=\"panel-10626-4-0-0\" class=\"so-panel widget widget_block panel-first-child panel-last-child\" data-index=\"6\" ><br><\/div><\/div><\/div><div id=\"pg-10626-5\"  class=\"panel-grid panel-no-style\" ><div id=\"pgc-10626-5-0\"  class=\"panel-grid-cell\" ><div id=\"panel-10626-5-0-0\" class=\"so-panel widget widget_wf_beitrag100_ panel-first-child\" data-index=\"7\" ><div\n\t\t\t\n\t\t\tclass=\"so-widget-wf_beitrag100_ so-widget-wf_beitrag100_-default-d75171398898-10626\"\n\t\t\t\n\t\t>    <div class=\"beitrag-titel\">\n        <h2>Dessertweine<\/h2>\n    <\/div>\n\n    <a href=\"https:\/\/www.weinfreunde.de\/magazin\/rund-um-wein\/dessertweine-und-ihre-vielfalt\/\" class=\"beitrag beitrag-100\">\n        <div class=\"img\">\n            <img decoding=\"async\"\n                    src=\"https:\/\/www.weinfreunde.de\/magazin\/wp-content\/uploads\/2023\/03\/Magazin-Header_1280x650px_dessertweine-667x446.png.webp\"\n                    srcset=\"\n                        https:\/\/www.weinfreunde.de\/magazin\/wp-content\/uploads\/2023\/03\/Magazin-Header_1280x650px_dessertweine-1280x613.png.webp 2560w,\n                        https:\/\/www.weinfreunde.de\/magazin\/wp-content\/uploads\/2023\/03\/Magazin-Header_1280x650px_dessertweine-1280x613.png.webp 1920w,\n                        https:\/\/www.weinfreunde.de\/magazin\/wp-content\/uploads\/2023\/03\/Magazin-Header_1280x650px_dessertweine-1039x455.png.webp 1280w,\n                        https:\/\/www.weinfreunde.de\/magazin\/wp-content\/uploads\/2023\/03\/Magazin-Header_1280x650px_dessertweine-842x370.png.webp 1024w,\n                        https:\/\/www.weinfreunde.de\/magazin\/wp-content\/uploads\/2023\/03\/Magazin-Header_1280x650px_dessertweine-667x446.png.webp 768w,\n                        https:\/\/www.weinfreunde.de\/magazin\/wp-content\/uploads\/2023\/03\/Magazin-Header_1280x650px_dessertweine-280x280.png.webp 320w\n                    \"\n                            sizes=\"\n                        (min-width: 2560px) 2560px,\n                        (min-width: 1920px) 1920px,\n                        (min-width: 1280px) 1280px,\n                        (min-width: 1024px) 1024px,\n                        (min-width: 768px) 768px,\n                        (min-width: 320px) 320px,   \n                    \"\n                    alt=\"Tiramisu\"\n                    loading=\"lazy\"\n            >\n            <div>&nbsp;<\/div>\n        <\/div>\n\n        <div class=\"terms\">\n            \n        <\/div>\n\n        <h3 class=\"title\">\n            Dessertweine und ihre Vielfalt\n        <\/h3>\n\n                    <div class=\"excerpt\">\n                                    Wie der Name schon vermuten l\u00e4sst, passen Dessertweine sehr gut zu Nachtisch. Dessert-, bzw. S\u00fc\u00dfweine eignen sich allerdings nicht nur perfekt zu Kuchen oder anderem Geb\u00e4ck. Auch in Kombination mit herzhaften Gerichten kann ein Dessertwein \u00fcberzeugen. \n                            <\/div>\n\n            <div class=\"info\">\n                <span class=\"date\">\n                    Am 24. M\u00e4rz 2023\n                    &middot;\n                    von Sven Reinbold\n                <\/span>\n            <\/div>\n            <\/a>\n\n<\/div><\/div><div id=\"panel-10626-5-0-1\" class=\"so-panel widget widget_rdss-wf-teaser panel-last-child\" data-index=\"8\" ><div\n\t\t\t\n\t\t\tclass=\"so-widget-rdss-wf-teaser so-widget-rdss-wf-teaser-default-d75171398898-10626\"\n\t\t\t\n\t\t><div class=\"shop-teaser\">\n    <a href=\"\/wein-zum-essen\/wein-zum-dessert\/?icid=magazin_pillar-page_wein-und-essen_dessertweine\">\n    <div class=\"image\" style=\"background-image: url('https:\/\/www.weinfreunde.de\/magazin\/wp-content\/uploads\/2016\/12\/magazin_1-1-image-gross1_dessert-mit-schaumwein_1500x800px-360x330.png.webp')\"><\/div>\n    <\/a>\n    <div class=\"title\">\n        <small>Onlineshop<\/small>\n        <strong>Dessertweine bei Weinfreunde.de bestellen<\/strong>\n                    <a href=\"\/wein-zum-essen\/wein-zum-dessert\/?icid=magazin_pillar-page_wein-und-essen_dessertweine\" class=\"btn\">Zum Shop<\/a>\n            <\/div>\n<\/div>\n<\/div><\/div><\/div><\/div><div id=\"pg-10626-6\"  class=\"panel-grid panel-has-style\" ><div class=\"panel-row-style panel-row-style-for-10626-6\" ><div id=\"pgc-10626-6-0\"  class=\"panel-grid-cell\" ><div id=\"panel-10626-6-0-0\" class=\"so-panel widget widget_wf_beitrag100_ panel-first-child\" data-index=\"9\" ><div\n\t\t\t\n\t\t\tclass=\"so-widget-wf_beitrag100_ so-widget-wf_beitrag100_-default-d75171398898-10626\"\n\t\t\t\n\t\t>    <div class=\"beitrag-titel\">\n        <h2>Wein und Essen<\/h2>\n    <\/div>\n\n    <a href=\"https:\/\/www.weinfreunde.de\/magazin\/weinwissen\/spargelwein-welcher-wein-zu-spargel-passt\/\" class=\"beitrag beitrag-100\">\n        <div class=\"img\">\n            <img decoding=\"async\"\n                    src=\"https:\/\/www.weinfreunde.de\/magazin\/wp-content\/uploads\/2016\/07\/160703_Header_2560x500px_Spargelweine-667x446.jpg\"\n                    srcset=\"\n                        https:\/\/www.weinfreunde.de\/magazin\/wp-content\/uploads\/2016\/07\/160703_Header_2560x500px_Spargelweine-1406x500.jpg 2560w,\n                        https:\/\/www.weinfreunde.de\/magazin\/wp-content\/uploads\/2016\/07\/160703_Header_2560x500px_Spargelweine-1406x500.jpg 1920w,\n                        https:\/\/www.weinfreunde.de\/magazin\/wp-content\/uploads\/2016\/07\/160703_Header_2560x500px_Spargelweine-1039x455.jpg 1280w,\n                        https:\/\/www.weinfreunde.de\/magazin\/wp-content\/uploads\/2016\/07\/160703_Header_2560x500px_Spargelweine-842x370.jpg 1024w,\n                        https:\/\/www.weinfreunde.de\/magazin\/wp-content\/uploads\/2016\/07\/160703_Header_2560x500px_Spargelweine-667x446.jpg 768w,\n                        https:\/\/www.weinfreunde.de\/magazin\/wp-content\/uploads\/2016\/07\/160703_Header_2560x500px_Spargelweine-280x280.jpg 320w\n                    \"\n                            sizes=\"\n                        (min-width: 2560px) 2560px,\n                        (min-width: 1920px) 1920px,\n                        (min-width: 1280px) 1280px,\n                        (min-width: 1024px) 1024px,\n                        (min-width: 768px) 768px,\n                        (min-width: 320px) 320px,   \n                    \"\n                    alt=\"Spargel\"\n                    loading=\"lazy\"\n            >\n            <div>&nbsp;<\/div>\n        <\/div>\n\n        <div class=\"terms\">\n            \n        <\/div>\n\n        <h3 class=\"title\">\n            Spargelwein: Welcher Wein zu Spargel passt\n        <\/h3>\n\n                    <div class=\"excerpt\">\n                                    Bekanntlich gibt es einen astronomischen und einen meteorologischen Fr\u00fchlingsanfang. Doch in Deutschland braucht man weder den Blick in die Sterne noch auf die Wetterkarte: Man wartet einfach auf den ersten wei\u00dfen Spargel. Fehlt nur noch der passende Wein zu Spargel.\n                            <\/div>\n\n            <div class=\"info\">\n                <span class=\"date\">\n                    Am 06. Mai 2020\n                    &middot;\n                    von Sven Reinbold\n                <\/span>\n            <\/div>\n            <\/a>\n\n<\/div><\/div><div id=\"panel-10626-6-0-1\" class=\"so-panel widget widget_wf_beitrag50_\" data-index=\"10\" ><div\n\t\t\t\n\t\t\tclass=\"so-widget-wf_beitrag50_ so-widget-wf_beitrag50_-default-d75171398898-10626\"\n\t\t\t\n\t\t>\n<div class=\"beitrag50\">\n    <a href=\"https:\/\/www.weinfreunde.de\/magazin\/frag-die-weinfreunde\/welcher-wein-zu-pasta\/\" class=\"beitrag beitrag-50\">\n        <div class=\"img\">\n            <img decoding=\"async\"\n                    src=\"https:\/\/www.weinfreunde.de\/magazin\/wp-content\/uploads\/2021\/06\/magazin_header_2560x500px-320x211.jpg.webp\"\n                    srcset=\"\n                        https:\/\/www.weinfreunde.de\/magazin\/wp-content\/uploads\/2021\/06\/magazin_header_2560x500px-674x448.jpg.webp 2560w,\n                        https:\/\/www.weinfreunde.de\/magazin\/wp-content\/uploads\/2021\/06\/magazin_header_2560x500px-674x448.jpg.webp 1920w,\n                        https:\/\/www.weinfreunde.de\/magazin\/wp-content\/uploads\/2021\/06\/magazin_header_2560x500px-505x337.jpg.webp 1280w,\n                        https:\/\/www.weinfreunde.de\/magazin\/wp-content\/uploads\/2021\/06\/magazin_header_2560x500px-409x273.jpg.webp 1024w,\n                        https:\/\/www.weinfreunde.de\/magazin\/wp-content\/uploads\/2021\/06\/magazin_header_2560x500px-320x211.jpg.webp 768w,\n                        https:\/\/www.weinfreunde.de\/magazin\/wp-content\/uploads\/2021\/06\/magazin_header_2560x500px-267x200.jpg.webp 320w\n                    \"\n                    sizes=\"\n                        (max-width: 320px) 320w,\n                        (max-width: 768px) 768w,\n                        (max-width: 1024px) 1024w,\n                        (max-width: 1280px) 1280w,\n                        (max-width: 1920px) 1920w,\n                        2560w\n                    \"\n                    alt=\"Wein zu Pasta\"\n                    loading=\"lazy\"\n            >\n            <div>&nbsp;<\/div>\n        <\/div>\n\n        <div class=\"terms\">\n            \n        <\/div>\n\n        <h3 class=\"title\">\n            Welcher Wein zu Pasta?\n        <\/h3>\n\n                    <div class=\"excerpt\">\n                                    Es erreichte uns die Frage welche Weine besonders gut zu Pasta passen. Hierf\u00fcr muss nat\u00fcrlich zuerst gesagt werden - die Nudelsorte an sich ist nicht entscheidend f\u00fcr den idealen Wein, eher die Sauce. Wir schauen genauer drauf und pr\u00e4sentieren euch ein einfaches 1x1 bei der perfekten Weinauswahl.\n                            <\/div>\n\n            <div class=\"info\">\n                <span class=\"date\">\n                    Am 09. Juni 2021\n                    &middot;\n                    von Sven Reinbold\n                <\/span>\n            <\/div>\n            <\/a>\n    <a href=\"https:\/\/www.weinfreunde.de\/magazin\/weinwissen\/pizza-und-wein-das-muss-sein\/\" class=\"beitrag beitrag-50\">\n        <div class=\"img\">\n            <img decoding=\"async\"\n                    src=\"https:\/\/www.weinfreunde.de\/magazin\/wp-content\/uploads\/2018\/05\/Header_2560x500px-4-320x211.jpg\"\n                    srcset=\"\n                        https:\/\/www.weinfreunde.de\/magazin\/wp-content\/uploads\/2018\/05\/Header_2560x500px-4-674x448.jpg 2560w,\n                        https:\/\/www.weinfreunde.de\/magazin\/wp-content\/uploads\/2018\/05\/Header_2560x500px-4-674x448.jpg 1920w,\n                        https:\/\/www.weinfreunde.de\/magazin\/wp-content\/uploads\/2018\/05\/Header_2560x500px-4-505x337.jpg 1280w,\n                        https:\/\/www.weinfreunde.de\/magazin\/wp-content\/uploads\/2018\/05\/Header_2560x500px-4-409x273.jpg 1024w,\n                        https:\/\/www.weinfreunde.de\/magazin\/wp-content\/uploads\/2018\/05\/Header_2560x500px-4-320x211.jpg 768w,\n                        https:\/\/www.weinfreunde.de\/magazin\/wp-content\/uploads\/2018\/05\/Header_2560x500px-4-267x200.jpg 320w\n                    \"\n                    sizes=\"\n                        (max-width: 320px) 320w,\n                        (max-width: 768px) 768w,\n                        (max-width: 1024px) 1024w,\n                        (max-width: 1280px) 1280w,\n                        (max-width: 1920px) 1920w,\n                        2560w\n                    \"\n                    alt=\"Wein &amp; Pizza\"\n                    loading=\"lazy\"\n            >\n            <div>&nbsp;<\/div>\n        <\/div>\n\n        <div class=\"terms\">\n            \n        <\/div>\n\n        <h3 class=\"title\">\n            Pizza und Wein, das muss sein!\n        <\/h3>\n\n                    <div class=\"excerpt\">\n                                    Wenn es um Pizza geht, ist unser Weinfreund Daniel M\u00fcnster gleich Feuer und Flamme. Es gibt also keinen besseren, der uns bei der Frage weiterhelfen kann: Welcher Wein passt zur Pizza?\n                            <\/div>\n\n            <div class=\"info\">\n                <span class=\"date\">\n                    Am 30. Mai 2018\n                    &middot;\n                    von Theresa Weber\n                <\/span>\n            <\/div>\n            <\/a>\n<\/div>\n<\/div><\/div><div id=\"panel-10626-6-0-2\" class=\"so-panel widget widget_wf_beitrag100_\" data-index=\"11\" ><div\n\t\t\t\n\t\t\tclass=\"so-widget-wf_beitrag100_ so-widget-wf_beitrag100_-default-d75171398898-10626\"\n\t\t\t\n\t\t>\n    <a href=\"https:\/\/www.weinfreunde.de\/magazin\/weinwissen\/belaemmerte-weinempfehlung-welcher-wein-passt-zu-lammfleisch\/\" class=\"beitrag beitrag-100\">\n        <div class=\"img\">\n            <img decoding=\"async\"\n                    src=\"https:\/\/www.weinfreunde.de\/magazin\/wp-content\/uploads\/2018\/06\/Header_2560x500px-3-667x446.jpg\"\n                    srcset=\"\n                        https:\/\/www.weinfreunde.de\/magazin\/wp-content\/uploads\/2018\/06\/Header_2560x500px-3-1406x500.jpg 2560w,\n                        https:\/\/www.weinfreunde.de\/magazin\/wp-content\/uploads\/2018\/06\/Header_2560x500px-3-1406x500.jpg 1920w,\n                        https:\/\/www.weinfreunde.de\/magazin\/wp-content\/uploads\/2018\/06\/Header_2560x500px-3-1039x455.jpg 1280w,\n                        https:\/\/www.weinfreunde.de\/magazin\/wp-content\/uploads\/2018\/06\/Header_2560x500px-3-842x370.jpg 1024w,\n                        https:\/\/www.weinfreunde.de\/magazin\/wp-content\/uploads\/2018\/06\/Header_2560x500px-3-667x446.jpg 768w,\n                        https:\/\/www.weinfreunde.de\/magazin\/wp-content\/uploads\/2018\/06\/Header_2560x500px-3-280x280.jpg 320w\n                    \"\n                            sizes=\"\n                        (min-width: 2560px) 2560px,\n                        (min-width: 1920px) 1920px,\n                        (min-width: 1280px) 1280px,\n                        (min-width: 1024px) 1024px,\n                        (min-width: 768px) 768px,\n                        (min-width: 320px) 320px,   \n                    \"\n                    alt=\"Lamm und Wein\"\n                    loading=\"lazy\"\n            >\n            <div>&nbsp;<\/div>\n        <\/div>\n\n        <div class=\"terms\">\n            \n        <\/div>\n\n        <h3 class=\"title\">\n            Bel\u00e4mmerte Weinempfehlung: Welcher Wein passt zu Lammfleisch?\n        <\/h3>\n\n                    <div class=\"excerpt\">\n                                    Lamm ist in, darin sind sich alle einig \u2013 auf dem Grill, in der Pfanne und im Ofen. Aber bei der Auswahl des Weines zum Lamm ist es mit der Einigkeit auch schon vorbei. Deshalb erkl\u00e4rt uns Weinfreund Jochen Pfadler noch einmal, warum welcher Wein zum Lamm passt.\r\n\n                            <\/div>\n\n            <div class=\"info\">\n                <span class=\"date\">\n                    Am 25. Juli 2018\n                    &middot;\n                    von Weinfreunde\n                <\/span>\n            <\/div>\n            <\/a>\n\n<\/div><\/div><div id=\"panel-10626-6-0-3\" class=\"so-panel widget widget_sow-editor\" data-index=\"12\" ><div\n\t\t\t\n\t\t\tclass=\"so-widget-sow-editor so-widget-sow-editor-base\"\n\t\t\t\n\t\t>\n<div class=\"siteorigin-widget-tinymce textwidget\">\n\t<div><script id=\"letscast-player-6c61359b\" src=\"https:\/\/letscast.fm\/podcasts\/bei-anruf-wein-der-weinpodcast-0e704e2e\/episodes\/alexander-herrmann-mit-vinophilem-freestyle-menue\/player.js\"><\/script><\/div>\n<\/div>\n<\/div><\/div><div id=\"panel-10626-6-0-4\" class=\"so-panel widget widget_block\" data-index=\"13\" ><br><\/div><div id=\"panel-10626-6-0-5\" class=\"so-panel widget widget_wf_beitrag50_\" data-index=\"14\" ><div\n\t\t\t\n\t\t\tclass=\"so-widget-wf_beitrag50_ so-widget-wf_beitrag50_-default-d75171398898-10626\"\n\t\t\t\n\t\t>\n<div class=\"beitrag50\">\n    <a href=\"https:\/\/www.weinfreunde.de\/magazin\/frag-die-weinfreunde\/welcher-wein-passt-zu-fisch\/\" class=\"beitrag beitrag-50\">\n        <div class=\"img\">\n            <img decoding=\"async\"\n                    src=\"https:\/\/www.weinfreunde.de\/magazin\/wp-content\/uploads\/2020\/12\/shutterstock_570116380_LZ-1-320x211.jpg.webp\"\n                    srcset=\"\n                        https:\/\/www.weinfreunde.de\/magazin\/wp-content\/uploads\/2020\/12\/shutterstock_570116380_LZ-1-674x448.jpg.webp 2560w,\n                        https:\/\/www.weinfreunde.de\/magazin\/wp-content\/uploads\/2020\/12\/shutterstock_570116380_LZ-1-674x448.jpg.webp 1920w,\n                        https:\/\/www.weinfreunde.de\/magazin\/wp-content\/uploads\/2020\/12\/shutterstock_570116380_LZ-1-505x337.jpg.webp 1280w,\n                        https:\/\/www.weinfreunde.de\/magazin\/wp-content\/uploads\/2020\/12\/shutterstock_570116380_LZ-1-409x273.jpg.webp 1024w,\n                        https:\/\/www.weinfreunde.de\/magazin\/wp-content\/uploads\/2020\/12\/shutterstock_570116380_LZ-1-320x211.jpg.webp 768w,\n                        https:\/\/www.weinfreunde.de\/magazin\/wp-content\/uploads\/2020\/12\/shutterstock_570116380_LZ-1-267x200.jpg.webp 320w\n                    \"\n                    sizes=\"\n                        (max-width: 320px) 320w,\n                        (max-width: 768px) 768w,\n                        (max-width: 1024px) 1024w,\n                        (max-width: 1280px) 1280w,\n                        (max-width: 1920px) 1920w,\n                        2560w\n                    \"\n                    alt=\"Lachs\"\n                    loading=\"lazy\"\n            >\n            <div>&nbsp;<\/div>\n        <\/div>\n\n        <div class=\"terms\">\n            \n        <\/div>\n\n        <h3 class=\"title\">\n            Welcher Wein passt zu Fisch?\n        <\/h3>\n\n                    <div class=\"excerpt\">\n                                    Zu Fischgerichten eignet sich am besten Wei\u00dfwein. Rotweine k\u00f6nnten die vergleichsweise feine Aromatik des Fischs \u00fcberdecken. Des Weiteren k\u00f6nnen die Tannine im Rotwein im Zusammenwirken mit Fisch\u00f6l einen metallischen Geschmack im Mund verursachen.\n                            <\/div>\n\n            <div class=\"info\">\n                <span class=\"date\">\n                    Am 10. Dezember 2020\n                    &middot;\n                    von J\u00fcrgen Overheid\n                <\/span>\n            <\/div>\n            <\/a>\n    <a href=\"https:\/\/www.weinfreunde.de\/magazin\/weinwissen\/meer-als-passend-sushi-und-wein\/\" class=\"beitrag beitrag-50\">\n        <div class=\"img\">\n            <img decoding=\"async\"\n                    src=\"https:\/\/www.weinfreunde.de\/magazin\/wp-content\/uploads\/2018\/01\/Header_2560x500px-320x211.jpg\"\n                    srcset=\"\n                        https:\/\/www.weinfreunde.de\/magazin\/wp-content\/uploads\/2018\/01\/Header_2560x500px-674x448.jpg 2560w,\n                        https:\/\/www.weinfreunde.de\/magazin\/wp-content\/uploads\/2018\/01\/Header_2560x500px-674x448.jpg 1920w,\n                        https:\/\/www.weinfreunde.de\/magazin\/wp-content\/uploads\/2018\/01\/Header_2560x500px-505x337.jpg 1280w,\n                        https:\/\/www.weinfreunde.de\/magazin\/wp-content\/uploads\/2018\/01\/Header_2560x500px-409x273.jpg 1024w,\n                        https:\/\/www.weinfreunde.de\/magazin\/wp-content\/uploads\/2018\/01\/Header_2560x500px-320x211.jpg 768w,\n                        https:\/\/www.weinfreunde.de\/magazin\/wp-content\/uploads\/2018\/01\/Header_2560x500px-267x200.jpg 320w\n                    \"\n                    sizes=\"\n                        (max-width: 320px) 320w,\n                        (max-width: 768px) 768w,\n                        (max-width: 1024px) 1024w,\n                        (max-width: 1280px) 1280w,\n                        (max-width: 1920px) 1920w,\n                        2560w\n                    \"\n                    alt=\"Sushi Wein\"\n                    loading=\"lazy\"\n            >\n            <div>&nbsp;<\/div>\n        <\/div>\n\n        <div class=\"terms\">\n            \n        <\/div>\n\n        <h3 class=\"title\">\n            Mehr als passend: Sushi und Wein\n        <\/h3>\n\n                    <div class=\"excerpt\">\n                                    Weinfreund J\u00fcrgen Overheid begibt sich gedanklich in das Reich der aufgehenden Sonne. Im Gep\u00e4ck: Feinste Tropfen aus Spanien, Deutschland und Neuseeland. Kulturschock oder tolle Paarung: Sushi und Wein?\n                            <\/div>\n\n            <div class=\"info\">\n                <span class=\"date\">\n                    Am 11. Januar 2018\n                    &middot;\n                    von J\u00fcrgen Overheid\n                <\/span>\n            <\/div>\n            <\/a>\n<\/div>\n<\/div><\/div><div id=\"panel-10626-6-0-6\" class=\"so-panel widget widget_wf_beitrag100_ panel-last-child\" data-index=\"15\" ><div\n\t\t\t\n\t\t\tclass=\"so-widget-wf_beitrag100_ so-widget-wf_beitrag100_-default-d75171398898-10626\"\n\t\t\t\n\t\t>\n    <a href=\"https:\/\/www.weinfreunde.de\/magazin\/weinwissen\/wild-und-wein\/\" class=\"beitrag beitrag-100\">\n        <div class=\"img\">\n            <img decoding=\"async\"\n                    src=\"https:\/\/www.weinfreunde.de\/magazin\/wp-content\/uploads\/2019\/11\/Header_2560x500px-5-667x446.jpg.webp\"\n                    srcset=\"\n                        https:\/\/www.weinfreunde.de\/magazin\/wp-content\/uploads\/2019\/11\/Header_2560x500px-5-1406x500.jpg.webp 2560w,\n                        https:\/\/www.weinfreunde.de\/magazin\/wp-content\/uploads\/2019\/11\/Header_2560x500px-5-1406x500.jpg.webp 1920w,\n                        https:\/\/www.weinfreunde.de\/magazin\/wp-content\/uploads\/2019\/11\/Header_2560x500px-5-1039x455.jpg.webp 1280w,\n                        https:\/\/www.weinfreunde.de\/magazin\/wp-content\/uploads\/2019\/11\/Header_2560x500px-5-842x370.jpg.webp 1024w,\n                        https:\/\/www.weinfreunde.de\/magazin\/wp-content\/uploads\/2019\/11\/Header_2560x500px-5-667x446.jpg.webp 768w,\n                        https:\/\/www.weinfreunde.de\/magazin\/wp-content\/uploads\/2019\/11\/Header_2560x500px-5-280x280.jpg.webp 320w\n                    \"\n                            sizes=\"\n                        (min-width: 2560px) 2560px,\n                        (min-width: 1920px) 1920px,\n                        (min-width: 1280px) 1280px,\n                        (min-width: 1024px) 1024px,\n                        (min-width: 768px) 768px,\n                        (min-width: 320px) 320px,   \n                    \"\n                    alt=\"Wein zu Wild\"\n                    loading=\"lazy\"\n            >\n            <div>&nbsp;<\/div>\n        <\/div>\n\n        <div class=\"terms\">\n            \n        <\/div>\n\n        <h3 class=\"title\">\n            Wild und Wein - das muss sein!\n        <\/h3>\n\n                    <div class=\"excerpt\">\n                                    Viele Weinfreunde entscheiden sich f\u00fcr Wildgerichte im Herbst und Winter. Es dr\u00e4ngt sich daher h\u00e4ufig die Frage auf - welcher Wein passt zu Wild? Wir zeigen Ihnen die passende Weinbegleitung zu Wildschein, Reh und Co.\n                            <\/div>\n\n            <div class=\"info\">\n                <span class=\"date\">\n                    Am 10. November 2020\n                    &middot;\n                    von Stefan Behr\n                <\/span>\n            <\/div>\n            <\/a>\n\n<\/div><\/div><\/div><\/div><\/div><div id=\"pg-10626-7\"  class=\"panel-grid panel-no-style\" ><div id=\"pgc-10626-7-0\"  class=\"panel-grid-cell\" ><div id=\"panel-10626-7-0-0\" class=\"so-panel widget widget_wf_beitrag50_ panel-first-child panel-last-child\" data-index=\"16\" ><div\n\t\t\t\n\t\t\tclass=\"so-widget-wf_beitrag50_ so-widget-wf_beitrag50_-default-d75171398898-10626\"\n\t\t\t\n\t\t>    <div class=\"beitrag-titel\">\n        <h2>Rund um Wein<\/h2>\n    <\/div>\n\n<div class=\"beitrag50\">\n    <a href=\"https:\/\/www.weinfreunde.de\/magazin\/weinwissen\/kochwein-ganz-schoen-abgebrueht\/\" class=\"beitrag beitrag-50\">\n        <div class=\"img\">\n            <img decoding=\"async\"\n                    src=\"https:\/\/www.weinfreunde.de\/magazin\/wp-content\/uploads\/2023\/04\/Magazin-Header_1280x650px_Kochwein-320x211.png.webp\"\n                    srcset=\"\n                        https:\/\/www.weinfreunde.de\/magazin\/wp-content\/uploads\/2023\/04\/Magazin-Header_1280x650px_Kochwein-674x448.png.webp 2560w,\n                        https:\/\/www.weinfreunde.de\/magazin\/wp-content\/uploads\/2023\/04\/Magazin-Header_1280x650px_Kochwein-674x448.png.webp 1920w,\n                        https:\/\/www.weinfreunde.de\/magazin\/wp-content\/uploads\/2023\/04\/Magazin-Header_1280x650px_Kochwein-505x337.png.webp 1280w,\n                        https:\/\/www.weinfreunde.de\/magazin\/wp-content\/uploads\/2023\/04\/Magazin-Header_1280x650px_Kochwein-409x273.png.webp 1024w,\n                        https:\/\/www.weinfreunde.de\/magazin\/wp-content\/uploads\/2023\/04\/Magazin-Header_1280x650px_Kochwein-320x211.png.webp 768w,\n                        https:\/\/www.weinfreunde.de\/magazin\/wp-content\/uploads\/2023\/04\/Magazin-Header_1280x650px_Kochwein-267x200.png.webp 320w\n                    \"\n                    sizes=\"\n                        (max-width: 320px) 320w,\n                        (max-width: 768px) 768w,\n                        (max-width: 1024px) 1024w,\n                        (max-width: 1280px) 1280w,\n                        (max-width: 1920px) 1920w,\n                        2560w\n                    \"\n                    alt=\"Kochen mit Wei\u00dfwein\"\n                    loading=\"lazy\"\n            >\n            <div>&nbsp;<\/div>\n        <\/div>\n\n        <div class=\"terms\">\n            \n        <\/div>\n\n        <h3 class=\"title\">\n            Kochwein: Ganz sch\u00f6n abgebr\u00fcht\n        <\/h3>\n\n                    <div class=\"excerpt\">\n                                    Wein und Essen gehen miteinander einher. Allerdings dient der Wein h\u00e4ufig nicht nur als Begleitung zum Essen und rundet damit eine Mahlzeit ab. H\u00e4ufig fungiert Wein auch als Kochwein und wird somit zu einer Zutat beim Zubereiten von verschiedenen Gerichten.\n                            <\/div>\n\n            <div class=\"info\">\n                <span class=\"date\">\n                    Am 18. April 2023\n                    &middot;\n                    von Sven Reinbold\n                <\/span>\n            <\/div>\n            <\/a>\n    <a href=\"https:\/\/www.weinfreunde.de\/magazin\/frag-die-weinfreunde\/welches-wasser-passt-zum-wein\/\" class=\"beitrag beitrag-50\">\n        <div class=\"img\">\n            <img decoding=\"async\"\n                    src=\"https:\/\/www.weinfreunde.de\/magazin\/wp-content\/uploads\/2020\/02\/GettyImages_831357556_LZ-320x211.jpg.webp\"\n                    srcset=\"\n                        https:\/\/www.weinfreunde.de\/magazin\/wp-content\/uploads\/2020\/02\/GettyImages_831357556_LZ-674x448.jpg.webp 2560w,\n                        https:\/\/www.weinfreunde.de\/magazin\/wp-content\/uploads\/2020\/02\/GettyImages_831357556_LZ-674x448.jpg.webp 1920w,\n                        https:\/\/www.weinfreunde.de\/magazin\/wp-content\/uploads\/2020\/02\/GettyImages_831357556_LZ-505x337.jpg.webp 1280w,\n                        https:\/\/www.weinfreunde.de\/magazin\/wp-content\/uploads\/2020\/02\/GettyImages_831357556_LZ-409x273.jpg.webp 1024w,\n                        https:\/\/www.weinfreunde.de\/magazin\/wp-content\/uploads\/2020\/02\/GettyImages_831357556_LZ-320x211.jpg.webp 768w,\n                        https:\/\/www.weinfreunde.de\/magazin\/wp-content\/uploads\/2020\/02\/GettyImages_831357556_LZ-267x200.jpg.webp 320w\n                    \"\n                    sizes=\"\n                        (max-width: 320px) 320w,\n                        (max-width: 768px) 768w,\n                        (max-width: 1024px) 1024w,\n                        (max-width: 1280px) 1280w,\n                        (max-width: 1920px) 1920w,\n                        2560w\n                    \"\n                    alt=\"\"\n                    loading=\"lazy\"\n            >\n            <div>&nbsp;<\/div>\n        <\/div>\n\n        <div class=\"terms\">\n            \n        <\/div>\n\n        <h3 class=\"title\">\n            Welches Wasser passt zum Wein?\n        <\/h3>\n\n                    <div class=\"excerpt\">\n                                    Welches Wasser ist der ideale Begleiter f\u00fcr eine Weinprobe? Und kann das falsche Wasser den Geschmack tats\u00e4chlich beeintr\u00e4chtigen? Isabell beantwortet die gro\u00dfe Frage rund um das Thema Wasser zum Wein.\n                            <\/div>\n\n            <div class=\"info\">\n                <span class=\"date\">\n                    Am 03. Februar 2020\n                    &middot;\n                    von Theresa Weber\n                <\/span>\n            <\/div>\n            <\/a>\n<\/div>\n<\/div><\/div><\/div><\/div><div id=\"pg-10626-8\"  class=\"panel-grid panel-no-style\" ><div id=\"pgc-10626-8-0\"  class=\"panel-grid-cell\" ><div id=\"panel-10626-8-0-0\" class=\"so-panel widget widget_sow-editor panel-first-child panel-last-child\" data-index=\"17\" ><div\n\t\t\t\n\t\t\tclass=\"so-widget-sow-editor so-widget-sow-editor-base\"\n\t\t\t\n\t\t><h3 class=\"widget-title\">Weine bei Weinfreunde bestellen<\/h3>\n<div class=\"siteorigin-widget-tinymce textwidget\">\n\t<div class=\"product-slider\" id=\"_prodSlider69efa1a43f6e6\">\n\t\t\n\t<div class=\"slide-area\">\n\t\t<div class=\"slides\">\n\t\t\t\t\t\t\t<div class=\"slide\">\n\t\t\t\t\t\t\t\t\t\t\t<a class=\"product\" href=\"https:\/\/www.weinfreunde.de\/p\/falco-da-raza-arinto-vinho-verde-quinta-da-raza\/?ecid=int_magazin_nn_nn_nn_nn_nn_nn\" target=\"_blank\">\n\t\t\t\t\t\t\t\t\t\t\t<div class=\"image\">\n\t\t\t\t\t\t\t<div\n                                    class=\"bg\"\n                                    style=\"background-image: url(https:\/\/10b644692e76ab15cf59-eaadbe2afc1f47d8740ca8f676f7fe70.ssl.cf3.rackcdn.com\/2000010023+_900v-sak0z1_w.png);\"\n                            ><\/div>\n\t\t\t\t\t\t<\/div>\n\t\t\t\t\t\t<div class=\"c\">\n\t\t\t\t\t\t\t<div class=\"title\">Falco da Raza Arinto Vinho Verde 2023<\/div>\n\t\t\t\t\t\t\t<div class=\"brand\">Quinta da Raza<\/div>\n\t\t\t\t\t\t\t\t\t\t\t\t\t\t\t<div class=\"details\">\n\t\t\t\t\t\t\t\t\t\t\t\t\t\t\t\t\t\t\t<div>Wei\u00dfwein<\/div>\n\t\t\t\t\t\t\t\t\t\t\t\t\t\t\t\t\t\t\t<div>Arinto<\/div>\n\t\t\t\t\t\t\t\t\t\t\t\t\t\t\t\t\t\t\t<div>Vinho Verde<\/div>\n\t\t\t\t\t\t\t\t\t\t\t\t\t\t\t\t\t<\/div>\n\t\t\t\t\t\t\t\t\t\t\t\t\t<\/div>\n\t\t\t\t\t<\/a>\n\t\t\t\t<\/div>\n\t\t\t\t\t\t\t<div class=\"slide\">\n\t\t\t\t\t\t\t\t\t\t\t<a class=\"product\" href=\"https:\/\/www.weinfreunde.de\/p\/signature-chenin-blanc-spier\/?ecid=int_magazin_nn_nn_nn_nn_nn_nn\" target=\"_blank\">\n\t\t\t\t\t\t\t\t\t\t\t<div class=\"image\">\n\t\t\t\t\t\t\t<div\n                                    class=\"bg\"\n                                    style=\"background-image: url(https:\/\/images.cdn.europe-west1.gcp.commercetools.com\/c465d296-b9b4-4e2d-afd0-6980caa08886\/2000010027_900v-Ya6jsqJZ.png);\"\n                            ><\/div>\n\t\t\t\t\t\t<\/div>\n\t\t\t\t\t\t<div class=\"c\">\n\t\t\t\t\t\t\t<div class=\"title\">Signature Chenin Blanc 2024<\/div>\n\t\t\t\t\t\t\t<div class=\"brand\">Spier<\/div>\n\t\t\t\t\t\t\t\t\t\t\t\t\t\t\t<div class=\"details\">\n\t\t\t\t\t\t\t\t\t\t\t\t\t\t\t\t\t\t\t<div>Wei\u00dfwein<\/div>\n\t\t\t\t\t\t\t\t\t\t\t\t\t\t\t\t\t\t\t<div>Chenin Blanc<\/div>\n\t\t\t\t\t\t\t\t\t\t\t\t\t\t\t\t\t\t\t<div>Stellenbosch<\/div>\n\t\t\t\t\t\t\t\t\t\t\t\t\t\t\t\t\t<\/div>\n\t\t\t\t\t\t\t\t\t\t\t\t\t<\/div>\n\t\t\t\t\t<\/a>\n\t\t\t\t<\/div>\n\t\t\t\t\t\t\t<div class=\"slide\">\n\t\t\t\t\t\t\t\t\t\t\t<a class=\"product\" href=\"https:\/\/www.weinfreunde.de\/p\/rubin-carnuntum-bio-grassl\/?ecid=int_magazin_nn_nn_nn_nn_nn_nn\" target=\"_blank\">\n\t\t\t\t\t\t\t\t\t\t\t<div class=\"image\">\n\t\t\t\t\t\t\t<div\n                                    class=\"bg\"\n                                    style=\"background-image: url(https:\/\/10b644692e76ab15cf59-eaadbe2afc1f47d8740ca8f676f7fe70.ssl.cf3.rackcdn.com\/2000010049_900v-D1s79AQO.png);\"\n                            ><\/div>\n\t\t\t\t\t\t<\/div>\n\t\t\t\t\t\t<div class=\"c\">\n\t\t\t\t\t\t\t<div class=\"title\">Rubin Carnuntum (Bio) 2022<\/div>\n\t\t\t\t\t\t\t<div class=\"brand\">Grassl<\/div>\n\t\t\t\t\t\t\t\t\t\t\t\t\t\t\t<div class=\"details\">\n\t\t\t\t\t\t\t\t\t\t\t\t\t\t\t\t\t\t\t<div>Rotwein<\/div>\n\t\t\t\t\t\t\t\t\t\t\t\t\t\t\t\t\t\t\t<div>Zweigelt<\/div>\n\t\t\t\t\t\t\t\t\t\t\t\t\t\t\t\t\t<\/div>\n\t\t\t\t\t\t\t\t\t\t\t\t\t<\/div>\n\t\t\t\t\t<\/a>\n\t\t\t\t<\/div>\n\t\t\t\t\t\t\t<div class=\"slide\">\n\t\t\t\t\t\t\t\t\t\t\t<a class=\"product\" href=\"https:\/\/www.weinfreunde.de\/p\/ultra-malbec-kaiken\/?ecid=int_magazin_nn_nn_nn_nn_nn_nn\" target=\"_blank\">\n\t\t\t\t\t\t\t\t\t\t\t<div class=\"image\">\n\t\t\t\t\t\t\t<div\n                                    class=\"bg\"\n                                    style=\"background-image: url(https:\/\/10b644692e76ab15cf59-eaadbe2afc1f47d8740ca8f676f7fe70.ssl.cf3.rackcdn.com\/2000010050_900v-9Mrs5JjI.png);\"\n                            ><\/div>\n\t\t\t\t\t\t<\/div>\n\t\t\t\t\t\t<div class=\"c\">\n\t\t\t\t\t\t\t<div class=\"title\">Ultra Malbec 2022<\/div>\n\t\t\t\t\t\t\t<div class=\"brand\">Kaiken<\/div>\n\t\t\t\t\t\t\t\t\t\t\t\t\t\t\t<div class=\"details\">\n\t\t\t\t\t\t\t\t\t\t\t\t\t\t\t\t\t\t\t<div>Rotwein<\/div>\n\t\t\t\t\t\t\t\t\t\t\t\t\t\t\t\t\t\t\t<div>Malbec<\/div>\n\t\t\t\t\t\t\t\t\t\t\t\t\t\t\t\t\t<\/div>\n\t\t\t\t\t\t\t\t\t\t\t\t\t<\/div>\n\t\t\t\t\t<\/a>\n\t\t\t\t<\/div>\n\t\t\t\t\t\t\t<div class=\"slide\">\n\t\t\t\t\t\t\t\t\t\t\t<a class=\"product\" href=\"https:\/\/www.weinfreunde.de\/p\/barbera-piemonte-cascina-radice\/?ecid=int_magazin_nn_nn_nn_nn_nn_nn\" target=\"_blank\">\n\t\t\t\t\t\t\t\t\t\t\t<div class=\"image\">\n\t\t\t\t\t\t\t<div\n                                    class=\"bg\"\n                                    style=\"background-image: url(https:\/\/10b644692e76ab15cf59-eaadbe2afc1f47d8740ca8f676f7fe70.ssl.cf3.rackcdn.com\/2000010053_900v-a8WIUew4.png);\"\n                            ><\/div>\n\t\t\t\t\t\t<\/div>\n\t\t\t\t\t\t<div class=\"c\">\n\t\t\t\t\t\t\t<div class=\"title\">Barbera Piemonte 2023<\/div>\n\t\t\t\t\t\t\t<div class=\"brand\">Cascina Radice<\/div>\n\t\t\t\t\t\t\t\t\t\t\t\t\t\t\t<div class=\"details\">\n\t\t\t\t\t\t\t\t\t\t\t\t\t\t\t\t\t\t\t<div>Rotwein<\/div>\n\t\t\t\t\t\t\t\t\t\t\t\t\t\t\t\t\t\t\t<div>Barbera<\/div>\n\t\t\t\t\t\t\t\t\t\t\t\t\t\t\t\t\t<\/div>\n\t\t\t\t\t\t\t\t\t\t\t\t\t<\/div>\n\t\t\t\t\t<\/a>\n\t\t\t\t<\/div>\n\t\t\t\t\t\t\t<div class=\"slide\">\n\t\t\t\t\t\t\t\t\t\t\t<a class=\"product\" href=\"https:\/\/www.weinfreunde.de\/p\/gran-vina-sol-bio-miguel-torres\/?ecid=int_magazin_nn_nn_nn_nn_nn_nn\" target=\"_blank\">\n\t\t\t\t\t\t\t\t\t\t\t<div class=\"image\">\n\t\t\t\t\t\t\t<div\n                                    class=\"bg\"\n                                    style=\"background-image: url(https:\/\/images.cdn.europe-west1.gcp.commercetools.com\/c465d296-b9b4-4e2d-afd0-6980caa08886\/2000010091_900v-HpfKJUBp.png);\"\n                            ><\/div>\n\t\t\t\t\t\t<\/div>\n\t\t\t\t\t\t<div class=\"c\">\n\t\t\t\t\t\t\t<div class=\"title\">Gran Vi\u00f1a Sol (Bio) 2023<\/div>\n\t\t\t\t\t\t\t<div class=\"brand\">Miguel Torres<\/div>\n\t\t\t\t\t\t\t\t\t\t\t\t\t\t\t<div class=\"details\">\n\t\t\t\t\t\t\t\t\t\t\t\t\t\t\t\t\t\t\t<div>Wei\u00dfwein<\/div>\n\t\t\t\t\t\t\t\t\t\t\t\t\t\t\t\t\t\t\t<div>Chardonnay<\/div>\n\t\t\t\t\t\t\t\t\t\t\t\t\t\t\t\t\t\t\t<div>Catalunya<\/div>\n\t\t\t\t\t\t\t\t\t\t\t\t\t\t\t\t\t<\/div>\n\t\t\t\t\t\t\t\t\t\t\t\t\t<\/div>\n\t\t\t\t\t<\/a>\n\t\t\t\t<\/div>\n\t\t\t\t\t\t\t<div class=\"slide\">\n\t\t\t\t\t\t\t\t\t\t\t<a class=\"product\" href=\"https:\/\/www.weinfreunde.de\/p\/blaufraenkisch-hochaecker-paul-kerschbaum\/?ecid=int_magazin_nn_nn_nn_nn_nn_nn\" target=\"_blank\">\n\t\t\t\t\t\t\t\t\t\t\t<div class=\"image\">\n\t\t\t\t\t\t\t<div\n                                    class=\"bg\"\n                                    style=\"background-image: url(https:\/\/images.cdn.europe-west1.gcp.commercetools.com\/c465d296-b9b4-4e2d-afd0-6980caa08886\/2000010100_900v-CFHWsgZg.png);\"\n                            ><\/div>\n\t\t\t\t\t\t<\/div>\n\t\t\t\t\t\t<div class=\"c\">\n\t\t\t\t\t\t\t<div class=\"title\">Blaufr\u00e4nkisch Hoch\u00e4cker 2021<\/div>\n\t\t\t\t\t\t\t<div class=\"brand\">Paul Kerschbaum<\/div>\n\t\t\t\t\t\t\t\t\t\t\t\t\t\t\t<div class=\"details\">\n\t\t\t\t\t\t\t\t\t\t\t\t\t\t\t\t\t\t\t<div>Rotwein<\/div>\n\t\t\t\t\t\t\t\t\t\t\t\t\t\t\t\t\t\t\t<div>Blaufr\u00e4nkisch<\/div>\n\t\t\t\t\t\t\t\t\t\t\t\t\t\t\t\t\t\t\t<div>Burgenland<\/div>\n\t\t\t\t\t\t\t\t\t\t\t\t\t\t\t\t\t<\/div>\n\t\t\t\t\t\t\t\t\t\t\t\t\t<\/div>\n\t\t\t\t\t<\/a>\n\t\t\t\t<\/div>\n\t\t\t\t\t\t\t<div class=\"slide\">\n\t\t\t\t\t\t\t\t\t\t\t<a class=\"product\" href=\"https:\/\/www.weinfreunde.de\/p\/altos-ibericos-rioja-miguel-torres\/?ecid=int_magazin_nn_nn_nn_nn_nn_nn\" target=\"_blank\">\n\t\t\t\t\t\t\t\t\t\t\t<div class=\"image\">\n\t\t\t\t\t\t\t<div\n                                    class=\"bg\"\n                                    style=\"background-image: url(https:\/\/images.cdn.europe-west1.gcp.commercetools.com\/c465d296-b9b4-4e2d-afd0-6980caa08886\/2000010136_900v-FVZPAXri.png);\"\n                            ><\/div>\n\t\t\t\t\t\t<\/div>\n\t\t\t\t\t\t<div class=\"c\">\n\t\t\t\t\t\t\t<div class=\"title\">Altos Ib\u00e9ricos Rioja 2021<\/div>\n\t\t\t\t\t\t\t<div class=\"brand\">Miguel Torres<\/div>\n\t\t\t\t\t\t\t\t\t\t\t\t\t\t\t<div class=\"details\">\n\t\t\t\t\t\t\t\t\t\t\t\t\t\t\t\t\t\t\t<div>Rotwein<\/div>\n\t\t\t\t\t\t\t\t\t\t\t\t\t\t\t\t\t\t\t<div>Tempranillo<\/div>\n\t\t\t\t\t\t\t\t\t\t\t\t\t\t\t\t\t<\/div>\n\t\t\t\t\t\t\t\t\t\t\t\t\t<\/div>\n\t\t\t\t\t<\/a>\n\t\t\t\t<\/div>\n\t\t\t\t\t\t\t<div class=\"slide\">\n\t\t\t\t\t\t\t\t\t\t\t<a class=\"product\" href=\"https:\/\/www.weinfreunde.de\/p\/cremant-d-alsace-brut-wolfberger\/?ecid=int_magazin_nn_nn_nn_nn_nn_nn\" target=\"_blank\">\n\t\t\t\t\t\t\t\t\t\t\t<div class=\"image\">\n\t\t\t\t\t\t\t<div\n                                    class=\"bg\"\n                                    style=\"background-image: url(https:\/\/10b644692e76ab15cf59-eaadbe2afc1f47d8740ca8f676f7fe70.ssl.cf3.rackcdn.com\/2000010150_900v-Np8YzVTZ.png);\"\n                            ><\/div>\n\t\t\t\t\t\t<\/div>\n\t\t\t\t\t\t<div class=\"c\">\n\t\t\t\t\t\t\t<div class=\"title\">Cr\u00e9mant D&#039;Alsace Brut<\/div>\n\t\t\t\t\t\t\t<div class=\"brand\">Wolfberger<\/div>\n\t\t\t\t\t\t\t\t\t\t\t\t\t\t\t<div class=\"details\">\n\t\t\t\t\t\t\t\t\t\t\t\t\t\t\t\t\t\t\t<div>Prickelndes<\/div>\n\t\t\t\t\t\t\t\t\t\t\t\t\t\t\t\t\t\t\t<div>Pinot Blanc<\/div>\n\t\t\t\t\t\t\t\t\t\t\t\t\t\t\t\t\t\t\t<div>Cr\u00e9mant<\/div>\n\t\t\t\t\t\t\t\t\t\t\t\t\t\t\t\t\t<\/div>\n\t\t\t\t\t\t\t\t\t\t\t\t\t<\/div>\n\t\t\t\t\t<\/a>\n\t\t\t\t<\/div>\n\t\t\t\t\t<\/div>\n\t<\/div>\n<\/div>\n<script>_w(() => new WF.Magazin.ProductSlider('#_prodSlider69efa1a43f6e6'));<\/script>\n\n<\/div>\n<\/div><\/div><\/div><\/div><\/div>","protected":false},"excerpt":{"rendered":"<p>Wein und K\u00e4se &nbsp; Weine und K\u00e4se: Traumpaar aus Tradition Es ist der Klassiker der genussreichen P\u00e4rchenbildung, ob Hart- Schnitt- oder Schimmelk\u00e4se. F\u00fcr jedes Molkereiprodukt gibt es einen passenden Tropfen. Ein Bekenntnis zu Wein und K\u00e4se mit vielen Tipps. Am&#8230; <a class=\"moretag\" href=\"https:\/\/www.weinfreunde.de\/magazin\/weinwissen\/welcher-wein-passt-zum-essen\/\">weiterlesen<\/a><\/p>\n","protected":false},"author":9,"featured_media":8931,"comment_status":"closed","ping_status":"closed","sticky":false,"template":"","format":"standard","meta":{"footnotes":""},"categories":[45],"tags":[],"class_list":["post-10626","post","type-post","status-publish","format-standard","has-post-thumbnail","hentry","category-weinwissen"],"yoast_head":"<!-- This site is optimized with the Yoast SEO plugin v27.2 - https:\/\/yoast.com\/product\/yoast-seo-wordpress\/ -->\n<title>Wein und Essen &#187; Weinfreunde Magazin<\/title>\n<meta name=\"description\" content=\"Ein guter Wein zu einem guten Essen hei\u00dft doppelt genie\u00dfen. Alles rund um das Pairing im Weinfreunde Magazin.\" \/>\n<meta name=\"robots\" content=\"index, follow, max-snippet:-1, max-image-preview:large, max-video-preview:-1\" \/>\n<link rel=\"canonical\" href=\"https:\/\/www.weinfreunde.de\/magazin\/weinwissen\/welcher-wein-passt-zum-essen\/\" \/>\n<meta property=\"og:locale\" content=\"de_DE\" \/>\n<meta property=\"og:type\" content=\"article\" \/>\n<meta property=\"og:title\" content=\"Wein und Essen &#187; Weinfreunde Magazin\" \/>\n<meta property=\"og:description\" content=\"Ein guter Wein zu einem guten Essen hei\u00dft doppelt genie\u00dfen. Alles rund um das Pairing im Weinfreunde Magazin.\" \/>\n<meta property=\"og:url\" content=\"https:\/\/www.weinfreunde.de\/magazin\/weinwissen\/welcher-wein-passt-zum-essen\/\" \/>\n<meta property=\"og:site_name\" content=\"Weinfreunde Magazin\" \/>\n<meta property=\"article:publisher\" content=\"https:\/\/www.facebook.com\/weinfreunde.de\" \/>\n<meta property=\"article:published_time\" content=\"2025-02-04T14:15:41+00:00\" \/>\n<meta property=\"article:modified_time\" content=\"2025-03-12T14:52:54+00:00\" \/>\n<meta property=\"og:image\" content=\"https:\/\/www.weinfreunde.de\/magazin\/wp-content\/uploads\/2023\/07\/Magazin-Header_1280x650px.png.webp\" \/>\n\t<meta property=\"og:image:width\" content=\"1280\" \/>\n\t<meta property=\"og:image:height\" content=\"650\" \/>\n\t<meta property=\"og:image:type\" content=\"image\/png\" \/>\n<meta name=\"author\" content=\"Weinfreunde\" \/>\n<meta name=\"twitter:card\" content=\"summary_large_image\" \/>\n<meta name=\"twitter:label1\" content=\"Written by\" \/>\n\t<meta name=\"twitter:data1\" content=\"Weinfreunde\" \/>\n\t<meta name=\"twitter:label2\" content=\"Est. reading time\" \/>\n\t<meta name=\"twitter:data2\" content=\"1\u00a0Minute\" \/>\n<script type=\"application\/ld+json\" class=\"yoast-schema-graph\">{\"@context\":\"https:\/\/schema.org\",\"@graph\":[{\"@type\":\"Article\",\"@id\":\"https:\/\/www.weinfreunde.de\/magazin\/weinwissen\/welcher-wein-passt-zum-essen\/#article\",\"isPartOf\":{\"@id\":\"https:\/\/www.weinfreunde.de\/magazin\/weinwissen\/welcher-wein-passt-zum-essen\/\"},\"author\":{\"name\":\"Weinfreunde\",\"@id\":\"https:\/\/www.weinfreunde.de\/magazin\/#\/schema\/person\/93b87bb4b527d8b3565e13ffb48a716f\"},\"headline\":\"Wein und Essen\",\"datePublished\":\"2025-02-04T14:15:41+00:00\",\"dateModified\":\"2025-03-12T14:52:54+00:00\",\"mainEntityOfPage\":{\"@id\":\"https:\/\/www.weinfreunde.de\/magazin\/weinwissen\/welcher-wein-passt-zum-essen\/\"},\"wordCount\":196,\"publisher\":{\"@id\":\"https:\/\/www.weinfreunde.de\/magazin\/#organization\"},\"image\":{\"@id\":\"https:\/\/www.weinfreunde.de\/magazin\/weinwissen\/welcher-wein-passt-zum-essen\/#primaryimage\"},\"thumbnailUrl\":\"https:\/\/www.weinfreunde.de\/magazin\/wp-content\/uploads\/2023\/07\/Magazin-Header_1280x650px.png.webp\",\"articleSection\":[\"Weinwissen\"],\"inLanguage\":\"de\"},{\"@type\":\"WebPage\",\"@id\":\"https:\/\/www.weinfreunde.de\/magazin\/weinwissen\/welcher-wein-passt-zum-essen\/\",\"url\":\"https:\/\/www.weinfreunde.de\/magazin\/weinwissen\/welcher-wein-passt-zum-essen\/\",\"name\":\"Wein und Essen &#187; Weinfreunde Magazin\",\"isPartOf\":{\"@id\":\"https:\/\/www.weinfreunde.de\/magazin\/#website\"},\"primaryImageOfPage\":{\"@id\":\"https:\/\/www.weinfreunde.de\/magazin\/weinwissen\/welcher-wein-passt-zum-essen\/#primaryimage\"},\"image\":{\"@id\":\"https:\/\/www.weinfreunde.de\/magazin\/weinwissen\/welcher-wein-passt-zum-essen\/#primaryimage\"},\"thumbnailUrl\":\"https:\/\/www.weinfreunde.de\/magazin\/wp-content\/uploads\/2023\/07\/Magazin-Header_1280x650px.png.webp\",\"datePublished\":\"2025-02-04T14:15:41+00:00\",\"dateModified\":\"2025-03-12T14:52:54+00:00\",\"description\":\"Ein guter Wein zu einem guten Essen hei\u00dft doppelt genie\u00dfen. Alles rund um das Pairing im Weinfreunde Magazin.\",\"breadcrumb\":{\"@id\":\"https:\/\/www.weinfreunde.de\/magazin\/weinwissen\/welcher-wein-passt-zum-essen\/#breadcrumb\"},\"inLanguage\":\"de\",\"potentialAction\":[{\"@type\":\"ReadAction\",\"target\":[\"https:\/\/www.weinfreunde.de\/magazin\/weinwissen\/welcher-wein-passt-zum-essen\/\"]}]},{\"@type\":\"ImageObject\",\"inLanguage\":\"de\",\"@id\":\"https:\/\/www.weinfreunde.de\/magazin\/weinwissen\/welcher-wein-passt-zum-essen\/#primaryimage\",\"url\":\"https:\/\/www.weinfreunde.de\/magazin\/wp-content\/uploads\/2023\/07\/Magazin-Header_1280x650px.png.webp\",\"contentUrl\":\"https:\/\/www.weinfreunde.de\/magazin\/wp-content\/uploads\/2023\/07\/Magazin-Header_1280x650px.png.webp\",\"width\":1280,\"height\":650,\"caption\":\"Wein und Essen\"},{\"@type\":\"BreadcrumbList\",\"@id\":\"https:\/\/www.weinfreunde.de\/magazin\/weinwissen\/welcher-wein-passt-zum-essen\/#breadcrumb\",\"itemListElement\":[{\"@type\":\"ListItem\",\"position\":1,\"name\":\"Magazin\",\"item\":\"https:\/\/www.weinfreunde.de\/magazin\/\"},{\"@type\":\"ListItem\",\"position\":2,\"name\":\"Weinwissen\",\"item\":\"https:\/\/www.weinfreunde.de\/magazin\/weinwissen-2\/\"},{\"@type\":\"ListItem\",\"position\":3,\"name\":\"Wein und Essen\"}]},{\"@type\":\"WebSite\",\"@id\":\"https:\/\/www.weinfreunde.de\/magazin\/#website\",\"url\":\"https:\/\/www.weinfreunde.de\/magazin\/\",\"name\":\"Weinfreunde Magazin\",\"description\":\"Dein Weinfreunde Magazin\",\"publisher\":{\"@id\":\"https:\/\/www.weinfreunde.de\/magazin\/#organization\"},\"potentialAction\":[{\"@type\":\"SearchAction\",\"target\":{\"@type\":\"EntryPoint\",\"urlTemplate\":\"https:\/\/www.weinfreunde.de\/magazin\/?s={search_term_string}\"},\"query-input\":{\"@type\":\"PropertyValueSpecification\",\"valueRequired\":true,\"valueName\":\"search_term_string\"}}],\"inLanguage\":\"de\"},{\"@type\":\"Organization\",\"@id\":\"https:\/\/www.weinfreunde.de\/magazin\/#organization\",\"name\":\"REWE Wein online GmbH | Weinfreunde\",\"url\":\"https:\/\/www.weinfreunde.de\/magazin\/\",\"logo\":{\"@type\":\"ImageObject\",\"inLanguage\":\"de\",\"@id\":\"https:\/\/www.weinfreunde.de\/magazin\/#\/schema\/logo\/image\/\",\"url\":\"https:\/\/www.weinfreunde.de\/magazin\/wp-content\/uploads\/2019\/08\/WF_Logo_Vertikal_Claim_Schwarz-scaled.jpg.webp\",\"contentUrl\":\"https:\/\/www.weinfreunde.de\/magazin\/wp-content\/uploads\/2019\/08\/WF_Logo_Vertikal_Claim_Schwarz-scaled.jpg.webp\",\"width\":2048,\"height\":1241,\"caption\":\"REWE Wein online GmbH | Weinfreunde\"},\"image\":{\"@id\":\"https:\/\/www.weinfreunde.de\/magazin\/#\/schema\/logo\/image\/\"},\"sameAs\":[\"https:\/\/www.facebook.com\/weinfreunde.de\"]},{\"@type\":\"Person\",\"@id\":\"https:\/\/www.weinfreunde.de\/magazin\/#\/schema\/person\/93b87bb4b527d8b3565e13ffb48a716f\",\"name\":\"Weinfreunde\",\"image\":{\"@type\":\"ImageObject\",\"inLanguage\":\"de\",\"@id\":\"https:\/\/secure.gravatar.com\/avatar\/f1b5b85b944209ac3ac3c901beb9253274dde1ad6680bf2a11de75a278852265?s=96&d=mm&r=g\",\"url\":\"https:\/\/secure.gravatar.com\/avatar\/f1b5b85b944209ac3ac3c901beb9253274dde1ad6680bf2a11de75a278852265?s=96&d=mm&r=g\",\"contentUrl\":\"https:\/\/secure.gravatar.com\/avatar\/f1b5b85b944209ac3ac3c901beb9253274dde1ad6680bf2a11de75a278852265?s=96&d=mm&r=g\",\"caption\":\"Weinfreunde\"},\"description\":\"Wir stehen f\u00fcr guten Wein f\u00fcr gute Freunde. Mit \u00fcber 800 ausgew\u00e4hlten und besonderen Weinen, tollen Winzerfreundschaften und spannenden Neuentdeckungen bringen wir unsere Leidenschaft an unsere Kunden.\",\"url\":\"https:\/\/www.weinfreunde.de\/magazin\/author\/weinfreunde\/\"}]}<\/script>\n<!-- \/ Yoast SEO plugin. -->","yoast_head_json":{"title":"Wein und Essen &#187; Weinfreunde Magazin","description":"Ein guter Wein zu einem guten Essen hei\u00dft doppelt genie\u00dfen. Alles rund um das Pairing im Weinfreunde Magazin.","robots":{"index":"index","follow":"follow","max-snippet":"max-snippet:-1","max-image-preview":"max-image-preview:large","max-video-preview":"max-video-preview:-1"},"canonical":"https:\/\/www.weinfreunde.de\/magazin\/weinwissen\/welcher-wein-passt-zum-essen\/","og_locale":"de_DE","og_type":"article","og_title":"Wein und Essen &#187; Weinfreunde Magazin","og_description":"Ein guter Wein zu einem guten Essen hei\u00dft doppelt genie\u00dfen. Alles rund um das Pairing im Weinfreunde Magazin.","og_url":"https:\/\/www.weinfreunde.de\/magazin\/weinwissen\/welcher-wein-passt-zum-essen\/","og_site_name":"Weinfreunde Magazin","article_publisher":"https:\/\/www.facebook.com\/weinfreunde.de","article_published_time":"2025-02-04T14:15:41+00:00","article_modified_time":"2025-03-12T14:52:54+00:00","og_image":[{"width":1280,"height":650,"url":"https:\/\/www.weinfreunde.de\/magazin\/wp-content\/uploads\/2023\/07\/Magazin-Header_1280x650px.png.webp","type":"image\/png"}],"author":"Weinfreunde","twitter_card":"summary_large_image","twitter_misc":{"Written by":"Weinfreunde","Est. reading time":"1\u00a0Minute"},"schema":{"@context":"https:\/\/schema.org","@graph":[{"@type":"Article","@id":"https:\/\/www.weinfreunde.de\/magazin\/weinwissen\/welcher-wein-passt-zum-essen\/#article","isPartOf":{"@id":"https:\/\/www.weinfreunde.de\/magazin\/weinwissen\/welcher-wein-passt-zum-essen\/"},"author":{"name":"Weinfreunde","@id":"https:\/\/www.weinfreunde.de\/magazin\/#\/schema\/person\/93b87bb4b527d8b3565e13ffb48a716f"},"headline":"Wein und Essen","datePublished":"2025-02-04T14:15:41+00:00","dateModified":"2025-03-12T14:52:54+00:00","mainEntityOfPage":{"@id":"https:\/\/www.weinfreunde.de\/magazin\/weinwissen\/welcher-wein-passt-zum-essen\/"},"wordCount":196,"publisher":{"@id":"https:\/\/www.weinfreunde.de\/magazin\/#organization"},"image":{"@id":"https:\/\/www.weinfreunde.de\/magazin\/weinwissen\/welcher-wein-passt-zum-essen\/#primaryimage"},"thumbnailUrl":"https:\/\/www.weinfreunde.de\/magazin\/wp-content\/uploads\/2023\/07\/Magazin-Header_1280x650px.png.webp","articleSection":["Weinwissen"],"inLanguage":"de"},{"@type":"WebPage","@id":"https:\/\/www.weinfreunde.de\/magazin\/weinwissen\/welcher-wein-passt-zum-essen\/","url":"https:\/\/www.weinfreunde.de\/magazin\/weinwissen\/welcher-wein-passt-zum-essen\/","name":"Wein und Essen &#187; Weinfreunde Magazin","isPartOf":{"@id":"https:\/\/www.weinfreunde.de\/magazin\/#website"},"primaryImageOfPage":{"@id":"https:\/\/www.weinfreunde.de\/magazin\/weinwissen\/welcher-wein-passt-zum-essen\/#primaryimage"},"image":{"@id":"https:\/\/www.weinfreunde.de\/magazin\/weinwissen\/welcher-wein-passt-zum-essen\/#primaryimage"},"thumbnailUrl":"https:\/\/www.weinfreunde.de\/magazin\/wp-content\/uploads\/2023\/07\/Magazin-Header_1280x650px.png.webp","datePublished":"2025-02-04T14:15:41+00:00","dateModified":"2025-03-12T14:52:54+00:00","description":"Ein guter Wein zu einem guten Essen hei\u00dft doppelt genie\u00dfen. Alles rund um das Pairing im Weinfreunde Magazin.","breadcrumb":{"@id":"https:\/\/www.weinfreunde.de\/magazin\/weinwissen\/welcher-wein-passt-zum-essen\/#breadcrumb"},"inLanguage":"de","potentialAction":[{"@type":"ReadAction","target":["https:\/\/www.weinfreunde.de\/magazin\/weinwissen\/welcher-wein-passt-zum-essen\/"]}]},{"@type":"ImageObject","inLanguage":"de","@id":"https:\/\/www.weinfreunde.de\/magazin\/weinwissen\/welcher-wein-passt-zum-essen\/#primaryimage","url":"https:\/\/www.weinfreunde.de\/magazin\/wp-content\/uploads\/2023\/07\/Magazin-Header_1280x650px.png.webp","contentUrl":"https:\/\/www.weinfreunde.de\/magazin\/wp-content\/uploads\/2023\/07\/Magazin-Header_1280x650px.png.webp","width":1280,"height":650,"caption":"Wein und Essen"},{"@type":"BreadcrumbList","@id":"https:\/\/www.weinfreunde.de\/magazin\/weinwissen\/welcher-wein-passt-zum-essen\/#breadcrumb","itemListElement":[{"@type":"ListItem","position":1,"name":"Magazin","item":"https:\/\/www.weinfreunde.de\/magazin\/"},{"@type":"ListItem","position":2,"name":"Weinwissen","item":"https:\/\/www.weinfreunde.de\/magazin\/weinwissen-2\/"},{"@type":"ListItem","position":3,"name":"Wein und Essen"}]},{"@type":"WebSite","@id":"https:\/\/www.weinfreunde.de\/magazin\/#website","url":"https:\/\/www.weinfreunde.de\/magazin\/","name":"Weinfreunde Magazin","description":"Dein Weinfreunde Magazin","publisher":{"@id":"https:\/\/www.weinfreunde.de\/magazin\/#organization"},"potentialAction":[{"@type":"SearchAction","target":{"@type":"EntryPoint","urlTemplate":"https:\/\/www.weinfreunde.de\/magazin\/?s={search_term_string}"},"query-input":{"@type":"PropertyValueSpecification","valueRequired":true,"valueName":"search_term_string"}}],"inLanguage":"de"},{"@type":"Organization","@id":"https:\/\/www.weinfreunde.de\/magazin\/#organization","name":"REWE Wein online GmbH | Weinfreunde","url":"https:\/\/www.weinfreunde.de\/magazin\/","logo":{"@type":"ImageObject","inLanguage":"de","@id":"https:\/\/www.weinfreunde.de\/magazin\/#\/schema\/logo\/image\/","url":"https:\/\/www.weinfreunde.de\/magazin\/wp-content\/uploads\/2019\/08\/WF_Logo_Vertikal_Claim_Schwarz-scaled.jpg.webp","contentUrl":"https:\/\/www.weinfreunde.de\/magazin\/wp-content\/uploads\/2019\/08\/WF_Logo_Vertikal_Claim_Schwarz-scaled.jpg.webp","width":2048,"height":1241,"caption":"REWE Wein online GmbH | Weinfreunde"},"image":{"@id":"https:\/\/www.weinfreunde.de\/magazin\/#\/schema\/logo\/image\/"},"sameAs":["https:\/\/www.facebook.com\/weinfreunde.de"]},{"@type":"Person","@id":"https:\/\/www.weinfreunde.de\/magazin\/#\/schema\/person\/93b87bb4b527d8b3565e13ffb48a716f","name":"Weinfreunde","image":{"@type":"ImageObject","inLanguage":"de","@id":"https:\/\/secure.gravatar.com\/avatar\/f1b5b85b944209ac3ac3c901beb9253274dde1ad6680bf2a11de75a278852265?s=96&d=mm&r=g","url":"https:\/\/secure.gravatar.com\/avatar\/f1b5b85b944209ac3ac3c901beb9253274dde1ad6680bf2a11de75a278852265?s=96&d=mm&r=g","contentUrl":"https:\/\/secure.gravatar.com\/avatar\/f1b5b85b944209ac3ac3c901beb9253274dde1ad6680bf2a11de75a278852265?s=96&d=mm&r=g","caption":"Weinfreunde"},"description":"Wir stehen f\u00fcr guten Wein f\u00fcr gute Freunde. Mit \u00fcber 800 ausgew\u00e4hlten und besonderen Weinen, tollen Winzerfreundschaften und spannenden Neuentdeckungen bringen wir unsere Leidenschaft an unsere Kunden.","url":"https:\/\/www.weinfreunde.de\/magazin\/author\/weinfreunde\/"}]}},"_links":{"self":[{"href":"https:\/\/www.weinfreunde.de\/magazin\/wp-json\/wp\/v2\/posts\/10626","targetHints":{"allow":["GET"]}}],"collection":[{"href":"https:\/\/www.weinfreunde.de\/magazin\/wp-json\/wp\/v2\/posts"}],"about":[{"href":"https:\/\/www.weinfreunde.de\/magazin\/wp-json\/wp\/v2\/types\/post"}],"author":[{"embeddable":true,"href":"https:\/\/www.weinfreunde.de\/magazin\/wp-json\/wp\/v2\/users\/9"}],"replies":[{"embeddable":true,"href":"https:\/\/www.weinfreunde.de\/magazin\/wp-json\/wp\/v2\/comments?post=10626"}],"version-history":[{"count":81,"href":"https:\/\/www.weinfreunde.de\/magazin\/wp-json\/wp\/v2\/posts\/10626\/revisions"}],"predecessor-version":[{"id":13364,"href":"https:\/\/www.weinfreunde.de\/magazin\/wp-json\/wp\/v2\/posts\/10626\/revisions\/13364"}],"wp:featuredmedia":[{"embeddable":true,"href":"https:\/\/www.weinfreunde.de\/magazin\/wp-json\/wp\/v2\/media\/8931"}],"wp:attachment":[{"href":"https:\/\/www.weinfreunde.de\/magazin\/wp-json\/wp\/v2\/media?parent=10626"}],"wp:term":[{"taxonomy":"category","embeddable":true,"href":"https:\/\/www.weinfreunde.de\/magazin\/wp-json\/wp\/v2\/categories?post=10626"},{"taxonomy":"post_tag","embeddable":true,"href":"https:\/\/www.weinfreunde.de\/magazin\/wp-json\/wp\/v2\/tags?post=10626"}],"curies":[{"name":"wp","href":"https:\/\/api.w.org\/{rel}","templated":true}]}}