{"id":10281,"date":"2025-02-04T15:16:26","date_gmt":"2025-02-04T14:16:26","guid":{"rendered":"https:\/\/www.weinfreunde.de\/magazin\/?page_id=10281"},"modified":"2025-05-13T10:38:41","modified_gmt":"2025-05-13T08:38:41","slug":"prickelndes","status":"publish","type":"post","link":"https:\/\/www.weinfreunde.de\/magazin\/weinwissen\/prickelndes\/","title":{"rendered":"Prickelndes"},"content":{"rendered":"<div id=\"pl-10281\"  class=\"panel-layout\" ><div id=\"pg-10281-0\"  class=\"panel-grid panel-no-style\" ><div id=\"pgc-10281-0-0\"  class=\"panel-grid-cell\" ><div id=\"panel-10281-0-0-0\" class=\"so-panel widget widget_wf_beitrag50_ panel-first-child\" data-index=\"0\" ><div\n\t\t\t\n\t\t\tclass=\"so-widget-wf_beitrag50_ so-widget-wf_beitrag50_-default-d75171398898-10281\"\n\t\t\t\n\t\t>    <div class=\"beitrag-titel\">\n        <h2>Frag die Weinfreunde<\/h2>\n    <\/div>\n\n<div class=\"beitrag50\">\n    <a href=\"https:\/\/www.weinfreunde.de\/magazin\/frag-die-weinfreunde\/wie-lange-ist-sekt-haltbar\/\" class=\"beitrag beitrag-50\">\n        <div class=\"img\">\n            <img decoding=\"async\"\n                    src=\"https:\/\/www.weinfreunde.de\/magazin\/wp-content\/uploads\/2023\/08\/Magazin-Header_1280x650px_FdW_Wie-lange-ist-Sekt-haltbar.psd-320x211.png.webp\"\n                    srcset=\"\n                        https:\/\/www.weinfreunde.de\/magazin\/wp-content\/uploads\/2023\/08\/Magazin-Header_1280x650px_FdW_Wie-lange-ist-Sekt-haltbar.psd-674x448.png.webp 2560w,\n                        https:\/\/www.weinfreunde.de\/magazin\/wp-content\/uploads\/2023\/08\/Magazin-Header_1280x650px_FdW_Wie-lange-ist-Sekt-haltbar.psd-674x448.png.webp 1920w,\n                        https:\/\/www.weinfreunde.de\/magazin\/wp-content\/uploads\/2023\/08\/Magazin-Header_1280x650px_FdW_Wie-lange-ist-Sekt-haltbar.psd-505x337.png.webp 1280w,\n                        https:\/\/www.weinfreunde.de\/magazin\/wp-content\/uploads\/2023\/08\/Magazin-Header_1280x650px_FdW_Wie-lange-ist-Sekt-haltbar.psd-409x273.png.webp 1024w,\n                        https:\/\/www.weinfreunde.de\/magazin\/wp-content\/uploads\/2023\/08\/Magazin-Header_1280x650px_FdW_Wie-lange-ist-Sekt-haltbar.psd-320x211.png.webp 768w,\n                        https:\/\/www.weinfreunde.de\/magazin\/wp-content\/uploads\/2023\/08\/Magazin-Header_1280x650px_FdW_Wie-lange-ist-Sekt-haltbar.psd-267x200.png.webp 320w\n                    \"\n                    sizes=\"\n                        (max-width: 320px) 320w,\n                        (max-width: 768px) 768w,\n                        (max-width: 1024px) 1024w,\n                        (max-width: 1280px) 1280w,\n                        (max-width: 1920px) 1920w,\n                        2560w\n                    \"\n                    alt=\"Sektgl\u00e4ser auf einem Tisch\"\n                    loading=\"lazy\"\n            >\n            <div>&nbsp;<\/div>\n        <\/div>\n\n        <div class=\"terms\">\n            \n        <\/div>\n\n        <h3 class=\"title\">\n            Wie lange ist Sekt haltbar?\n        <\/h3>\n\n                    <div class=\"excerpt\">\n                                    Sekt, Cava, Prosecco, Cr\u00e9mant und Champagner \u2013 die Welt der Schaumweine ist gro\u00df und vielf\u00e4ltig. Doch wie gehe ich mit angebrochenen Flaschen um, wenn die perlende Feierlichkeit mal nicht ganz so trinkselig ausgefallen ist? Die Kohlens\u00e4ure soll schlie\u00dflich nicht entweichen. Und wie verh\u00e4lt es sich mit noch verschlossenen Schaumweinflaschen? Werden die auch irgendwann \u201eflach\u201c? \n                            <\/div>\n\n            <div class=\"info\">\n                <span class=\"date\">\n                    Am 29. August 2023\n                    &middot;\n                    von Weinfreunde\n                <\/span>\n            <\/div>\n            <\/a>\n    <a href=\"https:\/\/www.weinfreunde.de\/magazin\/frag-die-weinfreunde\/was-ist-der-unterschied-zwischen-champagner-und-winzersekt\/\" class=\"beitrag beitrag-50\">\n        <div class=\"img\">\n            <img decoding=\"async\"\n                    src=\"https:\/\/www.weinfreunde.de\/magazin\/wp-content\/uploads\/2021\/11\/champagner_magazin_header_2560x500px-320x211.jpg.webp\"\n                    srcset=\"\n                        https:\/\/www.weinfreunde.de\/magazin\/wp-content\/uploads\/2021\/11\/champagner_magazin_header_2560x500px-674x448.jpg.webp 2560w,\n                        https:\/\/www.weinfreunde.de\/magazin\/wp-content\/uploads\/2021\/11\/champagner_magazin_header_2560x500px-674x448.jpg.webp 1920w,\n                        https:\/\/www.weinfreunde.de\/magazin\/wp-content\/uploads\/2021\/11\/champagner_magazin_header_2560x500px-505x337.jpg.webp 1280w,\n                        https:\/\/www.weinfreunde.de\/magazin\/wp-content\/uploads\/2021\/11\/champagner_magazin_header_2560x500px-409x273.jpg.webp 1024w,\n                        https:\/\/www.weinfreunde.de\/magazin\/wp-content\/uploads\/2021\/11\/champagner_magazin_header_2560x500px-320x211.jpg.webp 768w,\n                        https:\/\/www.weinfreunde.de\/magazin\/wp-content\/uploads\/2021\/11\/champagner_magazin_header_2560x500px-267x200.jpg.webp 320w\n                    \"\n                    sizes=\"\n                        (max-width: 320px) 320w,\n                        (max-width: 768px) 768w,\n                        (max-width: 1024px) 1024w,\n                        (max-width: 1280px) 1280w,\n                        (max-width: 1920px) 1920w,\n                        2560w\n                    \"\n                    alt=\"Champagner\"\n                    loading=\"lazy\"\n            >\n            <div>&nbsp;<\/div>\n        <\/div>\n\n        <div class=\"terms\">\n            \n        <\/div>\n\n        <h3 class=\"title\">\n            Was ist der Unterschied zwischen Champagner und Winzersekt?\n        <\/h3>\n\n                    <div class=\"excerpt\">\n                                    Winzersekt gilt als die hochwertigste Auspr\u00e4gung von Schaumwein aus deutschen Landen. Was ist also der Unterschied zu einem prestigetr\u00e4chtigen und weltweit gefragten Champagner? \n                            <\/div>\n\n            <div class=\"info\">\n                <span class=\"date\">\n                    Am 17. November 2021\n                    &middot;\n                    von J\u00fcrgen Overheid\n                <\/span>\n            <\/div>\n            <\/a>\n<\/div>\n<\/div><\/div><div id=\"panel-10281-0-0-1\" class=\"so-panel widget widget_sow-editor panel-last-child\" data-index=\"1\" ><div\n\t\t\t\n\t\t\tclass=\"so-widget-sow-editor so-widget-sow-editor-base\"\n\t\t\t\n\t\t>\n<div class=\"siteorigin-widget-tinymce textwidget\">\n\t<p><a href=\"\/magazin\/frag-die-weinfreunde\/\" class=\"btn cta\" style=\"width: 80%;\"> Frag die Weinfreunde <\/a><\/p>\n<\/div>\n<\/div><\/div><\/div><\/div><div id=\"pg-10281-1\"  class=\"panel-grid panel-has-style\" ><div class=\"panel-row-style panel-row-style-for-10281-1\" ><div id=\"pgc-10281-1-0\"  class=\"panel-grid-cell\" ><div id=\"panel-10281-1-0-0\" class=\"so-panel widget widget_wf_beitrag100_ panel-first-child\" data-index=\"2\" ><div\n\t\t\t\n\t\t\tclass=\"so-widget-wf_beitrag100_ so-widget-wf_beitrag100_-default-d75171398898-10281\"\n\t\t\t\n\t\t>    <div class=\"beitrag-titel\">\n        <h2>Champagner<\/h2>\n    <\/div>\n\n    <a href=\"https:\/\/www.weinfreunde.de\/magazin\/rund-um-wein\/beruehmte-champagner-haeuser-schaumwein-stars\/\" class=\"beitrag beitrag-100\">\n        <div class=\"img\">\n            <img decoding=\"async\"\n                    src=\"https:\/\/www.weinfreunde.de\/magazin\/wp-content\/uploads\/2023\/11\/Magazin-Header_1280x650px_Beruehmte_Champagner_Haeuser_-667x446.png.webp\"\n                    srcset=\"\n                        https:\/\/www.weinfreunde.de\/magazin\/wp-content\/uploads\/2023\/11\/Magazin-Header_1280x650px_Beruehmte_Champagner_Haeuser_-1280x613.png.webp 2560w,\n                        https:\/\/www.weinfreunde.de\/magazin\/wp-content\/uploads\/2023\/11\/Magazin-Header_1280x650px_Beruehmte_Champagner_Haeuser_-1280x613.png.webp 1920w,\n                        https:\/\/www.weinfreunde.de\/magazin\/wp-content\/uploads\/2023\/11\/Magazin-Header_1280x650px_Beruehmte_Champagner_Haeuser_-1039x455.png.webp 1280w,\n                        https:\/\/www.weinfreunde.de\/magazin\/wp-content\/uploads\/2023\/11\/Magazin-Header_1280x650px_Beruehmte_Champagner_Haeuser_-842x370.png.webp 1024w,\n                        https:\/\/www.weinfreunde.de\/magazin\/wp-content\/uploads\/2023\/11\/Magazin-Header_1280x650px_Beruehmte_Champagner_Haeuser_-667x446.png.webp 768w,\n                        https:\/\/www.weinfreunde.de\/magazin\/wp-content\/uploads\/2023\/11\/Magazin-Header_1280x650px_Beruehmte_Champagner_Haeuser_-280x280.png.webp 320w\n                    \"\n                            sizes=\"\n                        (min-width: 2560px) 2560px,\n                        (min-width: 1920px) 1920px,\n                        (min-width: 1280px) 1280px,\n                        (min-width: 1024px) 1024px,\n                        (min-width: 768px) 768px,\n                        (min-width: 320px) 320px,   \n                    \"\n                    alt=\"Champagner\"\n                    loading=\"lazy\"\n            >\n            <div>&nbsp;<\/div>\n        <\/div>\n\n        <div class=\"terms\">\n            \n        <\/div>\n\n        <h3 class=\"title\">\n            Ber\u00fchmte Champagner-H\u00e4user: Schaumwein-Stars\n        <\/h3>\n\n                    <div class=\"excerpt\">\n                                    Lust auf Champagner? Keine Frage! Aber auch Lust auf die Geschichten, die sich um die gro\u00dfen Champagner-H\u00e4user ranken? Welche Champagner-Marke ist die \u00e4lteste, welche hat etwas mit Winston Churchill zu tun und welche tritt als Witwe eine Weltkarriere an? \n                            <\/div>\n\n            <div class=\"info\">\n                <span class=\"date\">\n                    Am 17. Februar 2025\n                    &middot;\n                    von C\u00e9dric Garraud\n                <\/span>\n            <\/div>\n            <\/a>\n\n<\/div><\/div><div id=\"panel-10281-1-0-1\" class=\"so-panel widget widget_wf_beitrag50_\" data-index=\"3\" ><div\n\t\t\t\n\t\t\tclass=\"so-widget-wf_beitrag50_ so-widget-wf_beitrag50_-default-d75171398898-10281\"\n\t\t\t\n\t\t>\n<div class=\"beitrag50\">\n    <a href=\"https:\/\/www.weinfreunde.de\/magazin\/weinwissen\/rose-champagner-farbe-bekennen\/\" class=\"beitrag beitrag-50\">\n        <div class=\"img\">\n            <img decoding=\"async\"\n                    src=\"https:\/\/www.weinfreunde.de\/magazin\/wp-content\/uploads\/2023\/12\/magazin_1-1-image-gross1_rose-chamapgner_1500x800px-320x211.png.webp\"\n                    srcset=\"\n                        https:\/\/www.weinfreunde.de\/magazin\/wp-content\/uploads\/2023\/12\/magazin_1-1-image-gross1_rose-chamapgner_1500x800px-674x448.png.webp 2560w,\n                        https:\/\/www.weinfreunde.de\/magazin\/wp-content\/uploads\/2023\/12\/magazin_1-1-image-gross1_rose-chamapgner_1500x800px-674x448.png.webp 1920w,\n                        https:\/\/www.weinfreunde.de\/magazin\/wp-content\/uploads\/2023\/12\/magazin_1-1-image-gross1_rose-chamapgner_1500x800px-505x337.png.webp 1280w,\n                        https:\/\/www.weinfreunde.de\/magazin\/wp-content\/uploads\/2023\/12\/magazin_1-1-image-gross1_rose-chamapgner_1500x800px-409x273.png.webp 1024w,\n                        https:\/\/www.weinfreunde.de\/magazin\/wp-content\/uploads\/2023\/12\/magazin_1-1-image-gross1_rose-chamapgner_1500x800px-320x211.png.webp 768w,\n                        https:\/\/www.weinfreunde.de\/magazin\/wp-content\/uploads\/2023\/12\/magazin_1-1-image-gross1_rose-chamapgner_1500x800px-267x200.png.webp 320w\n                    \"\n                    sizes=\"\n                        (max-width: 320px) 320w,\n                        (max-width: 768px) 768w,\n                        (max-width: 1024px) 1024w,\n                        (max-width: 1280px) 1280w,\n                        (max-width: 1920px) 1920w,\n                        2560w\n                    \"\n                    alt=\"Ros\u00e9 Champagner\"\n                    loading=\"lazy\"\n            >\n            <div>&nbsp;<\/div>\n        <\/div>\n\n        <div class=\"terms\">\n            \n        <\/div>\n\n        <h3 class=\"title\">\n            Ros\u00e9 Champagner: Farbe bekennen\n        <\/h3>\n\n                    <div class=\"excerpt\">\n                                    Am liebsten Ros\u00e9 Champagner, finden wir \u2013 vom Essen bis zum Ansto\u00dfen auf das Neue Jahr. Denn Ros\u00e9 Champagner geht immer. Das besondere am Luxus- und Genussgut aus der Champagne ist vielf\u00e4ltig. Eine kleine Saga von gro\u00dfen Champagner-H\u00e4usern und ebenso ambitionierten wie prominenten Neueinsteigern.\n                            <\/div>\n\n            <div class=\"info\">\n                <span class=\"date\">\n                    Am 26. Dezember 2023\n                    &middot;\n                    von J\u00fcrgen Overheid\n                <\/span>\n            <\/div>\n            <\/a>\n    <a href=\"https:\/\/www.weinfreunde.de\/magazin\/weinwissen\/champagne-luxus-in-flaschen\/\" class=\"beitrag beitrag-50\">\n        <div class=\"img\">\n            <img decoding=\"async\"\n                    src=\"https:\/\/www.weinfreunde.de\/magazin\/wp-content\/uploads\/2016\/07\/Header_Weinregion_Champagne-320x211.jpg\"\n                    srcset=\"\n                        https:\/\/www.weinfreunde.de\/magazin\/wp-content\/uploads\/2016\/07\/Header_Weinregion_Champagne-674x448.jpg 2560w,\n                        https:\/\/www.weinfreunde.de\/magazin\/wp-content\/uploads\/2016\/07\/Header_Weinregion_Champagne-674x448.jpg 1920w,\n                        https:\/\/www.weinfreunde.de\/magazin\/wp-content\/uploads\/2016\/07\/Header_Weinregion_Champagne-505x337.jpg 1280w,\n                        https:\/\/www.weinfreunde.de\/magazin\/wp-content\/uploads\/2016\/07\/Header_Weinregion_Champagne-409x273.jpg 1024w,\n                        https:\/\/www.weinfreunde.de\/magazin\/wp-content\/uploads\/2016\/07\/Header_Weinregion_Champagne-320x211.jpg 768w,\n                        https:\/\/www.weinfreunde.de\/magazin\/wp-content\/uploads\/2016\/07\/Header_Weinregion_Champagne-267x200.jpg 320w\n                    \"\n                    sizes=\"\n                        (max-width: 320px) 320w,\n                        (max-width: 768px) 768w,\n                        (max-width: 1024px) 1024w,\n                        (max-width: 1280px) 1280w,\n                        (max-width: 1920px) 1920w,\n                        2560w\n                    \"\n                    alt=\"Champagne\"\n                    loading=\"lazy\"\n            >\n            <div>&nbsp;<\/div>\n        <\/div>\n\n        <div class=\"terms\">\n            \n        <\/div>\n\n        <h3 class=\"title\">\n            Champagne: Luxus in Flaschen\n        <\/h3>\n\n                    <div class=\"excerpt\">\n                                    Der Champagner ist der K\u00f6nig der Schaumweine. Der Name des Schaumweins stammt von seiner Heimatregion Champagne in Frankreich ab. Bereits die R\u00f6mer bauten an den Fl\u00fcssen Marne und Seine Wein an, doch die Bedeutung als Top-Appellation f\u00fcr moussierende Weine, sprich den uns heute bekannten Champagner entwickelte sich erst sp\u00e4ter.\n                            <\/div>\n\n            <div class=\"info\">\n                <span class=\"date\">\n                    Am 25. August 2023\n                    &middot;\n                    von Weinfreunde\n                <\/span>\n            <\/div>\n            <\/a>\n<\/div>\n<\/div><\/div><div id=\"panel-10281-1-0-2\" class=\"so-panel widget widget_rdss-wf-teaser panel-last-child\" data-index=\"4\" ><div\n\t\t\t\n\t\t\tclass=\"so-widget-rdss-wf-teaser so-widget-rdss-wf-teaser-default-d75171398898-10281\"\n\t\t\t\n\t\t><div class=\"shop-teaser\">\n    <a href=\"\/champagner\/?icid=magazin_pillar-page_prickelndes_champagner\">\n    <div class=\"image\" style=\"background-image: url('https:\/\/www.weinfreunde.de\/magazin\/wp-content\/uploads\/2023\/09\/magazin_1-1-image-gross2_champagner_1500x800px-360x330.png.webp')\"><\/div>\n    <\/a>\n    <div class=\"title\">\n        <small>Onlineshop<\/small>\n        <strong>Champagner bei Weinfreunde.de bestellen<\/strong>\n                    <a href=\"\/champagner\/?icid=magazin_pillar-page_prickelndes_champagner\" class=\"btn\">Zum Shop<\/a>\n            <\/div>\n<\/div>\n<\/div><\/div><\/div><\/div><\/div><div id=\"pg-10281-2\"  class=\"panel-grid panel-no-style\" ><div id=\"pgc-10281-2-0\"  class=\"panel-grid-cell\" ><div id=\"panel-10281-2-0-0\" class=\"so-panel widget widget_wf_beitrag50_ panel-first-child\" data-index=\"5\" ><div\n\t\t\t\n\t\t\tclass=\"so-widget-wf_beitrag50_ so-widget-wf_beitrag50_-default-d75171398898-10281\"\n\t\t\t\n\t\t>    <div class=\"beitrag-titel\">\n        <h2>Prosecco<\/h2>\n    <\/div>\n\n<div class=\"beitrag50\">\n    <a href=\"https:\/\/www.weinfreunde.de\/magazin\/weinwissen\/prosecco-italienischer-schaumwein\/\" class=\"beitrag beitrag-50\">\n        <div class=\"img\">\n            <img decoding=\"async\"\n                    src=\"https:\/\/www.weinfreunde.de\/magazin\/wp-content\/uploads\/2021\/08\/magazin_header_2560x500px-320x211.jpg.webp\"\n                    srcset=\"\n                        https:\/\/www.weinfreunde.de\/magazin\/wp-content\/uploads\/2021\/08\/magazin_header_2560x500px-674x448.jpg.webp 2560w,\n                        https:\/\/www.weinfreunde.de\/magazin\/wp-content\/uploads\/2021\/08\/magazin_header_2560x500px-674x448.jpg.webp 1920w,\n                        https:\/\/www.weinfreunde.de\/magazin\/wp-content\/uploads\/2021\/08\/magazin_header_2560x500px-505x337.jpg.webp 1280w,\n                        https:\/\/www.weinfreunde.de\/magazin\/wp-content\/uploads\/2021\/08\/magazin_header_2560x500px-409x273.jpg.webp 1024w,\n                        https:\/\/www.weinfreunde.de\/magazin\/wp-content\/uploads\/2021\/08\/magazin_header_2560x500px-320x211.jpg.webp 768w,\n                        https:\/\/www.weinfreunde.de\/magazin\/wp-content\/uploads\/2021\/08\/magazin_header_2560x500px-267x200.jpg.webp 320w\n                    \"\n                    sizes=\"\n                        (max-width: 320px) 320w,\n                        (max-width: 768px) 768w,\n                        (max-width: 1024px) 1024w,\n                        (max-width: 1280px) 1280w,\n                        (max-width: 1920px) 1920w,\n                        2560w\n                    \"\n                    alt=\"Freunde trinken Prosecco\"\n                    loading=\"lazy\"\n            >\n            <div>&nbsp;<\/div>\n        <\/div>\n\n        <div class=\"terms\">\n            \n        <\/div>\n\n        <h3 class=\"title\">\n            Prosecco \u2013 italienischer Schaumwein der Herzen\n        <\/h3>\n\n                    <div class=\"excerpt\">\n                                    Prosecco symbolisiert f\u00fcr viele pures italienisches Lebensgef\u00fchl. Der Schaumwein ist vielseitig einsetzbar - als Aperitif oder als \u201eBellini\u201c, ein fruchtiger Cocktail, \u00fcberzeugt er jeden Weinfreund und jede Weinfreundin. Was steckt hinter der gro\u00dfen Beliebtheit von Prosecco zeigen wir im Magazin Beitrag. \n                            <\/div>\n\n            <div class=\"info\">\n                <span class=\"date\">\n                    Am 12. August 2021\n                    &middot;\n                    von J\u00fcrgen Overheid\n                <\/span>\n            <\/div>\n            <\/a>\n    <a href=\"https:\/\/www.weinfreunde.de\/magazin\/weinwissen\/rose-prosecco-die-fortsetzung-einer-erfolgsgeschichte\/\" class=\"beitrag beitrag-50\">\n        <div class=\"img\">\n            <img decoding=\"async\"\n                    src=\"https:\/\/www.weinfreunde.de\/magazin\/wp-content\/uploads\/2020\/12\/25_11_anteprima_rose_1920x1080_copyright_Simone-Bramante-320x211.jpg.webp\"\n                    srcset=\"\n                        https:\/\/www.weinfreunde.de\/magazin\/wp-content\/uploads\/2020\/12\/25_11_anteprima_rose_1920x1080_copyright_Simone-Bramante-674x448.jpg.webp 2560w,\n                        https:\/\/www.weinfreunde.de\/magazin\/wp-content\/uploads\/2020\/12\/25_11_anteprima_rose_1920x1080_copyright_Simone-Bramante-674x448.jpg.webp 1920w,\n                        https:\/\/www.weinfreunde.de\/magazin\/wp-content\/uploads\/2020\/12\/25_11_anteprima_rose_1920x1080_copyright_Simone-Bramante-505x337.jpg.webp 1280w,\n                        https:\/\/www.weinfreunde.de\/magazin\/wp-content\/uploads\/2020\/12\/25_11_anteprima_rose_1920x1080_copyright_Simone-Bramante-409x273.jpg.webp 1024w,\n                        https:\/\/www.weinfreunde.de\/magazin\/wp-content\/uploads\/2020\/12\/25_11_anteprima_rose_1920x1080_copyright_Simone-Bramante-320x211.jpg.webp 768w,\n                        https:\/\/www.weinfreunde.de\/magazin\/wp-content\/uploads\/2020\/12\/25_11_anteprima_rose_1920x1080_copyright_Simone-Bramante-267x200.jpg.webp 320w\n                    \"\n                    sizes=\"\n                        (max-width: 320px) 320w,\n                        (max-width: 768px) 768w,\n                        (max-width: 1024px) 1024w,\n                        (max-width: 1280px) 1280w,\n                        (max-width: 1920px) 1920w,\n                        2560w\n                    \"\n                    alt=\"\"\n                    loading=\"lazy\"\n            >\n            <div>&nbsp;<\/div>\n        <\/div>\n\n        <div class=\"terms\">\n            \n        <\/div>\n\n        <h3 class=\"title\">\n            Ros\u00e9 Prosecco: Die Fortsetzung einer Erfolgsgeschichte\n        <\/h3>\n\n                    <div class=\"excerpt\">\n                                    Ein Traum wird wahr: Ab dem 1. Januar 2021 gibt es den beliebten Prosecco auch als Ros\u00e9! Eigentlich erstaunlich, dass dies erst jetzt m\u00f6glich geworden ist. So erfreuen sich sowohl Prosecchi als auch Ros\u00e9weine schon lange gro\u00dfer Beliebtheit. Wir verraten, warum es so lange gedauert hat und wie ein Prosecco Ros\u00e9 eigentlich schmeckt.\n                            <\/div>\n\n            <div class=\"info\">\n                <span class=\"date\">\n                    Am 21. Dezember 2020\n                    &middot;\n                    von Weinfreunde\n                <\/span>\n            <\/div>\n            <\/a>\n<\/div>\n<\/div><\/div><div id=\"panel-10281-2-0-1\" class=\"so-panel widget widget_rdss-wf-teaser panel-last-child\" data-index=\"6\" ><div\n\t\t\t\n\t\t\tclass=\"so-widget-rdss-wf-teaser so-widget-rdss-wf-teaser-default-d75171398898-10281\"\n\t\t\t\n\t\t><div class=\"shop-teaser\">\n    <a href=\"\/prosecco\/?icid=magazin_pillar-page_prickelndes_prosecco\">\n    <div class=\"image\" style=\"background-image: url('https:\/\/www.weinfreunde.de\/magazin\/wp-content\/uploads\/2017\/11\/Teaser_720x720px-1-360x330.jpg')\"><\/div>\n    <\/a>\n    <div class=\"title\">\n        <small>Onlineshop<\/small>\n        <strong>Prosecco bei Weinfreunde.de bestellen<\/strong>\n                    <a href=\"\/prosecco\/?icid=magazin_pillar-page_prickelndes_prosecco\" class=\"btn\">Zum Shop<\/a>\n            <\/div>\n<\/div>\n<\/div><\/div><\/div><\/div><div id=\"pg-10281-3\"  class=\"panel-grid panel-no-style\" ><div id=\"pgc-10281-3-0\"  class=\"panel-grid-cell\" ><div id=\"panel-10281-3-0-0\" class=\"so-panel widget widget_wf_fsimage_ panel-first-child panel-last-child\" data-index=\"7\" ><div\n\t\t\t\n\t\t\tclass=\"so-widget-wf_fsimage_ so-widget-wf_fsimage_-default-d75171398898-10281\"\n\t\t\t\n\t\t>\n<div class=\"fs-image volle-breite\"\n     style=\"background-image: url('https:\/\/www.weinfreunde.de\/magazin\/wp-content\/uploads\/2023\/11\/magazin_1-1-image-gross2_champagner-sektschalen_1500x800px.png')\">\n    <div class=\"fs-text\">\n        <span class=\"fs-bg\">\n                        <span class=\"quote\">\n                \u201eIch trinke nur Champagner bei zwei Gelegenheiten: Wenn ich verliebt bin und wenn ich es nicht bin.\u201c            <\/span>\n                                        <br>\n                                    <span class=\"author\">\n                - Coco Chanel            <\/span>\n                    <\/span>\n            <\/div>\n<\/div>\n<\/div><\/div><\/div><\/div><div id=\"pg-10281-4\"  class=\"panel-grid panel-no-style\" ><div id=\"pgc-10281-4-0\"  class=\"panel-grid-cell\" ><div id=\"panel-10281-4-0-0\" class=\"so-panel widget widget_wf_beitrag100_ panel-first-child\" data-index=\"8\" ><div\n\t\t\t\n\t\t\tclass=\"so-widget-wf_beitrag100_ so-widget-wf_beitrag100_-default-d75171398898-10281\"\n\t\t\t\n\t\t>    <div class=\"beitrag-titel\">\n        <h2>Sekt<\/h2>\n    <\/div>\n\n    <a href=\"https:\/\/www.weinfreunde.de\/magazin\/weinwissen\/sekt-prickelnd-echt-nur-aus-deutschland\/\" class=\"beitrag beitrag-100\">\n        <div class=\"img\">\n            <img decoding=\"async\"\n                    src=\"https:\/\/www.weinfreunde.de\/magazin\/wp-content\/uploads\/2020\/04\/magazin_header_2560x500px-3-667x446.jpg.webp\"\n                    srcset=\"\n                        https:\/\/www.weinfreunde.de\/magazin\/wp-content\/uploads\/2020\/04\/magazin_header_2560x500px-3-1406x500.jpg.webp 2560w,\n                        https:\/\/www.weinfreunde.de\/magazin\/wp-content\/uploads\/2020\/04\/magazin_header_2560x500px-3-1406x500.jpg.webp 1920w,\n                        https:\/\/www.weinfreunde.de\/magazin\/wp-content\/uploads\/2020\/04\/magazin_header_2560x500px-3-1039x455.jpg.webp 1280w,\n                        https:\/\/www.weinfreunde.de\/magazin\/wp-content\/uploads\/2020\/04\/magazin_header_2560x500px-3-842x370.jpg.webp 1024w,\n                        https:\/\/www.weinfreunde.de\/magazin\/wp-content\/uploads\/2020\/04\/magazin_header_2560x500px-3-667x446.jpg.webp 768w,\n                        https:\/\/www.weinfreunde.de\/magazin\/wp-content\/uploads\/2020\/04\/magazin_header_2560x500px-3-280x280.jpg.webp 320w\n                    \"\n                            sizes=\"\n                        (min-width: 2560px) 2560px,\n                        (min-width: 1920px) 1920px,\n                        (min-width: 1280px) 1280px,\n                        (min-width: 1024px) 1024px,\n                        (min-width: 768px) 768px,\n                        (min-width: 320px) 320px,   \n                    \"\n                    alt=\"\"\n                    loading=\"lazy\"\n            >\n            <div>&nbsp;<\/div>\n        <\/div>\n\n        <div class=\"terms\">\n            \n        <\/div>\n\n        <h3 class=\"title\">\n            Sekt: prickelnd echt nur aus Deutschland\n        <\/h3>\n\n                    <div class=\"excerpt\">\n                                    Deutschland ist unbestrittener Schaumwein-Weltmeister. In keinem anderen Land der Welt gibt man sich so freudig dem prickelnden Vergn\u00fcgen hin wie bei uns. Erfahrt hier alles rund um Sekt.\n                            <\/div>\n\n            <div class=\"info\">\n                <span class=\"date\">\n                    Am 29. April 2022\n                    &middot;\n                    von Weinfreunde\n                <\/span>\n            <\/div>\n            <\/a>\n\n<\/div><\/div><div id=\"panel-10281-4-0-1\" class=\"so-panel widget widget_rdss-wf-teaser panel-last-child\" data-index=\"9\" ><div\n\t\t\t\n\t\t\tclass=\"so-widget-rdss-wf-teaser so-widget-rdss-wf-teaser-default-d75171398898-10281\"\n\t\t\t\n\t\t><div class=\"shop-teaser\">\n    <a href=\"\/winzersekt\/?icid=magazin_pillar-page_prickelndes_sekt\">\n    <div class=\"image\" style=\"background-image: url('https:\/\/www.weinfreunde.de\/magazin\/wp-content\/uploads\/2024\/11\/Prickelndes-360x330.png.webp')\"><\/div>\n    <\/a>\n    <div class=\"title\">\n        <small>Onlineshop<\/small>\n        <strong>Sekt bei Weinfreunde.de bestellen<\/strong>\n                    <a href=\"\/winzersekt\/?icid=magazin_pillar-page_prickelndes_sekt\" class=\"btn\">Zum Shop<\/a>\n            <\/div>\n<\/div>\n<\/div><\/div><\/div><\/div><div id=\"pg-10281-5\"  class=\"panel-grid panel-has-style\" ><div class=\"panel-row-style panel-row-style-for-10281-5\" ><div id=\"pgc-10281-5-0\"  class=\"panel-grid-cell\" ><div id=\"panel-10281-5-0-0\" class=\"so-panel widget widget_block panel-first-child\" data-index=\"10\" ><br><\/div><div id=\"panel-10281-5-0-1\" class=\"so-panel widget widget_sow-editor\" data-index=\"11\" ><div\n\t\t\t\n\t\t\tclass=\"so-widget-sow-editor so-widget-sow-editor-base\"\n\t\t\t\n\t\t><h3 class=\"widget-title\">Bei Anruf Wein - der Weinpodcast<\/h3>\n<div class=\"siteorigin-widget-tinymce textwidget\">\n\t<div><script id=\"letscast-player-74e1c671\" src=\"https:\/\/letscast.fm\/podcasts\/bei-anruf-wein-der-weinpodcast-0e704e2e\/episodes\/schaumwein-geruettelt-nicht-geschuettelt\/player.js\"><\/script><\/div>\n<\/div>\n<\/div><\/div><div id=\"panel-10281-5-0-2\" class=\"so-panel widget widget_block panel-last-child\" data-index=\"12\" ><br><\/div><\/div><\/div><\/div><div id=\"pg-10281-6\"  class=\"panel-grid panel-no-style\" ><div id=\"pgc-10281-6-0\"  class=\"panel-grid-cell\" ><div id=\"panel-10281-6-0-0\" class=\"so-panel widget widget_wf_beitrag100_ panel-first-child panel-last-child\" data-index=\"13\" ><div\n\t\t\t\n\t\t\tclass=\"so-widget-wf_beitrag100_ so-widget-wf_beitrag100_-default-d75171398898-10281\"\n\t\t\t\n\t\t>    <div class=\"beitrag-titel\">\n        <h2>#angeberwissen<\/h2>\n    <\/div>\n\n    <a href=\"https:\/\/www.weinfreunde.de\/magazin\/weinwissen\/angeberwissen-was-bedeutet-cremant\/\" class=\"beitrag beitrag-100\">\n        <div class=\"img\">\n            <img decoding=\"async\"\n                    src=\"https:\/\/www.weinfreunde.de\/magazin\/wp-content\/uploads\/2023\/05\/Magazin-Header_1280x650px-667x446.png.webp\"\n                    srcset=\"\n                        https:\/\/www.weinfreunde.de\/magazin\/wp-content\/uploads\/2023\/05\/Magazin-Header_1280x650px-1280x613.png.webp 2560w,\n                        https:\/\/www.weinfreunde.de\/magazin\/wp-content\/uploads\/2023\/05\/Magazin-Header_1280x650px-1280x613.png.webp 1920w,\n                        https:\/\/www.weinfreunde.de\/magazin\/wp-content\/uploads\/2023\/05\/Magazin-Header_1280x650px-1039x455.png.webp 1280w,\n                        https:\/\/www.weinfreunde.de\/magazin\/wp-content\/uploads\/2023\/05\/Magazin-Header_1280x650px-842x370.png.webp 1024w,\n                        https:\/\/www.weinfreunde.de\/magazin\/wp-content\/uploads\/2023\/05\/Magazin-Header_1280x650px-667x446.png.webp 768w,\n                        https:\/\/www.weinfreunde.de\/magazin\/wp-content\/uploads\/2023\/05\/Magazin-Header_1280x650px-280x280.png.webp 320w\n                    \"\n                            sizes=\"\n                        (min-width: 2560px) 2560px,\n                        (min-width: 1920px) 1920px,\n                        (min-width: 1280px) 1280px,\n                        (min-width: 1024px) 1024px,\n                        (min-width: 768px) 768px,\n                        (min-width: 320px) 320px,   \n                    \"\n                    alt=\"Cr\u00e9mant im Glas\"\n                    loading=\"lazy\"\n            >\n            <div>&nbsp;<\/div>\n        <\/div>\n\n        <div class=\"terms\">\n            \n        <\/div>\n\n        <h3 class=\"title\">\n            #Angeberwissen: Was bedeutet Cr\u00e9mant?\n        <\/h3>\n\n                    <div class=\"excerpt\">\n                                    Dass die Bezeichnung Cr\u00e9mant etwas mit franz\u00f6sischem Schaumwein zu tun hat, d\u00fcrfte fast jedem Weinfreund bekannt sein. Nur den wenigsten ist allerdings bewusst, was wirklich hinter dem Namen steckt. Eins ist jedoch klar: Bei einem Cr\u00e9mant handelt es sich immer um einen franz\u00f6sischen Schaumwein mit hervorragender Qualit\u00e4t.\n                            <\/div>\n\n            <div class=\"info\">\n                <span class=\"date\">\n                    Am 16. Mai 2023\n                    &middot;\n                    von Weinfreunde\n                <\/span>\n            <\/div>\n            <\/a>\n\n<\/div><\/div><\/div><\/div><div id=\"pg-10281-7\"  class=\"panel-grid panel-no-style\" ><div id=\"pgc-10281-7-0\"  class=\"panel-grid-cell\" ><div id=\"panel-10281-7-0-0\" class=\"so-panel widget widget_sow-editor panel-first-child panel-last-child\" data-index=\"14\" ><div\n\t\t\t\n\t\t\tclass=\"so-widget-sow-editor so-widget-sow-editor-base\"\n\t\t\t\n\t\t><h3 class=\"widget-title\">Schaumweine bei Weinfreunde bestellen<\/h3>\n<div class=\"siteorigin-widget-tinymce textwidget\">\n\t<div class=\"product-slider\" id=\"_prodSlider69f0d892e53f3\">\n\t\t\n\t<div class=\"slide-area\">\n\t\t<div class=\"slides\">\n\t\t\t\t\t\t\t<div class=\"slide\">\n\t\t\t\t\t\t\t\t\t\t\t<a class=\"product\" href=\"https:\/\/www.weinfreunde.de\/p\/cremant-d-alsace-brut-wolfberger\/?ecid=int_magazin_nn_nn_nn_nn_nn_nn\" target=\"_blank\">\n\t\t\t\t\t\t\t\t\t\t\t<div class=\"image\">\n\t\t\t\t\t\t\t<div\n                                    class=\"bg\"\n                                    style=\"background-image: url(https:\/\/10b644692e76ab15cf59-eaadbe2afc1f47d8740ca8f676f7fe70.ssl.cf3.rackcdn.com\/2000010150_900v-Np8YzVTZ.png);\"\n                            ><\/div>\n\t\t\t\t\t\t<\/div>\n\t\t\t\t\t\t<div class=\"c\">\n\t\t\t\t\t\t\t<div class=\"title\">Cr\u00e9mant D&#039;Alsace Brut<\/div>\n\t\t\t\t\t\t\t<div class=\"brand\">Wolfberger<\/div>\n\t\t\t\t\t\t\t\t\t\t\t\t\t\t\t<div class=\"details\">\n\t\t\t\t\t\t\t\t\t\t\t\t\t\t\t\t\t\t\t<div>Prickelndes<\/div>\n\t\t\t\t\t\t\t\t\t\t\t\t\t\t\t\t\t\t\t<div>Pinot Blanc<\/div>\n\t\t\t\t\t\t\t\t\t\t\t\t\t\t\t\t\t\t\t<div>Cr\u00e9mant<\/div>\n\t\t\t\t\t\t\t\t\t\t\t\t\t\t\t\t\t<\/div>\n\t\t\t\t\t\t\t\t\t\t\t\t\t<\/div>\n\t\t\t\t\t<\/a>\n\t\t\t\t<\/div>\n\t\t\t\t\t\t\t<div class=\"slide\">\n\t\t\t\t\t\t\t\t\t\t\t<a class=\"product\" href=\"https:\/\/www.weinfreunde.de\/p\/cuvee-vaux-brut-schloss-vaux\/?ecid=int_magazin_nn_nn_nn_nn_nn_nn\" target=\"_blank\">\n\t\t\t\t\t\t\t\t\t\t\t<div class=\"image\">\n\t\t\t\t\t\t\t<div\n                                    class=\"bg\"\n                                    style=\"background-image: url(https:\/\/images.cdn.europe-west1.gcp.commercetools.com\/c465d296-b9b4-4e2d-afd0-6980caa08886\/2000010175_900v-jo7a0FWY.png);\"\n                            ><\/div>\n\t\t\t\t\t\t<\/div>\n\t\t\t\t\t\t<div class=\"c\">\n\t\t\t\t\t\t\t<div class=\"title\">Cuv\u00e9e Vaux Brut<\/div>\n\t\t\t\t\t\t\t<div class=\"brand\">Schloss Vaux<\/div>\n\t\t\t\t\t\t\t\t\t\t\t\t\t\t\t<div class=\"details\">\n\t\t\t\t\t\t\t\t\t\t\t\t\t\t\t\t\t\t\t<div>Prickelndes<\/div>\n\t\t\t\t\t\t\t\t\t\t\t\t\t\t\t\t\t\t\t<div>Wei\u00dfburgunder, Riesling, Sp\u00e4tburgunder, Chardonnay<\/div>\n\t\t\t\t\t\t\t\t\t\t\t\t\t\t\t\t\t\t\t<div>Schaumwein<\/div>\n\t\t\t\t\t\t\t\t\t\t\t\t\t\t\t\t\t<\/div>\n\t\t\t\t\t\t\t\t\t\t\t\t\t<\/div>\n\t\t\t\t\t<\/a>\n\t\t\t\t<\/div>\n\t\t\t\t\t\t\t<div class=\"slide\">\n\t\t\t\t\t\t\t\t\t\t\t<a class=\"product\" href=\"https:\/\/www.weinfreunde.de\/p\/metropol-pinot-chardonnay-brut-cavicchioli\/?ecid=int_magazin_nn_nn_nn_nn_nn_nn\" target=\"_blank\">\n\t\t\t\t\t\t\t\t\t\t\t<div class=\"image\">\n\t\t\t\t\t\t\t<div\n                                    class=\"bg\"\n                                    style=\"background-image: url(https:\/\/10b644692e76ab15cf59-eaadbe2afc1f47d8740ca8f676f7fe70.ssl.cf3.rackcdn.com\/2000010207_900v-ix8zJ2Xc.png);\"\n                            ><\/div>\n\t\t\t\t\t\t<\/div>\n\t\t\t\t\t\t<div class=\"c\">\n\t\t\t\t\t\t\t<div class=\"title\">Metropol Pinot Chardonnay Brut<\/div>\n\t\t\t\t\t\t\t<div class=\"brand\">Cavicchioli<\/div>\n\t\t\t\t\t\t\t\t\t\t\t\t\t\t\t<div class=\"details\">\n\t\t\t\t\t\t\t\t\t\t\t\t\t\t\t\t\t\t\t<div>Prickelndes<\/div>\n\t\t\t\t\t\t\t\t\t\t\t\t\t\t\t\t\t\t\t<div>Chardonnay<\/div>\n\t\t\t\t\t\t\t\t\t\t\t\t\t\t\t\t\t\t\t<div>Schaumwein<\/div>\n\t\t\t\t\t\t\t\t\t\t\t\t\t\t\t\t\t<\/div>\n\t\t\t\t\t\t\t\t\t\t\t\t\t<\/div>\n\t\t\t\t\t<\/a>\n\t\t\t\t<\/div>\n\t\t\t\t\t\t\t<div class=\"slide\">\n\t\t\t\t\t\t\t\t\t\t\t<a class=\"product\" href=\"https:\/\/www.weinfreunde.de\/p\/cuvee-eugenie-cremant-de-limoux-brut-maison-antech-limoux\/?ecid=int_magazin_nn_nn_nn_nn_nn_nn\" target=\"_blank\">\n\t\t\t\t\t\t\t\t\t\t\t<div class=\"image\">\n\t\t\t\t\t\t\t<div\n                                    class=\"bg\"\n                                    style=\"background-image: url(https:\/\/images.cdn.europe-west1.gcp.commercetools.com\/c465d296-b9b4-4e2d-afd0-6980caa08886\/2000010341_900v-TLS-Pbjq.png);\"\n                            ><\/div>\n\t\t\t\t\t\t<\/div>\n\t\t\t\t\t\t<div class=\"c\">\n\t\t\t\t\t\t\t<div class=\"title\">Cuv\u00e9e Eug\u00e9nie Cr\u00e9mant de Limoux Bru\u2026<\/div>\n\t\t\t\t\t\t\t<div class=\"brand\">Maison Antech Limoux<\/div>\n\t\t\t\t\t\t\t\t\t\t\t\t\t\t\t<div class=\"details\">\n\t\t\t\t\t\t\t\t\t\t\t\t\t\t\t\t\t\t\t<div>Prickelndes<\/div>\n\t\t\t\t\t\t\t\t\t\t\t\t\t\t\t\t\t\t\t<div>Chardonnay, Chenin Blanc, Mauzac<\/div>\n\t\t\t\t\t\t\t\t\t\t\t\t\t\t\t\t\t\t\t<div>Cr\u00e9mant<\/div>\n\t\t\t\t\t\t\t\t\t\t\t\t\t\t\t\t\t<\/div>\n\t\t\t\t\t\t\t\t\t\t\t\t\t<\/div>\n\t\t\t\t\t<\/a>\n\t\t\t\t<\/div>\n\t\t\t\t\t\t\t<div class=\"slide\">\n\t\t\t\t\t\t\t\t\t\t\t<a class=\"product\" href=\"https:\/\/www.weinfreunde.de\/p\/wf-1-winzersekt-trocken-erzeugergemeinschaft-winzersekt\/?ecid=int_magazin_nn_nn_nn_nn_nn_nn\" target=\"_blank\">\n\t\t\t\t\t\t\t\t\t\t\t<div class=\"image\">\n\t\t\t\t\t\t\t<div\n                                    class=\"bg\"\n                                    style=\"background-image: url(https:\/\/10b644692e76ab15cf59-eaadbe2afc1f47d8740ca8f676f7fe70.ssl.cf3.rackcdn.com\/2000010438_900v-3GUKbjdC.png);\"\n                            ><\/div>\n\t\t\t\t\t\t<\/div>\n\t\t\t\t\t\t<div class=\"c\">\n\t\t\t\t\t\t\t<div class=\"title\">WF 1 Winzersekt trocken 2022<\/div>\n\t\t\t\t\t\t\t<div class=\"brand\">Erzeugergemeinschaft Winzersekt<\/div>\n\t\t\t\t\t\t\t\t\t\t\t\t\t\t\t<div class=\"details\">\n\t\t\t\t\t\t\t\t\t\t\t\t\t\t\t\t\t\t\t<div>Prickelndes<\/div>\n\t\t\t\t\t\t\t\t\t\t\t\t\t\t\t\t\t\t\t<div>Morio-Muskat<\/div>\n\t\t\t\t\t\t\t\t\t\t\t\t\t\t\t\t\t\t\t<div>Winzersekt<\/div>\n\t\t\t\t\t\t\t\t\t\t\t\t\t\t\t\t\t<\/div>\n\t\t\t\t\t\t\t\t\t\t\t\t\t<\/div>\n\t\t\t\t\t<\/a>\n\t\t\t\t<\/div>\n\t\t\t\t\t\t\t<div class=\"slide\">\n\t\t\t\t\t\t\t\t\t\t\t<a class=\"product\" href=\"https:\/\/www.weinfreunde.de\/p\/cremant-de-loire-reserve-bouvet-ladubay\/?ecid=int_magazin_nn_nn_nn_nn_nn_nn\" target=\"_blank\">\n\t\t\t\t\t\t\t\t\t\t\t<div class=\"image\">\n\t\t\t\t\t\t\t<div\n                                    class=\"bg\"\n                                    style=\"background-image: url(https:\/\/images.cdn.europe-west1.gcp.commercetools.com\/c465d296-b9b4-4e2d-afd0-6980caa08886\/2000010722_900v-WZozq1fP.png);\"\n                            ><\/div>\n\t\t\t\t\t\t<\/div>\n\t\t\t\t\t\t<div class=\"c\">\n\t\t\t\t\t\t\t<div class=\"title\">Cr\u00e9mant de Loire R\u00e9serve<\/div>\n\t\t\t\t\t\t\t<div class=\"brand\">Bouvet-Ladubay<\/div>\n\t\t\t\t\t\t\t\t\t\t\t\t\t\t\t<div class=\"details\">\n\t\t\t\t\t\t\t\t\t\t\t\t\t\t\t\t\t\t\t<div>Prickelndes<\/div>\n\t\t\t\t\t\t\t\t\t\t\t\t\t\t\t\t\t\t\t<div>Chenin Blanc, Chardonnay<\/div>\n\t\t\t\t\t\t\t\t\t\t\t\t\t\t\t\t\t\t\t<div>Cr\u00e9mant<\/div>\n\t\t\t\t\t\t\t\t\t\t\t\t\t\t\t\t\t<\/div>\n\t\t\t\t\t\t\t\t\t\t\t\t\t<\/div>\n\t\t\t\t\t<\/a>\n\t\t\t\t<\/div>\n\t\t\t\t\t\t\t<div class=\"slide\">\n\t\t\t\t\t\t\t\t\t\t\t<a class=\"product\" href=\"https:\/\/www.weinfreunde.de\/p\/prosecco-spumante-brut-casa-vinicola-zonin-spa\/?ecid=int_magazin_nn_nn_nn_nn_nn_nn\" target=\"_blank\">\n\t\t\t\t\t\t\t\t\t\t\t<div class=\"image\">\n\t\t\t\t\t\t\t<div\n                                    class=\"bg\"\n                                    style=\"background-image: url(https:\/\/10b644692e76ab15cf59-eaadbe2afc1f47d8740ca8f676f7fe70.ssl.cf3.rackcdn.com\/2000010906_900v-uLe6AWaf.png);\"\n                            ><\/div>\n\t\t\t\t\t\t<\/div>\n\t\t\t\t\t\t<div class=\"c\">\n\t\t\t\t\t\t\t<div class=\"title\">Prosecco Spumante Brut 2022<\/div>\n\t\t\t\t\t\t\t<div class=\"brand\">Casa Vinicola Zonin Spa<\/div>\n\t\t\t\t\t\t\t\t\t\t\t\t\t\t\t<div class=\"details\">\n\t\t\t\t\t\t\t\t\t\t\t\t\t\t\t\t\t\t\t<div>Prickelndes<\/div>\n\t\t\t\t\t\t\t\t\t\t\t\t\t\t\t\t\t\t\t<div>Glera<\/div>\n\t\t\t\t\t\t\t\t\t\t\t\t\t\t\t\t\t\t\t<div>Prosecco<\/div>\n\t\t\t\t\t\t\t\t\t\t\t\t\t\t\t\t\t<\/div>\n\t\t\t\t\t\t\t\t\t\t\t\t\t<\/div>\n\t\t\t\t\t<\/a>\n\t\t\t\t<\/div>\n\t\t\t\t\t\t\t<div class=\"slide\">\n\t\t\t\t\t\t\t\t\t\t\t<a class=\"product\" href=\"https:\/\/www.weinfreunde.de\/p\/cremant-de-bourgogne-brut-caves-de-bailly-paul-delane\/?ecid=int_magazin_nn_nn_nn_nn_nn_nn\" target=\"_blank\">\n\t\t\t\t\t\t\t\t\t\t\t<div class=\"image\">\n\t\t\t\t\t\t\t<div\n                                    class=\"bg\"\n                                    style=\"background-image: url(https:\/\/10b644692e76ab15cf59-eaadbe2afc1f47d8740ca8f676f7fe70.ssl.cf3.rackcdn.com\/2000011061_900v-NZ0cjXCB.png);\"\n                            ><\/div>\n\t\t\t\t\t\t<\/div>\n\t\t\t\t\t\t<div class=\"c\">\n\t\t\t\t\t\t\t<div class=\"title\">Cr\u00e9mant de Bourgogne Brut<\/div>\n\t\t\t\t\t\t\t<div class=\"brand\">Caves de Bailly Paul Delane<\/div>\n\t\t\t\t\t\t\t\t\t\t\t\t\t\t\t<div class=\"details\">\n\t\t\t\t\t\t\t\t\t\t\t\t\t\t\t\t\t\t\t<div>Prickelndes<\/div>\n\t\t\t\t\t\t\t\t\t\t\t\t\t\t\t\t\t\t\t<div>Pinot Noir, Gamay<\/div>\n\t\t\t\t\t\t\t\t\t\t\t\t\t\t\t\t\t\t\t<div>Cr\u00e9mant<\/div>\n\t\t\t\t\t\t\t\t\t\t\t\t\t\t\t\t\t<\/div>\n\t\t\t\t\t\t\t\t\t\t\t\t\t<\/div>\n\t\t\t\t\t<\/a>\n\t\t\t\t<\/div>\n\t\t\t\t\t\t\t<div class=\"slide\">\n\t\t\t\t\t\t\t\t\t\t\t<a class=\"product\" href=\"https:\/\/www.weinfreunde.de\/p\/champagner-brut-veuve-clicquot\/?ecid=int_magazin_nn_nn_nn_nn_nn_nn\" target=\"_blank\">\n\t\t\t\t\t\t\t\t\t\t\t<div class=\"image\">\n\t\t\t\t\t\t\t<div\n                                    class=\"bg\"\n                                    style=\"background-image: url(https:\/\/10b644692e76ab15cf59-eaadbe2afc1f47d8740ca8f676f7fe70.ssl.cf3.rackcdn.com\/2000011472_900v-0WBY7bS3.png);\"\n                            ><\/div>\n\t\t\t\t\t\t<\/div>\n\t\t\t\t\t\t<div class=\"c\">\n\t\t\t\t\t\t\t<div class=\"title\">Champagner Brut<\/div>\n\t\t\t\t\t\t\t<div class=\"brand\">Veuve Clicquot<\/div>\n\t\t\t\t\t\t\t\t\t\t\t\t\t\t\t<div class=\"details\">\n\t\t\t\t\t\t\t\t\t\t\t\t\t\t\t\t\t\t\t<div>Prickelndes<\/div>\n\t\t\t\t\t\t\t\t\t\t\t\t\t\t\t\t\t\t\t<div>Pinot Meunier, Chardonnay, Pinot Noir<\/div>\n\t\t\t\t\t\t\t\t\t\t\t\t\t\t\t\t\t\t\t<div>Champagner<\/div>\n\t\t\t\t\t\t\t\t\t\t\t\t\t\t\t\t\t<\/div>\n\t\t\t\t\t\t\t\t\t\t\t\t\t<\/div>\n\t\t\t\t\t<\/a>\n\t\t\t\t<\/div>\n\t\t\t\t\t<\/div>\n\t<\/div>\n<\/div>\n<script>_w(() => new WF.Magazin.ProductSlider('#_prodSlider69f0d892e53f3'));<\/script>\n\n<\/div>\n<\/div><\/div><\/div><\/div><\/div>","protected":false},"excerpt":{"rendered":"<p>Frag die Weinfreunde<\/p>\n","protected":false},"author":9,"featured_media":5538,"comment_status":"closed","ping_status":"closed","sticky":false,"template":"","format":"standard","meta":{"footnotes":""},"categories":[45],"tags":[],"class_list":["post-10281","post","type-post","status-publish","format-standard","has-post-thumbnail","hentry","category-weinwissen"],"yoast_head":"<!-- This site is optimized with the Yoast SEO plugin v27.2 - https:\/\/yoast.com\/product\/yoast-seo-wordpress\/ -->\n<title>Prickelndes &#187; Weinfreunde Magazin<\/title>\n<meta name=\"description\" content=\"Champagner, Prosecco und Co. - Alles Wissenswerte zu Schaumweinen und Prickelndes im Weinfreunde Magazin entdecken.\" \/>\n<meta name=\"robots\" content=\"index, follow, max-snippet:-1, max-image-preview:large, max-video-preview:-1\" \/>\n<link rel=\"canonical\" href=\"https:\/\/www.weinfreunde.de\/magazin\/weinwissen\/prickelndes\/\" \/>\n<meta property=\"og:locale\" content=\"de_DE\" \/>\n<meta property=\"og:type\" content=\"article\" \/>\n<meta property=\"og:title\" content=\"Prickelndes &#187; Weinfreunde Magazin\" \/>\n<meta property=\"og:description\" content=\"Champagner, Prosecco und Co. - Alles Wissenswerte zu Schaumweinen und Prickelndes im Weinfreunde Magazin entdecken.\" \/>\n<meta property=\"og:url\" content=\"https:\/\/www.weinfreunde.de\/magazin\/weinwissen\/prickelndes\/\" \/>\n<meta property=\"og:site_name\" content=\"Weinfreunde Magazin\" \/>\n<meta property=\"article:publisher\" content=\"https:\/\/www.facebook.com\/weinfreunde.de\" \/>\n<meta property=\"article:published_time\" content=\"2025-02-04T14:16:26+00:00\" \/>\n<meta property=\"article:modified_time\" content=\"2025-05-13T08:38:41+00:00\" \/>\n<meta property=\"og:image\" content=\"https:\/\/www.weinfreunde.de\/magazin\/wp-content\/uploads\/2021\/11\/champagner_magazin_teaser_720x720px.jpg.webp\" \/>\n\t<meta property=\"og:image:width\" content=\"720\" \/>\n\t<meta property=\"og:image:height\" content=\"720\" \/>\n\t<meta property=\"og:image:type\" content=\"image\/jpeg\" \/>\n<meta name=\"author\" content=\"Weinfreunde\" \/>\n<meta name=\"twitter:card\" content=\"summary_large_image\" \/>\n<meta name=\"twitter:label1\" content=\"Written by\" \/>\n\t<meta name=\"twitter:data1\" content=\"Weinfreunde\" \/>\n\t<meta name=\"twitter:label2\" content=\"Est. reading time\" \/>\n\t<meta name=\"twitter:data2\" content=\"1\u00a0Minute\" \/>\n<script type=\"application\/ld+json\" class=\"yoast-schema-graph\">{\"@context\":\"https:\/\/schema.org\",\"@graph\":[{\"@type\":\"Article\",\"@id\":\"https:\/\/www.weinfreunde.de\/magazin\/weinwissen\/prickelndes\/#article\",\"isPartOf\":{\"@id\":\"https:\/\/www.weinfreunde.de\/magazin\/weinwissen\/prickelndes\/\"},\"author\":{\"name\":\"Weinfreunde\",\"@id\":\"https:\/\/www.weinfreunde.de\/magazin\/#\/schema\/person\/93b87bb4b527d8b3565e13ffb48a716f\"},\"headline\":\"Prickelndes\",\"datePublished\":\"2025-02-04T14:16:26+00:00\",\"dateModified\":\"2025-05-13T08:38:41+00:00\",\"mainEntityOfPage\":{\"@id\":\"https:\/\/www.weinfreunde.de\/magazin\/weinwissen\/prickelndes\/\"},\"wordCount\":204,\"publisher\":{\"@id\":\"https:\/\/www.weinfreunde.de\/magazin\/#organization\"},\"image\":{\"@id\":\"https:\/\/www.weinfreunde.de\/magazin\/weinwissen\/prickelndes\/#primaryimage\"},\"thumbnailUrl\":\"https:\/\/www.weinfreunde.de\/magazin\/wp-content\/uploads\/2021\/11\/champagner_magazin_teaser_720x720px.jpg.webp\",\"articleSection\":[\"Weinwissen\"],\"inLanguage\":\"de\"},{\"@type\":\"WebPage\",\"@id\":\"https:\/\/www.weinfreunde.de\/magazin\/weinwissen\/prickelndes\/\",\"url\":\"https:\/\/www.weinfreunde.de\/magazin\/weinwissen\/prickelndes\/\",\"name\":\"Prickelndes &#187; Weinfreunde Magazin\",\"isPartOf\":{\"@id\":\"https:\/\/www.weinfreunde.de\/magazin\/#website\"},\"primaryImageOfPage\":{\"@id\":\"https:\/\/www.weinfreunde.de\/magazin\/weinwissen\/prickelndes\/#primaryimage\"},\"image\":{\"@id\":\"https:\/\/www.weinfreunde.de\/magazin\/weinwissen\/prickelndes\/#primaryimage\"},\"thumbnailUrl\":\"https:\/\/www.weinfreunde.de\/magazin\/wp-content\/uploads\/2021\/11\/champagner_magazin_teaser_720x720px.jpg.webp\",\"datePublished\":\"2025-02-04T14:16:26+00:00\",\"dateModified\":\"2025-05-13T08:38:41+00:00\",\"description\":\"Champagner, Prosecco und Co. - Alles Wissenswerte zu Schaumweinen und Prickelndes im Weinfreunde Magazin entdecken.\",\"breadcrumb\":{\"@id\":\"https:\/\/www.weinfreunde.de\/magazin\/weinwissen\/prickelndes\/#breadcrumb\"},\"inLanguage\":\"de\",\"potentialAction\":[{\"@type\":\"ReadAction\",\"target\":[\"https:\/\/www.weinfreunde.de\/magazin\/weinwissen\/prickelndes\/\"]}]},{\"@type\":\"ImageObject\",\"inLanguage\":\"de\",\"@id\":\"https:\/\/www.weinfreunde.de\/magazin\/weinwissen\/prickelndes\/#primaryimage\",\"url\":\"https:\/\/www.weinfreunde.de\/magazin\/wp-content\/uploads\/2021\/11\/champagner_magazin_teaser_720x720px.jpg.webp\",\"contentUrl\":\"https:\/\/www.weinfreunde.de\/magazin\/wp-content\/uploads\/2021\/11\/champagner_magazin_teaser_720x720px.jpg.webp\",\"width\":720,\"height\":720,\"caption\":\"Champagner\"},{\"@type\":\"BreadcrumbList\",\"@id\":\"https:\/\/www.weinfreunde.de\/magazin\/weinwissen\/prickelndes\/#breadcrumb\",\"itemListElement\":[{\"@type\":\"ListItem\",\"position\":1,\"name\":\"Magazin\",\"item\":\"https:\/\/www.weinfreunde.de\/magazin\/\"},{\"@type\":\"ListItem\",\"position\":2,\"name\":\"Weinwissen\",\"item\":\"https:\/\/www.weinfreunde.de\/magazin\/weinwissen-2\/\"},{\"@type\":\"ListItem\",\"position\":3,\"name\":\"Prickelndes\"}]},{\"@type\":\"WebSite\",\"@id\":\"https:\/\/www.weinfreunde.de\/magazin\/#website\",\"url\":\"https:\/\/www.weinfreunde.de\/magazin\/\",\"name\":\"Weinfreunde Magazin\",\"description\":\"Dein Weinfreunde Magazin\",\"publisher\":{\"@id\":\"https:\/\/www.weinfreunde.de\/magazin\/#organization\"},\"potentialAction\":[{\"@type\":\"SearchAction\",\"target\":{\"@type\":\"EntryPoint\",\"urlTemplate\":\"https:\/\/www.weinfreunde.de\/magazin\/?s={search_term_string}\"},\"query-input\":{\"@type\":\"PropertyValueSpecification\",\"valueRequired\":true,\"valueName\":\"search_term_string\"}}],\"inLanguage\":\"de\"},{\"@type\":\"Organization\",\"@id\":\"https:\/\/www.weinfreunde.de\/magazin\/#organization\",\"name\":\"REWE Wein online GmbH | Weinfreunde\",\"url\":\"https:\/\/www.weinfreunde.de\/magazin\/\",\"logo\":{\"@type\":\"ImageObject\",\"inLanguage\":\"de\",\"@id\":\"https:\/\/www.weinfreunde.de\/magazin\/#\/schema\/logo\/image\/\",\"url\":\"https:\/\/www.weinfreunde.de\/magazin\/wp-content\/uploads\/2019\/08\/WF_Logo_Vertikal_Claim_Schwarz-scaled.jpg.webp\",\"contentUrl\":\"https:\/\/www.weinfreunde.de\/magazin\/wp-content\/uploads\/2019\/08\/WF_Logo_Vertikal_Claim_Schwarz-scaled.jpg.webp\",\"width\":2048,\"height\":1241,\"caption\":\"REWE Wein online GmbH | Weinfreunde\"},\"image\":{\"@id\":\"https:\/\/www.weinfreunde.de\/magazin\/#\/schema\/logo\/image\/\"},\"sameAs\":[\"https:\/\/www.facebook.com\/weinfreunde.de\"]},{\"@type\":\"Person\",\"@id\":\"https:\/\/www.weinfreunde.de\/magazin\/#\/schema\/person\/93b87bb4b527d8b3565e13ffb48a716f\",\"name\":\"Weinfreunde\",\"image\":{\"@type\":\"ImageObject\",\"inLanguage\":\"de\",\"@id\":\"https:\/\/secure.gravatar.com\/avatar\/f1b5b85b944209ac3ac3c901beb9253274dde1ad6680bf2a11de75a278852265?s=96&d=mm&r=g\",\"url\":\"https:\/\/secure.gravatar.com\/avatar\/f1b5b85b944209ac3ac3c901beb9253274dde1ad6680bf2a11de75a278852265?s=96&d=mm&r=g\",\"contentUrl\":\"https:\/\/secure.gravatar.com\/avatar\/f1b5b85b944209ac3ac3c901beb9253274dde1ad6680bf2a11de75a278852265?s=96&d=mm&r=g\",\"caption\":\"Weinfreunde\"},\"description\":\"Wir stehen f\u00fcr guten Wein f\u00fcr gute Freunde. Mit \u00fcber 800 ausgew\u00e4hlten und besonderen Weinen, tollen Winzerfreundschaften und spannenden Neuentdeckungen bringen wir unsere Leidenschaft an unsere Kunden.\",\"url\":\"https:\/\/www.weinfreunde.de\/magazin\/author\/weinfreunde\/\"}]}<\/script>\n<!-- \/ Yoast SEO plugin. -->","yoast_head_json":{"title":"Prickelndes &#187; Weinfreunde Magazin","description":"Champagner, Prosecco und Co. - Alles Wissenswerte zu Schaumweinen und Prickelndes im Weinfreunde Magazin entdecken.","robots":{"index":"index","follow":"follow","max-snippet":"max-snippet:-1","max-image-preview":"max-image-preview:large","max-video-preview":"max-video-preview:-1"},"canonical":"https:\/\/www.weinfreunde.de\/magazin\/weinwissen\/prickelndes\/","og_locale":"de_DE","og_type":"article","og_title":"Prickelndes &#187; Weinfreunde Magazin","og_description":"Champagner, Prosecco und Co. - Alles Wissenswerte zu Schaumweinen und Prickelndes im Weinfreunde Magazin entdecken.","og_url":"https:\/\/www.weinfreunde.de\/magazin\/weinwissen\/prickelndes\/","og_site_name":"Weinfreunde Magazin","article_publisher":"https:\/\/www.facebook.com\/weinfreunde.de","article_published_time":"2025-02-04T14:16:26+00:00","article_modified_time":"2025-05-13T08:38:41+00:00","og_image":[{"width":720,"height":720,"url":"https:\/\/www.weinfreunde.de\/magazin\/wp-content\/uploads\/2021\/11\/champagner_magazin_teaser_720x720px.jpg.webp","type":"image\/jpeg"}],"author":"Weinfreunde","twitter_card":"summary_large_image","twitter_misc":{"Written by":"Weinfreunde","Est. reading time":"1\u00a0Minute"},"schema":{"@context":"https:\/\/schema.org","@graph":[{"@type":"Article","@id":"https:\/\/www.weinfreunde.de\/magazin\/weinwissen\/prickelndes\/#article","isPartOf":{"@id":"https:\/\/www.weinfreunde.de\/magazin\/weinwissen\/prickelndes\/"},"author":{"name":"Weinfreunde","@id":"https:\/\/www.weinfreunde.de\/magazin\/#\/schema\/person\/93b87bb4b527d8b3565e13ffb48a716f"},"headline":"Prickelndes","datePublished":"2025-02-04T14:16:26+00:00","dateModified":"2025-05-13T08:38:41+00:00","mainEntityOfPage":{"@id":"https:\/\/www.weinfreunde.de\/magazin\/weinwissen\/prickelndes\/"},"wordCount":204,"publisher":{"@id":"https:\/\/www.weinfreunde.de\/magazin\/#organization"},"image":{"@id":"https:\/\/www.weinfreunde.de\/magazin\/weinwissen\/prickelndes\/#primaryimage"},"thumbnailUrl":"https:\/\/www.weinfreunde.de\/magazin\/wp-content\/uploads\/2021\/11\/champagner_magazin_teaser_720x720px.jpg.webp","articleSection":["Weinwissen"],"inLanguage":"de"},{"@type":"WebPage","@id":"https:\/\/www.weinfreunde.de\/magazin\/weinwissen\/prickelndes\/","url":"https:\/\/www.weinfreunde.de\/magazin\/weinwissen\/prickelndes\/","name":"Prickelndes &#187; Weinfreunde Magazin","isPartOf":{"@id":"https:\/\/www.weinfreunde.de\/magazin\/#website"},"primaryImageOfPage":{"@id":"https:\/\/www.weinfreunde.de\/magazin\/weinwissen\/prickelndes\/#primaryimage"},"image":{"@id":"https:\/\/www.weinfreunde.de\/magazin\/weinwissen\/prickelndes\/#primaryimage"},"thumbnailUrl":"https:\/\/www.weinfreunde.de\/magazin\/wp-content\/uploads\/2021\/11\/champagner_magazin_teaser_720x720px.jpg.webp","datePublished":"2025-02-04T14:16:26+00:00","dateModified":"2025-05-13T08:38:41+00:00","description":"Champagner, Prosecco und Co. - Alles Wissenswerte zu Schaumweinen und Prickelndes im Weinfreunde Magazin entdecken.","breadcrumb":{"@id":"https:\/\/www.weinfreunde.de\/magazin\/weinwissen\/prickelndes\/#breadcrumb"},"inLanguage":"de","potentialAction":[{"@type":"ReadAction","target":["https:\/\/www.weinfreunde.de\/magazin\/weinwissen\/prickelndes\/"]}]},{"@type":"ImageObject","inLanguage":"de","@id":"https:\/\/www.weinfreunde.de\/magazin\/weinwissen\/prickelndes\/#primaryimage","url":"https:\/\/www.weinfreunde.de\/magazin\/wp-content\/uploads\/2021\/11\/champagner_magazin_teaser_720x720px.jpg.webp","contentUrl":"https:\/\/www.weinfreunde.de\/magazin\/wp-content\/uploads\/2021\/11\/champagner_magazin_teaser_720x720px.jpg.webp","width":720,"height":720,"caption":"Champagner"},{"@type":"BreadcrumbList","@id":"https:\/\/www.weinfreunde.de\/magazin\/weinwissen\/prickelndes\/#breadcrumb","itemListElement":[{"@type":"ListItem","position":1,"name":"Magazin","item":"https:\/\/www.weinfreunde.de\/magazin\/"},{"@type":"ListItem","position":2,"name":"Weinwissen","item":"https:\/\/www.weinfreunde.de\/magazin\/weinwissen-2\/"},{"@type":"ListItem","position":3,"name":"Prickelndes"}]},{"@type":"WebSite","@id":"https:\/\/www.weinfreunde.de\/magazin\/#website","url":"https:\/\/www.weinfreunde.de\/magazin\/","name":"Weinfreunde Magazin","description":"Dein Weinfreunde Magazin","publisher":{"@id":"https:\/\/www.weinfreunde.de\/magazin\/#organization"},"potentialAction":[{"@type":"SearchAction","target":{"@type":"EntryPoint","urlTemplate":"https:\/\/www.weinfreunde.de\/magazin\/?s={search_term_string}"},"query-input":{"@type":"PropertyValueSpecification","valueRequired":true,"valueName":"search_term_string"}}],"inLanguage":"de"},{"@type":"Organization","@id":"https:\/\/www.weinfreunde.de\/magazin\/#organization","name":"REWE Wein online GmbH | Weinfreunde","url":"https:\/\/www.weinfreunde.de\/magazin\/","logo":{"@type":"ImageObject","inLanguage":"de","@id":"https:\/\/www.weinfreunde.de\/magazin\/#\/schema\/logo\/image\/","url":"https:\/\/www.weinfreunde.de\/magazin\/wp-content\/uploads\/2019\/08\/WF_Logo_Vertikal_Claim_Schwarz-scaled.jpg.webp","contentUrl":"https:\/\/www.weinfreunde.de\/magazin\/wp-content\/uploads\/2019\/08\/WF_Logo_Vertikal_Claim_Schwarz-scaled.jpg.webp","width":2048,"height":1241,"caption":"REWE Wein online GmbH | Weinfreunde"},"image":{"@id":"https:\/\/www.weinfreunde.de\/magazin\/#\/schema\/logo\/image\/"},"sameAs":["https:\/\/www.facebook.com\/weinfreunde.de"]},{"@type":"Person","@id":"https:\/\/www.weinfreunde.de\/magazin\/#\/schema\/person\/93b87bb4b527d8b3565e13ffb48a716f","name":"Weinfreunde","image":{"@type":"ImageObject","inLanguage":"de","@id":"https:\/\/secure.gravatar.com\/avatar\/f1b5b85b944209ac3ac3c901beb9253274dde1ad6680bf2a11de75a278852265?s=96&d=mm&r=g","url":"https:\/\/secure.gravatar.com\/avatar\/f1b5b85b944209ac3ac3c901beb9253274dde1ad6680bf2a11de75a278852265?s=96&d=mm&r=g","contentUrl":"https:\/\/secure.gravatar.com\/avatar\/f1b5b85b944209ac3ac3c901beb9253274dde1ad6680bf2a11de75a278852265?s=96&d=mm&r=g","caption":"Weinfreunde"},"description":"Wir stehen f\u00fcr guten Wein f\u00fcr gute Freunde. Mit \u00fcber 800 ausgew\u00e4hlten und besonderen Weinen, tollen Winzerfreundschaften und spannenden Neuentdeckungen bringen wir unsere Leidenschaft an unsere Kunden.","url":"https:\/\/www.weinfreunde.de\/magazin\/author\/weinfreunde\/"}]}},"_links":{"self":[{"href":"https:\/\/www.weinfreunde.de\/magazin\/wp-json\/wp\/v2\/posts\/10281","targetHints":{"allow":["GET"]}}],"collection":[{"href":"https:\/\/www.weinfreunde.de\/magazin\/wp-json\/wp\/v2\/posts"}],"about":[{"href":"https:\/\/www.weinfreunde.de\/magazin\/wp-json\/wp\/v2\/types\/post"}],"author":[{"embeddable":true,"href":"https:\/\/www.weinfreunde.de\/magazin\/wp-json\/wp\/v2\/users\/9"}],"replies":[{"embeddable":true,"href":"https:\/\/www.weinfreunde.de\/magazin\/wp-json\/wp\/v2\/comments?post=10281"}],"version-history":[{"count":157,"href":"https:\/\/www.weinfreunde.de\/magazin\/wp-json\/wp\/v2\/posts\/10281\/revisions"}],"predecessor-version":[{"id":13495,"href":"https:\/\/www.weinfreunde.de\/magazin\/wp-json\/wp\/v2\/posts\/10281\/revisions\/13495"}],"wp:featuredmedia":[{"embeddable":true,"href":"https:\/\/www.weinfreunde.de\/magazin\/wp-json\/wp\/v2\/media\/5538"}],"wp:attachment":[{"href":"https:\/\/www.weinfreunde.de\/magazin\/wp-json\/wp\/v2\/media?parent=10281"}],"wp:term":[{"taxonomy":"category","embeddable":true,"href":"https:\/\/www.weinfreunde.de\/magazin\/wp-json\/wp\/v2\/categories?post=10281"},{"taxonomy":"post_tag","embeddable":true,"href":"https:\/\/www.weinfreunde.de\/magazin\/wp-json\/wp\/v2\/tags?post=10281"}],"curies":[{"name":"wp","href":"https:\/\/api.w.org\/{rel}","templated":true}]}}